{"id":46813,"date":"2023-06-09T10:17:13","date_gmt":"2023-06-09T13:17:13","guid":{"rendered":"https:\/\/www.greenpeace.org\/brasil\/?p=46813"},"modified":"2024-04-06T20:42:54","modified_gmt":"2024-04-06T23:42:54","slug":"as-arvores-somos-nozes-83-oceanos-inundados-por-plasticos","status":"publish","type":"post","link":"https:\/\/www.greenpeace.org\/brasil\/podcast\/as-arvores-somos-nozes-83-oceanos-inundados-por-plasticos\/","title":{"rendered":"As \u00c1rvores Somos Nozes 83 &#8211; Oceanos inundados por pl\u00e1sticos"},"content":{"rendered":"\n<h4 class=\"wp-block-heading\">A polui\u00e7\u00e3o pl\u00e1stica traz graves consequ\u00eancias para a sa\u00fade do planeta; ou\u00e7a o novo epis\u00f3dio do nosso podcast e saiba mais sobre o tema<\/h4>\n\n<iframe loading=\"lazy\" src=\"https:\/\/podcasters.spotify.com\/pod\/show\/as-arvores\/embed\/episodes\/83---Oceanos-inundados-por-plsticos-e25gajj\" height=\"120px\" width=\"700px\" frameborder=\"0\" scrolling=\"no\"><\/iframe>\n\n<p>Voc\u00ea sabia que existem cerca de 171 trilh\u00f5es de part\u00edculas de pl\u00e1stico nos oceanos? Se junt\u00e1ssemos todas essas part\u00edculas, elas pesariam cerca de 2,3 milh\u00f5es de toneladas! Os dados chocantes s\u00e3o de um estudo internacional feito pelo Instituto 5 Gyres, divulgado em mar\u00e7o deste ano.<\/p>\n\n<p>A imensa quantidade de lixo pl\u00e1stico nos mares afeta diretamente a vida marinha e at\u00e9 mesmo a sa\u00fade humana. \u00c9 ineg\u00e1vel que n\u00e3o estamos protegendo esse ecossistema t\u00e3o encantador e \u00fanico da maneira que dever\u00edamos.<\/p>\n\n<p>Em raz\u00e3o do Dia Mundial dos Oceanos, comemorado em 8 de junho, recebemos a ambientalista Leandra Gon\u00e7alves no novo epis\u00f3dio do nosso podcast, onde falamos sobre o que precisamos fazer para defender os oceanos da polui\u00e7\u00e3o pl\u00e1stica e outras amea\u00e7as.<\/p>\n\n<p><a rel=\"noreferrer noopener\" href=\"https:\/\/anchor.fm\/s\/48daadd4\/podcast\/rss\" target=\"_blank\">Assine o feed<\/a>&nbsp;|&nbsp;<a rel=\"noreferrer noopener\" href=\"https:\/\/open.spotify.com\/show\/51FYxkzZ0DPPUtd87T01ny\" target=\"_blank\">Ou\u00e7a no Spotify<\/a>&nbsp;|&nbsp;<a rel=\"noreferrer noopener\" href=\"https:\/\/podcasts.apple.com\/us\/podcast\/as-%C3%A1rvores-somos-nozes\/id1436750884?uo=4#\" target=\"_blank\">Ou\u00e7a no iOS<\/a>&nbsp;|&nbsp;<a rel=\"noreferrer noopener\" href=\"https:\/\/subscribeonandroid.com\/feeds.feedburner.com\/asarvores\" target=\"_blank\">Ou\u00e7a no Android<\/a><\/p>\n\n<p>Links de refer\u00eancia:<\/p>\n\n<ul class=\"wp-block-list\">\n<li><a href=\"https:\/\/www.greenpeace.org\/brasil\/apoie\/tratado-global-sobre-plasticos\/\">Abaixo-assinado \u201cFuturo Sem Pl\u00e1sticos\u201d<\/a><\/li>\n\n\n\n<li><a href=\"https:\/\/www.mulherespelosoceanos.com.br\/\" target=\"_blank\" rel=\"noreferrer noopener\">Liga das Mulheres pelo Oceano<\/a><\/li>\n\n\n\n<li><a href=\"https:\/\/www.instagram.com\/ligadasmulherespelooceano\/\" target=\"_blank\" rel=\"noreferrer noopener\">Instagram: @ligadasmulherespelooceano<\/a><\/li>\n\n\n\n<li><a href=\"https:\/\/agenciabrasil.ebc.com.br\/internacional\/noticia\/2023-05\/greenpeace-alerta-que-reciclagem-aumenta-toxicidade-de-plasticos\" target=\"_blank\" rel=\"noreferrer noopener\">Reciclagem aumenta toxicidade dos pl\u00e1sticos<\/a><\/li>\n<\/ul>\n\n<p>Cr\u00e9ditos:<\/p>\n\n<ul class=\"wp-block-list\">\n<li><strong>Apresenta\u00e7\u00e3o: <\/strong>Camila Doretto e Rafael Silva;<\/li>\n\n\n\n<li><strong>Produ\u00e7\u00e3o e Roteiro: <\/strong>Camila Doretto e Lu Sudr\u00e9;<\/li>\n\n\n\n<li><strong>Entrevistados: <\/strong>Leandra Gon\u00e7alves;<\/li>\n\n\n\n<li><strong>Sound Design:<\/strong> Compasso Coolab;<\/li>\n\n\n\n<li><strong>Trilha original:<\/strong> Marcellus Meirelles e Alexandre Luppi;<\/li>\n\n\n\n<li><strong>Edi\u00e7\u00e3o: <\/strong><a href=\"https:\/\/www.mandrilaudio.com.br\/\">Mandril Audio<\/a>.<\/li>\n<\/ul>\n","protected":false},"excerpt":{"rendered":"<p>A polui\u00e7\u00e3o pl\u00e1stica traz graves consequ\u00eancias para a sa\u00fade do planeta; ou\u00e7a o novo epis\u00f3dio do nosso podcast e saiba mais sobre o tema<\/p>\n","protected":false},"author":28,"featured_media":46819,"comment_status":"open","ping_status":"closed","sticky":false,"template":"","format":"standard","meta":{"ep_exclude_from_search":false,"p4_og_title":"","p4_og_description":"","p4_og_image":"","p4_og_image_id":"","p4_seo_canonical_url":"","p4_campaign_name":"","p4_local_project":"","p4_basket_name":"","p4_department":"","footnotes":""},"categories":[5,64],"tags":[27],"p4-page-type":[28],"class_list":["post-46813","post","type-post","status-publish","format-standard","has-post-thumbnail","hentry","category-greenpeace","category-oceanos","tag-oceanos","p4-page-type-podcast"],"_links":{"self":[{"href":"https:\/\/www.greenpeace.org\/brasil\/wp-json\/wp\/v2\/posts\/46813","targetHints":{"allow":["GET"]}}],"collection":[{"href":"https:\/\/www.greenpeace.org\/brasil\/wp-json\/wp\/v2\/posts"}],"about":[{"href":"https:\/\/www.greenpeace.org\/brasil\/wp-json\/wp\/v2\/types\/post"}],"author":[{"embeddable":true,"href":"https:\/\/www.greenpeace.org\/brasil\/wp-json\/wp\/v2\/users\/28"}],"replies":[{"embeddable":true,"href":"https:\/\/www.greenpeace.org\/brasil\/wp-json\/wp\/v2\/comments?post=46813"}],"version-history":[{"count":4,"href":"https:\/\/www.greenpeace.org\/brasil\/wp-json\/wp\/v2\/posts\/46813\/revisions"}],"predecessor-version":[{"id":52322,"href":"https:\/\/www.greenpeace.org\/brasil\/wp-json\/wp\/v2\/posts\/46813\/revisions\/52322"}],"wp:featuredmedia":[{"embeddable":true,"href":"https:\/\/www.greenpeace.org\/brasil\/wp-json\/wp\/v2\/media\/46819"}],"wp:attachment":[{"href":"https:\/\/www.greenpeace.org\/brasil\/wp-json\/wp\/v2\/media?parent=46813"}],"wp:term":[{"taxonomy":"category","embeddable":true,"href":"https:\/\/www.greenpeace.org\/brasil\/wp-json\/wp\/v2\/categories?post=46813"},{"taxonomy":"post_tag","embeddable":true,"href":"https:\/\/www.greenpeace.org\/brasil\/wp-json\/wp\/v2\/tags?post=46813"},{"taxonomy":"p4-page-type","embeddable":true,"href":"https:\/\/www.greenpeace.org\/brasil\/wp-json\/wp\/v2\/p4-page-type?post=46813"}],"curies":[{"name":"wp","href":"https:\/\/api.w.org\/{rel}","templated":true}]}}