{"id":4713,"date":"2018-09-13T16:39:55","date_gmt":"2018-09-13T19:39:55","guid":{"rendered":"https:\/\/www.greenpeace.org\/brasil\/?p=4713"},"modified":"2023-08-23T00:07:17","modified_gmt":"2023-08-23T03:07:17","slug":"uma-vitoria-para-a-protecao-das-baleias","status":"publish","type":"post","link":"https:\/\/www.greenpeace.org\/brasil\/blog\/uma-vitoria-para-a-protecao-das-baleias\/","title":{"rendered":"Uma vit\u00f3ria para a prote\u00e7\u00e3o das baleias"},"content":{"rendered":"<h4>Proposta para tornar Comiss\u00e3o Internacional da Baleia mais conservacionista \u00e9 aprovada; mas ainda h\u00e1 amea\u00e7a da libera\u00e7\u00e3o da ca\u00e7a comercial<\/h4>\n<div id=\"attachment_4631\" style=\"width: 1034px\" class=\"wp-caption alignnone\"><img loading=\"lazy\" decoding=\"async\" aria-describedby=\"caption-attachment-4631\" class=\"size-large wp-image-4631\" src=\"https:\/\/www.greenpeace.org\/static\/planet4-brasil-stateless\/2018\/09\/33364574-gp0bsy-1024x683.jpg\" alt=\"Salto da baleia jubarte \u00a9 Scott Portelli\" width=\"1024\" height=\"683\" srcset=\"https:\/\/www.greenpeace.org\/static\/planet4-brasil-stateless\/2018\/09\/33364574-gp0bsy-1024x683.jpg 1024w, https:\/\/www.greenpeace.org\/static\/planet4-brasil-stateless\/2018\/09\/33364574-gp0bsy-300x200.jpg 300w, https:\/\/www.greenpeace.org\/static\/planet4-brasil-stateless\/2018\/09\/33364574-gp0bsy-768x512.jpg 768w, https:\/\/www.greenpeace.org\/static\/planet4-brasil-stateless\/2018\/09\/33364574-gp0bsy-510x340.jpg 510w, https:\/\/www.greenpeace.org\/static\/planet4-brasil-stateless\/2018\/09\/33364574-gp0bsy.jpg 1200w\" sizes=\"auto, (max-width: 1024px) 100vw, 1024px\" \/><p id=\"caption-attachment-4631\" class=\"wp-caption-text\">As baleias s\u00e3o fundamentais para a sa\u00fade dos oceanos e merecem viver tranquilas<\/p><\/div>\n<p>O quarto dia da <span lang=\"PT-BR\">67<sup>a<\/sup><\/span> reuni\u00e3o da Comiss\u00e3o Internacional da Baleia (CIB) pode ser comemorado por uma vit\u00f3ria hist\u00f3rica: <strong>foi aprovada a &#8220;Declara\u00e7\u00e3o de Florian\u00f3polis&#8221;, uma vis\u00e3o positiva e mais moderna para a CIB<\/strong>, que valoriza as baleias de uma forma que seus fundadores nunca poderiam ter previsto. Em 1946, o que predominava era o entendimento da baleia como um produto, uma atividade econ\u00f4mica, como a pesca. A proposta, apresentada pelo Brasil, Argentina, Col\u00f4mbia, M\u00e9xico, Chile, Costa Rica, Panam\u00e1 e Peru, reafirma a proibi\u00e7\u00e3o \u00e0 ca\u00e7a comercial e enfatiza a miss\u00e3o da CIB <strong>na recupera\u00e7\u00e3o e conserva\u00e7\u00e3o das baleias<\/strong>. Felizmente, este documento foi aprovado por maioria simples \u2013 40 a favor e 27 contra.<\/p>\n<p>Com a aprova\u00e7\u00e3o da Declara\u00e7\u00e3o de Florian\u00f3polis nesta quinta-feira (13), e a press\u00e3o de diversas ONGs presentes \u00e0 reuni\u00e3o, como o Greenpeace, n\u00e3o restou outra sa\u00edda aos pa\u00edses favor\u00e1veis \u00e0 ca\u00e7a adiarem em um dia a vota\u00e7\u00e3o da proposta indecente do Jap\u00e3o, de liberar uma ca\u00e7a sustent\u00e1vel, como se ainda existisse qualquer justificativa para matar esses incr\u00edveis animais. Ainda estamos acompanhando de perto as discuss\u00f5es para que esse absurdo n\u00e3o seja aprovado.<\/p>\n<p>Como falamos ontem na reuni\u00e3o da CIB, a Declara\u00e7\u00e3o de Florian\u00f3polis reflete as mudan\u00e7as na lei internacional em torno das baleias, a defini\u00e7\u00e3o de uso sustent\u00e1vel, os m\u00e9todos de pesquisa e o pr\u00f3prio ambiente oce\u00e2nico desde que a CIB foi fundada em 1946. A observa\u00e7\u00e3o de baleias vale mais de dois bilh\u00f5es de d\u00f3lares por ano, receita muito superior a da obtida pela ca\u00e7a, e que contribui para a subsist\u00eancia de comunidades costeiras, inclusive em pa\u00edses em desenvolvimento.<\/p>\n<h4><strong>Mais prote\u00e7\u00e3o no Atl\u00e2ntico Sul\u00a0<\/strong><\/h4>\n<p>Na v\u00e9spera, a proposta de cria\u00e7\u00e3o de um santu\u00e1rio de baleias no Atl\u00e2ntico Sul <a href=\"https:\/\/www.greenpeace.org\/brasil\/blog\/o-futuro-das-baleias-esta-em-jogo\/\">n\u00e3o conseguiu o m\u00ednimo de votos suficientes para sua aprova\u00e7\u00e3o<\/a>, mas\u00a0 a\u00a0Declara\u00e7\u00e3o de Florian\u00f3polis traz outro reflexo positivo: estabelece a regi\u00e3o como <strong>de interesse especial para a conserva\u00e7\u00e3o e uso n\u00e3o-letal de baleias<\/strong>.<\/p>\n<p>Estamos come\u00e7ando a entender a import\u00e2ncia das baleias no ecossistema, incluindo sua participa\u00e7\u00e3o na ciclagem de nutrientes, e a valoriz\u00e1-las pelo papel que desempenham ao longo de suas longas vidas, por exemplo capturando carbono e exportando-o para o fundo do oceano e sustentando a fauna de \u00e1guas profundas.<\/p>\n<p>Mesmo com a rejei\u00e7\u00e3o da cria\u00e7\u00e3o do Santu\u00e1rio, tentaremos na pr\u00f3xima reuni\u00e3o da\u00a0Comiss\u00e3o Internacional da Baleia daqui a dois anos. Desde 2014, o Greenpeace est\u00e1 em busca desta aprova\u00e7\u00e3o, e <a href=\"https:\/\/www.santuariodasbaleias.org.br\/?utm_source=referal&amp;utm_medium=p4&amp;utm_campaign=baleias&amp;utm_content=blog_20180913\"><strong>lan\u00e7amos uma peti\u00e7\u00e3o para fortalecer esse movimento<\/strong><\/a>. Continue ao nosso lado para que em 2020 possamos obter esta t\u00e3o importante vit\u00f3ria!<\/p>\n<p><i><span lang=\"PT-BR\">* Leandra Gon\u00e7alves \u00e9 bi\u00f3loga, pesquisadora da Universidade de S\u00e3o Paulo e representante do Greenpeace na Comiss\u00e3o Internacional da Baleia<\/span><\/i><\/p>\n<div class=\"EmptyMessage\">Block content is empty. Check the block&#8217;s settings or remove it.<\/div>","protected":false},"excerpt":{"rendered":"<p>Proposta para tornar Comiss\u00e3o Internacional da Baleia mais conservacionista \u00e9 aprovada; mas ainda h\u00e1 amea\u00e7a da libera\u00e7\u00e3o da ca\u00e7a comercial<\/p>\n","protected":false},"author":28,"featured_media":4631,"comment_status":"open","ping_status":"closed","sticky":false,"template":"","format":"standard","meta":{"ep_exclude_from_search":false,"p4_og_title":"","p4_og_description":"","p4_og_image":"","p4_og_image_id":"","p4_seo_canonical_url":"","p4_campaign_name":"","p4_local_project":"","p4_basket_name":"","p4_department":"","footnotes":""},"categories":[64,3],"tags":[26,27],"p4-page-type":[16],"class_list":["post-4713","post","type-post","status-publish","format-standard","has-post-thumbnail","hentry","category-oceanos","category-proteja-a-natureza","tag-biodiversidade","tag-oceanos","p4-page-type-blog"],"_links":{"self":[{"href":"https:\/\/www.greenpeace.org\/brasil\/wp-json\/wp\/v2\/posts\/4713","targetHints":{"allow":["GET"]}}],"collection":[{"href":"https:\/\/www.greenpeace.org\/brasil\/wp-json\/wp\/v2\/posts"}],"about":[{"href":"https:\/\/www.greenpeace.org\/brasil\/wp-json\/wp\/v2\/types\/post"}],"author":[{"embeddable":true,"href":"https:\/\/www.greenpeace.org\/brasil\/wp-json\/wp\/v2\/users\/28"}],"replies":[{"embeddable":true,"href":"https:\/\/www.greenpeace.org\/brasil\/wp-json\/wp\/v2\/comments?post=4713"}],"version-history":[{"count":5,"href":"https:\/\/www.greenpeace.org\/brasil\/wp-json\/wp\/v2\/posts\/4713\/revisions"}],"predecessor-version":[{"id":35476,"href":"https:\/\/www.greenpeace.org\/brasil\/wp-json\/wp\/v2\/posts\/4713\/revisions\/35476"}],"wp:featuredmedia":[{"embeddable":true,"href":"https:\/\/www.greenpeace.org\/brasil\/wp-json\/wp\/v2\/media\/4631"}],"wp:attachment":[{"href":"https:\/\/www.greenpeace.org\/brasil\/wp-json\/wp\/v2\/media?parent=4713"}],"wp:term":[{"taxonomy":"category","embeddable":true,"href":"https:\/\/www.greenpeace.org\/brasil\/wp-json\/wp\/v2\/categories?post=4713"},{"taxonomy":"post_tag","embeddable":true,"href":"https:\/\/www.greenpeace.org\/brasil\/wp-json\/wp\/v2\/tags?post=4713"},{"taxonomy":"p4-page-type","embeddable":true,"href":"https:\/\/www.greenpeace.org\/brasil\/wp-json\/wp\/v2\/p4-page-type?post=4713"}],"curies":[{"name":"wp","href":"https:\/\/api.w.org\/{rel}","templated":true}]}}