{"id":47153,"date":"2023-06-23T14:39:51","date_gmt":"2023-06-23T17:39:51","guid":{"rendered":"https:\/\/www.greenpeace.org\/brasil\/?p=47153"},"modified":"2023-06-23T14:50:29","modified_gmt":"2023-06-23T17:50:29","slug":"ativistas-unem-se-a-movimentos-sociais-na-luta-pela-defesa-da-natureza-e-dos-povos-originarios","status":"publish","type":"post","link":"https:\/\/www.greenpeace.org\/brasil\/blog\/ativistas-unem-se-a-movimentos-sociais-na-luta-pela-defesa-da-natureza-e-dos-povos-originarios\/","title":{"rendered":"Ativistas lutam pela defesa da natureza e dos povos origin\u00e1rios"},"content":{"rendered":"\n<h4 class=\"wp-block-heading\">Volunt\u00e1rios e volunt\u00e1rias foram \u00e0s ruas em prol do clima, da preserva\u00e7\u00e3o das florestas em p\u00e9 e por um mundo mais sustent\u00e1vel<\/h4>\n\n<p>No \u00faltimo domingo (18), rolou uma festa verde em <strong>S\u00e3o Paulo<\/strong> e no <strong>ABC Paulista<\/strong>! A galera saiu \u00e0s ruas com muita anima\u00e7\u00e3o contra os retrocessos ambientais e em defesa do Minist\u00e9rio do Meio Ambiente e Mudan\u00e7a do Clima e dos Povos Ind\u00edgenas.<\/p>\n\n<p>Eles e elas uniram-se ao Ato Pelo Clima, com uma caminhada na Avenida Paulista, alertando sobre a decis\u00e3o iminente do Marco Temporal e outras pautas que prejudicam a natureza.<\/p>\n\n<div class=\"wp-block-columns is-layout-flex wp-container-core-columns-is-layout-9d6595d7 wp-block-columns-is-layout-flex\">\n<div class=\"wp-block-column is-layout-flow wp-block-column-is-layout-flow\">\n<figure class=\"wp-block-image size-large\"><img loading=\"lazy\" decoding=\"async\" width=\"1024\" height=\"842\" src=\"https:\/\/www.greenpeace.org\/static\/planet4-brasil-stateless\/2023\/06\/1ae76b0a-gpbr.saopaulo_355342399_276622121436440_5836249081951540847_n-1024x842.jpg\" title=\"Ativistas em manifesta\u00e7\u00e3o com banners pelos direitos ambientais\" alt=\"Ativistas em manifesta\u00e7\u00e3o com banners pelos direitos ambientais\" class=\"wp-image-47134\" srcset=\"https:\/\/www.greenpeace.org\/static\/planet4-brasil-stateless\/2023\/06\/1ae76b0a-gpbr.saopaulo_355342399_276622121436440_5836249081951540847_n-1024x842.jpg 1024w, https:\/\/www.greenpeace.org\/static\/planet4-brasil-stateless\/2023\/06\/1ae76b0a-gpbr.saopaulo_355342399_276622121436440_5836249081951540847_n-300x247.jpg 300w, https:\/\/www.greenpeace.org\/static\/planet4-brasil-stateless\/2023\/06\/1ae76b0a-gpbr.saopaulo_355342399_276622121436440_5836249081951540847_n-768x631.jpg 768w, https:\/\/www.greenpeace.org\/static\/planet4-brasil-stateless\/2023\/06\/1ae76b0a-gpbr.saopaulo_355342399_276622121436440_5836249081951540847_n-414x340.jpg 414w, https:\/\/www.greenpeace.org\/static\/planet4-brasil-stateless\/2023\/06\/1ae76b0a-gpbr.saopaulo_355342399_276622121436440_5836249081951540847_n.jpg 1080w\" sizes=\"auto, (max-width: 1024px) 100vw, 1024px\" \/><figcaption class=\"wp-element-caption\">\u00a9 Luana Schlaepfer \/ Greenpeace<\/figcaption><\/figure>\n<\/div>\n\n\n\n<div class=\"wp-block-column is-layout-flow wp-block-column-is-layout-flow\">\n<figure class=\"wp-block-image size-full is-resized\"><img loading=\"lazy\" decoding=\"async\" src=\"https:\/\/www.greenpeace.org\/static\/planet4-brasil-stateless\/2023\/06\/23b4ec37-gpbr.saopaulo_355074412_968994070905276_6055176022008612799_n.jpg\" title=\"Ativistas em manifesta\u00e7\u00e3o com banners pelos direitos ambientais\" alt=\"Ativistas em manifesta\u00e7\u00e3o com banners pelos direitos ambientais\" class=\"wp-image-47133\" width=\"406\" height=\"304\" srcset=\"https:\/\/www.greenpeace.org\/static\/planet4-brasil-stateless\/2023\/06\/23b4ec37-gpbr.saopaulo_355074412_968994070905276_6055176022008612799_n.jpg 915w, https:\/\/www.greenpeace.org\/static\/planet4-brasil-stateless\/2023\/06\/23b4ec37-gpbr.saopaulo_355074412_968994070905276_6055176022008612799_n-300x225.jpg 300w, https:\/\/www.greenpeace.org\/static\/planet4-brasil-stateless\/2023\/06\/23b4ec37-gpbr.saopaulo_355074412_968994070905276_6055176022008612799_n-768x576.jpg 768w, https:\/\/www.greenpeace.org\/static\/planet4-brasil-stateless\/2023\/06\/23b4ec37-gpbr.saopaulo_355074412_968994070905276_6055176022008612799_n-453x340.jpg 453w\" sizes=\"auto, (max-width: 406px) 100vw, 406px\" \/><figcaption class=\"wp-element-caption\">\u00a9 Luana Schlaepfer \/ Greenpeace<\/figcaption><\/figure>\n<\/div>\n<\/div>\n\n<p>O pessoal de <strong>Belo Horizonte <\/strong>destacou uma manifesta\u00e7\u00e3o significativa na regi\u00e3o, onde movimentos sociais e lideran\u00e7as ind\u00edgenas tamb\u00e9m se uniram contra o Marco Temporal.<\/p>\n\n<p>A turma continua se mobilizando para salvar os territ\u00f3rios e lutar pela soberania dos povos origin\u00e1rios no Brasil. \u00c9 uma verdadeira festa de a\u00e7\u00f5es incr\u00edveis e super importantes. Bora entrar nessa folia tamb\u00e9m!<\/p>\n\n<div class=\"wp-block-columns is-layout-flex wp-container-core-columns-is-layout-9d6595d7 wp-block-columns-is-layout-flex\">\n<div class=\"wp-block-column is-layout-flow wp-block-column-is-layout-flow\">\n<figure class=\"wp-block-image size-full\"><img loading=\"lazy\" decoding=\"async\" width=\"685\" height=\"442\" src=\"https:\/\/www.greenpeace.org\/static\/planet4-brasil-stateless\/2023\/06\/f2241f81-gpbr.belohorizonte_354510883_209845035341953_50756760410468979_n.jpg\" title=\"Foto de manifesta\u00e7\u00e3o com pessoas volunt\u00e1rias e lideran\u00e7as ind\u00edgenas, na rua contra o Marco Temporal\" alt=\"Foto de manifesta\u00e7\u00e3o com pessoas volunt\u00e1rias e lideran\u00e7as ind\u00edgenas, na rua contra o Marco Temporal\" class=\"wp-image-47148\" srcset=\"https:\/\/www.greenpeace.org\/static\/planet4-brasil-stateless\/2023\/06\/f2241f81-gpbr.belohorizonte_354510883_209845035341953_50756760410468979_n.jpg 685w, https:\/\/www.greenpeace.org\/static\/planet4-brasil-stateless\/2023\/06\/f2241f81-gpbr.belohorizonte_354510883_209845035341953_50756760410468979_n-300x194.jpg 300w, https:\/\/www.greenpeace.org\/static\/planet4-brasil-stateless\/2023\/06\/f2241f81-gpbr.belohorizonte_354510883_209845035341953_50756760410468979_n-510x329.jpg 510w\" sizes=\"auto, (max-width: 685px) 100vw, 685px\" \/><figcaption class=\"wp-element-caption\">\u00a9 Avelin Kambiw\u00e1<\/figcaption><\/figure>\n<\/div>\n\n\n\n<div class=\"wp-block-column is-layout-flow wp-block-column-is-layout-flow\">\n<figure class=\"wp-block-image size-large\"><img loading=\"lazy\" decoding=\"async\" width=\"1024\" height=\"662\" src=\"https:\/\/www.greenpeace.org\/static\/planet4-brasil-stateless\/2023\/06\/7655842e-gpbr.belohorizonte_355134469_2300878390122663_69781548917223732_n-1024x662.jpg\" title=\"Foto de manifesta\u00e7\u00e3o com pessoas volunt\u00e1rias e lideran\u00e7as ind\u00edgenas, na rua contra o Marco Temporal\" alt=\"Foto de manifesta\u00e7\u00e3o com pessoas volunt\u00e1rias e lideran\u00e7as ind\u00edgenas, na rua contra o Marco Temporal\" class=\"wp-image-47132\" srcset=\"https:\/\/www.greenpeace.org\/static\/planet4-brasil-stateless\/2023\/06\/7655842e-gpbr.belohorizonte_355134469_2300878390122663_69781548917223732_n-1024x662.jpg 1024w, https:\/\/www.greenpeace.org\/static\/planet4-brasil-stateless\/2023\/06\/7655842e-gpbr.belohorizonte_355134469_2300878390122663_69781548917223732_n-300x194.jpg 300w, https:\/\/www.greenpeace.org\/static\/planet4-brasil-stateless\/2023\/06\/7655842e-gpbr.belohorizonte_355134469_2300878390122663_69781548917223732_n-768x497.jpg 768w, https:\/\/www.greenpeace.org\/static\/planet4-brasil-stateless\/2023\/06\/7655842e-gpbr.belohorizonte_355134469_2300878390122663_69781548917223732_n-510x330.jpg 510w, https:\/\/www.greenpeace.org\/static\/planet4-brasil-stateless\/2023\/06\/7655842e-gpbr.belohorizonte_355134469_2300878390122663_69781548917223732_n.jpg 1033w\" sizes=\"auto, (max-width: 1024px) 100vw, 1024px\" \/><figcaption class=\"wp-element-caption\">\u00a9 Avelin Kambiw\u00e1<\/figcaption><\/figure>\n<\/div>\n<\/div>\n\n<p>No s\u00e1bado (10), o pessoal de <strong>Bras\u00edlia<\/strong> se reuniu para dar aquele &#8220;al\u00f4&#8221; animado aos novos volunt\u00e1rios e volunt\u00e1rias. O grupo aproveitou a manh\u00e3 com um bate-papo descontra\u00eddo para se conhecer melhor e tamb\u00e9m para apresentar a Organiza\u00e7\u00e3o. Durante a conversa, foram compartilhados os valores e as atividades que o voluntariado realiza. Foi uma \u00f3tima oportunidade de integra\u00e7\u00e3o e troca de informa\u00e7\u00f5es entre todas as pessoas presentes:<\/p>\n\n<div class=\"wp-block-columns is-layout-flex wp-container-core-columns-is-layout-9d6595d7 wp-block-columns-is-layout-flex\">\n<div class=\"wp-block-column is-layout-flow wp-block-column-is-layout-flow\">\n<figure class=\"wp-block-image size-large\"><img loading=\"lazy\" decoding=\"async\" width=\"1024\" height=\"1024\" src=\"https:\/\/www.greenpeace.org\/static\/planet4-brasil-stateless\/2023\/06\/24ac52bc-rec_100623-15-1024x1024.jpeg\" title=\"Pessoas volunt\u00e1rias em a\u00e7\u00e3o ao ar livre\" alt=\"Pessoas volunt\u00e1rias em a\u00e7\u00e3o ao ar livre\" class=\"wp-image-47145\" srcset=\"https:\/\/www.greenpeace.org\/static\/planet4-brasil-stateless\/2023\/06\/24ac52bc-rec_100623-15-1024x1024.jpeg 1024w, https:\/\/www.greenpeace.org\/static\/planet4-brasil-stateless\/2023\/06\/24ac52bc-rec_100623-15-300x300.jpeg 300w, https:\/\/www.greenpeace.org\/static\/planet4-brasil-stateless\/2023\/06\/24ac52bc-rec_100623-15-150x150.jpeg 150w, https:\/\/www.greenpeace.org\/static\/planet4-brasil-stateless\/2023\/06\/24ac52bc-rec_100623-15-768x768.jpeg 768w, https:\/\/www.greenpeace.org\/static\/planet4-brasil-stateless\/2023\/06\/24ac52bc-rec_100623-15-340x340.jpeg 340w, https:\/\/www.greenpeace.org\/static\/planet4-brasil-stateless\/2023\/06\/24ac52bc-rec_100623-15.jpeg 1200w\" sizes=\"auto, (max-width: 1024px) 100vw, 1024px\" \/><figcaption class=\"wp-element-caption\">\u00a9 Grupo de volunt\u00e1rios de Bras\u00edlia \/ Greenpeace<\/figcaption><\/figure>\n<\/div>\n\n\n\n<div class=\"wp-block-column is-layout-flow wp-block-column-is-layout-flow\">\n<figure class=\"wp-block-image size-large\"><img loading=\"lazy\" decoding=\"async\" width=\"1024\" height=\"1024\" src=\"https:\/\/www.greenpeace.org\/static\/planet4-brasil-stateless\/2023\/06\/630cdd9c-rec_100623-17-1024x1024.jpeg\" title=\"Foto de uma mesa com bottons do Greenpeace e materiais do voluntariado\" alt=\"Foto de uma mesa com bottons do Greenpeace e materiais do voluntariado\" class=\"wp-image-47144\" srcset=\"https:\/\/www.greenpeace.org\/static\/planet4-brasil-stateless\/2023\/06\/630cdd9c-rec_100623-17-1024x1024.jpeg 1024w, https:\/\/www.greenpeace.org\/static\/planet4-brasil-stateless\/2023\/06\/630cdd9c-rec_100623-17-300x300.jpeg 300w, https:\/\/www.greenpeace.org\/static\/planet4-brasil-stateless\/2023\/06\/630cdd9c-rec_100623-17-150x150.jpeg 150w, https:\/\/www.greenpeace.org\/static\/planet4-brasil-stateless\/2023\/06\/630cdd9c-rec_100623-17-768x768.jpeg 768w, https:\/\/www.greenpeace.org\/static\/planet4-brasil-stateless\/2023\/06\/630cdd9c-rec_100623-17-340x340.jpeg 340w, https:\/\/www.greenpeace.org\/static\/planet4-brasil-stateless\/2023\/06\/630cdd9c-rec_100623-17.jpeg 1200w\" sizes=\"auto, (max-width: 1024px) 100vw, 1024px\" \/><figcaption class=\"wp-element-caption\">\u00a9 Grupo de volunt\u00e1rios de Bras\u00edlia \/ Greenpeace<\/figcaption><\/figure>\n<\/div>\n<\/div>\n\n<p>Os grupos de <strong>Fortaleza <\/strong>e <strong>Jo\u00e3o Pessoa<\/strong> compartilharam um #tbt da 1\u00aa Semana da Caatinga, um evento realizado em parceria entre o projeto Peixes da Caatinga e a Liga Greenpeace Nordeste. O evento ocorreu na Universidade Federal da Para\u00edba e contou com o apoio dos grupos locais de volunt\u00e1rios das duas cidades. O objetivo do evento foi celebrar e conscientizar sobre a preserva\u00e7\u00e3o do bioma da Caatinga, abordando diferentes tem\u00e1ticas relacionadas a ele:<\/p>\n\n<div class=\"wp-block-columns is-layout-flex wp-container-core-columns-is-layout-9d6595d7 wp-block-columns-is-layout-flex\">\n<div class=\"wp-block-column is-layout-flow wp-block-column-is-layout-flow\">\n<figure class=\"wp-block-image size-large\"><img loading=\"lazy\" decoding=\"async\" width=\"1024\" height=\"1024\" src=\"https:\/\/www.greenpeace.org\/static\/planet4-brasil-stateless\/2023\/06\/1f6040d9-gpbr.jampa_354279779_1715082998912028_3103209621659562244_n-1024x1024.jpg\" title=\"Foto com pessoas volunt\u00e1rias em uma a\u00e7\u00e3o relacionada a Caatinga\" alt=\"Foto com pessoas volunt\u00e1rias em uma a\u00e7\u00e3o relacionada a Caatinga\" class=\"wp-image-47143\" srcset=\"https:\/\/www.greenpeace.org\/static\/planet4-brasil-stateless\/2023\/06\/1f6040d9-gpbr.jampa_354279779_1715082998912028_3103209621659562244_n-1024x1024.jpg 1024w, https:\/\/www.greenpeace.org\/static\/planet4-brasil-stateless\/2023\/06\/1f6040d9-gpbr.jampa_354279779_1715082998912028_3103209621659562244_n-300x300.jpg 300w, https:\/\/www.greenpeace.org\/static\/planet4-brasil-stateless\/2023\/06\/1f6040d9-gpbr.jampa_354279779_1715082998912028_3103209621659562244_n-150x150.jpg 150w, https:\/\/www.greenpeace.org\/static\/planet4-brasil-stateless\/2023\/06\/1f6040d9-gpbr.jampa_354279779_1715082998912028_3103209621659562244_n-768x768.jpg 768w, https:\/\/www.greenpeace.org\/static\/planet4-brasil-stateless\/2023\/06\/1f6040d9-gpbr.jampa_354279779_1715082998912028_3103209621659562244_n-1366x1366.jpg 1366w, https:\/\/www.greenpeace.org\/static\/planet4-brasil-stateless\/2023\/06\/1f6040d9-gpbr.jampa_354279779_1715082998912028_3103209621659562244_n-340x340.jpg 340w, https:\/\/www.greenpeace.org\/static\/planet4-brasil-stateless\/2023\/06\/1f6040d9-gpbr.jampa_354279779_1715082998912028_3103209621659562244_n.jpg 1440w\" sizes=\"auto, (max-width: 1024px) 100vw, 1024px\" \/><figcaption class=\"wp-element-caption\">\u00a9 Grupo de volunt\u00e1rios de Jo\u00e3o Pessoa e Fortaleza \/ Greenpeace<\/figcaption><\/figure>\n<\/div>\n\n\n\n<div class=\"wp-block-column is-layout-flow wp-block-column-is-layout-flow\">\n<figure class=\"wp-block-image size-large\"><img loading=\"lazy\" decoding=\"async\" width=\"1024\" height=\"1024\" src=\"https:\/\/www.greenpeace.org\/static\/planet4-brasil-stateless\/2023\/06\/ab33d4b6-gpbr.jampa_353918685_800678471677490_1742438493309687776_n-1024x1024.jpg\" title=\"Foto com pessoas volunt\u00e1rias em uma a\u00e7\u00e3o relacionada a Caatinga\" alt=\"Foto com pessoas volunt\u00e1rias em uma a\u00e7\u00e3o relacionada a Caatinga\" class=\"wp-image-47142\" srcset=\"https:\/\/www.greenpeace.org\/static\/planet4-brasil-stateless\/2023\/06\/ab33d4b6-gpbr.jampa_353918685_800678471677490_1742438493309687776_n-1024x1024.jpg 1024w, https:\/\/www.greenpeace.org\/static\/planet4-brasil-stateless\/2023\/06\/ab33d4b6-gpbr.jampa_353918685_800678471677490_1742438493309687776_n-300x300.jpg 300w, https:\/\/www.greenpeace.org\/static\/planet4-brasil-stateless\/2023\/06\/ab33d4b6-gpbr.jampa_353918685_800678471677490_1742438493309687776_n-150x150.jpg 150w, https:\/\/www.greenpeace.org\/static\/planet4-brasil-stateless\/2023\/06\/ab33d4b6-gpbr.jampa_353918685_800678471677490_1742438493309687776_n-768x768.jpg 768w, https:\/\/www.greenpeace.org\/static\/planet4-brasil-stateless\/2023\/06\/ab33d4b6-gpbr.jampa_353918685_800678471677490_1742438493309687776_n-1366x1366.jpg 1366w, https:\/\/www.greenpeace.org\/static\/planet4-brasil-stateless\/2023\/06\/ab33d4b6-gpbr.jampa_353918685_800678471677490_1742438493309687776_n-340x340.jpg 340w, https:\/\/www.greenpeace.org\/static\/planet4-brasil-stateless\/2023\/06\/ab33d4b6-gpbr.jampa_353918685_800678471677490_1742438493309687776_n.jpg 1440w\" sizes=\"auto, (max-width: 1024px) 100vw, 1024px\" \/><figcaption class=\"wp-element-caption\">\u00a9 Grupo de volunt\u00e1rios de Jo\u00e3o Pessoa e Fortaleza \/ Greenpeace<\/figcaption><\/figure>\n<\/div>\n<\/div>\n\n<p>Os grupos de <strong>Belo Horizonte<\/strong> e <strong>Manaus<\/strong> divulgaram a segunda roda de conversa da campanha &#8220;A Parada N\u00e3o Para&#8221;. Nesta edi\u00e7\u00e3o, o tema abordado foi a experi\u00eancia de pessoas trans diante da crise clim\u00e1tica. A volunt\u00e1ria Camila Silva dos Santos, do grupo de Recife, mediou a conversa. Se voc\u00ea quiser participar das pr\u00f3ximas rodas de debate, <strong><a href=\"https:\/\/www.instagram.com\/engajamundo\/\" target=\"_blank\" rel=\"noreferrer noopener\">fique ligado(a) no Instagram do Engajamundo!<\/a><\/strong><\/p>\n\n<div class=\"wp-block-columns is-layout-flex wp-container-core-columns-is-layout-9d6595d7 wp-block-columns-is-layout-flex\">\n<div class=\"wp-block-column is-layout-flow wp-block-column-is-layout-flow\">\n<figure class=\"wp-block-image size-large\"><img loading=\"lazy\" decoding=\"async\" width=\"1024\" height=\"1024\" src=\"https:\/\/www.greenpeace.org\/static\/planet4-brasil-stateless\/2023\/06\/4e179d5f-gpbr.belohorizonte_354024446_640723034773987_6337942464319243666_n-1024x1024.jpg\" title=\"Foto que fala a respeito da rela\u00e7\u00e3o da crise clim\u00e1tica e pessoas trans\" alt=\"Foto que fala a respeito da rela\u00e7\u00e3o da crise clim\u00e1tica e pessoas trans\" class=\"wp-image-47150\" srcset=\"https:\/\/www.greenpeace.org\/static\/planet4-brasil-stateless\/2023\/06\/4e179d5f-gpbr.belohorizonte_354024446_640723034773987_6337942464319243666_n-1024x1024.jpg 1024w, https:\/\/www.greenpeace.org\/static\/planet4-brasil-stateless\/2023\/06\/4e179d5f-gpbr.belohorizonte_354024446_640723034773987_6337942464319243666_n-300x300.jpg 300w, https:\/\/www.greenpeace.org\/static\/planet4-brasil-stateless\/2023\/06\/4e179d5f-gpbr.belohorizonte_354024446_640723034773987_6337942464319243666_n-150x150.jpg 150w, https:\/\/www.greenpeace.org\/static\/planet4-brasil-stateless\/2023\/06\/4e179d5f-gpbr.belohorizonte_354024446_640723034773987_6337942464319243666_n-768x768.jpg 768w, https:\/\/www.greenpeace.org\/static\/planet4-brasil-stateless\/2023\/06\/4e179d5f-gpbr.belohorizonte_354024446_640723034773987_6337942464319243666_n-340x340.jpg 340w, https:\/\/www.greenpeace.org\/static\/planet4-brasil-stateless\/2023\/06\/4e179d5f-gpbr.belohorizonte_354024446_640723034773987_6337942464319243666_n.jpg 1080w\" sizes=\"auto, (max-width: 1024px) 100vw, 1024px\" \/><figcaption class=\"wp-element-caption\">\u00a9 Engajamundo<\/figcaption><\/figure>\n<\/div>\n\n\n\n<div class=\"wp-block-column is-layout-flow wp-block-column-is-layout-flow\">\n<figure class=\"wp-block-image size-large\"><img loading=\"lazy\" decoding=\"async\" width=\"1024\" height=\"1024\" src=\"https:\/\/www.greenpeace.org\/static\/planet4-brasil-stateless\/2023\/06\/2a903ca1-gpbr.belohorizonte_354157723_1664024474071370_6308432912173660718_n-1024x1024.jpg\" title=\"Foto com questionamento sobre a crise clim\u00e1tica e as pessoas trans\" alt=\"Foto com questionamento sobre a crise clim\u00e1tica e as pessoas trans\" class=\"wp-image-47149\" srcset=\"https:\/\/www.greenpeace.org\/static\/planet4-brasil-stateless\/2023\/06\/2a903ca1-gpbr.belohorizonte_354157723_1664024474071370_6308432912173660718_n-1024x1024.jpg 1024w, https:\/\/www.greenpeace.org\/static\/planet4-brasil-stateless\/2023\/06\/2a903ca1-gpbr.belohorizonte_354157723_1664024474071370_6308432912173660718_n-300x300.jpg 300w, https:\/\/www.greenpeace.org\/static\/planet4-brasil-stateless\/2023\/06\/2a903ca1-gpbr.belohorizonte_354157723_1664024474071370_6308432912173660718_n-150x150.jpg 150w, https:\/\/www.greenpeace.org\/static\/planet4-brasil-stateless\/2023\/06\/2a903ca1-gpbr.belohorizonte_354157723_1664024474071370_6308432912173660718_n-768x768.jpg 768w, https:\/\/www.greenpeace.org\/static\/planet4-brasil-stateless\/2023\/06\/2a903ca1-gpbr.belohorizonte_354157723_1664024474071370_6308432912173660718_n-340x340.jpg 340w, https:\/\/www.greenpeace.org\/static\/planet4-brasil-stateless\/2023\/06\/2a903ca1-gpbr.belohorizonte_354157723_1664024474071370_6308432912173660718_n.jpg 1080w\" sizes=\"auto, (max-width: 1024px) 100vw, 1024px\" \/><figcaption class=\"wp-element-caption\">\u00a9 Engajamundo<\/figcaption><\/figure>\n<\/div>\n<\/div>\n\n<p>Os ativistas de <strong>Bertioga<\/strong> compartilham informa\u00e7\u00f5es sobre os direitos da natureza, que reconhecem legalmente a prerrogativa de todos os elementos naturais existirem, persistirem e se regenerarem. Isso inclui rios, florestas, montanhas, esp\u00e9cies animais, plantas e at\u00e9 mesmo os seres humanos. <strong><a rel=\"noreferrer noopener\" href=\"https:\/\/www.instagram.com\/p\/CtfdLvENcbT\/\" target=\"_blank\">Saiba mais no post:<\/a><\/strong><\/p>\n\n<div class=\"wp-block-columns is-layout-flex wp-container-core-columns-is-layout-9d6595d7 wp-block-columns-is-layout-flex\">\n<div class=\"wp-block-column is-layout-flow wp-block-column-is-layout-flow\">\n<figure class=\"wp-block-image size-large\"><img loading=\"lazy\" decoding=\"async\" width=\"1024\" height=\"1024\" src=\"https:\/\/www.greenpeace.org\/static\/planet4-brasil-stateless\/2023\/06\/f2aac95c-gpbr.bertioga_353623104_221359253553794_1530367315845529234_n-1024x1024.jpg\" title=\"Foto de um ativista com banner amarelo na m\u00e3o escrito: &quot;Manguezais s\u00e3o nossos ber\u00e7arios&quot;.\" alt=\"Foto de um ativista com banner amarelo na m\u00e3o escrito: &quot;Manguezais s\u00e3o nossos ber\u00e7arios&quot;.\" class=\"wp-image-47147\" srcset=\"https:\/\/www.greenpeace.org\/static\/planet4-brasil-stateless\/2023\/06\/f2aac95c-gpbr.bertioga_353623104_221359253553794_1530367315845529234_n-1024x1024.jpg 1024w, https:\/\/www.greenpeace.org\/static\/planet4-brasil-stateless\/2023\/06\/f2aac95c-gpbr.bertioga_353623104_221359253553794_1530367315845529234_n-300x300.jpg 300w, https:\/\/www.greenpeace.org\/static\/planet4-brasil-stateless\/2023\/06\/f2aac95c-gpbr.bertioga_353623104_221359253553794_1530367315845529234_n-150x150.jpg 150w, https:\/\/www.greenpeace.org\/static\/planet4-brasil-stateless\/2023\/06\/f2aac95c-gpbr.bertioga_353623104_221359253553794_1530367315845529234_n-768x768.jpg 768w, https:\/\/www.greenpeace.org\/static\/planet4-brasil-stateless\/2023\/06\/f2aac95c-gpbr.bertioga_353623104_221359253553794_1530367315845529234_n-340x340.jpg 340w, https:\/\/www.greenpeace.org\/static\/planet4-brasil-stateless\/2023\/06\/f2aac95c-gpbr.bertioga_353623104_221359253553794_1530367315845529234_n.jpg 1080w\" sizes=\"auto, (max-width: 1024px) 100vw, 1024px\" \/><figcaption class=\"wp-element-caption\">\u00a9 Mar Franz \/ Greenpeace<\/figcaption><\/figure>\n<\/div>\n\n\n\n<div class=\"wp-block-column is-layout-flow wp-block-column-is-layout-flow\">\n<figure class=\"wp-block-image size-large\"><img loading=\"lazy\" decoding=\"async\" width=\"1024\" height=\"1024\" src=\"https:\/\/www.greenpeace.org\/static\/planet4-brasil-stateless\/2023\/06\/c2a983a1-gpbr.bertioga_354094677_232852936207747_5024784233505512549_n-1024x1024.jpg\" title=\"Foto com informa\u00e7\u00f5es sobre os direitos da natureza\" alt=\"Foto com informa\u00e7\u00f5es sobre os direitos da natureza\" class=\"wp-image-47146\" srcset=\"https:\/\/www.greenpeace.org\/static\/planet4-brasil-stateless\/2023\/06\/c2a983a1-gpbr.bertioga_354094677_232852936207747_5024784233505512549_n-1024x1024.jpg 1024w, https:\/\/www.greenpeace.org\/static\/planet4-brasil-stateless\/2023\/06\/c2a983a1-gpbr.bertioga_354094677_232852936207747_5024784233505512549_n-300x300.jpg 300w, https:\/\/www.greenpeace.org\/static\/planet4-brasil-stateless\/2023\/06\/c2a983a1-gpbr.bertioga_354094677_232852936207747_5024784233505512549_n-150x150.jpg 150w, https:\/\/www.greenpeace.org\/static\/planet4-brasil-stateless\/2023\/06\/c2a983a1-gpbr.bertioga_354094677_232852936207747_5024784233505512549_n-768x768.jpg 768w, https:\/\/www.greenpeace.org\/static\/planet4-brasil-stateless\/2023\/06\/c2a983a1-gpbr.bertioga_354094677_232852936207747_5024784233505512549_n-340x340.jpg 340w, https:\/\/www.greenpeace.org\/static\/planet4-brasil-stateless\/2023\/06\/c2a983a1-gpbr.bertioga_354094677_232852936207747_5024784233505512549_n.jpg 1080w\" sizes=\"auto, (max-width: 1024px) 100vw, 1024px\" \/><figcaption class=\"wp-element-caption\">\u00a9 Mar Franz \/ Greenpeace<\/figcaption><\/figure>\n<\/div>\n<\/div>\n\n<p>A galera de <strong>Goi\u00e2nia<\/strong> compartilhou o abaixo-assinado da campanha &#8220;Parem a Minera\u00e7\u00e3o em \u00c1guas Profundas&#8221;. Empresas e governos est\u00e3o planejando explorar a minera\u00e7\u00e3o no fundo do mar, ignorando as diversas formas de vida que habitam as profundezas dos oceanos. <strong><a rel=\"noreferrer noopener\" href=\"https:\/\/www.greenpeace.org\/brasil\/apoie\/parem-a-mineracao-em-aguas-profundas\/?entrypoint=banner\" target=\"_blank\">Vamos mostrar que estamos juntos e juntas nessa e fazer barulho para proteger esse tesouro!<\/a><\/strong><\/p>\n\n<figure class=\"wp-block-image aligncenter size-large is-resized\"><img loading=\"lazy\" decoding=\"async\" src=\"https:\/\/www.greenpeace.org\/static\/planet4-brasil-stateless\/2023\/06\/39cdb788-gpbr.goiania_355355862_591560013081191_1835528777294082269_n-1024x1024.jpg\" title=\"Foto da campanha Parem a Minera\u00e7\u00e3o em \u00c1guas Profundas do grupo de volunt\u00e1rios de Goi\u00e2nia\" alt=\"Foto da campanha Parem a Minera\u00e7\u00e3o em \u00c1guas Profundas do grupo de volunt\u00e1rios de Goi\u00e2nia\" class=\"wp-image-47141\" width=\"430\" height=\"430\" srcset=\"https:\/\/www.greenpeace.org\/static\/planet4-brasil-stateless\/2023\/06\/39cdb788-gpbr.goiania_355355862_591560013081191_1835528777294082269_n-1024x1024.jpg 1024w, https:\/\/www.greenpeace.org\/static\/planet4-brasil-stateless\/2023\/06\/39cdb788-gpbr.goiania_355355862_591560013081191_1835528777294082269_n-300x300.jpg 300w, https:\/\/www.greenpeace.org\/static\/planet4-brasil-stateless\/2023\/06\/39cdb788-gpbr.goiania_355355862_591560013081191_1835528777294082269_n-150x150.jpg 150w, https:\/\/www.greenpeace.org\/static\/planet4-brasil-stateless\/2023\/06\/39cdb788-gpbr.goiania_355355862_591560013081191_1835528777294082269_n-768x768.jpg 768w, https:\/\/www.greenpeace.org\/static\/planet4-brasil-stateless\/2023\/06\/39cdb788-gpbr.goiania_355355862_591560013081191_1835528777294082269_n-340x340.jpg 340w, https:\/\/www.greenpeace.org\/static\/planet4-brasil-stateless\/2023\/06\/39cdb788-gpbr.goiania_355355862_591560013081191_1835528777294082269_n.jpg 1080w\" sizes=\"auto, (max-width: 430px) 100vw, 430px\" \/><figcaption class=\"wp-element-caption\">\u00a9 Grupo de volunt\u00e1rios de Goi\u00e2nia \/ Greenpeace<\/figcaption><\/figure>\n\n<figure class=\"wp-block-image aligncenter size-full\"><img loading=\"lazy\" decoding=\"async\" width=\"628\" height=\"205\" src=\"https:\/\/www.greenpeace.org\/static\/planet4-brasil-stateless\/2023\/06\/56933039-girao-projeto-escola.jpg\" title=\"Divis\u00f3ria Projeto Escola\" alt=\"Divis\u00f3ria Projeto Escola\" class=\"wp-image-47154\" srcset=\"https:\/\/www.greenpeace.org\/static\/planet4-brasil-stateless\/2023\/06\/56933039-girao-projeto-escola.jpg 628w, https:\/\/www.greenpeace.org\/static\/planet4-brasil-stateless\/2023\/06\/56933039-girao-projeto-escola-300x98.jpg 300w, https:\/\/www.greenpeace.org\/static\/planet4-brasil-stateless\/2023\/06\/56933039-girao-projeto-escola-510x166.jpg 510w\" sizes=\"auto, (max-width: 628px) 100vw, 628px\" \/><\/figure>\n\n<p>O grupo de <strong>Jo\u00e3o Pessoa<\/strong> mandou ver ao compartilhar os registros da palestra sobre o desmatamento na Amaz\u00f4nia. Foi um papo s\u00e9rio, mas importante para conscientizar a galera:<\/p>\n\n<div class=\"wp-block-columns is-layout-flex wp-container-core-columns-is-layout-9d6595d7 wp-block-columns-is-layout-flex\">\n<div class=\"wp-block-column is-layout-flow wp-block-column-is-layout-flow\">\n<figure class=\"wp-block-image size-large\"><img loading=\"lazy\" decoding=\"async\" width=\"1024\" height=\"1024\" src=\"https:\/\/www.greenpeace.org\/static\/planet4-brasil-stateless\/2023\/06\/3eac7436-gpbr.jampa_353817659_296966582666130_6987351141659121179_n-1024x1024.jpg\" title=\"Foto Projeto Escola Jo\u00e3o Pessoa\" alt=\"Foto Projeto Escola Jo\u00e3o Pessoa\" class=\"wp-image-47139\" srcset=\"https:\/\/www.greenpeace.org\/static\/planet4-brasil-stateless\/2023\/06\/3eac7436-gpbr.jampa_353817659_296966582666130_6987351141659121179_n-1024x1024.jpg 1024w, https:\/\/www.greenpeace.org\/static\/planet4-brasil-stateless\/2023\/06\/3eac7436-gpbr.jampa_353817659_296966582666130_6987351141659121179_n-300x300.jpg 300w, https:\/\/www.greenpeace.org\/static\/planet4-brasil-stateless\/2023\/06\/3eac7436-gpbr.jampa_353817659_296966582666130_6987351141659121179_n-150x150.jpg 150w, https:\/\/www.greenpeace.org\/static\/planet4-brasil-stateless\/2023\/06\/3eac7436-gpbr.jampa_353817659_296966582666130_6987351141659121179_n-768x768.jpg 768w, https:\/\/www.greenpeace.org\/static\/planet4-brasil-stateless\/2023\/06\/3eac7436-gpbr.jampa_353817659_296966582666130_6987351141659121179_n-1366x1366.jpg 1366w, https:\/\/www.greenpeace.org\/static\/planet4-brasil-stateless\/2023\/06\/3eac7436-gpbr.jampa_353817659_296966582666130_6987351141659121179_n-340x340.jpg 340w, https:\/\/www.greenpeace.org\/static\/planet4-brasil-stateless\/2023\/06\/3eac7436-gpbr.jampa_353817659_296966582666130_6987351141659121179_n.jpg 1440w\" sizes=\"auto, (max-width: 1024px) 100vw, 1024px\" \/><figcaption class=\"wp-element-caption\">\u00a9 Grupo de volunt\u00e1rios de Jo\u00e3o Pessoa \/ Greenpeace<\/figcaption><\/figure>\n<\/div>\n\n\n\n<div class=\"wp-block-column is-layout-flow wp-block-column-is-layout-flow\">\n<figure class=\"wp-block-image size-large\"><img loading=\"lazy\" decoding=\"async\" width=\"1024\" height=\"1024\" src=\"https:\/\/www.greenpeace.org\/static\/planet4-brasil-stateless\/2023\/06\/5c950a48-gpbr.jampa_353710768_1029765561739289_2745885440320404631_n-1024x1024.jpg\" title=\"Foto de pessoas volunt\u00e1rias e estudantes em sala de aula numa a\u00e7\u00e3o do Projeto Escola\" alt=\"Foto de pessoas volunt\u00e1rias e estudantes em sala de aula numa a\u00e7\u00e3o do Projeto Escola\" class=\"wp-image-47140\" srcset=\"https:\/\/www.greenpeace.org\/static\/planet4-brasil-stateless\/2023\/06\/5c950a48-gpbr.jampa_353710768_1029765561739289_2745885440320404631_n-1024x1024.jpg 1024w, https:\/\/www.greenpeace.org\/static\/planet4-brasil-stateless\/2023\/06\/5c950a48-gpbr.jampa_353710768_1029765561739289_2745885440320404631_n-300x300.jpg 300w, https:\/\/www.greenpeace.org\/static\/planet4-brasil-stateless\/2023\/06\/5c950a48-gpbr.jampa_353710768_1029765561739289_2745885440320404631_n-150x150.jpg 150w, https:\/\/www.greenpeace.org\/static\/planet4-brasil-stateless\/2023\/06\/5c950a48-gpbr.jampa_353710768_1029765561739289_2745885440320404631_n-768x768.jpg 768w, https:\/\/www.greenpeace.org\/static\/planet4-brasil-stateless\/2023\/06\/5c950a48-gpbr.jampa_353710768_1029765561739289_2745885440320404631_n-1366x1366.jpg 1366w, https:\/\/www.greenpeace.org\/static\/planet4-brasil-stateless\/2023\/06\/5c950a48-gpbr.jampa_353710768_1029765561739289_2745885440320404631_n-340x340.jpg 340w, https:\/\/www.greenpeace.org\/static\/planet4-brasil-stateless\/2023\/06\/5c950a48-gpbr.jampa_353710768_1029765561739289_2745885440320404631_n.jpg 1440w\" sizes=\"auto, (max-width: 1024px) 100vw, 1024px\" \/><figcaption class=\"wp-element-caption\">\u00a9 Grupo de volunt\u00e1rios de Jo\u00e3o Pessoa \/ Greenpeace<\/figcaption><\/figure>\n<\/div>\n<\/div>\n\n<p>Em <strong>Porto Alegre<\/strong>, a semana foi recheada de palestras com diferentes temas, incluindo os 17 Objetivos de Desenvolvimento Sustent\u00e1vel, res\u00edduos e lixo zero. Rolou at\u00e9 uma abordagem inovadora, com os estudantes e professores usando os celulares para assinar peti\u00e7\u00f5es contra o Marco Temporal e a minera\u00e7\u00e3o em \u00e1guas profundas. Esse grupo sabe que a\u00e7\u00e3o \u00e9 com eles:<\/p>\n\n<figure class=\"wp-block-image aligncenter size-full is-resized\"><img loading=\"lazy\" decoding=\"async\" src=\"https:\/\/www.greenpeace.org\/static\/planet4-brasil-stateless\/2023\/06\/f3c6bad2-gpbr.portoalegre_354039170_1270563443573356_6656759127970280382_n.jpg\" title=\"Foto de estudantes que apontam seu celular para o QR code com peti\u00e7\u00f5es do Greenpeace\" alt=\"Foto de estudantes que apontam seu celular para o QR code com peti\u00e7\u00f5es do Greenpeace\" class=\"wp-image-47138\" width=\"382\" height=\"263\" srcset=\"https:\/\/www.greenpeace.org\/static\/planet4-brasil-stateless\/2023\/06\/f3c6bad2-gpbr.portoalegre_354039170_1270563443573356_6656759127970280382_n.jpg 720w, https:\/\/www.greenpeace.org\/static\/planet4-brasil-stateless\/2023\/06\/f3c6bad2-gpbr.portoalegre_354039170_1270563443573356_6656759127970280382_n-300x206.jpg 300w, https:\/\/www.greenpeace.org\/static\/planet4-brasil-stateless\/2023\/06\/f3c6bad2-gpbr.portoalegre_354039170_1270563443573356_6656759127970280382_n-496x340.jpg 496w\" sizes=\"auto, (max-width: 382px) 100vw, 382px\" \/><figcaption class=\"wp-element-caption\">\u00a9 Grupo de volunt\u00e1rios de Porto Alegre \/ Greenpeace<\/figcaption><\/figure>\n\n<p>E olha s\u00f3, o palestrante Valdeci C. de Souza deu uma entrevista para a Rafaela Capit\u00e3o, aluna da Escola Superior de Propaganda e Marketing (ESPM). Vai ser sucesso!<\/p>\n\n<figure class=\"wp-block-image aligncenter size-full is-resized\"><img loading=\"lazy\" decoding=\"async\" src=\"https:\/\/www.greenpeace.org\/static\/planet4-brasil-stateless\/2023\/06\/9be38a5d-gpbr.portoalegre_353411561_114488881654044_2194195146784146423_n.jpg\" title=\"Imagem com pessoas volunt\u00e1rias de Porto Alegre\" alt=\"Imagem com pessoas volunt\u00e1rias de Porto Alegre\" class=\"wp-image-47137\" width=\"361\" height=\"288\"\/><figcaption class=\"wp-element-caption\">\u00a9 Grupo de volunt\u00e1rios de Porto Alegre \/ Greenpeace<\/figcaption><\/figure>\n\n<p>Em <strong>S\u00e3o Lu\u00eds<\/strong>, a galera botou a m\u00e3o na massa com a\u00e7\u00f5es de conscientiza\u00e7\u00e3o ambiental! Nos dias 30 de maio e 02 de junho, rolaram palestras sobre reciclagem e mudan\u00e7a de h\u00e1bitos, refor\u00e7ando a import\u00e2ncia de reutilizar, reciclar e reduzir. E na ter\u00e7a-feira (06), aconteceu uma tarde super interativa com os alunos, explorando o meio ambiente e destacando o poder do trabalho volunt\u00e1rio e da educa\u00e7\u00e3o. Essa galera est\u00e1 arrasando em prol do planeta:<\/p>\n\n<div class=\"wp-block-columns is-layout-flex wp-container-core-columns-is-layout-9d6595d7 wp-block-columns-is-layout-flex\">\n<div class=\"wp-block-column is-layout-flow wp-block-column-is-layout-flow\">\n<figure class=\"wp-block-image size-large\"><img loading=\"lazy\" decoding=\"async\" width=\"1024\" height=\"1024\" src=\"https:\/\/www.greenpeace.org\/static\/planet4-brasil-stateless\/2023\/06\/a031d63f-whatsapp-image-2023-06-16-at-14.06.42-3-1024x1024.jpeg\" title=\"Foto de pessoas volunt\u00e1rias numa a\u00e7\u00e3o do Projeto Escola de S\u00e3o Lu\u00eds\" alt=\"Foto de pessoas volunt\u00e1rias numa a\u00e7\u00e3o do Projeto Escola de S\u00e3o Lu\u00eds\" class=\"wp-image-47135\" srcset=\"https:\/\/www.greenpeace.org\/static\/planet4-brasil-stateless\/2023\/06\/a031d63f-whatsapp-image-2023-06-16-at-14.06.42-3-1024x1024.jpeg 1024w, https:\/\/www.greenpeace.org\/static\/planet4-brasil-stateless\/2023\/06\/a031d63f-whatsapp-image-2023-06-16-at-14.06.42-3-300x300.jpeg 300w, https:\/\/www.greenpeace.org\/static\/planet4-brasil-stateless\/2023\/06\/a031d63f-whatsapp-image-2023-06-16-at-14.06.42-3-150x150.jpeg 150w, https:\/\/www.greenpeace.org\/static\/planet4-brasil-stateless\/2023\/06\/a031d63f-whatsapp-image-2023-06-16-at-14.06.42-3-768x768.jpeg 768w, https:\/\/www.greenpeace.org\/static\/planet4-brasil-stateless\/2023\/06\/a031d63f-whatsapp-image-2023-06-16-at-14.06.42-3-340x340.jpeg 340w, https:\/\/www.greenpeace.org\/static\/planet4-brasil-stateless\/2023\/06\/a031d63f-whatsapp-image-2023-06-16-at-14.06.42-3.jpeg 1086w\" sizes=\"auto, (max-width: 1024px) 100vw, 1024px\" \/><figcaption class=\"wp-element-caption\">\u00a9 Grupo de volunt\u00e1rios de S\u00e3o Lu\u00eds \/ Greenpeace<\/figcaption><\/figure>\n<\/div>\n\n\n\n<div class=\"wp-block-column is-layout-flow wp-block-column-is-layout-flow\">\n<figure class=\"wp-block-image size-full\"><img loading=\"lazy\" decoding=\"async\" width=\"900\" height=\"900\" src=\"https:\/\/www.greenpeace.org\/static\/planet4-brasil-stateless\/2023\/06\/cea51d2a-whatsapp-image-2023-06-06-at-16.33.49.jpeg\" title=\"Foto de pessoas volunt\u00e1rias numa a\u00e7\u00e3o do Projeto Escola de S\u00e3o Lu\u00eds\" alt=\"Foto de pessoas volunt\u00e1rias numa a\u00e7\u00e3o do Projeto Escola de S\u00e3o Lu\u00eds\" class=\"wp-image-47136\" srcset=\"https:\/\/www.greenpeace.org\/static\/planet4-brasil-stateless\/2023\/06\/cea51d2a-whatsapp-image-2023-06-06-at-16.33.49.jpeg 900w, https:\/\/www.greenpeace.org\/static\/planet4-brasil-stateless\/2023\/06\/cea51d2a-whatsapp-image-2023-06-06-at-16.33.49-300x300.jpeg 300w, https:\/\/www.greenpeace.org\/static\/planet4-brasil-stateless\/2023\/06\/cea51d2a-whatsapp-image-2023-06-06-at-16.33.49-150x150.jpeg 150w, https:\/\/www.greenpeace.org\/static\/planet4-brasil-stateless\/2023\/06\/cea51d2a-whatsapp-image-2023-06-06-at-16.33.49-768x768.jpeg 768w, https:\/\/www.greenpeace.org\/static\/planet4-brasil-stateless\/2023\/06\/cea51d2a-whatsapp-image-2023-06-06-at-16.33.49-340x340.jpeg 340w\" sizes=\"auto, (max-width: 900px) 100vw, 900px\" \/><figcaption class=\"wp-element-caption\">\u00a9 Grupo de volunt\u00e1rios de S\u00e3o Lu\u00eds \/ Greenpeace<\/figcaption><\/figure>\n<\/div>\n<\/div>\n\n<p>E a\u00ed, ficou interessado(a) em levar a educa\u00e7\u00e3o ambiental Brasil afora? Saiba que voc\u00ea pode encontrar o grupo local mais pr\u00f3ximo de voc\u00ea no <strong><a href=\"https:\/\/conexaoverde.greenpeace.org.br\/pagina-inicial\" target=\"_blank\" rel=\"noreferrer noopener\">Conex\u00e3o Verde e juntar-se ao Projeto Escola<\/a><\/strong>. Te espero l\u00e1! \u2728\ud83c\udf0e\ud83c\udf31<\/p>\n","protected":false},"excerpt":{"rendered":"<p>Volunt\u00e1rios e volunt\u00e1rias foram \u00e0s ruas em prol do clima, da preserva\u00e7\u00e3o das florestas em p\u00e9 e por um mundo mais sustent\u00e1vel<\/p>\n","protected":false},"author":103,"featured_media":47134,"comment_status":"open","ping_status":"closed","sticky":false,"template":"","format":"standard","meta":{"ep_exclude_from_search":false,"p4_og_title":"","p4_og_description":"","p4_og_image":"","p4_og_image_id":"","p4_seo_canonical_url":"","p4_campaign_name":"","p4_local_project":"","p4_basket_name":"","p4_department":"","footnotes":""},"categories":[5],"tags":[23,40],"p4-page-type":[16],"class_list":["post-47153","post","type-post","status-publish","format-standard","has-post-thumbnail","hentry","category-greenpeace","tag-mobilizacao","tag-projeto-escola","p4-page-type-blog"],"_links":{"self":[{"href":"https:\/\/www.greenpeace.org\/brasil\/wp-json\/wp\/v2\/posts\/47153","targetHints":{"allow":["GET"]}}],"collection":[{"href":"https:\/\/www.greenpeace.org\/brasil\/wp-json\/wp\/v2\/posts"}],"about":[{"href":"https:\/\/www.greenpeace.org\/brasil\/wp-json\/wp\/v2\/types\/post"}],"author":[{"embeddable":true,"href":"https:\/\/www.greenpeace.org\/brasil\/wp-json\/wp\/v2\/users\/103"}],"replies":[{"embeddable":true,"href":"https:\/\/www.greenpeace.org\/brasil\/wp-json\/wp\/v2\/comments?post=47153"}],"version-history":[{"count":9,"href":"https:\/\/www.greenpeace.org\/brasil\/wp-json\/wp\/v2\/posts\/47153\/revisions"}],"predecessor-version":[{"id":47166,"href":"https:\/\/www.greenpeace.org\/brasil\/wp-json\/wp\/v2\/posts\/47153\/revisions\/47166"}],"wp:featuredmedia":[{"embeddable":true,"href":"https:\/\/www.greenpeace.org\/brasil\/wp-json\/wp\/v2\/media\/47134"}],"wp:attachment":[{"href":"https:\/\/www.greenpeace.org\/brasil\/wp-json\/wp\/v2\/media?parent=47153"}],"wp:term":[{"taxonomy":"category","embeddable":true,"href":"https:\/\/www.greenpeace.org\/brasil\/wp-json\/wp\/v2\/categories?post=47153"},{"taxonomy":"post_tag","embeddable":true,"href":"https:\/\/www.greenpeace.org\/brasil\/wp-json\/wp\/v2\/tags?post=47153"},{"taxonomy":"p4-page-type","embeddable":true,"href":"https:\/\/www.greenpeace.org\/brasil\/wp-json\/wp\/v2\/p4-page-type?post=47153"}],"curies":[{"name":"wp","href":"https:\/\/api.w.org\/{rel}","templated":true}]}}