{"id":47281,"date":"2023-07-07T12:24:40","date_gmt":"2023-07-07T15:24:40","guid":{"rendered":"https:\/\/www.greenpeace.org\/brasil\/?p=47281"},"modified":"2023-07-12T09:13:45","modified_gmt":"2023-07-12T12:13:45","slug":"desmatamento-na-amazonia-tem-queda-no-primeiro-semestre-de-2023","status":"publish","type":"post","link":"https:\/\/www.greenpeace.org\/brasil\/blog\/desmatamento-na-amazonia-tem-queda-no-primeiro-semestre-de-2023\/","title":{"rendered":"Desmatamento na Amaz\u00f4nia tem queda no primeiro semestre de 2023"},"content":{"rendered":"\n<h4 class=\"wp-block-heading\">\u00c1rea com alertas de desmatamento foi 33,6% menor que a registrada nos primeiros seis meses do ano passado. Em junho, redu\u00e7\u00e3o chegou a 41%, segundo dados do Inpe<\/h4>\n\n<figure class=\"wp-block-image size-full\"><img loading=\"lazy\" decoding=\"async\" width=\"800\" height=\"533\" src=\"https:\/\/www.greenpeace.org\/static\/planet4-brasil-stateless\/2023\/07\/290c8f73-gp0stvuar_web_size.jpg\" alt=\"\" class=\"wp-image-47282\" srcset=\"https:\/\/www.greenpeace.org\/static\/planet4-brasil-stateless\/2023\/07\/290c8f73-gp0stvuar_web_size.jpg 800w, https:\/\/www.greenpeace.org\/static\/planet4-brasil-stateless\/2023\/07\/290c8f73-gp0stvuar_web_size-300x200.jpg 300w, https:\/\/www.greenpeace.org\/static\/planet4-brasil-stateless\/2023\/07\/290c8f73-gp0stvuar_web_size-768x512.jpg 768w, https:\/\/www.greenpeace.org\/static\/planet4-brasil-stateless\/2023\/07\/290c8f73-gp0stvuar_web_size-510x340.jpg 510w\" sizes=\"auto, (max-width: 800px) 100vw, 800px\" \/><figcaption class=\"wp-element-caption\">Registro de mar\u00e7o de 2023, de \u00e1rea invadida e desmatada pelo garimpo na Terra Ind\u00edgena Kayap\u00f3. (\u00a9 Marizilda Cruppe \/ Greenpeace)<\/figcaption><\/figure>\n\n<p>Dados do sistema Deter-B, divulgados nesta quinta-feira (6) pelo Instituto Nacional de Pesquisas Espaciais (Inpe), apontam uma queda de 41% nos alertas de desmatamento na Amaz\u00f4nia em junho, na compara\u00e7\u00e3o ao mesmo m\u00eas do ano passado, com 663 km\u00b2 de alertas. Este \u00e9 o terceiro m\u00eas consecutivo de queda no desmatamento no bioma este ano.&nbsp;<\/p>\n\n<p>No acumulado do primeiro semestre de 2023 tamb\u00e9m houve queda, de 33,6% de alertas frente ao mesmo per\u00edodo no ano passado. Os estados com mais alertas de desmatamento no acumulado deste ano foram Mato Grosso, com 905 km\u00b2 (34% do total), Par\u00e1 com 746 km\u00b2 (28%) e Amazonas com 553 km\u00b2 (21%). De janeiro a junho, j\u00e1 s\u00e3o 2.649&nbsp; km\u00b2&nbsp;com alertas de desmatamento na Amaz\u00f4nia.&nbsp;<\/p>\n\n<figure class=\"wp-block-image alignright size-full is-resized\"><img loading=\"lazy\" decoding=\"async\" src=\"https:\/\/www.greenpeace.org\/static\/planet4-brasil-stateless\/2023\/07\/c7843814-image-3.png\" alt=\"\" class=\"wp-image-47287\" width=\"439\" height=\"619\" srcset=\"https:\/\/www.greenpeace.org\/static\/planet4-brasil-stateless\/2023\/07\/c7843814-image-3.png 439w, https:\/\/www.greenpeace.org\/static\/planet4-brasil-stateless\/2023\/07\/c7843814-image-3-213x300.png 213w, https:\/\/www.greenpeace.org\/static\/planet4-brasil-stateless\/2023\/07\/c7843814-image-3-241x340.png 241w\" sizes=\"auto, (max-width: 439px) 100vw, 439px\" \/><figcaption class=\"wp-element-caption\">Primeiro semestre, por ano, Deter-B (Inpe)<\/figcaption><\/figure>\n\n<p>Para R\u00f4mulo Batista, porta-voz do Greenpeace Brasil, essa diminui\u00e7\u00e3o pode ser considerada uma boa not\u00edcia, mas \u00e9 preciso cautela redobrada com o segundo semestre, quando o desmatamento e as <a href=\"https:\/\/www.greenpeace.org\/brasil\/blog\/primeiro-semestre-de-2023-tem-alta-nos-focos-de-calor-na-amazonia\/\" target=\"_blank\" rel=\"noreferrer noopener\">queimadas registram historicamente seus maiores \u00edndices e as perspectivas para o clima s\u00e3o bastante desfavor\u00e1veis<\/a>. <\/p>\n\n<p>\u201cEsse dado de queda vem acompanhado de duas outras quedas registradas nos meses de abril e maio deste ano, e tamb\u00e9m depois de um in\u00edcio de ano que assustou a todos, com o pior primeiro trimestre da s\u00e9rie hist\u00f3rica, vindo a rebote do governo anterior que tinha uma pol\u00edtica antiambiental\u201d, afirma.&nbsp;<\/p>\n\n<p>Foi a segunda vez este ano que o Minist\u00e9rio do Meio Ambiente convocou entrevista coletiva para a divulga\u00e7\u00e3o dos dados do Inpe, um costume que foi abandonado durante o apag\u00e3o cient\u00edfico do \u00faltimo governo. Durante o evento, a<a rel=\"noreferrer noopener\" href=\"https:\/\/www.gov.br\/mma\/pt-br\/alertas-de-desmatamento-na-amazonia-caem-34-no-semestre\" target=\"_blank\"> ministra Marina Silva disse <\/a>que \u201ca redu\u00e7\u00e3o do desmatamento na Amaz\u00f4nia se deve a um conjunto de a\u00e7\u00f5es de comando de controle que v\u00e3o desde o aumento da fiscaliza\u00e7\u00e3o e dos embargos pelo Ibama a uma a\u00e7\u00e3o coordenada junto com os estados e a um processo de dissuas\u00e3o que vem sendo feito, mostrando que n\u00e3o haver\u00e1 coniv\u00eancia com a criminalidade\u201d.<\/p>\n\n<p>Mas R\u00f4mulo Batista ressalta que, para manter o ritmo de queda de alertas de desmatamento, \u00e9 preciso muito mais que discursos, inclusive reconhecendo os impactos das mudan\u00e7as clim\u00e1ticas nesta equa\u00e7\u00e3o. \u201cSer\u00e1 necess\u00e1rio ainda mais trabalho de fiscaliza\u00e7\u00e3o e controle e tamb\u00e9m acelerar a implementa\u00e7\u00e3o de programas e a\u00e7\u00f5es de gera\u00e7\u00e3o de renda compat\u00edvel com a floresta em p\u00e9, levando melhorias ambientais e sociais para a regi\u00e3o, colaborando assim para mitigar a crise clim\u00e1tica que estamos vivendo em todo mundo\u201d, finaliza R\u00f4mulo.<\/p>\n","protected":false},"excerpt":{"rendered":"<p>\u00c1rea com alertas de desmatamento foi 33,6% menor que a registrada nos primeiros seis meses do ano passado. Em junho, redu\u00e7\u00e3o chegou a 41%, segundo dados do Inpe<\/p>\n","protected":false},"author":28,"featured_media":47282,"comment_status":"open","ping_status":"closed","sticky":false,"template":"","format":"standard","meta":{"ep_exclude_from_search":false,"p4_og_title":"","p4_og_description":"","p4_og_image":"","p4_og_image_id":"","p4_seo_canonical_url":"","p4_campaign_name":"","p4_local_project":"","p4_basket_name":"","p4_department":"","footnotes":""},"categories":[49],"tags":[46],"p4-page-type":[16],"class_list":["post-47281","post","type-post","status-publish","format-standard","has-post-thumbnail","hentry","category-amazonia","tag-desmatamento","p4-page-type-blog"],"_links":{"self":[{"href":"https:\/\/www.greenpeace.org\/brasil\/wp-json\/wp\/v2\/posts\/47281","targetHints":{"allow":["GET"]}}],"collection":[{"href":"https:\/\/www.greenpeace.org\/brasil\/wp-json\/wp\/v2\/posts"}],"about":[{"href":"https:\/\/www.greenpeace.org\/brasil\/wp-json\/wp\/v2\/types\/post"}],"author":[{"embeddable":true,"href":"https:\/\/www.greenpeace.org\/brasil\/wp-json\/wp\/v2\/users\/28"}],"replies":[{"embeddable":true,"href":"https:\/\/www.greenpeace.org\/brasil\/wp-json\/wp\/v2\/comments?post=47281"}],"version-history":[{"count":8,"href":"https:\/\/www.greenpeace.org\/brasil\/wp-json\/wp\/v2\/posts\/47281\/revisions"}],"predecessor-version":[{"id":47391,"href":"https:\/\/www.greenpeace.org\/brasil\/wp-json\/wp\/v2\/posts\/47281\/revisions\/47391"}],"wp:featuredmedia":[{"embeddable":true,"href":"https:\/\/www.greenpeace.org\/brasil\/wp-json\/wp\/v2\/media\/47282"}],"wp:attachment":[{"href":"https:\/\/www.greenpeace.org\/brasil\/wp-json\/wp\/v2\/media?parent=47281"}],"wp:term":[{"taxonomy":"category","embeddable":true,"href":"https:\/\/www.greenpeace.org\/brasil\/wp-json\/wp\/v2\/categories?post=47281"},{"taxonomy":"post_tag","embeddable":true,"href":"https:\/\/www.greenpeace.org\/brasil\/wp-json\/wp\/v2\/tags?post=47281"},{"taxonomy":"p4-page-type","embeddable":true,"href":"https:\/\/www.greenpeace.org\/brasil\/wp-json\/wp\/v2\/p4-page-type?post=47281"}],"curies":[{"name":"wp","href":"https:\/\/api.w.org\/{rel}","templated":true}]}}