{"id":47313,"date":"2023-07-10T15:39:37","date_gmt":"2023-07-10T18:39:37","guid":{"rendered":"https:\/\/www.greenpeace.org\/brasil\/?p=47313"},"modified":"2023-07-11T17:42:10","modified_gmt":"2023-07-11T20:42:10","slug":"a-forca-do-ativismo-confira-nossas-conquistas-no-primeiros-meses-de-2023","status":"publish","type":"post","link":"https:\/\/www.greenpeace.org\/brasil\/blog\/a-forca-do-ativismo-confira-nossas-conquistas-no-primeiros-meses-de-2023\/","title":{"rendered":"A for\u00e7a do ativismo: confira nossas a\u00e7\u00f5es nos primeiros meses de 2023\u00a0"},"content":{"rendered":"\n<p><em>O Greenpeace Brasil escreve ao seu lado, h\u00e1 31 anos, uma hist\u00f3ria de luta por um mundo mais justo. Veja quantas pessoas impactamos e tudo o que fizemos neste semestre!<\/em><\/p>\n\n<figure class=\"wp-block-image size-large\"><img loading=\"lazy\" decoding=\"async\" width=\"1024\" height=\"768\" src=\"https:\/\/www.greenpeace.org\/static\/planet4-brasil-stateless\/2023\/06\/293849d9-whatsapp-image-2023-06-25-at-20.44.12-1024x768.jpeg\" title=\"Foto de multid\u00e3o na Parada pela Diversidade Sexual do Cear\u00e1.\" alt=\"Foto de multid\u00e3o na Parada pela Diversidade Sexual do Cear\u00e1.\" class=\"wp-image-47232\" srcset=\"https:\/\/www.greenpeace.org\/static\/planet4-brasil-stateless\/2023\/06\/293849d9-whatsapp-image-2023-06-25-at-20.44.12-1024x768.jpeg 1024w, https:\/\/www.greenpeace.org\/static\/planet4-brasil-stateless\/2023\/06\/293849d9-whatsapp-image-2023-06-25-at-20.44.12-300x225.jpeg 300w, https:\/\/www.greenpeace.org\/static\/planet4-brasil-stateless\/2023\/06\/293849d9-whatsapp-image-2023-06-25-at-20.44.12-768x576.jpeg 768w, https:\/\/www.greenpeace.org\/static\/planet4-brasil-stateless\/2023\/06\/293849d9-whatsapp-image-2023-06-25-at-20.44.12-1536x1152.jpeg 1536w, https:\/\/www.greenpeace.org\/static\/planet4-brasil-stateless\/2023\/06\/293849d9-whatsapp-image-2023-06-25-at-20.44.12-453x340.jpeg 453w, https:\/\/www.greenpeace.org\/static\/planet4-brasil-stateless\/2023\/06\/293849d9-whatsapp-image-2023-06-25-at-20.44.12.jpeg 1600w\" sizes=\"auto, (max-width: 1024px) 100vw, 1024px\" \/><figcaption class=\"wp-element-caption\">\u00a9 Grupo de volunt\u00e1rios de Fortaleza \/ Greenpeace<\/figcaption><\/figure>\n\n<p>O Greenpeace Brasil acredita na for\u00e7a do ativismo e das a\u00e7\u00f5es coletivas para transformar o mundo em um lugar melhor e mais justo! \u00c9 por isso que estamos sempre em movimento, na organiza\u00e7\u00e3o de campanhas \u00e0 favor da floresta e biodiversidade, na mobiliza\u00e7\u00e3o de abaixo-assinados para frear retrocessos, ou nas redes sociais, com conte\u00fados importantes sobre meio ambiente. Nenhuma dessas a\u00e7\u00f5es seria poss\u00edvel sem nosso maior bem: as pessoas que nos apoiam.<\/p>\n\n<p>Em respeito a todos e todas que investem tempo se engajando em a\u00e7\u00f5es do Greenpeace, seja com o compartilhamento dos nossos conte\u00fados nas redes, nas a\u00e7\u00f5es de voluntariado, com doa\u00e7\u00f5es \u00e0s nossas campanhas em defesa da Amaz\u00f4nia ou assinando os nossos abaixo-assinados, compartilhamos abaixo um pouco do MONTE de coisa que realizamos com a sua ajuda no primeiro semestre de 2023.&nbsp;<\/p>\n\n<p><strong>Rede de volunt\u00e1rios<\/strong><\/p>\n\n<p>O Greenpeace Brasil \u00e9 feito por muitas pessoas apaixonadas que se mobilizam a favor da prote\u00e7\u00e3o do meio ambiente de maneira volunt\u00e1ria. Para se ter no\u00e7\u00e3o do tamanho dessa rede, somente nos seis primeiros meses do ano, 2.294 novas pessoas entraram para o time de volunt\u00e1rios do Greenpeace Brasil e realizaram in\u00fameras atividades de conscientiza\u00e7\u00e3o e educa\u00e7\u00e3o ambiental, al\u00e9m de limpeza de praias e at\u00e9 uma<a href=\"https:\/\/www.greenpeace.org\/brasil\/blog\/grupos-locais-aproveitaram-a-ultima-semana-para-realizar-trilhas-solidarias\/\"> trilha solid\u00e1ria pela demarca\u00e7\u00e3o das Terras Ind\u00edgenas<\/a>.&nbsp;<\/p>\n\n<p><strong>Assumindo responsabilidade<\/strong><\/p>\n\n<p>Ap\u00f3s sobrevoar \u00e1reas de garimpo na Amaz\u00f4nia e identificar centenas de escavadeiras destruindo a floresta dentro de Terras Ind\u00edgenas, lan\u00e7amos duas campanhas #Amaz\u00f4niaLivredeGarimpo e #ParemAsM\u00e1quinas. Munidos dessas informa\u00e7\u00f5es e de um relat\u00f3rio t\u00e9cnico (pode ser <a href=\"https:\/\/www.greenpeace.org\/brasil\/blog\/parem-as-maquinas-como-as-escavadeiras-ameacam-povos-indigenas-e-a-amazonia\/\">lido aqui<\/a>), <a href=\"https:\/\/www.greenpeace.org\/brasil\/blog\/vitoria-hyundai-se-compromete-a-ajudar-no-freio-ao-garimpo-ilegal\/\">realizamos uma a\u00e7\u00e3o na porta da f\u00e1brica da Hyundai<\/a>, no Rio de Janeiro, e conseguimos o compromisso p\u00fablico da montadora de parar temporariamente as vendas de suas m\u00e1quinas pesadas no Amazonas, Roraima e Par\u00e1 at\u00e9 que seus esfor\u00e7os para fortalecer seu sistema de conformidade sejam eficazes para impedir que suas escavadeiras sejam usadas para o garimpo ilegal.&nbsp;<\/p>\n\n<figure class=\"wp-block-image size-full\"><img loading=\"lazy\" decoding=\"async\" width=\"800\" height=\"533\" src=\"https:\/\/www.greenpeace.org\/static\/planet4-brasil-stateless\/2023\/04\/9505a7f2-gp0stvymm_web_size_with_credit_line.jpg\" alt=\"\" class=\"wp-image-45996\" srcset=\"https:\/\/www.greenpeace.org\/static\/planet4-brasil-stateless\/2023\/04\/9505a7f2-gp0stvymm_web_size_with_credit_line.jpg 800w, https:\/\/www.greenpeace.org\/static\/planet4-brasil-stateless\/2023\/04\/9505a7f2-gp0stvymm_web_size_with_credit_line-300x200.jpg 300w, https:\/\/www.greenpeace.org\/static\/planet4-brasil-stateless\/2023\/04\/9505a7f2-gp0stvymm_web_size_with_credit_line-768x512.jpg 768w, https:\/\/www.greenpeace.org\/static\/planet4-brasil-stateless\/2023\/04\/9505a7f2-gp0stvymm_web_size_with_credit_line-510x340.jpg 510w\" sizes=\"auto, (max-width: 800px) 100vw, 800px\" \/><figcaption class=\"wp-element-caption\">Greenpeace Brasil e lideran\u00e7as ind\u00edgenas realizaram uma manifesta\u00e7\u00e3o pac\u00edfica em frente \u00e0 f\u00e1brica da Hyundai, em Itatiaia, Rio de Janeiro, se posicionando junto a um bal\u00e3o infl\u00e1vel simulando uma m\u00e1quina escavadeira e segurando as mensagens \u201cAmaz\u00f4nia Livre de Garimpo\u201d, \u201cParem as M\u00e1quinas\u201d e \u201cFora Garimpo\u201d. Elementos cenogr\u00e1ficos como lama, sangue e barras de ouro foram utilizados para lembrar os danos causados pelas escavadeiras usadas nas Terras Ind\u00edgenas Kayap\u00f3, Munduruku e Yanomami. A a\u00e7\u00e3o marca o lan\u00e7amento do relat\u00f3rio \u201cParem As M\u00e1quinas! Por uma Amaz\u00f4nia Livre de Garimpo\u201d, feito em parceria com o Greenpeace do leste asi\u00e1tico, que demonstra de forma clara o papel que as escavadeiras hidr\u00e1ulicas t\u00eam atualmente no ritmo de destrui\u00e7\u00e3o da Amaz\u00f4nia &#8211; e a amea\u00e7a que elas representam para a sobreviv\u00eancia dos povos ind\u00edgenas do Brasil.<\/figcaption><\/figure>\n\n<p>Vencemos uma batalha, mas n\u00e3o a guerra: agora, estamos de olho para fazer com que esse compromisso assumido pela Hyundai tenha resultados concretos.&nbsp;<\/p>\n\n<p><strong>A\u00e7\u00e3o e apoio<\/strong><strong><br><\/strong><strong><br><\/strong>Por falar em povos ind\u00edgenas, nos unimos \u00e0s vozes de mais de 2 mil ind\u00edgenas durante o&nbsp; <strong>Acampamento Terra Livre,<\/strong> em maio, que se mobilizaram em frente ao Congresso Nacional, em Bras\u00edlia, para cobrar o direito de terem suas terras demarcadas,<\/p>\n\n<p><strong>Mobilizando pessoas<\/strong><\/p>\n\n<p>Representando a vontade da sociedade civil que rejeita a tese do Marco Temporal, entregamos ao STF um abaixo-assinado com mais de 330 mil assinaturas de brasileiras e brasileiros que defendem a demarca\u00e7\u00e3o das terras ind\u00edgenas.<\/p>\n\n<p>Em outros oito abaixo-assinados que temos, somos mais de meio milh\u00e3o de pessoas mobilizadas a favor do meio ambiente, da paz e da dignidade.<\/p>\n\n<p><strong>Parcerias<\/strong><\/p>\n\n<p>Junto aos influenciadores digitais parceiros do Greenpeace Brasil, conversamos com mais de 10 milh\u00f5es de pessoas nas 150 publica\u00e7\u00f5es que fizemos desde janeiro.&nbsp;<\/p>\n\n<p><strong>Projeto Escola<\/strong><\/p>\n\n<p>Sabe o nosso Projeto Escola? Ele est\u00e1 super ativo e impactou mais de 720 estudantes somente nos \u00faltimos seis meses com atividades pedag\u00f3gicas sobre a Amaz\u00f4nia.<\/p>\n\n<figure class=\"wp-block-image size-large\"><img loading=\"lazy\" decoding=\"async\" width=\"1024\" height=\"1024\" src=\"https:\/\/www.greenpeace.org\/static\/planet4-brasil-stateless\/2023\/06\/4a5388b8-gpbr.jampa_355441196_2468377270036351_452858624986922016_n-1024x1024.jpg\" title=\"Arte com foto de adolescentes em sala de aula, junto com volunt\u00e1ria do Greenpeace em a\u00e7\u00e3o do Projeto Escola.\" alt=\"Arte com foto de adolescentes em sala de aula, junto com volunt\u00e1ria do Greenpeace em a\u00e7\u00e3o do Projeto Escola.\" class=\"wp-image-47230\" srcset=\"https:\/\/www.greenpeace.org\/static\/planet4-brasil-stateless\/2023\/06\/4a5388b8-gpbr.jampa_355441196_2468377270036351_452858624986922016_n-1024x1024.jpg 1024w, https:\/\/www.greenpeace.org\/static\/planet4-brasil-stateless\/2023\/06\/4a5388b8-gpbr.jampa_355441196_2468377270036351_452858624986922016_n-300x300.jpg 300w, https:\/\/www.greenpeace.org\/static\/planet4-brasil-stateless\/2023\/06\/4a5388b8-gpbr.jampa_355441196_2468377270036351_452858624986922016_n-150x150.jpg 150w, https:\/\/www.greenpeace.org\/static\/planet4-brasil-stateless\/2023\/06\/4a5388b8-gpbr.jampa_355441196_2468377270036351_452858624986922016_n-768x768.jpg 768w, https:\/\/www.greenpeace.org\/static\/planet4-brasil-stateless\/2023\/06\/4a5388b8-gpbr.jampa_355441196_2468377270036351_452858624986922016_n-1366x1366.jpg 1366w, https:\/\/www.greenpeace.org\/static\/planet4-brasil-stateless\/2023\/06\/4a5388b8-gpbr.jampa_355441196_2468377270036351_452858624986922016_n-340x340.jpg 340w, https:\/\/www.greenpeace.org\/static\/planet4-brasil-stateless\/2023\/06\/4a5388b8-gpbr.jampa_355441196_2468377270036351_452858624986922016_n.jpg 1440w\" sizes=\"auto, (max-width: 1024px) 100vw, 1024px\" \/><figcaption class=\"wp-element-caption\">\u00a9 Grupo de volunt\u00e1rios de Jo\u00e3o Pessoa \/ Greenpeace<\/figcaption><\/figure>\n\n<p><strong>Pesquisa<\/strong><\/p>\n\n<p>Nesses seis meses, tamb\u00e9m tivemos uma not\u00edcia empolgante na \u00e1rea da Ci\u00eancia: os pesquisadores do Projeto Mantis, apoiados pelo Greenpeace Brasil, identificaram uma nova esp\u00e9cie de louva-a-deus.&nbsp;<\/p>\n\n<p><strong>Pelo Brasil<\/strong><\/p>\n\n<p>O time de di\u00e1logo direto, aqueles jovens simp\u00e1ticos de coletinho verde que nos abordam nas ruas, esteve em quase 30 cidades do Brasil para levar a mensagem da organiza\u00e7\u00e3o e captar recursos.<\/p>\n\n<p><strong>Juntos vamos mais longe!<\/strong><\/p>\n\n<p class=\"has-medium-font-size\">J\u00e1 s\u00e3o 31 anos mostrando que o ativismo existe para tornar o mundo justo, e esse movimento s\u00f3 \u00e9 poss\u00edvel porque temos voc\u00eas. O nosso muito obrigado!<\/p>\n\n<p>E h\u00e1 31 anos o Greenpeace Brasil escreve com voc\u00ea uma hist\u00f3ria de luta por um mundo mais justo. As realiza\u00e7\u00f5es de janeiro a junho de 2023 s\u00e3o apenas uma parte disso.<\/p>\n\n<p>E o futuro? Bem, o livro est\u00e1 cheio de folhas em branco a serem preenchidas. Sempre juntas e juntos, porque o melhor de tudo \u00e9 saber que n\u00e3o fazemos nada sozinhos!<\/p>\n\n<p>Quer se tornar um volunt\u00e1rio do Greenpeace Brasil? Clique <a href=\"https:\/\/www.greenpeace.org\/brasil\/como-ajudar\/faca-parte-do-voluntariado\/\">aqui e veja como<\/a>!<\/p>\n\n<p>Quer se tornar um doador do Greenpeace Brasil? Clique <a href=\"https:\/\/doe.greenpeace.org.br\/doar\/p?appeal=18757&amp;entrypoint=blog\">aqui para doar<\/a>!<\/p>\n\n<p>Quer apoiar nossas campanhas e nossos abaixo-assinados? Conhe\u00e7a <a href=\"https:\/\/www.greenpeace.org\/brasil\/como-ajudar\/apoie-uma-causa\/\">nossas peti\u00e7\u00f5es<\/a>!<\/p>\n","protected":false},"excerpt":{"rendered":"<p>O Greenpeace Brasil escreve ao seu lado, h\u00e1 31 anos, uma hist\u00f3ria de luta por um mundo mais justo. Veja quantas pessoas impactamos e tudo o que fizemos neste semestre!<\/p>\n","protected":false},"author":121,"featured_media":47225,"comment_status":"closed","ping_status":"closed","sticky":false,"template":"","format":"standard","meta":{"ep_exclude_from_search":false,"p4_og_title":"","p4_og_description":"","p4_og_image":"","p4_og_image_id":"","p4_seo_canonical_url":"","p4_campaign_name":"","p4_local_project":"","p4_basket_name":"","p4_department":"","footnotes":""},"categories":[5],"tags":[13],"p4-page-type":[16],"class_list":["post-47313","post","type-post","status-publish","format-standard","has-post-thumbnail","hentry","category-greenpeace","tag-greenpeace","p4-page-type-blog"],"_links":{"self":[{"href":"https:\/\/www.greenpeace.org\/brasil\/wp-json\/wp\/v2\/posts\/47313","targetHints":{"allow":["GET"]}}],"collection":[{"href":"https:\/\/www.greenpeace.org\/brasil\/wp-json\/wp\/v2\/posts"}],"about":[{"href":"https:\/\/www.greenpeace.org\/brasil\/wp-json\/wp\/v2\/types\/post"}],"author":[{"embeddable":true,"href":"https:\/\/www.greenpeace.org\/brasil\/wp-json\/wp\/v2\/users\/121"}],"replies":[{"embeddable":true,"href":"https:\/\/www.greenpeace.org\/brasil\/wp-json\/wp\/v2\/comments?post=47313"}],"version-history":[{"count":10,"href":"https:\/\/www.greenpeace.org\/brasil\/wp-json\/wp\/v2\/posts\/47313\/revisions"}],"predecessor-version":[{"id":47380,"href":"https:\/\/www.greenpeace.org\/brasil\/wp-json\/wp\/v2\/posts\/47313\/revisions\/47380"}],"wp:featuredmedia":[{"embeddable":true,"href":"https:\/\/www.greenpeace.org\/brasil\/wp-json\/wp\/v2\/media\/47225"}],"wp:attachment":[{"href":"https:\/\/www.greenpeace.org\/brasil\/wp-json\/wp\/v2\/media?parent=47313"}],"wp:term":[{"taxonomy":"category","embeddable":true,"href":"https:\/\/www.greenpeace.org\/brasil\/wp-json\/wp\/v2\/categories?post=47313"},{"taxonomy":"post_tag","embeddable":true,"href":"https:\/\/www.greenpeace.org\/brasil\/wp-json\/wp\/v2\/tags?post=47313"},{"taxonomy":"p4-page-type","embeddable":true,"href":"https:\/\/www.greenpeace.org\/brasil\/wp-json\/wp\/v2\/p4-page-type?post=47313"}],"curies":[{"name":"wp","href":"https:\/\/api.w.org\/{rel}","templated":true}]}}