{"id":47480,"date":"2023-07-14T10:58:00","date_gmt":"2023-07-14T13:58:00","guid":{"rendered":"https:\/\/www.greenpeace.org\/brasil\/?p=47480"},"modified":"2023-10-06T10:50:24","modified_gmt":"2023-10-06T13:50:24","slug":"brasil-se-une-a-paises-contra-a-mineracao-em-aguas-profundas","status":"publish","type":"post","link":"https:\/\/www.greenpeace.org\/brasil\/imprensa\/brasil-se-une-a-paises-contra-a-mineracao-em-aguas-profundas\/","title":{"rendered":"Brasil se une a pa\u00edses contra a minera\u00e7\u00e3o em \u00e1guas profundas"},"content":{"rendered":"\n<p class=\"has-text-align-center\"><em>An\u00fancio foi realizado durante a reuni\u00e3o da Autoridade Internacional dos Fundos Marinhos, na Jamaica<\/em>&nbsp;<\/p>\n\n<figure class=\"wp-block-image size-full\"><img loading=\"lazy\" decoding=\"async\" width=\"800\" height=\"451\" src=\"https:\/\/www.greenpeace.org\/static\/planet4-brasil-stateless\/2023\/07\/3c60a1b5-gp0stqhie_web_size_with_credit_line.jpg\" alt=\"\" class=\"wp-image-47481\" srcset=\"https:\/\/www.greenpeace.org\/static\/planet4-brasil-stateless\/2023\/07\/3c60a1b5-gp0stqhie_web_size_with_credit_line.jpg 800w, https:\/\/www.greenpeace.org\/static\/planet4-brasil-stateless\/2023\/07\/3c60a1b5-gp0stqhie_web_size_with_credit_line-300x169.jpg 300w, https:\/\/www.greenpeace.org\/static\/planet4-brasil-stateless\/2023\/07\/3c60a1b5-gp0stqhie_web_size_with_credit_line-768x433.jpg 768w, https:\/\/www.greenpeace.org\/static\/planet4-brasil-stateless\/2023\/07\/3c60a1b5-gp0stqhie_web_size_with_credit_line-510x288.jpg 510w\" sizes=\"auto, (max-width: 800px) 100vw, 800px\" \/><\/figure>\n\n<p><strong>Kingston, Jamaica, 14 de Julho de 2023 <\/strong>&#8211; O Brasil anunciou, nesta sexta-feira, durante a reuni\u00e3o da Autoridade Internacional dos Fundos Marinhos (ISA), na Jamaica, o apoio a uma morat\u00f3ria de no m\u00ednimo 10 anos para a minera\u00e7\u00e3o em \u00e1guas profundas. Com o posicionamento, o pa\u00eds se une a 18 na\u00e7\u00f5es como Canad\u00e1, Nova Zel\u00e2ndia, Su\u00ed\u00e7a, Alemanha e Chile, e demonstra lideran\u00e7a pela preserva\u00e7\u00e3o dos oceanos.<\/p>\n\n<p><strong>Em resposta ao an\u00fancio do Brasil de apoiar uma morat\u00f3ria de 10 anos na minera\u00e7\u00e3o em \u00e1guas profundas, Enrico Marone, porta-voz de oceanos do Greenpeace Brasil, afirma:<\/strong><\/p>\n\n<p>\u201cAo se posicionar contra a minera\u00e7\u00e3o em \u00e1guas profundas, o Brasil hoje se junta \u00e0 crescente onda de na\u00e7\u00f5es que se op\u00f5em \u00e0 minera\u00e7\u00e3o em alto mar. Se os governos levam a s\u00e9rio seus comprometimentos ambientais, eles t\u00eam que dizer n\u00e3o \u00e0 minera\u00e7\u00e3o em \u00e1guas profundas. Ou eles permitem que uma ind\u00fastria extrativa completamente nova se inicie no meio de uma crise ecol\u00f3gica, ou concordam com uma morat\u00f3ria para proteger as maravilhas ainda desconhecidas do fundo do mar\u201d.<\/p>\n\n<p>As poss\u00edveis consequ\u00eancias da minera\u00e7\u00e3o no oceano s\u00e3o graves. O processo pode causar danos irrepar\u00e1veis para organismos do fundo do mar, incluindo a destrui\u00e7\u00e3o de seus habitats, e a polui\u00e7\u00e3o sonora e luminosa gerada pela minera\u00e7\u00e3o pode afetar as criaturas marinhas e a imensa biodiversidade do oceano. Al\u00e9m disso, esta ind\u00fastria tamb\u00e9m pode colocar em risco os meios de subsist\u00eancia das comunidades costeiras e pesqueiras das ilhas do Pac\u00edfico, onde est\u00e3o sendo realizados testes de explora\u00e7\u00e3o, comprometendo a seguran\u00e7a alimentar dessas popula\u00e7\u00f5es ao afetar os estoques pesqueiros.<\/p>\n\n<p>A reuni\u00e3o da Autoridade Internacional dos Fundos Marinhos est\u00e1 ocorrendo em Kingston, na Jamaica, at\u00e9 o dia 28 de julho. L\u00edderes mundiais t\u00eam a oportunidade de se antecipar a uma nova ind\u00fastria destrutiva e interromper a minera\u00e7\u00e3o em \u00e1guas profundas antes que ela comece.<\/p>\n\n<p>O Greenpeace apoia uma morat\u00f3ria global e acredita que este \u00e9 o primeiro passo para assegurar a conserva\u00e7\u00e3o e a preserva\u00e7\u00e3o das fun\u00e7\u00f5es ambientais do oceano profundo. O mar profundo deve permanecer fora dos limites da ind\u00fastria de minera\u00e7\u00e3o, o que significa que a extra\u00e7\u00e3o de metais e min\u00e9rios n\u00e3o deve ser autorizada em qualquer circunst\u00e2ncia.<\/p>\n","protected":false},"excerpt":{"rendered":"<p>Kingston, Jamaica, 14 de Julho de 2023 &#8211; O Brasil anunciou, nesta sexta-feira, durante a reuni\u00e3o da Autoridade Internacional dos Fundos Marinhos (ISA), na Jamaica, o apoio a uma morat\u00f3ria&hellip;<\/p>\n","protected":false},"author":116,"featured_media":47481,"comment_status":"closed","ping_status":"closed","sticky":false,"template":"","format":"standard","meta":{"ep_exclude_from_search":false,"p4_og_title":"","p4_og_description":"","p4_og_image":"","p4_og_image_id":"","p4_seo_canonical_url":"","p4_campaign_name":"","p4_local_project":"","p4_basket_name":"","p4_department":"","footnotes":""},"categories":[64],"tags":[47,27],"p4-page-type":[14],"class_list":["post-47480","post","type-post","status-publish","format-standard","has-post-thumbnail","hentry","category-oceanos","tag-internacional","tag-oceanos","p4-page-type-imprensa"],"_links":{"self":[{"href":"https:\/\/www.greenpeace.org\/brasil\/wp-json\/wp\/v2\/posts\/47480","targetHints":{"allow":["GET"]}}],"collection":[{"href":"https:\/\/www.greenpeace.org\/brasil\/wp-json\/wp\/v2\/posts"}],"about":[{"href":"https:\/\/www.greenpeace.org\/brasil\/wp-json\/wp\/v2\/types\/post"}],"author":[{"embeddable":true,"href":"https:\/\/www.greenpeace.org\/brasil\/wp-json\/wp\/v2\/users\/116"}],"replies":[{"embeddable":true,"href":"https:\/\/www.greenpeace.org\/brasil\/wp-json\/wp\/v2\/comments?post=47480"}],"version-history":[{"count":1,"href":"https:\/\/www.greenpeace.org\/brasil\/wp-json\/wp\/v2\/posts\/47480\/revisions"}],"predecessor-version":[{"id":47482,"href":"https:\/\/www.greenpeace.org\/brasil\/wp-json\/wp\/v2\/posts\/47480\/revisions\/47482"}],"wp:featuredmedia":[{"embeddable":true,"href":"https:\/\/www.greenpeace.org\/brasil\/wp-json\/wp\/v2\/media\/47481"}],"wp:attachment":[{"href":"https:\/\/www.greenpeace.org\/brasil\/wp-json\/wp\/v2\/media?parent=47480"}],"wp:term":[{"taxonomy":"category","embeddable":true,"href":"https:\/\/www.greenpeace.org\/brasil\/wp-json\/wp\/v2\/categories?post=47480"},{"taxonomy":"post_tag","embeddable":true,"href":"https:\/\/www.greenpeace.org\/brasil\/wp-json\/wp\/v2\/tags?post=47480"},{"taxonomy":"p4-page-type","embeddable":true,"href":"https:\/\/www.greenpeace.org\/brasil\/wp-json\/wp\/v2\/p4-page-type?post=47480"}],"curies":[{"name":"wp","href":"https:\/\/api.w.org\/{rel}","templated":true}]}}