{"id":47489,"date":"2023-07-20T11:36:00","date_gmt":"2023-07-20T14:36:00","guid":{"rendered":"https:\/\/www.greenpeace.org\/brasil\/?p=47489"},"modified":"2025-07-02T04:22:35","modified_gmt":"2025-07-02T07:22:35","slug":"amazonia-bate-recorde-e-atinge-mais-de-10-mil-focos-de-calor-em-2023","status":"publish","type":"post","link":"https:\/\/www.greenpeace.org\/brasil\/imprensa\/amazonia-bate-recorde-e-atinge-mais-de-10-mil-focos-de-calor-em-2023\/","title":{"rendered":"Amaz\u00f4nia bate recorde e atinge mais de 10 mil focos de calor em 2023"},"content":{"rendered":"\n<p class=\"has-text-align-center\"><em>Com 10.049 focos de calor registrados at\u00e9 19 de julho, ritmo \u00e9 o mais elevado desde 2019<\/em><\/p>\n\n<figure class=\"wp-block-image size-large\"><img loading=\"lazy\" decoding=\"async\" width=\"1024\" height=\"683\" src=\"https:\/\/www.greenpeace.org\/static\/planet4-brasil-stateless\/2023\/07\/c5bd39a8-gp1symn8_web_size_with_credit_line-1024x683.jpg\" alt=\"\" class=\"wp-image-47490\" srcset=\"https:\/\/www.greenpeace.org\/static\/planet4-brasil-stateless\/2023\/07\/c5bd39a8-gp1symn8_web_size_with_credit_line-1024x683.jpg 1024w, https:\/\/www.greenpeace.org\/static\/planet4-brasil-stateless\/2023\/07\/c5bd39a8-gp1symn8_web_size_with_credit_line-300x200.jpg 300w, https:\/\/www.greenpeace.org\/static\/planet4-brasil-stateless\/2023\/07\/c5bd39a8-gp1symn8_web_size_with_credit_line-768x512.jpg 768w, https:\/\/www.greenpeace.org\/static\/planet4-brasil-stateless\/2023\/07\/c5bd39a8-gp1symn8_web_size_with_credit_line-510x340.jpg 510w, https:\/\/www.greenpeace.org\/static\/planet4-brasil-stateless\/2023\/07\/c5bd39a8-gp1symn8_web_size_with_credit_line.jpg 1200w\" sizes=\"auto, (max-width: 1024px) 100vw, 1024px\" \/><figcaption class=\"wp-element-caption\">Monitoramento de Desmatamento e Queimadas na Amaz\u00f4nia em 2022 | Foto: \u00a9 Christian Braga \/ Greenpeace<\/figcaption><\/figure>\n\n<p><strong>S\u00e3o Paulo, 20 de julho de 2023 &#8211;<\/strong> Dados apresentados na \u00faltima quarta-feira (19) pelo Programa Queimadas do Instituto Nacional de Pesquisas Espaciais (Inpe) mostram que a Amaz\u00f4nia atingiu 10.049 focos de calor no ano de 2023. Tal ritmo acelerado n\u00e3o ocorria desde 2019, ano de intensas queimadas quando a marca dos 10.000 focos foi atingida no final de junho. Os estados com mais focos de calor registrados este ano foram: Mato Grosso (50.2%), seguido de Par\u00e1 (21.2%) e Roraima (12.7%).<\/p>\n\n<p>Para R\u00f4mulo Batista, porta-voz do Greenpeace Brasil, \u00e9 preciso de medidas integradas para combater o aumento das queimadas na Amaz\u00f4nia: &#8220;Infelizmente os n\u00fameros de focos de calor est\u00e3o subindo num ritmo mais acelerado do que nos \u00faltimos tr\u00eas anos. \u00c9 necess\u00e1rio agir na preven\u00e7\u00e3o e apertar ainda mais o cerco contra os infratores ambientais, para que seja poss\u00edvel evitar um desastre ambiental, tendo em vista a grande quantidade de mat\u00e9ria org\u00e2nica seca resultante da floresta derrubada nos \u00faltimos anos, al\u00e9m do fen\u00f4meno El Ni\u00f1o que deve deixar o ver\u00e3o amaz\u00f4nico mais quente, seco e longo o que favorece ainda mais queimadas e inc\u00eandios florestais&#8221;.<\/p>\n","protected":false},"excerpt":{"rendered":"<p>S\u00e3o Paulo, 20 de julho de 2023 &#8211; Dados apresentados na \u00faltima quarta-feira (19) pelo Programa Queimadas do Instituto Nacional de Pesquisas Espaciais (Inpe) mostram que a Amaz\u00f4nia atingiu 10.049&hellip;<\/p>\n","protected":false},"author":116,"featured_media":47490,"comment_status":"closed","ping_status":"closed","sticky":false,"template":"","format":"standard","meta":{"ep_exclude_from_search":false,"p4_og_title":"","p4_og_description":"","p4_og_image":"","p4_og_image_id":"","p4_seo_canonical_url":"","p4_campaign_name":"","p4_local_project":"","p4_basket_name":"","p4_department":"","footnotes":""},"categories":[49],"tags":[46,22],"p4-page-type":[14],"class_list":["post-47489","post","type-post","status-publish","format-standard","has-post-thumbnail","hentry","category-amazonia","tag-desmatamento","tag-florestas","p4-page-type-imprensa"],"_links":{"self":[{"href":"https:\/\/www.greenpeace.org\/brasil\/wp-json\/wp\/v2\/posts\/47489","targetHints":{"allow":["GET"]}}],"collection":[{"href":"https:\/\/www.greenpeace.org\/brasil\/wp-json\/wp\/v2\/posts"}],"about":[{"href":"https:\/\/www.greenpeace.org\/brasil\/wp-json\/wp\/v2\/types\/post"}],"author":[{"embeddable":true,"href":"https:\/\/www.greenpeace.org\/brasil\/wp-json\/wp\/v2\/users\/116"}],"replies":[{"embeddable":true,"href":"https:\/\/www.greenpeace.org\/brasil\/wp-json\/wp\/v2\/comments?post=47489"}],"version-history":[{"count":3,"href":"https:\/\/www.greenpeace.org\/brasil\/wp-json\/wp\/v2\/posts\/47489\/revisions"}],"predecessor-version":[{"id":58520,"href":"https:\/\/www.greenpeace.org\/brasil\/wp-json\/wp\/v2\/posts\/47489\/revisions\/58520"}],"wp:featuredmedia":[{"embeddable":true,"href":"https:\/\/www.greenpeace.org\/brasil\/wp-json\/wp\/v2\/media\/47490"}],"wp:attachment":[{"href":"https:\/\/www.greenpeace.org\/brasil\/wp-json\/wp\/v2\/media?parent=47489"}],"wp:term":[{"taxonomy":"category","embeddable":true,"href":"https:\/\/www.greenpeace.org\/brasil\/wp-json\/wp\/v2\/categories?post=47489"},{"taxonomy":"post_tag","embeddable":true,"href":"https:\/\/www.greenpeace.org\/brasil\/wp-json\/wp\/v2\/tags?post=47489"},{"taxonomy":"p4-page-type","embeddable":true,"href":"https:\/\/www.greenpeace.org\/brasil\/wp-json\/wp\/v2\/p4-page-type?post=47489"}],"curies":[{"name":"wp","href":"https:\/\/api.w.org\/{rel}","templated":true}]}}