{"id":47494,"date":"2023-07-03T13:30:00","date_gmt":"2023-07-03T16:30:00","guid":{"rendered":"https:\/\/www.greenpeace.org\/brasil\/?p=47494"},"modified":"2023-07-21T13:33:58","modified_gmt":"2023-07-21T16:33:58","slug":"dados-do-primeiro-semestre-de-2023-mostram-aumento-dos-focos-de-calor-na-amazonia","status":"publish","type":"post","link":"https:\/\/www.greenpeace.org\/brasil\/imprensa\/dados-do-primeiro-semestre-de-2023-mostram-aumento-dos-focos-de-calor-na-amazonia\/","title":{"rendered":"Dados do primeiro semestre de 2023 mostram aumento dos focos de calor na Amaz\u00f4nia"},"content":{"rendered":"\n<p class=\"has-text-align-center\"><em>Informa\u00e7\u00f5es s\u00e3o do Programa Queimadas, do Instituto Nacional de Pesquisas Espaciais (INPE);<\/em><\/p>\n\n<p class=\"has-text-align-center\"><em>Na compara\u00e7\u00e3o com o primeiro semestre do ano passado, houve aumento de 10,7%: \u00e9 o maior n\u00famero de focos registrado desde 2019;&nbsp;<\/em><\/p>\n\n<p class=\"has-text-align-center\"><em>N\u00fameros s\u00e3o importantes para a identifica\u00e7\u00e3o de poss\u00edveis ocorr\u00eancias de queimadas ou inc\u00eandios na floresta&nbsp;<\/em><\/p>\n\n<figure class=\"wp-block-image size-large\"><img loading=\"lazy\" decoding=\"async\" width=\"1024\" height=\"683\" src=\"https:\/\/www.greenpeace.org\/static\/planet4-brasil-stateless\/2023\/07\/2b48c3ae-gp1szphi_web_size_with_credit_line-1024x683.jpg\" alt=\"\" class=\"wp-image-47495\" srcset=\"https:\/\/www.greenpeace.org\/static\/planet4-brasil-stateless\/2023\/07\/2b48c3ae-gp1szphi_web_size_with_credit_line-1024x683.jpg 1024w, https:\/\/www.greenpeace.org\/static\/planet4-brasil-stateless\/2023\/07\/2b48c3ae-gp1szphi_web_size_with_credit_line-300x200.jpg 300w, https:\/\/www.greenpeace.org\/static\/planet4-brasil-stateless\/2023\/07\/2b48c3ae-gp1szphi_web_size_with_credit_line-768x512.jpg 768w, https:\/\/www.greenpeace.org\/static\/planet4-brasil-stateless\/2023\/07\/2b48c3ae-gp1szphi_web_size_with_credit_line-510x340.jpg 510w, https:\/\/www.greenpeace.org\/static\/planet4-brasil-stateless\/2023\/07\/2b48c3ae-gp1szphi_web_size_with_credit_line.jpg 1200w\" sizes=\"auto, (max-width: 1024px) 100vw, 1024px\" \/><figcaption class=\"wp-element-caption\">Queimadas e Desmatamento em Porto Velho na Amaz\u00f4nia | Foto: \u00a9 Nilmar Lage \/ Greenpeace<\/figcaption><\/figure>\n\n<p><strong>S\u00e3o Paulo, 3 de julho de 2023 &#8211;<\/strong> Dados divulgados pelo Instituto Nacional de Pesquisas Espaciais (INPE) registram 8.344 focos de calor na Amaz\u00f4nia no primeiro semestre de 2023, um aumento de 10,7% em compara\u00e7\u00e3o ao mesmo per\u00edodo do ano passado, o maior desde de 2019. Os estados que mais contribu\u00edram para este aumento foram Mato Grosso, com 4.569 (55%); Par\u00e1, com 1.482 (18%); e Roraima, com 1.261 (15%) focos de calor no ano de 2023.<\/p>\n\n<p>O estado que apresentou maior crescimento de focos de calor no primeiro semestre deste ano, em rela\u00e7\u00e3o a 2022, foi Roraima, com mais de 100% de aumento. Par\u00e1 com 31%&nbsp; e Tocantins com 38% tamb\u00e9m tiveram aumento . Em compensa\u00e7\u00e3o, Acre e Maranh\u00e3o apresentaram queda de 60% e 34% nos focos de calor, liderando o quesito.&nbsp;<\/p>\n\n<p>Chama a aten\u00e7\u00e3o o m\u00eas de junho, que, com 3.075 focos de calor, contribuiu com 36% do total do ano &#8211; \u00e9 o maior n\u00famero para esse m\u00eas desde 2007.&nbsp;<\/p>\n\n<p>Para R\u00f4mulo Batista, porta-voz do Greenpeace Brasil, os n\u00fameros v\u00eam na esteira da pol\u00edtica antiambiental do governo anterior: \u201c\u00c9 importante lembrar que o primeiro semestre \u00e9 caracterizado pelo inverno amaz\u00f4nico, quando temos muita chuva, com exce\u00e7\u00e3o do estado de Roraima&#8221;. &#8220;Infelizmente, devemos ver esses n\u00fameros aumentarem vertiginosamente nos pr\u00f3ximos meses, pois est\u00e1 come\u00e7ando o ver\u00e3o amaz\u00f4nico &#8211; per\u00edodo mais seco e quente, que vai exigir ainda mais trabalho e a\u00e7\u00e3o coordenada entre governo federal e estaduais para evitar que se repitam os recordes vistos nos anos do governo anterior, cuja pol\u00edtica era claramente antiambiental&#8221;, comenta Batista.<\/p>\n","protected":false},"excerpt":{"rendered":"<p>S\u00e3o Paulo, 3 de julho de 2023 &#8211; Dados divulgados pelo Instituto Nacional de Pesquisas Espaciais (INPE) registram 8.344 focos de calor na Amaz\u00f4nia no primeiro semestre de 2023, um&hellip;<\/p>\n","protected":false},"author":116,"featured_media":47495,"comment_status":"closed","ping_status":"closed","sticky":false,"template":"","format":"standard","meta":{"ep_exclude_from_search":false,"p4_og_title":"","p4_og_description":"","p4_og_image":"","p4_og_image_id":"","p4_seo_canonical_url":"","p4_campaign_name":"","p4_local_project":"","p4_basket_name":"","p4_department":"","footnotes":""},"categories":[49],"tags":[46,22],"p4-page-type":[14],"class_list":["post-47494","post","type-post","status-publish","format-standard","has-post-thumbnail","hentry","category-amazonia","tag-desmatamento","tag-florestas","p4-page-type-imprensa"],"_links":{"self":[{"href":"https:\/\/www.greenpeace.org\/brasil\/wp-json\/wp\/v2\/posts\/47494","targetHints":{"allow":["GET"]}}],"collection":[{"href":"https:\/\/www.greenpeace.org\/brasil\/wp-json\/wp\/v2\/posts"}],"about":[{"href":"https:\/\/www.greenpeace.org\/brasil\/wp-json\/wp\/v2\/types\/post"}],"author":[{"embeddable":true,"href":"https:\/\/www.greenpeace.org\/brasil\/wp-json\/wp\/v2\/users\/116"}],"replies":[{"embeddable":true,"href":"https:\/\/www.greenpeace.org\/brasil\/wp-json\/wp\/v2\/comments?post=47494"}],"version-history":[{"count":1,"href":"https:\/\/www.greenpeace.org\/brasil\/wp-json\/wp\/v2\/posts\/47494\/revisions"}],"predecessor-version":[{"id":47496,"href":"https:\/\/www.greenpeace.org\/brasil\/wp-json\/wp\/v2\/posts\/47494\/revisions\/47496"}],"wp:featuredmedia":[{"embeddable":true,"href":"https:\/\/www.greenpeace.org\/brasil\/wp-json\/wp\/v2\/media\/47495"}],"wp:attachment":[{"href":"https:\/\/www.greenpeace.org\/brasil\/wp-json\/wp\/v2\/media?parent=47494"}],"wp:term":[{"taxonomy":"category","embeddable":true,"href":"https:\/\/www.greenpeace.org\/brasil\/wp-json\/wp\/v2\/categories?post=47494"},{"taxonomy":"post_tag","embeddable":true,"href":"https:\/\/www.greenpeace.org\/brasil\/wp-json\/wp\/v2\/tags?post=47494"},{"taxonomy":"p4-page-type","embeddable":true,"href":"https:\/\/www.greenpeace.org\/brasil\/wp-json\/wp\/v2\/p4-page-type?post=47494"}],"curies":[{"name":"wp","href":"https:\/\/api.w.org\/{rel}","templated":true}]}}