{"id":47497,"date":"2023-07-06T13:34:00","date_gmt":"2023-07-06T16:34:00","guid":{"rendered":"https:\/\/www.greenpeace.org\/brasil\/?p=47497"},"modified":"2023-07-21T13:39:34","modified_gmt":"2023-07-21T16:39:34","slug":"desmatamento-na-amazonia-registra-queda-pelo-terceiro-mes-consecutivo-em-2023","status":"publish","type":"post","link":"https:\/\/www.greenpeace.org\/brasil\/imprensa\/desmatamento-na-amazonia-registra-queda-pelo-terceiro-mes-consecutivo-em-2023\/","title":{"rendered":"Desmatamento na Amaz\u00f4nia registra queda pelo terceiro m\u00eas consecutivo em 2023"},"content":{"rendered":"\n<p class=\"has-text-align-center\"><em>Alerta de \u00e1rea desmatada no m\u00eas de junho apresenta queda de 41% em rela\u00e7\u00e3o ao mesmo per\u00edodo no ano passado. No acumulado do primeiro semestre, a queda fica em <\/em><em>33,6% em rela\u00e7\u00e3o ao mesmo per\u00edodo de 2022<\/em><\/p>\n\n<figure class=\"wp-block-image size-full\"><img loading=\"lazy\" decoding=\"async\" width=\"800\" height=\"532\" src=\"https:\/\/www.greenpeace.org\/static\/planet4-brasil-stateless\/2023\/07\/38ce23d4-gp1sxnt8_web_size_with_credit_line.jpg\" alt=\"\" class=\"wp-image-47498\" srcset=\"https:\/\/www.greenpeace.org\/static\/planet4-brasil-stateless\/2023\/07\/38ce23d4-gp1sxnt8_web_size_with_credit_line.jpg 800w, https:\/\/www.greenpeace.org\/static\/planet4-brasil-stateless\/2023\/07\/38ce23d4-gp1sxnt8_web_size_with_credit_line-300x200.jpg 300w, https:\/\/www.greenpeace.org\/static\/planet4-brasil-stateless\/2023\/07\/38ce23d4-gp1sxnt8_web_size_with_credit_line-768x511.jpg 768w, https:\/\/www.greenpeace.org\/static\/planet4-brasil-stateless\/2023\/07\/38ce23d4-gp1sxnt8_web_size_with_credit_line-510x340.jpg 510w\" sizes=\"auto, (max-width: 800px) 100vw, 800px\" \/><figcaption class=\"wp-element-caption\">Rio Manicor\u00e9 no Amazonas | Foto: \u00a9 Valdemir Cunha \/ Greenpeace<\/figcaption><\/figure>\n\n<p><strong>S\u00e3o Paulo, 6 de julho de 2023 &#8211; <\/strong>Por meio de uma coletiva realizada hoje pelo Minist\u00e9rio do Meio Ambiente, em Bras\u00edlia, foram divulgados os dados referentes ao m\u00eas de junho do sistema Deter-B, do Instituto Nacional de Pesquisas Espaciais (Inpe), que apontam uma queda de 41% nos alertas de desmatamento na Amaz\u00f4nia, em compara\u00e7\u00e3o ao mesmo per\u00edodo no ano passado. Este \u00e9 o terceiro m\u00eas consecutivo, em 2023, que os dados mostram uma queda no desmatamento no Bioma. Ao todo, foram registrados 663 km\u00b2 de alertas de desmatamento. Dentro do acumulado do primeiro semestre de 2023 tamb\u00e9m houve queda, com 33,6% de diminui\u00e7\u00e3o de alertas frente ao mesmo per\u00edodo no ano passado. Os estados com mais alertas de desmatamento no primeiro semestre deste ano s\u00e3o: Mato Grosso com 905 km\u00b2 (34% do total), Par\u00e1 com 746 km\u00b2 (28%) e Amazonas com 553 km\u00b2 (21%).<\/p>\n\n<p>Para R\u00f4mulo Batista, porta-voz do Greenpeace Brasil, essa diminui\u00e7\u00e3o pode ser considerada uma boa not\u00edcia: \u201cEsse dado de queda vem acompanhado de duas outras quedas registradas nos meses de abril e maio deste ano, e tamb\u00e9m depois de um in\u00edcio de ano que assustou a todos, com o pior primeiro trimestre da s\u00e9rie hist\u00f3rica, vindo a rebote do governo anterior que tinha uma pol\u00edtica antiambiental\u201d.<\/p>\n\n<p>O porta-voz do Greenpeace Brasil tamb\u00e9m cita a postura do novo governo com a agenda ambiental sendo uma das possibilidades na queda dos alertas de desmatamento, mas salienta que ainda h\u00e1 muito desafio pela frente: \u201cA mudan\u00e7a de discurso na \u00e1rea ambiental do governo federal, a amplia\u00e7\u00e3o das a\u00e7\u00f5es de comando e controle com aumento de multas e embargos seja na floresta ou de forma remota, colaboraram para esta queda. Mas o maior desafio vem agora no segundo semestre, com o ver\u00e3o amaz\u00f4nico, que \u00e9 quando historicamente temos os meses com as maiores \u00e1reas de desmatamento, quanto o n\u00famero de queimadas\u201d.<br><br>Para manter o ritmo de queda de alertas de desmatamento \u00e9 preciso muito mais que discursos, mas uma a\u00e7\u00e3o integrada, principalmente reconhecendo os impactos das mudan\u00e7as clim\u00e1ticas: \u201cSer\u00e1 necess\u00e1rio ainda mais trabalho de fiscaliza\u00e7\u00e3o e controle e tamb\u00e9m acelerar a implementa\u00e7\u00e3o de programas e a\u00e7\u00f5es de gera\u00e7\u00e3o de renda compat\u00edvel com a floresta em p\u00e9, levando melhorias ambientais e sociais para a regi\u00e3o, colaborando assim para mitigar a crise clim\u00e1tica que estamos vivendo em todo mundo\u201d, finaliza R\u00f4mulo.<\/p>\n","protected":false},"excerpt":{"rendered":"<p>S\u00e3o Paulo, 6 de julho de 2023 &#8211; Por meio de uma coletiva realizada hoje pelo Minist\u00e9rio do Meio Ambiente, em Bras\u00edlia, foram divulgados os dados referentes ao m\u00eas de&hellip;<\/p>\n","protected":false},"author":116,"featured_media":47498,"comment_status":"closed","ping_status":"closed","sticky":false,"template":"","format":"standard","meta":{"ep_exclude_from_search":false,"p4_og_title":"","p4_og_description":"","p4_og_image":"","p4_og_image_id":"","p4_seo_canonical_url":"","p4_campaign_name":"","p4_local_project":"","p4_basket_name":"","p4_department":"","footnotes":""},"categories":[49],"tags":[46,22],"p4-page-type":[14],"class_list":["post-47497","post","type-post","status-publish","format-standard","has-post-thumbnail","hentry","category-amazonia","tag-desmatamento","tag-florestas","p4-page-type-imprensa"],"_links":{"self":[{"href":"https:\/\/www.greenpeace.org\/brasil\/wp-json\/wp\/v2\/posts\/47497","targetHints":{"allow":["GET"]}}],"collection":[{"href":"https:\/\/www.greenpeace.org\/brasil\/wp-json\/wp\/v2\/posts"}],"about":[{"href":"https:\/\/www.greenpeace.org\/brasil\/wp-json\/wp\/v2\/types\/post"}],"author":[{"embeddable":true,"href":"https:\/\/www.greenpeace.org\/brasil\/wp-json\/wp\/v2\/users\/116"}],"replies":[{"embeddable":true,"href":"https:\/\/www.greenpeace.org\/brasil\/wp-json\/wp\/v2\/comments?post=47497"}],"version-history":[{"count":1,"href":"https:\/\/www.greenpeace.org\/brasil\/wp-json\/wp\/v2\/posts\/47497\/revisions"}],"predecessor-version":[{"id":47499,"href":"https:\/\/www.greenpeace.org\/brasil\/wp-json\/wp\/v2\/posts\/47497\/revisions\/47499"}],"wp:featuredmedia":[{"embeddable":true,"href":"https:\/\/www.greenpeace.org\/brasil\/wp-json\/wp\/v2\/media\/47498"}],"wp:attachment":[{"href":"https:\/\/www.greenpeace.org\/brasil\/wp-json\/wp\/v2\/media?parent=47497"}],"wp:term":[{"taxonomy":"category","embeddable":true,"href":"https:\/\/www.greenpeace.org\/brasil\/wp-json\/wp\/v2\/categories?post=47497"},{"taxonomy":"post_tag","embeddable":true,"href":"https:\/\/www.greenpeace.org\/brasil\/wp-json\/wp\/v2\/tags?post=47497"},{"taxonomy":"p4-page-type","embeddable":true,"href":"https:\/\/www.greenpeace.org\/brasil\/wp-json\/wp\/v2\/p4-page-type?post=47497"}],"curies":[{"name":"wp","href":"https:\/\/api.w.org\/{rel}","templated":true}]}}