{"id":47578,"date":"2023-07-28T12:29:20","date_gmt":"2023-07-28T15:29:20","guid":{"rendered":"https:\/\/www.greenpeace.org\/brasil\/?p=47578"},"modified":"2025-07-02T04:22:32","modified_gmt":"2025-07-02T07:22:32","slug":"meio-ambiente-em-destaque-confira-as-acoes-do-voluntariado-nas-ferias-de-julho","status":"publish","type":"post","link":"https:\/\/www.greenpeace.org\/brasil\/blog\/meio-ambiente-em-destaque-confira-as-acoes-do-voluntariado-nas-ferias-de-julho\/","title":{"rendered":"Meio ambiente em destaque: confira as a\u00e7\u00f5es do voluntariado nas f\u00e9rias de julho"},"content":{"rendered":"\n<h4 class=\"wp-block-heading\">Grupos locais participaram de protestos contra o desmatamento e a favor do clima<\/h4>\n\n<p>As f\u00e9rias de julho s\u00e3o sempre uma oportunidade de descansar, viajar e se divertir. No entanto, para os grupos locais, esse per\u00edodo tamb\u00e9m se tornou uma chance de fazer a diferen\u00e7a e contribuir para um futuro mais sustent\u00e1vel.<\/p>\n\n<p>O grupo de Bras\u00edlia esteve presente na Parada do Orgulho LGBTQIAPN+ no domingo (09). O evento contou com uma iniciativa incr\u00edvel para realizar a compensa\u00e7\u00e3o ambiental atrav\u00e9s da captura de carbono, sendo a primeira da Am\u00e9rica Latina. Foram feitos plantios de \u00e1rvores do Cerrado, certificando assim a Parada do Orgulho como um evento regenerativo.<\/p>\n\n<div class=\"wp-block-columns is-layout-flex wp-container-core-columns-is-layout-9d6595d7 wp-block-columns-is-layout-flex\">\n<div class=\"wp-block-column is-layout-flow wp-block-column-is-layout-flow\">\n<figure class=\"wp-block-image size-large\"><img loading=\"lazy\" decoding=\"async\" width=\"1024\" height=\"1024\" src=\"https:\/\/www.greenpeace.org\/static\/planet4-brasil-stateless\/2023\/07\/285d0150-gpbr.brasilia_360053656_288837793666269_7047314879387530209_n-1024x1024.jpg\" title=\"Fotografia de pessoas volunt\u00e1rias na parada LGBTQIAPN+\" alt=\"Fotografia de pessoas volunt\u00e1rias na parada LGBTQIAPN+\" class=\"wp-image-47570\" srcset=\"https:\/\/www.greenpeace.org\/static\/planet4-brasil-stateless\/2023\/07\/285d0150-gpbr.brasilia_360053656_288837793666269_7047314879387530209_n-1024x1024.jpg 1024w, https:\/\/www.greenpeace.org\/static\/planet4-brasil-stateless\/2023\/07\/285d0150-gpbr.brasilia_360053656_288837793666269_7047314879387530209_n-300x300.jpg 300w, https:\/\/www.greenpeace.org\/static\/planet4-brasil-stateless\/2023\/07\/285d0150-gpbr.brasilia_360053656_288837793666269_7047314879387530209_n-150x150.jpg 150w, https:\/\/www.greenpeace.org\/static\/planet4-brasil-stateless\/2023\/07\/285d0150-gpbr.brasilia_360053656_288837793666269_7047314879387530209_n-768x768.jpg 768w, https:\/\/www.greenpeace.org\/static\/planet4-brasil-stateless\/2023\/07\/285d0150-gpbr.brasilia_360053656_288837793666269_7047314879387530209_n-340x340.jpg 340w, https:\/\/www.greenpeace.org\/static\/planet4-brasil-stateless\/2023\/07\/285d0150-gpbr.brasilia_360053656_288837793666269_7047314879387530209_n.jpg 1049w\" sizes=\"auto, (max-width: 1024px) 100vw, 1024px\" \/><figcaption class=\"wp-element-caption\">\u00a9 Grupo de volunt\u00e1rios de Bras\u00edlia \/ Greenpeace<\/figcaption><\/figure>\n<\/div>\n\n\n\n<div class=\"wp-block-column is-layout-flow wp-block-column-is-layout-flow\">\n<figure class=\"wp-block-image size-large\"><img loading=\"lazy\" decoding=\"async\" width=\"1024\" height=\"1024\" src=\"https:\/\/www.greenpeace.org\/static\/planet4-brasil-stateless\/2023\/07\/3842a364-gpbr.brasilia_360036617_663281728671759_8575188204186408183_n-1024x1024.jpg\" title=\"Fotografia da parada LGBTQIAPN+ de Bras\u00edlia\" alt=\"Fotografia da parada LGBTQIAPN+ de Bras\u00edlia\" class=\"wp-image-47571\" srcset=\"https:\/\/www.greenpeace.org\/static\/planet4-brasil-stateless\/2023\/07\/3842a364-gpbr.brasilia_360036617_663281728671759_8575188204186408183_n-1024x1024.jpg 1024w, https:\/\/www.greenpeace.org\/static\/planet4-brasil-stateless\/2023\/07\/3842a364-gpbr.brasilia_360036617_663281728671759_8575188204186408183_n-300x300.jpg 300w, https:\/\/www.greenpeace.org\/static\/planet4-brasil-stateless\/2023\/07\/3842a364-gpbr.brasilia_360036617_663281728671759_8575188204186408183_n-150x150.jpg 150w, https:\/\/www.greenpeace.org\/static\/planet4-brasil-stateless\/2023\/07\/3842a364-gpbr.brasilia_360036617_663281728671759_8575188204186408183_n-768x768.jpg 768w, https:\/\/www.greenpeace.org\/static\/planet4-brasil-stateless\/2023\/07\/3842a364-gpbr.brasilia_360036617_663281728671759_8575188204186408183_n-340x340.jpg 340w, https:\/\/www.greenpeace.org\/static\/planet4-brasil-stateless\/2023\/07\/3842a364-gpbr.brasilia_360036617_663281728671759_8575188204186408183_n.jpg 1080w\" sizes=\"auto, (max-width: 1024px) 100vw, 1024px\" \/><figcaption class=\"wp-element-caption\">\u00a9 Grupo de volunt\u00e1rios de Bras\u00edlia \/ Greenpeace<\/figcaption><\/figure>\n<\/div>\n<\/div>\n\n<p>Eles e elas tamb\u00e9m marcaram presen\u00e7a no Ato pelo Clima, no dia 21 de junho, em defesa do meio ambiente contra o desmonte socioambiental iniciado pela tese do Marco Temporal. O protesto visou combater medidas que enfraquecem a legisla\u00e7\u00e3o e as pol\u00edticas de combate ao desmatamento, demarca\u00e7\u00e3o das Terras Ind\u00edgenas e atua\u00e7\u00e3o dos Minist\u00e9rios do Meio Ambiente e dos Povos Ind\u00edgenas. A mobiliza\u00e7\u00e3o refor\u00e7ou a import\u00e2ncia da conscientiza\u00e7\u00e3o e da prote\u00e7\u00e3o ambiental para um futuro melhor.<\/p>\n\n<div class=\"wp-block-columns is-layout-flex wp-container-core-columns-is-layout-9d6595d7 wp-block-columns-is-layout-flex\">\n<div class=\"wp-block-column is-layout-flow wp-block-column-is-layout-flow\">\n<figure class=\"wp-block-image size-full\"><img loading=\"lazy\" decoding=\"async\" width=\"895\" height=\"895\" src=\"https:\/\/www.greenpeace.org\/static\/planet4-brasil-stateless\/2023\/07\/2b1c1b2c-ato_2106_13.jpeg\" title=\"Volunt\u00e1rios em mobiliza\u00e7\u00e3o a favor do meio ambiente\" alt=\"Volunt\u00e1rios em mobiliza\u00e7\u00e3o a favor do meio ambiente\" class=\"wp-image-47557\" srcset=\"https:\/\/www.greenpeace.org\/static\/planet4-brasil-stateless\/2023\/07\/2b1c1b2c-ato_2106_13.jpeg 895w, https:\/\/www.greenpeace.org\/static\/planet4-brasil-stateless\/2023\/07\/2b1c1b2c-ato_2106_13-300x300.jpeg 300w, https:\/\/www.greenpeace.org\/static\/planet4-brasil-stateless\/2023\/07\/2b1c1b2c-ato_2106_13-150x150.jpeg 150w, https:\/\/www.greenpeace.org\/static\/planet4-brasil-stateless\/2023\/07\/2b1c1b2c-ato_2106_13-768x768.jpeg 768w, https:\/\/www.greenpeace.org\/static\/planet4-brasil-stateless\/2023\/07\/2b1c1b2c-ato_2106_13-340x340.jpeg 340w\" sizes=\"auto, (max-width: 895px) 100vw, 895px\" \/><figcaption class=\"wp-element-caption\">\u00a9 Grupo de volunt\u00e1rios de Bras\u00edlia \/ Greenpeace<\/figcaption><\/figure>\n<\/div>\n\n\n\n<div class=\"wp-block-column is-layout-flow wp-block-column-is-layout-flow\">\n<figure class=\"wp-block-image size-full\"><img loading=\"lazy\" decoding=\"async\" width=\"901\" height=\"901\" src=\"https:\/\/www.greenpeace.org\/static\/planet4-brasil-stateless\/2023\/07\/420f31b2-ato_2106_9.jpeg\" title=\"Volunt\u00e1rios em mobiliza\u00e7\u00e3o a favor do meio ambiente\" alt=\"Volunt\u00e1rios em mobiliza\u00e7\u00e3o a favor do meio ambiente\" class=\"wp-image-47556\" srcset=\"https:\/\/www.greenpeace.org\/static\/planet4-brasil-stateless\/2023\/07\/420f31b2-ato_2106_9.jpeg 901w, https:\/\/www.greenpeace.org\/static\/planet4-brasil-stateless\/2023\/07\/420f31b2-ato_2106_9-300x300.jpeg 300w, https:\/\/www.greenpeace.org\/static\/planet4-brasil-stateless\/2023\/07\/420f31b2-ato_2106_9-150x150.jpeg 150w, https:\/\/www.greenpeace.org\/static\/planet4-brasil-stateless\/2023\/07\/420f31b2-ato_2106_9-768x768.jpeg 768w, https:\/\/www.greenpeace.org\/static\/planet4-brasil-stateless\/2023\/07\/420f31b2-ato_2106_9-340x340.jpeg 340w\" sizes=\"auto, (max-width: 901px) 100vw, 901px\" \/><figcaption class=\"wp-element-caption\">\u00a9 Grupo de volunt\u00e1rios de Bras\u00edlia \/ Greenpeace<\/figcaption><\/figure>\n<\/div>\n<\/div>\n\n<p>Na segunda-feira (10), os volunt\u00e1rios e volunt\u00e1rias de Manaus realizaram um ato na Prefeitura, solicitando ao prefeito o veto ao PL 582\/21, que permitiria o desmatamento da \u00c1rea de Prote\u00e7\u00e3o Ambiental (APA) Floresta Mana\u00f3s para a constru\u00e7\u00e3o de um posto de gasolina. Os ativistas foram recebidos pelo ouvidor municipal e ouvidor da Secretaria Municipal de Meio Ambiente e Sustentabilidade, que demonstraram apoio ao veto. O progresso alcan\u00e7ado foi resultado do apoio da popula\u00e7\u00e3o e dos coletivos parceiros da campanha &#8220;Salve a Floresta Mana\u00f3s&#8221;.<\/p>\n\n<div class=\"wp-block-columns is-layout-flex wp-container-core-columns-is-layout-9d6595d7 wp-block-columns-is-layout-flex\">\n<div class=\"wp-block-column is-layout-flow wp-block-column-is-layout-flow\">\n<figure class=\"wp-block-image size-large\"><img loading=\"lazy\" decoding=\"async\" width=\"1024\" height=\"682\" src=\"https:\/\/www.greenpeace.org\/static\/planet4-brasil-stateless\/2023\/07\/e448bea5-gpbr.manaus_359475998_189669013826493_8329201227853933163_n-1024x682.jpg\" title=\"Fotografia de pessoas volunt\u00e1rias em mobiliza\u00e7\u00e3o.\" alt=\"Fotografia de pessoas volunt\u00e1rias em mobiliza\u00e7\u00e3o.\" class=\"wp-image-47566\" srcset=\"https:\/\/www.greenpeace.org\/static\/planet4-brasil-stateless\/2023\/07\/e448bea5-gpbr.manaus_359475998_189669013826493_8329201227853933163_n-1024x682.jpg 1024w, https:\/\/www.greenpeace.org\/static\/planet4-brasil-stateless\/2023\/07\/e448bea5-gpbr.manaus_359475998_189669013826493_8329201227853933163_n-300x200.jpg 300w, https:\/\/www.greenpeace.org\/static\/planet4-brasil-stateless\/2023\/07\/e448bea5-gpbr.manaus_359475998_189669013826493_8329201227853933163_n-768x511.jpg 768w, https:\/\/www.greenpeace.org\/static\/planet4-brasil-stateless\/2023\/07\/e448bea5-gpbr.manaus_359475998_189669013826493_8329201227853933163_n-510x340.jpg 510w, https:\/\/www.greenpeace.org\/static\/planet4-brasil-stateless\/2023\/07\/e448bea5-gpbr.manaus_359475998_189669013826493_8329201227853933163_n.jpg 1080w\" sizes=\"auto, (max-width: 1024px) 100vw, 1024px\" \/><figcaption class=\"wp-element-caption\">\u00a9 Schaydson Souza \/ Greenpeace<div class=\"credit icon-left\"> \u00a9 Schaydson Souza \/ Greenpeace<\/div><\/figcaption><\/figure>\n<\/div>\n\n\n\n<div class=\"wp-block-column is-layout-flow wp-block-column-is-layout-flow\">\n<figure class=\"wp-block-image size-large\"><img loading=\"lazy\" decoding=\"async\" width=\"1024\" height=\"682\" src=\"https:\/\/www.greenpeace.org\/static\/planet4-brasil-stateless\/2023\/07\/1d7e92e8-gpbr.manaus_358827965_982111972939084_2118555444943003274_n-1024x682.jpg\" title=\"Fotografia de pessoas volunt\u00e1rias em mobiliza\u00e7\u00e3o.\" alt=\"Fotografia de pessoas volunt\u00e1rias em mobiliza\u00e7\u00e3o.\" class=\"wp-image-47565\" srcset=\"https:\/\/www.greenpeace.org\/static\/planet4-brasil-stateless\/2023\/07\/1d7e92e8-gpbr.manaus_358827965_982111972939084_2118555444943003274_n-1024x682.jpg 1024w, https:\/\/www.greenpeace.org\/static\/planet4-brasil-stateless\/2023\/07\/1d7e92e8-gpbr.manaus_358827965_982111972939084_2118555444943003274_n-300x200.jpg 300w, https:\/\/www.greenpeace.org\/static\/planet4-brasil-stateless\/2023\/07\/1d7e92e8-gpbr.manaus_358827965_982111972939084_2118555444943003274_n-768x511.jpg 768w, https:\/\/www.greenpeace.org\/static\/planet4-brasil-stateless\/2023\/07\/1d7e92e8-gpbr.manaus_358827965_982111972939084_2118555444943003274_n-510x340.jpg 510w, https:\/\/www.greenpeace.org\/static\/planet4-brasil-stateless\/2023\/07\/1d7e92e8-gpbr.manaus_358827965_982111972939084_2118555444943003274_n.jpg 1080w\" sizes=\"auto, (max-width: 1024px) 100vw, 1024px\" \/><figcaption class=\"wp-element-caption\">\u00a9 Schaydson Souza \/ Greenpeace<\/figcaption><\/figure>\n<\/div>\n<\/div>\n\n<p>Na quarta-feira (12), o grupo compareceu \u00e0 C\u00e2mara Municipal de Manaus para discutir a import\u00e2ncia da APA Floresta Mana\u00f3s e, no dia seguinte, receberam a resposta da luta: o prefeito vetou o Projeto de Lei 582\/21. Parab\u00e9ns ao time pela mobiliza\u00e7\u00e3o e pela vit\u00f3ria incr\u00edvel!<\/p>\n\n<div class=\"wp-block-columns is-layout-flex wp-container-core-columns-is-layout-9d6595d7 wp-block-columns-is-layout-flex\">\n<div class=\"wp-block-column is-layout-flow wp-block-column-is-layout-flow\">\n<figure class=\"wp-block-image size-large\"><img loading=\"lazy\" decoding=\"async\" width=\"1024\" height=\"1024\" src=\"https:\/\/www.greenpeace.org\/static\/planet4-brasil-stateless\/2023\/07\/99d8d28c-gpbr.manaus_359744029_771846268011726_3734690234108652804_n-1024x1024.jpg\" title=\"Fotografia de pessoas volunt\u00e1rias, ao ar livre em frente \u00e0 C\u00e2mara Municipal de Manaus.\" alt=\"Fotografia de pessoas volunt\u00e1rias, ao ar livre em frente \u00e0 C\u00e2mara Municipal de Manaus.\" class=\"wp-image-47564\" srcset=\"https:\/\/www.greenpeace.org\/static\/planet4-brasil-stateless\/2023\/07\/99d8d28c-gpbr.manaus_359744029_771846268011726_3734690234108652804_n-1024x1024.jpg 1024w, https:\/\/www.greenpeace.org\/static\/planet4-brasil-stateless\/2023\/07\/99d8d28c-gpbr.manaus_359744029_771846268011726_3734690234108652804_n-300x300.jpg 300w, https:\/\/www.greenpeace.org\/static\/planet4-brasil-stateless\/2023\/07\/99d8d28c-gpbr.manaus_359744029_771846268011726_3734690234108652804_n-150x150.jpg 150w, https:\/\/www.greenpeace.org\/static\/planet4-brasil-stateless\/2023\/07\/99d8d28c-gpbr.manaus_359744029_771846268011726_3734690234108652804_n-768x768.jpg 768w, https:\/\/www.greenpeace.org\/static\/planet4-brasil-stateless\/2023\/07\/99d8d28c-gpbr.manaus_359744029_771846268011726_3734690234108652804_n-340x340.jpg 340w, https:\/\/www.greenpeace.org\/static\/planet4-brasil-stateless\/2023\/07\/99d8d28c-gpbr.manaus_359744029_771846268011726_3734690234108652804_n.jpg 1080w\" sizes=\"auto, (max-width: 1024px) 100vw, 1024px\" \/><figcaption class=\"wp-element-caption\">\u00a9 Grupo de volunt\u00e1rios de Manaus \/ Greenpeace<\/figcaption><\/figure>\n<\/div>\n\n\n\n<div class=\"wp-block-column is-layout-flow wp-block-column-is-layout-flow\">\n<figure class=\"wp-block-image size-large\"><img loading=\"lazy\" decoding=\"async\" width=\"1024\" height=\"1024\" src=\"https:\/\/www.greenpeace.org\/static\/planet4-brasil-stateless\/2023\/07\/d55823a2-gpbr.manaus_359719075_3071824109792126_1895780061312123512_n-1024x1024.jpg\" title=\"Fotografia de pessoas na C\u00e2mara Municipal de Manaus.\" alt=\"Fotografia de pessoas na C\u00e2mara Municipal de Manaus.\" class=\"wp-image-47563\" srcset=\"https:\/\/www.greenpeace.org\/static\/planet4-brasil-stateless\/2023\/07\/d55823a2-gpbr.manaus_359719075_3071824109792126_1895780061312123512_n-1024x1024.jpg 1024w, https:\/\/www.greenpeace.org\/static\/planet4-brasil-stateless\/2023\/07\/d55823a2-gpbr.manaus_359719075_3071824109792126_1895780061312123512_n-300x300.jpg 300w, https:\/\/www.greenpeace.org\/static\/planet4-brasil-stateless\/2023\/07\/d55823a2-gpbr.manaus_359719075_3071824109792126_1895780061312123512_n-150x150.jpg 150w, https:\/\/www.greenpeace.org\/static\/planet4-brasil-stateless\/2023\/07\/d55823a2-gpbr.manaus_359719075_3071824109792126_1895780061312123512_n-768x768.jpg 768w, https:\/\/www.greenpeace.org\/static\/planet4-brasil-stateless\/2023\/07\/d55823a2-gpbr.manaus_359719075_3071824109792126_1895780061312123512_n-340x340.jpg 340w, https:\/\/www.greenpeace.org\/static\/planet4-brasil-stateless\/2023\/07\/d55823a2-gpbr.manaus_359719075_3071824109792126_1895780061312123512_n.jpg 1080w\" sizes=\"auto, (max-width: 1024px) 100vw, 1024px\" \/><figcaption class=\"wp-element-caption\">\u00a9 Grupo de volunt\u00e1rios de Manaus \/ Greenpeace<\/figcaption><\/figure>\n<\/div>\n<\/div>\n\n<p>No s\u00e1bado (15), a galera de Manaus se reuniu para um encontro com os especialistas do Greenpeace Brasil. Discutiram com a Ariene Susui, da \u00e1rea de Povos Ind\u00edgenas, sobre o Marco Temporal e com Danicley Aguiar sobre garimpo e desmatamento. Segundo o grupo, foi uma tarde enriquecedora de aprendizado com especialistas sobre esses temas, proporcionando uma maior compreens\u00e3o das quest\u00f5es ambientais relevantes.<\/p>\n\n<div class=\"wp-block-columns is-layout-flex wp-container-core-columns-is-layout-9d6595d7 wp-block-columns-is-layout-flex\">\n<div class=\"wp-block-column is-layout-flow wp-block-column-is-layout-flow\">\n<figure class=\"wp-block-image size-large\"><img loading=\"lazy\" decoding=\"async\" width=\"1024\" height=\"1024\" src=\"https:\/\/www.greenpeace.org\/static\/planet4-brasil-stateless\/2023\/07\/ae2be0cf-gpbr.manaus_359752289_18372922699055854_894405728642160927_n-1024x1024.jpg\" title=\"Fotografia de pessoas volunt\u00e1rias\" alt=\"Fotografia de pessoas volunt\u00e1rias\" class=\"wp-image-47561\" srcset=\"https:\/\/www.greenpeace.org\/static\/planet4-brasil-stateless\/2023\/07\/ae2be0cf-gpbr.manaus_359752289_18372922699055854_894405728642160927_n-1024x1024.jpg 1024w, https:\/\/www.greenpeace.org\/static\/planet4-brasil-stateless\/2023\/07\/ae2be0cf-gpbr.manaus_359752289_18372922699055854_894405728642160927_n-300x300.jpg 300w, https:\/\/www.greenpeace.org\/static\/planet4-brasil-stateless\/2023\/07\/ae2be0cf-gpbr.manaus_359752289_18372922699055854_894405728642160927_n-150x150.jpg 150w, https:\/\/www.greenpeace.org\/static\/planet4-brasil-stateless\/2023\/07\/ae2be0cf-gpbr.manaus_359752289_18372922699055854_894405728642160927_n-768x768.jpg 768w, https:\/\/www.greenpeace.org\/static\/planet4-brasil-stateless\/2023\/07\/ae2be0cf-gpbr.manaus_359752289_18372922699055854_894405728642160927_n-1366x1366.jpg 1366w, https:\/\/www.greenpeace.org\/static\/planet4-brasil-stateless\/2023\/07\/ae2be0cf-gpbr.manaus_359752289_18372922699055854_894405728642160927_n-340x340.jpg 340w, https:\/\/www.greenpeace.org\/static\/planet4-brasil-stateless\/2023\/07\/ae2be0cf-gpbr.manaus_359752289_18372922699055854_894405728642160927_n.jpg 1440w\" sizes=\"auto, (max-width: 1024px) 100vw, 1024px\" \/><figcaption class=\"wp-element-caption\">\u00a9 Grupo de volunt\u00e1rios de Manaus \/ Greenpeace<\/figcaption><\/figure>\n<\/div>\n\n\n\n<div class=\"wp-block-column is-layout-flow wp-block-column-is-layout-flow\">\n<figure class=\"wp-block-image size-large\"><img loading=\"lazy\" decoding=\"async\" width=\"1024\" height=\"1024\" src=\"https:\/\/www.greenpeace.org\/static\/planet4-brasil-stateless\/2023\/07\/07e2d8cf-gpbr.manaus_361110153_18372922708055854_3607477301484349442_n-1024x1024.jpg\" title=\"Pessoas volunt\u00e1rias sentadas ao redor de mesa, em uma conversa.\" alt=\"Pessoas volunt\u00e1rias sentadas ao redor de mesa, em uma conversa.\" class=\"wp-image-47562\" srcset=\"https:\/\/www.greenpeace.org\/static\/planet4-brasil-stateless\/2023\/07\/07e2d8cf-gpbr.manaus_361110153_18372922708055854_3607477301484349442_n-1024x1024.jpg 1024w, https:\/\/www.greenpeace.org\/static\/planet4-brasil-stateless\/2023\/07\/07e2d8cf-gpbr.manaus_361110153_18372922708055854_3607477301484349442_n-300x300.jpg 300w, https:\/\/www.greenpeace.org\/static\/planet4-brasil-stateless\/2023\/07\/07e2d8cf-gpbr.manaus_361110153_18372922708055854_3607477301484349442_n-150x150.jpg 150w, https:\/\/www.greenpeace.org\/static\/planet4-brasil-stateless\/2023\/07\/07e2d8cf-gpbr.manaus_361110153_18372922708055854_3607477301484349442_n-768x768.jpg 768w, https:\/\/www.greenpeace.org\/static\/planet4-brasil-stateless\/2023\/07\/07e2d8cf-gpbr.manaus_361110153_18372922708055854_3607477301484349442_n-1366x1366.jpg 1366w, https:\/\/www.greenpeace.org\/static\/planet4-brasil-stateless\/2023\/07\/07e2d8cf-gpbr.manaus_361110153_18372922708055854_3607477301484349442_n-340x340.jpg 340w, https:\/\/www.greenpeace.org\/static\/planet4-brasil-stateless\/2023\/07\/07e2d8cf-gpbr.manaus_361110153_18372922708055854_3607477301484349442_n.jpg 1440w\" sizes=\"auto, (max-width: 1024px) 100vw, 1024px\" \/><figcaption class=\"wp-element-caption\">\u00a9 Beatriz Campelo \/ Greenpeace<\/figcaption><\/figure>\n<\/div>\n<\/div>\n\n<p>O grupo do Vale do Itaja\u00ed promoveu um cine debate em Blumenau com o tema voltado aos rios. Durante o evento, foi exibido o document\u00e1rio &#8220;Blumenau(ta): a Cidade Come\u00e7a no Rio&#8221;, que contou a hist\u00f3ria da cidade a partir do Rio Itaja\u00ed-A\u00e7u e relatou parte da trajet\u00f3ria do Clube N\u00e1utico Am\u00e9rica. A iniciativa visou conscientizar a comunidade sobre a import\u00e2ncia dos rios na hist\u00f3ria e no desenvolvimento da regi\u00e3o.<\/p>\n\n<div class=\"wp-block-columns is-layout-flex wp-container-core-columns-is-layout-9d6595d7 wp-block-columns-is-layout-flex\">\n<div class=\"wp-block-column is-layout-flow wp-block-column-is-layout-flow\">\n<figure class=\"wp-block-image size-large\"><img loading=\"lazy\" decoding=\"async\" width=\"1024\" height=\"1024\" src=\"https:\/\/www.greenpeace.org\/static\/planet4-brasil-stateless\/2023\/07\/7c17823e-gpbr.valedoitajai_358797934_3486903658265193_459497826172428163_n-1024x1024.jpg\" title=\"Volunt\u00e1rios em a\u00e7\u00e3o de cine debate\" alt=\"Volunt\u00e1rios em a\u00e7\u00e3o de cine debate\" class=\"wp-image-47555\" srcset=\"https:\/\/www.greenpeace.org\/static\/planet4-brasil-stateless\/2023\/07\/7c17823e-gpbr.valedoitajai_358797934_3486903658265193_459497826172428163_n-1024x1024.jpg 1024w, https:\/\/www.greenpeace.org\/static\/planet4-brasil-stateless\/2023\/07\/7c17823e-gpbr.valedoitajai_358797934_3486903658265193_459497826172428163_n-300x300.jpg 300w, https:\/\/www.greenpeace.org\/static\/planet4-brasil-stateless\/2023\/07\/7c17823e-gpbr.valedoitajai_358797934_3486903658265193_459497826172428163_n-150x150.jpg 150w, https:\/\/www.greenpeace.org\/static\/planet4-brasil-stateless\/2023\/07\/7c17823e-gpbr.valedoitajai_358797934_3486903658265193_459497826172428163_n-768x768.jpg 768w, https:\/\/www.greenpeace.org\/static\/planet4-brasil-stateless\/2023\/07\/7c17823e-gpbr.valedoitajai_358797934_3486903658265193_459497826172428163_n-340x340.jpg 340w, https:\/\/www.greenpeace.org\/static\/planet4-brasil-stateless\/2023\/07\/7c17823e-gpbr.valedoitajai_358797934_3486903658265193_459497826172428163_n.jpg 1080w\" sizes=\"auto, (max-width: 1024px) 100vw, 1024px\" \/><figcaption class=\"wp-element-caption\">\u00a9 Grupo de volunt\u00e1rios do Vale do Itaja\u00ed \/ Greenpeace<\/figcaption><\/figure>\n<\/div>\n\n\n\n<div class=\"wp-block-column is-layout-flow wp-block-column-is-layout-flow\">\n<figure class=\"wp-block-image size-large\"><img loading=\"lazy\" decoding=\"async\" width=\"1024\" height=\"1024\" src=\"https:\/\/www.greenpeace.org\/static\/planet4-brasil-stateless\/2023\/07\/858465ed-gpbr.valedoitajai_358775502_737936941355720_1645314776467768309_n-1024x1024.jpg\" title=\"Fotografia da proje\u00e7\u00e3o do filme\" alt=\"Fotografia da proje\u00e7\u00e3o do filme\" class=\"wp-image-47554\" srcset=\"https:\/\/www.greenpeace.org\/static\/planet4-brasil-stateless\/2023\/07\/858465ed-gpbr.valedoitajai_358775502_737936941355720_1645314776467768309_n-1024x1024.jpg 1024w, https:\/\/www.greenpeace.org\/static\/planet4-brasil-stateless\/2023\/07\/858465ed-gpbr.valedoitajai_358775502_737936941355720_1645314776467768309_n-300x300.jpg 300w, https:\/\/www.greenpeace.org\/static\/planet4-brasil-stateless\/2023\/07\/858465ed-gpbr.valedoitajai_358775502_737936941355720_1645314776467768309_n-150x150.jpg 150w, https:\/\/www.greenpeace.org\/static\/planet4-brasil-stateless\/2023\/07\/858465ed-gpbr.valedoitajai_358775502_737936941355720_1645314776467768309_n-768x768.jpg 768w, https:\/\/www.greenpeace.org\/static\/planet4-brasil-stateless\/2023\/07\/858465ed-gpbr.valedoitajai_358775502_737936941355720_1645314776467768309_n-340x340.jpg 340w, https:\/\/www.greenpeace.org\/static\/planet4-brasil-stateless\/2023\/07\/858465ed-gpbr.valedoitajai_358775502_737936941355720_1645314776467768309_n.jpg 1080w\" sizes=\"auto, (max-width: 1024px) 100vw, 1024px\" \/><figcaption class=\"wp-element-caption\">\u00a9 Grupo de volunt\u00e1rios do Vale do Itaja\u00ed \/ Greenpeace<\/figcaption><\/figure>\n<\/div>\n<\/div>\n\n<p>No dia 27 de junho o grupo de Jo\u00e3o Pessoa realizou uma palestra sobre a crise clim\u00e1tica na empresa de energia Engeselt. Durante a atividade, foram abordadas quest\u00f5es relevantes que comprovam a realidade dos eventos extremos, incluindo desmatamento e queimadas. Foram destacados os impactos desse desequil\u00edbrio no cotidiano, desde regi\u00f5es sertanejas com desertifica\u00e7\u00e3o at\u00e9 grandes capitais enfrentando enchentes e ondas de calor cada vez mais agravantes ao longo dos anos.<\/p>\n\n<div class=\"wp-block-columns is-layout-flex wp-container-core-columns-is-layout-9d6595d7 wp-block-columns-is-layout-flex\">\n<div class=\"wp-block-column is-layout-flow wp-block-column-is-layout-flow\">\n<figure class=\"wp-block-image size-large\"><img loading=\"lazy\" decoding=\"async\" width=\"1024\" height=\"1024\" src=\"https:\/\/www.greenpeace.org\/static\/planet4-brasil-stateless\/2023\/07\/8444d5d1-gpbr.jampa_356626013_934070841226418_3306760884287292614_n-1024x1024.jpg\" title=\"Ilustra\u00e7\u00e3o que mostra a a\u00e7\u00e3o de educa\u00e7\u00e3o ambiental.\" alt=\"Ilustra\u00e7\u00e3o que mostra a a\u00e7\u00e3o de educa\u00e7\u00e3o ambiental.\" class=\"wp-image-47568\" srcset=\"https:\/\/www.greenpeace.org\/static\/planet4-brasil-stateless\/2023\/07\/8444d5d1-gpbr.jampa_356626013_934070841226418_3306760884287292614_n-1024x1024.jpg 1024w, https:\/\/www.greenpeace.org\/static\/planet4-brasil-stateless\/2023\/07\/8444d5d1-gpbr.jampa_356626013_934070841226418_3306760884287292614_n-300x300.jpg 300w, https:\/\/www.greenpeace.org\/static\/planet4-brasil-stateless\/2023\/07\/8444d5d1-gpbr.jampa_356626013_934070841226418_3306760884287292614_n-150x150.jpg 150w, https:\/\/www.greenpeace.org\/static\/planet4-brasil-stateless\/2023\/07\/8444d5d1-gpbr.jampa_356626013_934070841226418_3306760884287292614_n-768x768.jpg 768w, https:\/\/www.greenpeace.org\/static\/planet4-brasil-stateless\/2023\/07\/8444d5d1-gpbr.jampa_356626013_934070841226418_3306760884287292614_n-1366x1366.jpg 1366w, https:\/\/www.greenpeace.org\/static\/planet4-brasil-stateless\/2023\/07\/8444d5d1-gpbr.jampa_356626013_934070841226418_3306760884287292614_n-340x340.jpg 340w, https:\/\/www.greenpeace.org\/static\/planet4-brasil-stateless\/2023\/07\/8444d5d1-gpbr.jampa_356626013_934070841226418_3306760884287292614_n.jpg 1440w\" sizes=\"auto, (max-width: 1024px) 100vw, 1024px\" \/><figcaption class=\"wp-element-caption\">\u00a9 Grupo de volunt\u00e1rios de Jo\u00e3o Pessoa \/ Greenpeace<\/figcaption><\/figure>\n<\/div>\n\n\n\n<div class=\"wp-block-column is-layout-flow wp-block-column-is-layout-flow\">\n<figure class=\"wp-block-image size-large\"><img loading=\"lazy\" decoding=\"async\" width=\"1024\" height=\"1024\" src=\"https:\/\/www.greenpeace.org\/static\/planet4-brasil-stateless\/2023\/07\/2ca736c6-gpbr.jampa_356793550_654690762786315_1166643148976104483_n-1024x1024.jpg\" title=\"Ilustra\u00e7\u00e3o que mostra a a\u00e7\u00e3o de educa\u00e7\u00e3o ambiental.\" alt=\"Ilustra\u00e7\u00e3o que mostra a a\u00e7\u00e3o de educa\u00e7\u00e3o ambiental.\" class=\"wp-image-47567\" srcset=\"https:\/\/www.greenpeace.org\/static\/planet4-brasil-stateless\/2023\/07\/2ca736c6-gpbr.jampa_356793550_654690762786315_1166643148976104483_n-1024x1024.jpg 1024w, https:\/\/www.greenpeace.org\/static\/planet4-brasil-stateless\/2023\/07\/2ca736c6-gpbr.jampa_356793550_654690762786315_1166643148976104483_n-300x300.jpg 300w, https:\/\/www.greenpeace.org\/static\/planet4-brasil-stateless\/2023\/07\/2ca736c6-gpbr.jampa_356793550_654690762786315_1166643148976104483_n-150x150.jpg 150w, https:\/\/www.greenpeace.org\/static\/planet4-brasil-stateless\/2023\/07\/2ca736c6-gpbr.jampa_356793550_654690762786315_1166643148976104483_n-768x768.jpg 768w, https:\/\/www.greenpeace.org\/static\/planet4-brasil-stateless\/2023\/07\/2ca736c6-gpbr.jampa_356793550_654690762786315_1166643148976104483_n-1366x1366.jpg 1366w, https:\/\/www.greenpeace.org\/static\/planet4-brasil-stateless\/2023\/07\/2ca736c6-gpbr.jampa_356793550_654690762786315_1166643148976104483_n-340x340.jpg 340w, https:\/\/www.greenpeace.org\/static\/planet4-brasil-stateless\/2023\/07\/2ca736c6-gpbr.jampa_356793550_654690762786315_1166643148976104483_n.jpg 1440w\" sizes=\"auto, (max-width: 1024px) 100vw, 1024px\" \/><figcaption class=\"wp-element-caption\">\u00a9 Grupo de volunt\u00e1rios de Jo\u00e3o Pessoa \/ Greenpeace<\/figcaption><\/figure>\n<\/div>\n<\/div>\n\n<p>No \u00faltimo s\u00e1bado (22), em Recife, o voluntariado realizou sua reuni\u00e3o mensal para discutir e planejar os projetos a serem desenvolvidos nos pr\u00f3ximos meses:<\/p>\n\n<div class=\"wp-block-columns is-layout-flex wp-container-core-columns-is-layout-9d6595d7 wp-block-columns-is-layout-flex\">\n<div class=\"wp-block-column is-layout-flow wp-block-column-is-layout-flow\">\n<figure class=\"wp-block-image aligncenter size-large is-resized\"><img decoding=\"async\" src=\"https:\/\/www.greenpeace.org\/static\/planet4-brasil-stateless\/2023\/07\/e885ed1e-gpbr.recife_361989493_830989984862603_7392699847103427654_n-1024x1024.jpg\" title=\"Fotografia de volunt\u00e1rios de Recife\" alt=\"Fotografia de volunt\u00e1rios de Recife\" class=\"wp-image-47560\" width=\"-436\" height=\"-436\" srcset=\"https:\/\/www.greenpeace.org\/static\/planet4-brasil-stateless\/2023\/07\/e885ed1e-gpbr.recife_361989493_830989984862603_7392699847103427654_n-1024x1024.jpg 1024w, https:\/\/www.greenpeace.org\/static\/planet4-brasil-stateless\/2023\/07\/e885ed1e-gpbr.recife_361989493_830989984862603_7392699847103427654_n-300x300.jpg 300w, https:\/\/www.greenpeace.org\/static\/planet4-brasil-stateless\/2023\/07\/e885ed1e-gpbr.recife_361989493_830989984862603_7392699847103427654_n-150x150.jpg 150w, https:\/\/www.greenpeace.org\/static\/planet4-brasil-stateless\/2023\/07\/e885ed1e-gpbr.recife_361989493_830989984862603_7392699847103427654_n-768x768.jpg 768w, https:\/\/www.greenpeace.org\/static\/planet4-brasil-stateless\/2023\/07\/e885ed1e-gpbr.recife_361989493_830989984862603_7392699847103427654_n-1366x1366.jpg 1366w, https:\/\/www.greenpeace.org\/static\/planet4-brasil-stateless\/2023\/07\/e885ed1e-gpbr.recife_361989493_830989984862603_7392699847103427654_n-340x340.jpg 340w, https:\/\/www.greenpeace.org\/static\/planet4-brasil-stateless\/2023\/07\/e885ed1e-gpbr.recife_361989493_830989984862603_7392699847103427654_n.jpg 1440w\" sizes=\"(max-width: 1024px) 100vw, 1024px\" \/><figcaption class=\"wp-element-caption\">\u00a9 Grupo de volunt\u00e1rios de Recife \/ Greenpeace<\/figcaption><\/figure>\n\n\n\n<p><\/p>\n<\/div>\n<\/div>\n\n<figure class=\"wp-block-image aligncenter size-full\"><img loading=\"lazy\" decoding=\"async\" width=\"628\" height=\"205\" src=\"https:\/\/www.greenpeace.org\/static\/planet4-brasil-stateless\/2023\/06\/56933039-girao-projeto-escola.jpg\" title=\"Divis\u00f3ria Projeto Escola\" alt=\"Divis\u00f3ria Projeto Escola\" class=\"wp-image-47154\" srcset=\"https:\/\/www.greenpeace.org\/static\/planet4-brasil-stateless\/2023\/06\/56933039-girao-projeto-escola.jpg 628w, https:\/\/www.greenpeace.org\/static\/planet4-brasil-stateless\/2023\/06\/56933039-girao-projeto-escola-300x98.jpg 300w, https:\/\/www.greenpeace.org\/static\/planet4-brasil-stateless\/2023\/06\/56933039-girao-projeto-escola-510x166.jpg 510w\" sizes=\"auto, (max-width: 628px) 100vw, 628px\" \/><\/figure>\n\n<p>Mesmo durante as f\u00e9rias, o Projeto Escola continuou a todo vapor, atendendo \u00e0s institui\u00e7\u00f5es que o solicitaram; vem ver!<\/p>\n\n<p>Na quinta-feira (06), o grupo de Bel\u00e9m levou o Projeto Escola para a Col\u00f4nia de F\u00e9rias do Espa\u00e7o Cultural Nossa Biblioteca. Os ativistas realizaram atividades educativas sobre preserva\u00e7\u00e3o ambiental, simula\u00e7\u00e3o l\u00fadica de cirurgia em Animais Silvestres, valoriza\u00e7\u00e3o da Amaz\u00f4nia, cuidados com o lixo, conv\u00edvio respons\u00e1vel com o meio ambiente, al\u00e9m de abordar quest\u00f5es sobre clima e ci\u00eancia.<\/p>\n\n<div class=\"wp-block-columns is-layout-flex wp-container-core-columns-is-layout-9d6595d7 wp-block-columns-is-layout-flex\">\n<div class=\"wp-block-column is-layout-flow wp-block-column-is-layout-flow\">\n<figure class=\"wp-block-image size-large\"><img loading=\"lazy\" decoding=\"async\" width=\"1024\" height=\"1024\" src=\"https:\/\/www.greenpeace.org\/static\/planet4-brasil-stateless\/2023\/07\/226f71b8-img-20230706-wa0061-1024x1024.jpg\" title=\"Fotografia de volunt\u00e1ria\" alt=\"Fotografia de volunt\u00e1ria\" class=\"wp-image-47574\" srcset=\"https:\/\/www.greenpeace.org\/static\/planet4-brasil-stateless\/2023\/07\/226f71b8-img-20230706-wa0061-1024x1024.jpg 1024w, https:\/\/www.greenpeace.org\/static\/planet4-brasil-stateless\/2023\/07\/226f71b8-img-20230706-wa0061-300x300.jpg 300w, https:\/\/www.greenpeace.org\/static\/planet4-brasil-stateless\/2023\/07\/226f71b8-img-20230706-wa0061-150x150.jpg 150w, https:\/\/www.greenpeace.org\/static\/planet4-brasil-stateless\/2023\/07\/226f71b8-img-20230706-wa0061-768x768.jpg 768w, https:\/\/www.greenpeace.org\/static\/planet4-brasil-stateless\/2023\/07\/226f71b8-img-20230706-wa0061-340x340.jpg 340w, https:\/\/www.greenpeace.org\/static\/planet4-brasil-stateless\/2023\/07\/226f71b8-img-20230706-wa0061.jpg 1198w\" sizes=\"auto, (max-width: 1024px) 100vw, 1024px\" \/><figcaption class=\"wp-element-caption\">\u00a9 Grupo de volunt\u00e1rios de Bel\u00e9m \/ Greenpeace<\/figcaption><\/figure>\n<\/div>\n\n\n\n<div class=\"wp-block-column is-layout-flow wp-block-column-is-layout-flow\">\n<figure class=\"wp-block-image size-large\"><img loading=\"lazy\" decoding=\"async\" width=\"1024\" height=\"1024\" src=\"https:\/\/www.greenpeace.org\/static\/planet4-brasil-stateless\/2023\/07\/3fe9f646-img_2415-1024x1024.jpg\" title=\"Fotografia de volunt\u00e1rio em a\u00e7\u00e3o do Projeto Escola\" alt=\"Fotografia de volunt\u00e1rio em a\u00e7\u00e3o do Projeto Escola\" class=\"wp-image-47573\" srcset=\"https:\/\/www.greenpeace.org\/static\/planet4-brasil-stateless\/2023\/07\/3fe9f646-img_2415-1024x1024.jpg 1024w, https:\/\/www.greenpeace.org\/static\/planet4-brasil-stateless\/2023\/07\/3fe9f646-img_2415-300x300.jpg 300w, https:\/\/www.greenpeace.org\/static\/planet4-brasil-stateless\/2023\/07\/3fe9f646-img_2415-150x150.jpg 150w, https:\/\/www.greenpeace.org\/static\/planet4-brasil-stateless\/2023\/07\/3fe9f646-img_2415-768x768.jpg 768w, https:\/\/www.greenpeace.org\/static\/planet4-brasil-stateless\/2023\/07\/3fe9f646-img_2415-1536x1536.jpg 1536w, https:\/\/www.greenpeace.org\/static\/planet4-brasil-stateless\/2023\/07\/3fe9f646-img_2415-2048x2048.jpg 2048w, https:\/\/www.greenpeace.org\/static\/planet4-brasil-stateless\/2023\/07\/3fe9f646-img_2415-1366x1366.jpg 1366w, https:\/\/www.greenpeace.org\/static\/planet4-brasil-stateless\/2023\/07\/3fe9f646-img_2415-340x340.jpg 340w\" sizes=\"auto, (max-width: 1024px) 100vw, 1024px\" \/><figcaption class=\"wp-element-caption\">\u00a9 Grupo de volunt\u00e1rios de Bel\u00e9m \/ Greenpeace<\/figcaption><\/figure>\n<\/div>\n<\/div>\n\n<p>O volunt\u00e1rio Valdeci C. de Souza, do grupo de Porto Alegre, ministrou diversas palestras, incluindo uma online sobre crise clim\u00e1tica na EEEFM Jos\u00e9 Cupertino e outra presencial sobre o mesmo tema para alunos do s\u00e9timo ano na EMEF Duque de Caxias do Sul, em Canoas. Al\u00e9m disso, ele esteve presente na escola EMEF Gabriel Obino, no Rio Grande do Sul, abordando temas como a import\u00e2ncia da \u00e1gua, saneamento b\u00e1sico, preserva\u00e7\u00e3o ambiental, racismo ambiental e lixo pl\u00e1stico para estudantes de diferentes turmas e idades.<\/p>\n\n<div class=\"wp-block-columns is-layout-flex wp-container-core-columns-is-layout-9d6595d7 wp-block-columns-is-layout-flex\">\n<div class=\"wp-block-column is-layout-flow wp-block-column-is-layout-flow\">\n<figure class=\"wp-block-image size-large\"><img loading=\"lazy\" decoding=\"async\" width=\"1024\" height=\"1024\" src=\"https:\/\/www.greenpeace.org\/static\/planet4-brasil-stateless\/2023\/07\/52c7dcfb-gpbr.portoalegre_361124250_260067556738420_7076420022095448436_n-1024x1024.jpg\" title=\"Fotografia do Projeto Escola\" alt=\"Fotografia do Projeto Escola\" class=\"wp-image-47558\" srcset=\"https:\/\/www.greenpeace.org\/static\/planet4-brasil-stateless\/2023\/07\/52c7dcfb-gpbr.portoalegre_361124250_260067556738420_7076420022095448436_n-1024x1024.jpg 1024w, https:\/\/www.greenpeace.org\/static\/planet4-brasil-stateless\/2023\/07\/52c7dcfb-gpbr.portoalegre_361124250_260067556738420_7076420022095448436_n-300x300.jpg 300w, https:\/\/www.greenpeace.org\/static\/planet4-brasil-stateless\/2023\/07\/52c7dcfb-gpbr.portoalegre_361124250_260067556738420_7076420022095448436_n-150x150.jpg 150w, https:\/\/www.greenpeace.org\/static\/planet4-brasil-stateless\/2023\/07\/52c7dcfb-gpbr.portoalegre_361124250_260067556738420_7076420022095448436_n-768x768.jpg 768w, https:\/\/www.greenpeace.org\/static\/planet4-brasil-stateless\/2023\/07\/52c7dcfb-gpbr.portoalegre_361124250_260067556738420_7076420022095448436_n-340x340.jpg 340w, https:\/\/www.greenpeace.org\/static\/planet4-brasil-stateless\/2023\/07\/52c7dcfb-gpbr.portoalegre_361124250_260067556738420_7076420022095448436_n.jpg 1080w\" sizes=\"auto, (max-width: 1024px) 100vw, 1024px\" \/><figcaption class=\"wp-element-caption\">\u00a9 Grupo de volunt\u00e1rios de Porto Alegre \/ Greenpeace<\/figcaption><\/figure>\n<\/div>\n\n\n\n<div class=\"wp-block-column is-layout-flow wp-block-column-is-layout-flow\">\n<figure class=\"wp-block-image size-large\"><img loading=\"lazy\" decoding=\"async\" width=\"1024\" height=\"1024\" src=\"https:\/\/www.greenpeace.org\/static\/planet4-brasil-stateless\/2023\/07\/6051c0f7-gpbr.portoalegre_359149451_823887745553229_4470780519858695020_n-1024x1024.jpg\" title=\"Fotografia do Projeto Escola\" alt=\"Fotografia do Projeto Escola\" class=\"wp-image-47559\" srcset=\"https:\/\/www.greenpeace.org\/static\/planet4-brasil-stateless\/2023\/07\/6051c0f7-gpbr.portoalegre_359149451_823887745553229_4470780519858695020_n-1024x1024.jpg 1024w, https:\/\/www.greenpeace.org\/static\/planet4-brasil-stateless\/2023\/07\/6051c0f7-gpbr.portoalegre_359149451_823887745553229_4470780519858695020_n-300x300.jpg 300w, https:\/\/www.greenpeace.org\/static\/planet4-brasil-stateless\/2023\/07\/6051c0f7-gpbr.portoalegre_359149451_823887745553229_4470780519858695020_n-150x150.jpg 150w, https:\/\/www.greenpeace.org\/static\/planet4-brasil-stateless\/2023\/07\/6051c0f7-gpbr.portoalegre_359149451_823887745553229_4470780519858695020_n-768x768.jpg 768w, https:\/\/www.greenpeace.org\/static\/planet4-brasil-stateless\/2023\/07\/6051c0f7-gpbr.portoalegre_359149451_823887745553229_4470780519858695020_n-340x340.jpg 340w, https:\/\/www.greenpeace.org\/static\/planet4-brasil-stateless\/2023\/07\/6051c0f7-gpbr.portoalegre_359149451_823887745553229_4470780519858695020_n.jpg 1080w\" sizes=\"auto, (max-width: 1024px) 100vw, 1024px\" \/><figcaption class=\"wp-element-caption\">\u00a9 Grupo de volunt\u00e1rios de Porto Alegre \/ Greenpeace<\/figcaption><\/figure>\n<\/div>\n<\/div>\n\n<figure class=\"wp-block-image aligncenter size-full\"><img decoding=\"async\" src=\"https:\/\/www.greenpeace.org\/static\/planet4-brasil-stateless\/2023\/05\/72dd9916-girao-segunda-sem-carne.png\" alt=\"\" class=\"wp-image-46310\"\/><\/figure>\n\n<p>Neste m\u00eas, os grupos locais dedicaram-se a explorar novas receitas para a Segunda Sem Carne. Fa\u00e7a escolhas sustent\u00e1veis, experimente refei\u00e7\u00f5es vegetarianas deliciosas e contribua para o meio ambiente. Junte-se ao movimento, adotando uma alimenta\u00e7\u00e3o mais leve e nutritiva.<strong><a rel=\"noreferrer noopener\" href=\"https:\/\/www.instagram.com\/p\/CuOyfX9OYuC\/\" target=\"_blank\"> Clique aqui para acessar a receita do p\u00e3ozinho de inhame sem gl\u00faten de Belo Horizonte<\/a><\/strong> ou <strong><a rel=\"noreferrer noopener\" href=\"https:\/\/www.instagram.com\/p\/CvGR4yUp76f\/?img_index=1\" target=\"_blank\">confira a receita do doce de leite vegano de Jo\u00e3o Pessoa neste link.<\/a><\/strong><\/p>\n\n<div class=\"wp-block-columns is-layout-flex wp-container-core-columns-is-layout-9d6595d7 wp-block-columns-is-layout-flex\">\n<div class=\"wp-block-column is-layout-flow wp-block-column-is-layout-flow\">\n<figure class=\"wp-block-image size-large\"><img loading=\"lazy\" decoding=\"async\" width=\"1024\" height=\"1024\" src=\"https:\/\/www.greenpeace.org\/static\/planet4-brasil-stateless\/2023\/07\/dfb3029d-gpbr.belohorizonte_356950229_208249122189626_4760186469279546894_n-1024x1024.jpg\" title=\"Ilustra\u00e7\u00e3o da receita de p\u00e3ozinho de inhame\" alt=\"Ilustra\u00e7\u00e3o da receita de p\u00e3ozinho de inhame\" class=\"wp-image-47572\" srcset=\"https:\/\/www.greenpeace.org\/static\/planet4-brasil-stateless\/2023\/07\/dfb3029d-gpbr.belohorizonte_356950229_208249122189626_4760186469279546894_n-1024x1024.jpg 1024w, https:\/\/www.greenpeace.org\/static\/planet4-brasil-stateless\/2023\/07\/dfb3029d-gpbr.belohorizonte_356950229_208249122189626_4760186469279546894_n-300x300.jpg 300w, https:\/\/www.greenpeace.org\/static\/planet4-brasil-stateless\/2023\/07\/dfb3029d-gpbr.belohorizonte_356950229_208249122189626_4760186469279546894_n-150x150.jpg 150w, https:\/\/www.greenpeace.org\/static\/planet4-brasil-stateless\/2023\/07\/dfb3029d-gpbr.belohorizonte_356950229_208249122189626_4760186469279546894_n-768x768.jpg 768w, https:\/\/www.greenpeace.org\/static\/planet4-brasil-stateless\/2023\/07\/dfb3029d-gpbr.belohorizonte_356950229_208249122189626_4760186469279546894_n-340x340.jpg 340w, https:\/\/www.greenpeace.org\/static\/planet4-brasil-stateless\/2023\/07\/dfb3029d-gpbr.belohorizonte_356950229_208249122189626_4760186469279546894_n.jpg 1080w\" sizes=\"auto, (max-width: 1024px) 100vw, 1024px\" \/><figcaption class=\"wp-element-caption\">\u00a9 Grupo de volunt\u00e1rios de Belo Horizonte \/ Greenpeace<\/figcaption><\/figure>\n<\/div>\n\n\n\n<div class=\"wp-block-column is-layout-flow wp-block-column-is-layout-flow\">\n<figure class=\"wp-block-image size-large\"><img loading=\"lazy\" decoding=\"async\" width=\"1024\" height=\"1024\" src=\"https:\/\/www.greenpeace.org\/static\/planet4-brasil-stateless\/2023\/07\/9d386686-gpbr.jampa_362632231_6408999415881423_3314204867704715208_n-1024x1024.jpg\" title=\"Ilustra\u00e7\u00e3o da receita de doce de leite vegano.\" alt=\"Ilustra\u00e7\u00e3o da receita de doce de leite vegano.\" class=\"wp-image-47569\" srcset=\"https:\/\/www.greenpeace.org\/static\/planet4-brasil-stateless\/2023\/07\/9d386686-gpbr.jampa_362632231_6408999415881423_3314204867704715208_n-1024x1024.jpg 1024w, https:\/\/www.greenpeace.org\/static\/planet4-brasil-stateless\/2023\/07\/9d386686-gpbr.jampa_362632231_6408999415881423_3314204867704715208_n-300x300.jpg 300w, https:\/\/www.greenpeace.org\/static\/planet4-brasil-stateless\/2023\/07\/9d386686-gpbr.jampa_362632231_6408999415881423_3314204867704715208_n-150x150.jpg 150w, https:\/\/www.greenpeace.org\/static\/planet4-brasil-stateless\/2023\/07\/9d386686-gpbr.jampa_362632231_6408999415881423_3314204867704715208_n-768x768.jpg 768w, https:\/\/www.greenpeace.org\/static\/planet4-brasil-stateless\/2023\/07\/9d386686-gpbr.jampa_362632231_6408999415881423_3314204867704715208_n-1366x1366.jpg 1366w, https:\/\/www.greenpeace.org\/static\/planet4-brasil-stateless\/2023\/07\/9d386686-gpbr.jampa_362632231_6408999415881423_3314204867704715208_n-340x340.jpg 340w, https:\/\/www.greenpeace.org\/static\/planet4-brasil-stateless\/2023\/07\/9d386686-gpbr.jampa_362632231_6408999415881423_3314204867704715208_n.jpg 1440w\" sizes=\"auto, (max-width: 1024px) 100vw, 1024px\" \/><figcaption class=\"wp-element-caption\">\u00a9 Grupo de volunt\u00e1rios de Jo\u00e3o Pessoa \/ Greenpeace<\/figcaption><\/figure>\n<\/div>\n<\/div>\n\n<p>As iniciativas e a paix\u00e3o do voluntariado nos mostram que cada um de n\u00f3s tem o poder de ser parte da solu\u00e7\u00e3o. Ao seguir o exemplo deles e delas, podemos criar um mundo mais sustent\u00e1vel, onde o cuidado com a natureza \u00e9 uma prioridade. <strong><a href=\"https:\/\/conexaoverde.greenpeace.org.br\/pagina-inicial\" target=\"_blank\" rel=\"noreferrer noopener\">Estamos ansiosos para te receber de bra\u00e7os abertos no Conex\u00e3o Verde, nossa plataforma oficial de voluntariado, para fazermos a diferen\u00e7a juntos e juntas<\/a><\/strong>. At\u00e9 l\u00e1! \ud83c\udf3f\ud83e\udd1d<\/p>\n","protected":false},"excerpt":{"rendered":"<p>Grupos locais participaram de protestos contra o desmatamento e a favor do clima<\/p>\n","protected":false},"author":103,"featured_media":47566,"comment_status":"open","ping_status":"closed","sticky":false,"template":"","format":"standard","meta":{"ep_exclude_from_search":false,"p4_og_title":"","p4_og_description":"","p4_og_image":"","p4_og_image_id":"","p4_seo_canonical_url":"","p4_campaign_name":"","p4_local_project":"","p4_basket_name":"","p4_department":"","footnotes":""},"categories":[5],"tags":[23,40],"p4-page-type":[16],"class_list":["post-47578","post","type-post","status-publish","format-standard","has-post-thumbnail","hentry","category-greenpeace","tag-mobilizacao","tag-projeto-escola","p4-page-type-blog"],"_links":{"self":[{"href":"https:\/\/www.greenpeace.org\/brasil\/wp-json\/wp\/v2\/posts\/47578","targetHints":{"allow":["GET"]}}],"collection":[{"href":"https:\/\/www.greenpeace.org\/brasil\/wp-json\/wp\/v2\/posts"}],"about":[{"href":"https:\/\/www.greenpeace.org\/brasil\/wp-json\/wp\/v2\/types\/post"}],"author":[{"embeddable":true,"href":"https:\/\/www.greenpeace.org\/brasil\/wp-json\/wp\/v2\/users\/103"}],"replies":[{"embeddable":true,"href":"https:\/\/www.greenpeace.org\/brasil\/wp-json\/wp\/v2\/comments?post=47578"}],"version-history":[{"count":4,"href":"https:\/\/www.greenpeace.org\/brasil\/wp-json\/wp\/v2\/posts\/47578\/revisions"}],"predecessor-version":[{"id":58519,"href":"https:\/\/www.greenpeace.org\/brasil\/wp-json\/wp\/v2\/posts\/47578\/revisions\/58519"}],"wp:featuredmedia":[{"embeddable":true,"href":"https:\/\/www.greenpeace.org\/brasil\/wp-json\/wp\/v2\/media\/47566"}],"wp:attachment":[{"href":"https:\/\/www.greenpeace.org\/brasil\/wp-json\/wp\/v2\/media?parent=47578"}],"wp:term":[{"taxonomy":"category","embeddable":true,"href":"https:\/\/www.greenpeace.org\/brasil\/wp-json\/wp\/v2\/categories?post=47578"},{"taxonomy":"post_tag","embeddable":true,"href":"https:\/\/www.greenpeace.org\/brasil\/wp-json\/wp\/v2\/tags?post=47578"},{"taxonomy":"p4-page-type","embeddable":true,"href":"https:\/\/www.greenpeace.org\/brasil\/wp-json\/wp\/v2\/p4-page-type?post=47578"}],"curies":[{"name":"wp","href":"https:\/\/api.w.org\/{rel}","templated":true}]}}