{"id":47749,"date":"2023-08-08T09:51:35","date_gmt":"2023-08-08T12:51:35","guid":{"rendered":"https:\/\/www.greenpeace.org\/brasil\/?p=47749"},"modified":"2023-08-09T14:18:08","modified_gmt":"2023-08-09T17:18:08","slug":"dialogos-amazonicos-o-que-aconteceu-e-o-que-temos-a-comemorar","status":"publish","type":"post","link":"https:\/\/www.greenpeace.org\/brasil\/blog\/dialogos-amazonicos-o-que-aconteceu-e-o-que-temos-a-comemorar\/","title":{"rendered":"Di\u00e1logos Amaz\u00f4nicos: o que aconteceu e o que temos a comemorar"},"content":{"rendered":"\n<p><strong>Greenpeace Brasil comemora a cria\u00e7\u00e3o do \u2018IPCC da Amaz\u00f4nia\u2019 e a de comit\u00ea voltado \u00e0 Justi\u00e7a Clim\u00e1tica, mas olha com cautela discuss\u00f5es sobre petr\u00f3leo e \u201cmonetiza\u00e7\u00e3o da floresta\u201d<\/strong>.<\/p>\n\n<figure class=\"wp-block-image size-full\"><img loading=\"lazy\" decoding=\"async\" width=\"800\" height=\"533\" src=\"https:\/\/www.greenpeace.org\/static\/planet4-brasil-stateless\/2023\/08\/0c08be55-gp0stx9yn_web_size.jpg\" alt=\"\" class=\"wp-image-47760\" srcset=\"https:\/\/www.greenpeace.org\/static\/planet4-brasil-stateless\/2023\/08\/0c08be55-gp0stx9yn_web_size.jpg 800w, https:\/\/www.greenpeace.org\/static\/planet4-brasil-stateless\/2023\/08\/0c08be55-gp0stx9yn_web_size-300x200.jpg 300w, https:\/\/www.greenpeace.org\/static\/planet4-brasil-stateless\/2023\/08\/0c08be55-gp0stx9yn_web_size-768x512.jpg 768w, https:\/\/www.greenpeace.org\/static\/planet4-brasil-stateless\/2023\/08\/0c08be55-gp0stx9yn_web_size-510x340.jpg 510w\" sizes=\"auto, (max-width: 800px) 100vw, 800px\" \/><figcaption class=\"wp-element-caption\">Cerim\u00f4nia de abertura dos Di\u00e1logos Amaz\u00f4nicos, evento em que a sociedade civil organizada construiu cartas com demandas para a regi\u00e3o para entregar aos representantes dos pa\u00edses amaz\u00f4nicos na C\u00fapula da Amaz\u00f4nia. A agenda \u00e9 o in\u00edcio de uma pol\u00edtica ambiental internacional do governo Lula, que ter\u00e1 como \u00e1pice a COP 30, tamb\u00e9m na capital do Par\u00e1 em 2025. <\/figcaption><\/figure>\n\n<p>Representantes da sociedade civil organizada e da academia, assim como lideran\u00e7as ind\u00edgenas, quilombolas e demais povos tradicionais da <strong>Pan-Amaz\u00f4nia<\/strong> &#8211; regi\u00e3o formada pelos oito pa\u00edses que dividem o bioma amaz\u00f4nico, &#8211; discutiram nos \u00faltimos dias 4, 5 e 6 de agosto estrat\u00e9gias para o futuro da regi\u00e3o, da sua biodiversidade e de seus povos.<\/p>\n\n<p>Um dos temas centrais do encontro <strong>Di\u00e1logos Amaz\u00f4nicos<\/strong> foi a explora\u00e7\u00e3o de petr\u00f3leo na regi\u00e3o, recha\u00e7ada por movimentos ind\u00edgenas e de comunidades pesqueiras e extrativistas de diversos lugares da Amaz\u00f4nia.<\/p>\n\n<p>No \u00faltimo dia de Di\u00e1logos Amaz\u00f4nicos, jovens, lideran\u00e7as de povos tradicionais e volunt\u00e1rios do Greenpeace Brasil receberam governadores e ministros em Bel\u00e9m com uma manifesta\u00e7\u00e3o pac\u00edfica, onde pediram aos seus representantes pol\u00edticos uma \u201cAmaz\u00f4nia livre de petr\u00f3leo para sempre\u201d.&nbsp;<\/p>\n\n<p>Um dia antes, a ministra do Meio Ambiente, Marina Silva, afirmou que o Ibama vai avaliar a solicita\u00e7\u00e3o da Petrobras para perfura\u00e7\u00e3o para explorar petr\u00f3leo na bacia da foz do rio Amazonas, mas garantiu que \u201cem um governo republicano, os t\u00e9cnicos t\u00eam a liberdade de darem seus pareceres e as autoridades &#8211; que devem fazer pol\u00edtica p\u00fablica com base em evid\u00eancia &#8211; devem olhar para aquilo que os t\u00e9cnicos est\u00e3o dizendo\u201d.&nbsp;<\/p>\n\n<p>Rejeitar novos projetos de explora\u00e7\u00e3o de petr\u00f3leo e promover uma transi\u00e7\u00e3o energ\u00e9tica justa e ecol\u00f3gica, que considere os aspectos geogr\u00e1ficos e sociais da regi\u00e3o, \u00e9 justamente um dos pontos defendidos pelo Greenpeace Brasil na C\u00fapula da Amaz\u00f4nia, evento governamental em que os chefes de estado e outros representantes dos governos da Pan-Amaz\u00f4nia vir\u00e3o \u00e0 Bel\u00e9m para discutir as propostas da sociedade civil durante os Di\u00e1logos Amaz\u00f4nicos. Veja abaixo o posicionamento de Marcelo Laterman, ge\u00f3grafo e porta-voz de Oceanos do Greenpeace Brasil, sobre as discuss\u00f5es:&nbsp;<\/p>\n\n<p>&#8220;O protagonismo que o presidente Lula pretende assumir no \u00e2mbito clim\u00e1tico e amaz\u00f4nico pode perder a credibilidade se ele mantiver os planos de avan\u00e7o de novas fronteiras de explora\u00e7\u00e3o de petr\u00f3leo na bacia amaz\u00f4nica, onde pa\u00edses e povos lutam historicamente contra os impactos da ind\u00fastria petrol\u00edfera, extremamente predat\u00f3ria e poluidora&#8221;, afirma Marcelo Laterman.<\/p>\n\n<figure class=\"wp-block-image size-full\"><img loading=\"lazy\" decoding=\"async\" width=\"1024\" height=\"768\" src=\"https:\/\/www.greenpeace.org\/static\/planet4-brasil-stateless\/2023\/08\/05c619db-whatsapp-image-2023-08-08-at-09.46.29.jpeg\" alt=\"\" class=\"wp-image-47757\" srcset=\"https:\/\/www.greenpeace.org\/static\/planet4-brasil-stateless\/2023\/08\/05c619db-whatsapp-image-2023-08-08-at-09.46.29.jpeg 1024w, https:\/\/www.greenpeace.org\/static\/planet4-brasil-stateless\/2023\/08\/05c619db-whatsapp-image-2023-08-08-at-09.46.29-300x225.jpeg 300w, https:\/\/www.greenpeace.org\/static\/planet4-brasil-stateless\/2023\/08\/05c619db-whatsapp-image-2023-08-08-at-09.46.29-768x576.jpeg 768w, https:\/\/www.greenpeace.org\/static\/planet4-brasil-stateless\/2023\/08\/05c619db-whatsapp-image-2023-08-08-at-09.46.29-453x340.jpeg 453w\" sizes=\"auto, (max-width: 1024px) 100vw, 1024px\" \/><\/figure>\n\n<p><strong>Boas not\u00edcias<\/strong><\/p>\n\n<p>Boas not\u00edcias tamb\u00e9m foram anunciadas durante os Di\u00e1logos Amaz\u00f4nicos. Uma delas, segundo Igor Travassos, porta-voz de Justi\u00e7a Clim\u00e1tica do Greenpeace Brasil, foi a cria\u00e7\u00e3o, no Brasil, do Comit\u00ea de Monitoramento da Amaz\u00f4nia Negra e de Enfrentamento ao Racismo Ambiental.<\/p>\n\n<p>\u201cO an\u00fancio do governo brasileiro aponta o desejo deste governo de tornar as pol\u00edticas p\u00fablicas transversais e com participa\u00e7\u00e3o social\u201d, diz Igor Travassos. A cria\u00e7\u00e3o do Comit\u00ea foi anunciada pela ministra de Igualdade Racial, Anielle Franco, e ser\u00e1 desenvolvida em conjunto com o Minist\u00e9rio do Meio Ambiente.<\/p>\n\n<p>O porta-voz do Greenpeace Brasil lembra que, quando falamos em enfretamento ao racismo ambiental, estamos falando em combater as pr\u00e1ticas de exclus\u00e3o, desigualdade e genoc\u00eddio que impactam negativamente parte da popula\u00e7\u00e3o que j\u00e1 \u00e9 historicamente vulnerabilizada.&nbsp;<\/p>\n\n<p>\u201cFalamos das popula\u00e7\u00f5es negras, ind\u00edgenas, as popula\u00e7\u00f5es tradicionais, ribeirinhas e quilombolas que integram a Amaz\u00f4nia. Ao mesmo tempo, temos que considerar grupos e comunidades respons\u00e1veis pela manuten\u00e7\u00e3o e defesa da floresta. A pol\u00edtica p\u00fablica precisa ser pensada para garantir o direito das pessoas e assegurar que esses direitos n\u00e3o sejam violados, sobretudo pelo pr\u00f3prio Estado. Os territ\u00f3rios negros e ind\u00edgenas s\u00e3o v\u00edtimas das aus\u00eancias do Estado, da aus\u00eancia do poder p\u00fablico em assegurar seu pretexto fundamental, que \u00e9 a garantia do direito constitucional \u00e0 vida plena. \u00c9 preciso que essas pessoas, as mais impactadas pela crise clim\u00e1tica, tenham subs\u00eddios para enfrentar o racismo ambiental e se adaptar \u00e0s mudan\u00e7as do clima&#8221;, afirma Travassos.<\/p>\n\n<p>Por falar em Justi\u00e7a Clim\u00e1tica, outro an\u00fancio do governo federal a se comemorar foi a cria\u00e7\u00e3o de um \u201cIPCC da Amaz\u00f4nia\u201d, que reunir\u00e1 informa\u00e7\u00f5es cient\u00edficas sobre clima e biodiversidade amaz\u00f4nica. Leia <a href=\"https:\/\/www.gov.br\/mcti\/pt-br\/acompanhe-o-mcti\/noticias\/2023\/08\/em-belem-ministra-luciana-santos-anuncia-criacao-do-ipcc-da-amazonia\">mais aqui<\/a>.<\/p>\n\n<p><strong>Pontos de aten\u00e7\u00e3o e desafios<\/strong><\/p>\n\n<figure class=\"wp-block-embed is-type-video is-provider-youtube wp-block-embed-youtube wp-embed-aspect-16-9 wp-has-aspect-ratio\"><div class=\"wp-block-embed__wrapper\">\n<lite-youtube style=\"background-image: url('https:\/\/i.ytimg.com\/vi\/N31h1LXJu5E\/hqdefault.jpg');\" videoid=\"N31h1LXJu5E\" params=\"rel=0\"><\/lite-youtube>\n<\/div><\/figure>\n\n<p>Por fim, o Greenpeace Brasil tamb\u00e9m acompanhou as discuss\u00f5es dos movimentos ind\u00edgenas, que pediram, al\u00e9m de uma \u201cAmaz\u00f4nia livre de petr\u00f3leo e g\u00e1s\u201d, a demarca\u00e7\u00e3o de todas as terras ind\u00edgenas, assim como o fim do garimpo em toda a regi\u00e3o. Veja a carta assinada pelo movimento ind\u00edgena aqui.&nbsp;<\/p>\n\n<p>O porta-voz de Povos Ind\u00edgenas do Greenpeace Brasil, Danicley de Aguiar, destaca como ponto de aten\u00e7\u00e3o as discuss\u00f5es sobre \u201cmonetiza\u00e7\u00e3o da floresta amaz\u00f4nica\u201d que emergiram entre um discurso e outro de governos estaduais. Veja a declara\u00e7\u00e3o do porta-voz a respeito:<\/p>\n\n<p>\u201cNa contram\u00e3o do que foi propagado pelo mercado e por muitos agentes p\u00fablicos, os Di\u00e1logos Amaz\u00f4nicos expressaram uma profunda preocupa\u00e7\u00e3o dos movimentos populares com o falso consenso de que a floresta s\u00f3 tem valor se for transformada em commodity. \u00c9 urgente que os agentes p\u00fablicos ou\u00e7am aqueles que de fato convivem e sobrevivem da floresta, priorizando a reprodu\u00e7\u00e3o dos arranjos socioculturais locais e n\u00e3o apenas os interesses de mercado\u201d, afirma Danicley de Aguiar.&nbsp;<\/p>\n\n<p>Ele lembra que a popula\u00e7\u00e3o ind\u00edgena brasileira dobrou desde 2010, segundo o Censo Ind\u00edgena publicado nesta segunda-feira (7), o que aumentar\u00e1 o desafio dos governos em formular pol\u00edticas p\u00fablicas \u00e0s popula\u00e7\u00f5es ind\u00edgenas amaz\u00f4nicas.<\/p>\n\n<p>\u201cEsse censo tamb\u00e9m nos oferece uma perspectiva do imenso desafio que \u00e9 e ser\u00e1 garantir pol\u00edticas mais efetivas para a prote\u00e7\u00e3o das terras ind\u00edgenas j\u00e1 reconhecidas, para a retomada das demarca\u00e7\u00f5es e, sobretudo, para a prote\u00e7\u00e3o e promo\u00e7\u00e3o social dos ind\u00edgenas que vivem em contexto urbano. Retirar o manto da invisibilidade imposto sobre a resist\u00eancia ind\u00edgena deve ser a tarefa priorit\u00e1ria de um governo que se prop\u00f5e plural&#8221;, analisa Danicley de Aguiar, que acompanhou o lan\u00e7amento do Censo Ind\u00edgena.<\/p>\n\n<p><strong>C\u00fapula da Amaz\u00f4ni<\/strong>a<\/p>\n\n<p>Agora, cinco representantes da sociedade civil organizada escolhidos durante as plen\u00e1rias dos Di\u00e1logos Amaz\u00f4nicos entregar\u00e3o uma carta ao presidente Lula e representantes dos governos da regi\u00e3o nessa ter\u00e7a-feira (8), em uma marcha simb\u00f3lica pela capital do Par\u00e1. O Greenpeace Brasil estar\u00e1 mais uma vez nesse momento hist\u00f3rico para a democracia, marchando com a sociedade civil. Junte-se a n\u00f3s nessa caminhada!<\/p>\n\n<p>Apoie nossas campanhas e se torne um doador e um volunt\u00e1rio do Greenpeace Brasil.&nbsp;<\/p>\n\n<ul class=\"wp-block-list\">\n<li>Veja <a href=\"https:\/\/doe.greenpeace.org.br\/doar\/p?appeal=18757&amp;entrypoint=blog\">aqui como doar<\/a> para as nossas a\u00e7\u00f5es.<\/li>\n<\/ul>\n\n<p><\/p>\n\n<p><\/p>\n","protected":false},"excerpt":{"rendered":"<p>Greenpeace Brasil comemora a cria\u00e7\u00e3o do \u2018IPCC da Amaz\u00f4nia\u2019 e a de comit\u00ea voltado \u00e0 Justi\u00e7a Clim\u00e1tica, mas olha com cautela quest\u00f5es relacionadas \u00e0 explora\u00e7\u00e3o de petr\u00f3leo e \u201cmonetiza\u00e7\u00e3o da&hellip;<\/p>\n","protected":false},"author":121,"featured_media":47759,"comment_status":"open","ping_status":"closed","sticky":false,"template":"","format":"standard","meta":{"ep_exclude_from_search":false,"p4_og_title":"","p4_og_description":"","p4_og_image":"","p4_og_image_id":"","p4_seo_canonical_url":"","p4_campaign_name":"","p4_local_project":"","p4_basket_name":"","p4_department":"","footnotes":""},"categories":[49],"tags":[13],"p4-page-type":[16],"class_list":["post-47749","post","type-post","status-publish","format-standard","has-post-thumbnail","hentry","category-amazonia","tag-greenpeace","p4-page-type-blog"],"_links":{"self":[{"href":"https:\/\/www.greenpeace.org\/brasil\/wp-json\/wp\/v2\/posts\/47749","targetHints":{"allow":["GET"]}}],"collection":[{"href":"https:\/\/www.greenpeace.org\/brasil\/wp-json\/wp\/v2\/posts"}],"about":[{"href":"https:\/\/www.greenpeace.org\/brasil\/wp-json\/wp\/v2\/types\/post"}],"author":[{"embeddable":true,"href":"https:\/\/www.greenpeace.org\/brasil\/wp-json\/wp\/v2\/users\/121"}],"replies":[{"embeddable":true,"href":"https:\/\/www.greenpeace.org\/brasil\/wp-json\/wp\/v2\/comments?post=47749"}],"version-history":[{"count":7,"href":"https:\/\/www.greenpeace.org\/brasil\/wp-json\/wp\/v2\/posts\/47749\/revisions"}],"predecessor-version":[{"id":47762,"href":"https:\/\/www.greenpeace.org\/brasil\/wp-json\/wp\/v2\/posts\/47749\/revisions\/47762"}],"wp:featuredmedia":[{"embeddable":true,"href":"https:\/\/www.greenpeace.org\/brasil\/wp-json\/wp\/v2\/media\/47759"}],"wp:attachment":[{"href":"https:\/\/www.greenpeace.org\/brasil\/wp-json\/wp\/v2\/media?parent=47749"}],"wp:term":[{"taxonomy":"category","embeddable":true,"href":"https:\/\/www.greenpeace.org\/brasil\/wp-json\/wp\/v2\/categories?post=47749"},{"taxonomy":"post_tag","embeddable":true,"href":"https:\/\/www.greenpeace.org\/brasil\/wp-json\/wp\/v2\/tags?post=47749"},{"taxonomy":"p4-page-type","embeddable":true,"href":"https:\/\/www.greenpeace.org\/brasil\/wp-json\/wp\/v2\/p4-page-type?post=47749"}],"curies":[{"name":"wp","href":"https:\/\/api.w.org\/{rel}","templated":true}]}}