{"id":47918,"date":"2023-08-17T12:30:29","date_gmt":"2023-08-17T15:30:29","guid":{"rendered":"https:\/\/www.greenpeace.org\/brasil\/?p=47918"},"modified":"2025-07-02T04:22:25","modified_gmt":"2025-07-02T07:22:25","slug":"as-margaridas-voltaram-pelo-brasil-e-pelo-bem-viver","status":"publish","type":"post","link":"https:\/\/www.greenpeace.org\/brasil\/blog\/as-margaridas-voltaram-pelo-brasil-e-pelo-bem-viver\/","title":{"rendered":"As Margaridas voltaram pelo Brasil e pelo bem viver"},"content":{"rendered":"\n<h4 class=\"wp-block-heading\">Bras\u00edlia est\u00e1 florida, chegaram as decididas! A 7\u00aa Marcha das Margaridas reuniu mais de 100 mil participantes, se consolidando como a maior mobiliza\u00e7\u00e3o de mulheres do pa\u00eds<\/h4>\n\n<figure class=\"wp-block-image size-large\"><img loading=\"lazy\" decoding=\"async\" width=\"1024\" height=\"683\" src=\"https:\/\/www.greenpeace.org\/static\/planet4-brasil-stateless\/2023\/08\/5537c837-0009_20230816_margaridas_2023_gp_otavio_almeida__mg_5527-1024x683.jpg\" alt=\"\" class=\"wp-image-47933\" srcset=\"https:\/\/www.greenpeace.org\/static\/planet4-brasil-stateless\/2023\/08\/5537c837-0009_20230816_margaridas_2023_gp_otavio_almeida__mg_5527-1024x683.jpg 1024w, https:\/\/www.greenpeace.org\/static\/planet4-brasil-stateless\/2023\/08\/5537c837-0009_20230816_margaridas_2023_gp_otavio_almeida__mg_5527-300x200.jpg 300w, https:\/\/www.greenpeace.org\/static\/planet4-brasil-stateless\/2023\/08\/5537c837-0009_20230816_margaridas_2023_gp_otavio_almeida__mg_5527-768x512.jpg 768w, https:\/\/www.greenpeace.org\/static\/planet4-brasil-stateless\/2023\/08\/5537c837-0009_20230816_margaridas_2023_gp_otavio_almeida__mg_5527-1536x1024.jpg 1536w, https:\/\/www.greenpeace.org\/static\/planet4-brasil-stateless\/2023\/08\/5537c837-0009_20230816_margaridas_2023_gp_otavio_almeida__mg_5527-2048x1366.jpg 2048w, https:\/\/www.greenpeace.org\/static\/planet4-brasil-stateless\/2023\/08\/5537c837-0009_20230816_margaridas_2023_gp_otavio_almeida__mg_5527-510x340.jpg 510w\" sizes=\"auto, (max-width: 1024px) 100vw, 1024px\" \/><\/figure>\n\n<p>A Marcha das Margaridas \u00e9 a maior mobiliza\u00e7\u00e3o ativista de mulheres do Brasil e de toda a Am\u00e9rica Latina. Seu prop\u00f3sito \u00e9 <strong>promover a valoriza\u00e7\u00e3o das mulheres do campo, da floresta, das \u00e1guas e das cidades<\/strong>: reivindicando direitos, combatendo desigualdades e fortalecendo a democracia e a justi\u00e7a.<\/p>\n\n<p>Nesta 7\u00aa edi\u00e7\u00e3o, o lema \u00e9 <em><a href=\"https:\/\/www.brasildefato.com.br\/2023\/08\/12\/bem-viver-destaca-pauta-das-mulheres-na-marcha-das-margaridas-marcha-da-reconstrucao\" data-type=\"URL\" data-id=\"https:\/\/www.brasildefato.com.br\/2023\/08\/12\/bem-viver-destaca-pauta-das-mulheres-na-marcha-das-margaridas-marcha-da-reconstrucao\" target=\"_blank\" rel=\"noreferrer noopener\">&#8220;Pela reconstru\u00e7\u00e3o do Brasil e pelo Bem Viver&#8221;<\/a><\/em>. Mais de 100 mil mulheres marcaram presen\u00e7a em Bras\u00edlia, entre os dias 15 e 16 de agosto, inclusive as volunt\u00e1rias do Greenpeace. A cada quatro anos, ocorre a Marcha das Margaridas. Seu in\u00edcio foi nos anos 2000, inspirada na luta de uma mulher que at\u00e9 hoje segue guiando multid\u00f5es.&nbsp;<\/p>\n\n<p>Tudo come\u00e7ou com a paraibana <strong>Margarida Maria Alves<\/strong>, uma ativista, sindicalista e camponesa assassinada h\u00e1 40 anos por lutar pelos direitos de trabalhadores rurais a uma vida digna e justa.&nbsp;<\/p>\n\n<p>Antes de ser morta, em 12 de agosto de 1983, na porta de sua casa, Margarida j\u00e1 vinha recebendo v\u00e1rias amea\u00e7as de ruralistas e pol\u00edticos, mas se manteve firme, em plena Ditadura Militar, dizendo que<strong><em> \u201cpreferiria morrer lutando a morrer de fome\u201d.&nbsp;&nbsp;&nbsp;&nbsp;&nbsp;<\/em><\/strong><\/p>\n\n<figure class=\"wp-block-image\"><img decoding=\"async\" src=\"https:\/\/lh5.googleusercontent.com\/xzgkG4-ZdJw-tT_GYvH50icOtRU0lIQCScBCWszxIyVvK66liE4HkVKJRklRrVFyx_46RL2JNAMOg_lqhybiqpFujf3jDbqGIAk7WYB70IEigULWMYkALYdaStTrZj4B0faL5j8nS687RXNWDapG7Q0\" alt=\"\"\/><figcaption class=\"wp-element-caption\">A luta de Margarida Alves, ativista e camponesa assassinada h\u00e1 40 anos, deu origem a Marcha das Margaridas @ Arquivo Contag<\/figcaption><\/figure>\n\n<p><strong>Reconstru\u00e7\u00e3o do Brasil e pelo bem viver<\/strong><\/p>\n\n<p>Hoje, as Margaridas s\u00e3o muitas em uma: mulheres da classe trabalhadora, rurais, jovens, negras, l\u00e9sbicas, trans, agricultoras familiares, camponesas, ind\u00edgenas, quilombolas, assentadas, acampadas, sem-terra, extrativistas, quebradeiras de coco, ribeirinhas, pescadoras, marisqueiras, coletoras, cai\u00e7aras, sertanejas, vazanteiras, caatingueiras, raizeiras, benzedeiras, geraizeiras; entre tantas outras representadas pela <em>Contag (Confedera\u00e7\u00e3o Nacional dos Trabalhadores na Agricultura)<\/em> e por um conjunto de 16 organiza\u00e7\u00f5es parceiras que comp\u00f5em a Marcha das Margaridas.&nbsp;<\/p>\n\n<figure class=\"wp-block-image size-full\"><img loading=\"lazy\" decoding=\"async\" width=\"750\" height=\"500\" src=\"https:\/\/www.greenpeace.org\/static\/planet4-brasil-stateless\/2023\/08\/dd691958-marcha-margaridas.jpg\" alt=\"\" class=\"wp-image-47937\" srcset=\"https:\/\/www.greenpeace.org\/static\/planet4-brasil-stateless\/2023\/08\/dd691958-marcha-margaridas.jpg 750w, https:\/\/www.greenpeace.org\/static\/planet4-brasil-stateless\/2023\/08\/dd691958-marcha-margaridas-300x200.jpg 300w, https:\/\/www.greenpeace.org\/static\/planet4-brasil-stateless\/2023\/08\/dd691958-marcha-margaridas-510x340.jpg 510w\" sizes=\"auto, (max-width: 750px) 100vw, 750px\" \/><\/figure>\n\n<p><em>\u201c\u00c9 bonito ver as Margaridas voltando a ocupar as ruas de Bras\u00edlia, mostrando que <\/em><strong><em>a luta das mulheres do campo, das florestas, das \u00e1guas e da cidade segue mais forte do que nunca<\/em><\/strong><em>\u201d<\/em>, destaca Mariana Campos, porta-voz de Agricultura do Greenpeace Brasil, que tamb\u00e9m participou da marcha.<\/p>\n\n<p>Desde o fim de semana, centenas de \u00f4nibus chegaram na capital brasileira, trazendo mulheres de todas as regi\u00f5es e biomas do pa\u00eds. <a href=\"https:\/\/agenciabrasil.ebc.com.br\/geral\/noticia\/2023-08\/marcha-das-margaridas-ocupa-ruas-de-brasilia\">Milhares delas ficaram acampadas<\/a> no Pavilh\u00e3o de Exposi\u00e7\u00f5es do Parque da Cidade e, na quarta-feira (16), acordaram de madrugada para marchar rumo \u00e0 pra\u00e7a dos Tr\u00eas Poderes sob o sol do Cerrado.<\/p>\n\n<figure class=\"wp-block-image size-large\"><img loading=\"lazy\" decoding=\"async\" width=\"1024\" height=\"767\" src=\"https:\/\/www.greenpeace.org\/static\/planet4-brasil-stateless\/2023\/08\/a2cda430-0001_20230816_margaridas_2023_gp_otavio_almeida_dji_0461-1024x767.jpg\" alt=\"\" class=\"wp-image-47921\" srcset=\"https:\/\/www.greenpeace.org\/static\/planet4-brasil-stateless\/2023\/08\/a2cda430-0001_20230816_margaridas_2023_gp_otavio_almeida_dji_0461-1024x767.jpg 1024w, https:\/\/www.greenpeace.org\/static\/planet4-brasil-stateless\/2023\/08\/a2cda430-0001_20230816_margaridas_2023_gp_otavio_almeida_dji_0461-300x225.jpg 300w, https:\/\/www.greenpeace.org\/static\/planet4-brasil-stateless\/2023\/08\/a2cda430-0001_20230816_margaridas_2023_gp_otavio_almeida_dji_0461-768x575.jpg 768w, https:\/\/www.greenpeace.org\/static\/planet4-brasil-stateless\/2023\/08\/a2cda430-0001_20230816_margaridas_2023_gp_otavio_almeida_dji_0461-1536x1150.jpg 1536w, https:\/\/www.greenpeace.org\/static\/planet4-brasil-stateless\/2023\/08\/a2cda430-0001_20230816_margaridas_2023_gp_otavio_almeida_dji_0461-2048x1534.jpg 2048w, https:\/\/www.greenpeace.org\/static\/planet4-brasil-stateless\/2023\/08\/a2cda430-0001_20230816_margaridas_2023_gp_otavio_almeida_dji_0461-1824x1366.jpg 1824w, https:\/\/www.greenpeace.org\/static\/planet4-brasil-stateless\/2023\/08\/a2cda430-0001_20230816_margaridas_2023_gp_otavio_almeida_dji_0461-454x340.jpg 454w\" sizes=\"auto, (max-width: 1024px) 100vw, 1024px\" \/><figcaption class=\"wp-element-caption\">A Marcha das Margaridas ocorreu pela primeira vez em 2000 e, desde ent\u00e3o, re\u00fane mulheres de todo o Brasil de quatro em quatro anos. Foto: Ot\u00e1vio Almeida<\/figcaption><\/figure>\n\n<p><strong>Agricultura agroecol\u00f3gica&nbsp;<\/strong><\/p>\n\n<p>A soberania popular e alimentar s\u00e3o demandas essenciais da Marcha das Margaridas, e foram destaque no <a href=\"https:\/\/ww2.contag.org.br\/documentos\/pdf\/17867-8554647-pauta-marcha-nova-web2.pdf\" target=\"_blank\" rel=\"noreferrer noopener\">documento com 13 eixos pol\u00edticos<\/a> que foi entregue ao governo federal. O pr\u00f3prio presidente participou da mobiliza\u00e7\u00e3o e se comprometeu com as pautas das Margaridas.&nbsp;<\/p>\n\n<p><em>&#8220;Podem matar uma, duas margaridas, mas nunca v\u00e3o conseguir impedir a chegada da primavera&#8221;<\/em>, ressaltou Lula. Tamb\u00e9m estiveram presentes a primeira-dama <a href=\"https:\/\/g1.globo.com\/tudo-sobre\/janja-silva\/\">Janja<\/a> da Silva, e a ministra das Mulheres, <a href=\"https:\/\/g1.globo.com\/tudo-sobre\/cida-goncalves\/\">Cida Gon\u00e7alves<\/a>.&nbsp;<\/p>\n\n<p>Na Marcha das Margaridas, Lula anunciou <a href=\"https:\/\/www.poder360.com.br\/governo\/ao-vivo-lula-participa-da-marcha-das-margaridas\/\">mais est\u00edmulos \u00e0 agroecologia<\/a> para promover a produ\u00e7\u00e3o de alimentos saud\u00e1veis e sem veneno, fomentando o bem viver de todos n\u00f3s. <br><br>Al\u00e9m de estabelecer rela\u00e7\u00f5es justas de trabalho e com o meio ambiente, <strong><a rel=\"noreferrer noopener\" href=\"https:\/\/www.greenpeace.org\/brasil\/informe-se\/amazonia\/agroecologia\/\" target=\"_blank\">a agricultura familiar agroecol\u00f3gica<\/a> permite que as mulheres conquistem mais autonomia e mais acesso \u00e0 renda, sa\u00fade e dignidade<\/strong>, enquanto alimentam a popula\u00e7\u00e3o brasileira. Em 2014, <a rel=\"noreferrer noopener\" href=\"https:\/\/www.greenpeace.org\/brasil\/blog\/todo-dia-e-dia-da-agricultura-familiar\/\" target=\"_blank\">a agricultura familiar ajudou a tirar o Brasil do Mapa da Fome<\/a>.\u00a0\u00a0<br><br>Mariana Campos explica que as pol\u00edticas p\u00fablicas s\u00e3o fundamentais para que as demandas das Margaridas sejam atendidas. <em>\u201c\u00c9 hora de concretizar a retomada das pol\u00edticas p\u00fablicas, para garantir, de fato, melhorias para essas popula\u00e7\u00f5es, fortalecendo a agricultura familiar agroecol\u00f3gica e assegurando comida saud\u00e1vel e de verdade no prato de todas as fam\u00edlias.\u201d<\/em><\/p>\n<div data-hydrate=\"planet4-blocks\/gallery\" data-attributes=\"{&quot;attributes&quot;:{&quot;multiple_image&quot;:&quot;47938,47939,47941&quot;,&quot;gallery_block_focus_points&quot;:&quot;{\\&quot;47938\\&quot;:\\&quot;68% 70%\\&quot;,\\&quot;47939\\&quot;:\\&quot;59% 81%\\&quot;,\\&quot;47941\\&quot;:\\&quot;6% 98%\\&quot;}&quot;,&quot;image_data&quot;:[{&quot;url&quot;:&quot;https:\\\/\\\/www.greenpeace.org\\\/static\\\/planet4-brasil-stateless\\\/2023\\\/08\\\/199e02fe-0041_20230816_margaridas_2023_gp_otavio_almeida__mg_6309-scaled.jpg&quot;,&quot;focalPoint&quot;:{&quot;x&quot;:&quot;0.68&quot;,&quot;y&quot;:&quot;0.70&quot;},&quot;id&quot;:47938},{&quot;url&quot;:&quot;https:\\\/\\\/www.greenpeace.org\\\/static\\\/planet4-brasil-stateless\\\/2023\\\/08\\\/fae7bfe1-0023_20230816_margaridas_2023_gp_otavio_almeida__mg_5861-scaled.jpg&quot;,&quot;focalPoint&quot;:{&quot;x&quot;:&quot;0.59&quot;,&quot;y&quot;:&quot;0.81&quot;},&quot;id&quot;:47939},{&quot;url&quot;:&quot;https:\\\/\\\/www.greenpeace.org\\\/static\\\/planet4-brasil-stateless\\\/2023\\\/08\\\/710152fa-0021_20230816_margaridas_2023_gp_otavio_almeida__mg_5835-scaled.jpg&quot;,&quot;focalPoint&quot;:{&quot;x&quot;:&quot;0.06&quot;,&quot;y&quot;:&quot;0.98&quot;},&quot;id&quot;:47941}],&quot;className&quot;:&quot;is-style-three-columns&quot;,&quot;gallery_block_style&quot;:0,&quot;gallery_block_title&quot;:&quot;&quot;,&quot;gallery_block_description&quot;:&quot;&quot;,&quot;images&quot;:[{&quot;image_src&quot;:&quot;https:\\\/\\\/www.greenpeace.org\\\/static\\\/planet4-brasil-stateless\\\/2023\\\/08\\\/199e02fe-0041_20230816_margaridas_2023_gp_otavio_almeida__mg_6309-scaled.jpg&quot;,&quot;image_srcset&quot;:&quot;https:\\\/\\\/www.greenpeace.org\\\/static\\\/planet4-brasil-stateless\\\/2023\\\/08\\\/199e02fe-0041_20230816_margaridas_2023_gp_otavio_almeida__mg_6309-scaled.jpg 2560w, https:\\\/\\\/www.greenpeace.org\\\/static\\\/planet4-brasil-stateless\\\/2023\\\/08\\\/199e02fe-0041_20230816_margaridas_2023_gp_otavio_almeida__mg_6309-300x200.jpg 300w, https:\\\/\\\/www.greenpeace.org\\\/static\\\/planet4-brasil-stateless\\\/2023\\\/08\\\/199e02fe-0041_20230816_margaridas_2023_gp_otavio_almeida__mg_6309-1024x683.jpg 1024w, https:\\\/\\\/www.greenpeace.org\\\/static\\\/planet4-brasil-stateless\\\/2023\\\/08\\\/199e02fe-0041_20230816_margaridas_2023_gp_otavio_almeida__mg_6309-768x512.jpg 768w, https:\\\/\\\/www.greenpeace.org\\\/static\\\/planet4-brasil-stateless\\\/2023\\\/08\\\/199e02fe-0041_20230816_margaridas_2023_gp_otavio_almeida__mg_6309-1536x1024.jpg 1536w, https:\\\/\\\/www.greenpeace.org\\\/static\\\/planet4-brasil-stateless\\\/2023\\\/08\\\/199e02fe-0041_20230816_margaridas_2023_gp_otavio_almeida__mg_6309-2048x1366.jpg 2048w, https:\\\/\\\/www.greenpeace.org\\\/static\\\/planet4-brasil-stateless\\\/2023\\\/08\\\/199e02fe-0041_20230816_margaridas_2023_gp_otavio_almeida__mg_6309-510x340.jpg 510w&quot;,&quot;image_sizes&quot;:false,&quot;alt_text&quot;:&quot;&quot;,&quot;caption&quot;:&quot;&quot;,&quot;focus_image&quot;:&quot;68% 70%&quot;,&quot;credits&quot;:&quot;&quot;},{&quot;image_src&quot;:&quot;https:\\\/\\\/www.greenpeace.org\\\/static\\\/planet4-brasil-stateless\\\/2023\\\/08\\\/fae7bfe1-0023_20230816_margaridas_2023_gp_otavio_almeida__mg_5861-scaled.jpg&quot;,&quot;image_srcset&quot;:&quot;https:\\\/\\\/www.greenpeace.org\\\/static\\\/planet4-brasil-stateless\\\/2023\\\/08\\\/fae7bfe1-0023_20230816_margaridas_2023_gp_otavio_almeida__mg_5861-scaled.jpg 2560w, https:\\\/\\\/www.greenpeace.org\\\/static\\\/planet4-brasil-stateless\\\/2023\\\/08\\\/fae7bfe1-0023_20230816_margaridas_2023_gp_otavio_almeida__mg_5861-300x200.jpg 300w, https:\\\/\\\/www.greenpeace.org\\\/static\\\/planet4-brasil-stateless\\\/2023\\\/08\\\/fae7bfe1-0023_20230816_margaridas_2023_gp_otavio_almeida__mg_5861-1024x683.jpg 1024w, https:\\\/\\\/www.greenpeace.org\\\/static\\\/planet4-brasil-stateless\\\/2023\\\/08\\\/fae7bfe1-0023_20230816_margaridas_2023_gp_otavio_almeida__mg_5861-768x512.jpg 768w, https:\\\/\\\/www.greenpeace.org\\\/static\\\/planet4-brasil-stateless\\\/2023\\\/08\\\/fae7bfe1-0023_20230816_margaridas_2023_gp_otavio_almeida__mg_5861-1536x1024.jpg 1536w, https:\\\/\\\/www.greenpeace.org\\\/static\\\/planet4-brasil-stateless\\\/2023\\\/08\\\/fae7bfe1-0023_20230816_margaridas_2023_gp_otavio_almeida__mg_5861-2048x1366.jpg 2048w, https:\\\/\\\/www.greenpeace.org\\\/static\\\/planet4-brasil-stateless\\\/2023\\\/08\\\/fae7bfe1-0023_20230816_margaridas_2023_gp_otavio_almeida__mg_5861-510x340.jpg 510w&quot;,&quot;image_sizes&quot;:false,&quot;alt_text&quot;:&quot;&quot;,&quot;caption&quot;:&quot;&quot;,&quot;focus_image&quot;:&quot;59% 81%&quot;,&quot;credits&quot;:&quot;&quot;},{&quot;image_src&quot;:&quot;https:\\\/\\\/www.greenpeace.org\\\/static\\\/planet4-brasil-stateless\\\/2023\\\/08\\\/710152fa-0021_20230816_margaridas_2023_gp_otavio_almeida__mg_5835-scaled.jpg&quot;,&quot;image_srcset&quot;:&quot;https:\\\/\\\/www.greenpeace.org\\\/static\\\/planet4-brasil-stateless\\\/2023\\\/08\\\/710152fa-0021_20230816_margaridas_2023_gp_otavio_almeida__mg_5835-scaled.jpg 2560w, https:\\\/\\\/www.greenpeace.org\\\/static\\\/planet4-brasil-stateless\\\/2023\\\/08\\\/710152fa-0021_20230816_margaridas_2023_gp_otavio_almeida__mg_5835-300x200.jpg 300w, https:\\\/\\\/www.greenpeace.org\\\/static\\\/planet4-brasil-stateless\\\/2023\\\/08\\\/710152fa-0021_20230816_margaridas_2023_gp_otavio_almeida__mg_5835-1024x683.jpg 1024w, https:\\\/\\\/www.greenpeace.org\\\/static\\\/planet4-brasil-stateless\\\/2023\\\/08\\\/710152fa-0021_20230816_margaridas_2023_gp_otavio_almeida__mg_5835-768x512.jpg 768w, https:\\\/\\\/www.greenpeace.org\\\/static\\\/planet4-brasil-stateless\\\/2023\\\/08\\\/710152fa-0021_20230816_margaridas_2023_gp_otavio_almeida__mg_5835-1536x1024.jpg 1536w, https:\\\/\\\/www.greenpeace.org\\\/static\\\/planet4-brasil-stateless\\\/2023\\\/08\\\/710152fa-0021_20230816_margaridas_2023_gp_otavio_almeida__mg_5835-2048x1366.jpg 2048w, https:\\\/\\\/www.greenpeace.org\\\/static\\\/planet4-brasil-stateless\\\/2023\\\/08\\\/710152fa-0021_20230816_margaridas_2023_gp_otavio_almeida__mg_5835-510x340.jpg 510w&quot;,&quot;image_sizes&quot;:false,&quot;alt_text&quot;:&quot;&quot;,&quot;caption&quot;:&quot;&quot;,&quot;focus_image&quot;:&quot;6% 98%&quot;,&quot;credits&quot;:&quot;&quot;}]}}\"><section class=\"block split-three-column is-style-three-columns\"><div class=\"three-column-images row\"><\/div><\/section><\/div>\n<p class=\"has-text-align-center has-yellow-background-color has-background\">Apoie tamb\u00e9m esse movimento! Participe e divulgue:<br><a rel=\"noreferrer noopener\" href=\"https:\/\/www.greenpeace.org\/brasil\/apoie\/manifesto-pela-agroecologia\/\" data-type=\"URL\" data-id=\"https:\/\/www.greenpeace.org\/brasil\/apoie\/manifesto-pela-agroecologia\/\" target=\"_blank\"><strong>Manifesto pela Agroecologia<\/strong><\/a><\/p>\n","protected":false},"excerpt":{"rendered":"<p>Bras\u00edlia est\u00e1 florida, chegaram as decididas! A 7\u00aa Marcha das Margaridas reuniu mais de 100 mil participantes, se consolidando como a maior mobiliza\u00e7\u00e3o de mulheres do pa\u00eds <\/p>\n","protected":false},"author":107,"featured_media":47920,"comment_status":"open","ping_status":"closed","sticky":false,"template":"","format":"standard","meta":{"ep_exclude_from_search":false,"p4_og_title":"","p4_og_description":"","p4_og_image":"","p4_og_image_id":"","p4_seo_canonical_url":"","p4_campaign_name":"","p4_local_project":"","p4_basket_name":"","p4_department":"","footnotes":""},"categories":[5],"tags":[18],"p4-page-type":[16],"class_list":["post-47918","post","type-post","status-publish","format-standard","has-post-thumbnail","hentry","category-greenpeace","tag-agroecologia","p4-page-type-blog"],"_links":{"self":[{"href":"https:\/\/www.greenpeace.org\/brasil\/wp-json\/wp\/v2\/posts\/47918","targetHints":{"allow":["GET"]}}],"collection":[{"href":"https:\/\/www.greenpeace.org\/brasil\/wp-json\/wp\/v2\/posts"}],"about":[{"href":"https:\/\/www.greenpeace.org\/brasil\/wp-json\/wp\/v2\/types\/post"}],"author":[{"embeddable":true,"href":"https:\/\/www.greenpeace.org\/brasil\/wp-json\/wp\/v2\/users\/107"}],"replies":[{"embeddable":true,"href":"https:\/\/www.greenpeace.org\/brasil\/wp-json\/wp\/v2\/comments?post=47918"}],"version-history":[{"count":20,"href":"https:\/\/www.greenpeace.org\/brasil\/wp-json\/wp\/v2\/posts\/47918\/revisions"}],"predecessor-version":[{"id":58517,"href":"https:\/\/www.greenpeace.org\/brasil\/wp-json\/wp\/v2\/posts\/47918\/revisions\/58517"}],"wp:featuredmedia":[{"embeddable":true,"href":"https:\/\/www.greenpeace.org\/brasil\/wp-json\/wp\/v2\/media\/47920"}],"wp:attachment":[{"href":"https:\/\/www.greenpeace.org\/brasil\/wp-json\/wp\/v2\/media?parent=47918"}],"wp:term":[{"taxonomy":"category","embeddable":true,"href":"https:\/\/www.greenpeace.org\/brasil\/wp-json\/wp\/v2\/categories?post=47918"},{"taxonomy":"post_tag","embeddable":true,"href":"https:\/\/www.greenpeace.org\/brasil\/wp-json\/wp\/v2\/tags?post=47918"},{"taxonomy":"p4-page-type","embeddable":true,"href":"https:\/\/www.greenpeace.org\/brasil\/wp-json\/wp\/v2\/p4-page-type?post=47918"}],"curies":[{"name":"wp","href":"https:\/\/api.w.org\/{rel}","templated":true}]}}