{"id":47968,"date":"2023-08-18T14:23:19","date_gmt":"2023-08-18T17:23:19","guid":{"rendered":"https:\/\/www.greenpeace.org\/brasil\/?p=47968"},"modified":"2023-08-23T09:39:22","modified_gmt":"2023-08-23T12:39:22","slug":"pec-03-2022-pode-privatizar-terrenos-de-marinha","status":"publish","type":"post","link":"https:\/\/www.greenpeace.org\/brasil\/blog\/pec-03-2022-pode-privatizar-terrenos-de-marinha\/","title":{"rendered":"PEC 03\/2022 pode privatizar terrenos de marinha"},"content":{"rendered":"\n<h4 class=\"wp-block-heading\">A proposta, em tramita\u00e7\u00e3o no Senado, possibilita que \u00e1reas p\u00fablicas nas costas e nos litorais possam ser destinadas para uso privado<\/h4>\n\n<figure class=\"wp-block-image size-large\"><img loading=\"lazy\" decoding=\"async\" width=\"1024\" height=\"646\" src=\"https:\/\/www.greenpeace.org\/static\/planet4-brasil-stateless\/2023\/08\/6fa43164-praia-de-laranjeiras-beach-balneario-camboriu-s-2022-02-22-17-16-43-utc-1024x646.jpg\" alt=\"\" class=\"wp-image-47969\" srcset=\"https:\/\/www.greenpeace.org\/static\/planet4-brasil-stateless\/2023\/08\/6fa43164-praia-de-laranjeiras-beach-balneario-camboriu-s-2022-02-22-17-16-43-utc-1024x646.jpg 1024w, https:\/\/www.greenpeace.org\/static\/planet4-brasil-stateless\/2023\/08\/6fa43164-praia-de-laranjeiras-beach-balneario-camboriu-s-2022-02-22-17-16-43-utc-300x189.jpg 300w, https:\/\/www.greenpeace.org\/static\/planet4-brasil-stateless\/2023\/08\/6fa43164-praia-de-laranjeiras-beach-balneario-camboriu-s-2022-02-22-17-16-43-utc-768x485.jpg 768w, https:\/\/www.greenpeace.org\/static\/planet4-brasil-stateless\/2023\/08\/6fa43164-praia-de-laranjeiras-beach-balneario-camboriu-s-2022-02-22-17-16-43-utc-1536x969.jpg 1536w, https:\/\/www.greenpeace.org\/static\/planet4-brasil-stateless\/2023\/08\/6fa43164-praia-de-laranjeiras-beach-balneario-camboriu-s-2022-02-22-17-16-43-utc-2048x1293.jpg 2048w, https:\/\/www.greenpeace.org\/static\/planet4-brasil-stateless\/2023\/08\/6fa43164-praia-de-laranjeiras-beach-balneario-camboriu-s-2022-02-22-17-16-43-utc-510x322.jpg 510w\" sizes=\"auto, (max-width: 1024px) 100vw, 1024px\" \/><figcaption class=\"wp-element-caption\">Projeto de emenda constitucional pode fomentar privatiza\u00e7\u00e3o de praias e \u00e1reas costeiras (Foto: Diego Grandi)\n<\/figcaption><\/figure>\n\n<p>Os<a href=\"https:\/\/www.pec32022nao.com\/entenda-o-que-est%C3%A1-em-risco\" data-type=\"URL\" data-id=\"https:\/\/www.pec32022nao.com\/entenda-o-que-est%C3%A1-em-risco\" target=\"_blank\" rel=\"noreferrer noopener\"><strong> terrenos de marinha<\/strong> <\/a>s\u00e3o \u00e1reas pr\u00f3ximas \u00e0 costa mar\u00edtima que incluem praias, ilhas, mangues, assim como margens de rios e lagoas que sofrem influ\u00eancia da mar\u00e9. Segundo a Constitui\u00e7\u00e3o Federal de 1988, os terrenos de marinha s\u00e3o bens da Uni\u00e3o, ou seja, <strong>bens p\u00fablicos de uso coletivo <\/strong>com finalidade socioambiental.&nbsp;<\/p>\n\n<p>No entanto, a<a href=\"https:\/\/www.pec32022nao.com\/\" data-type=\"URL\" data-id=\"https:\/\/www.pec32022nao.com\/\" target=\"_blank\" rel=\"noreferrer noopener\"> Proposta de Emenda Constitucional (PEC) 03\/2022,<\/a> que pode ser votada em breve no Senado, quer mudar essa realidade. <\/p>\n\n<p>A proposta transfere o dom\u00ednio das \u00e1reas para estados e munic\u00edpios, mas tamb\u00e9m para \u201cforeiros, cession\u00e1rios e ocupantes&#8221;, o que abre margem para a expans\u00e3o de<strong> propriedades particulares.<\/strong><\/p>\n\n<p><a rel=\"noreferrer noopener\" href=\"https:\/\/www.instagram.com\/p\/Cv-sMnThvw-\/?img_index=1\" data-type=\"URL\" data-id=\"https:\/\/www.instagram.com\/p\/Cv-sMnThvw-\/?img_index=1\" target=\"_blank\">Movimentos de pescadores,<\/a> acad\u00eamicos e ativistas ambientais denunciam que a <a rel=\"noreferrer noopener\" href=\"https:\/\/www.pec32022nao.com\/\" data-type=\"URL\" data-id=\"https:\/\/www.pec32022nao.com\/\" target=\"_blank\">PEC<\/a> &#8211; aprovada ano passado na C\u00e2mara &#8211; pode impulsionar<strong> a cria\u00e7\u00e3o de<\/strong> <strong>praias privadas e a especula\u00e7\u00e3o imobili\u00e1ria<\/strong>, principalmente considerando o interesse do setor hoteleiro. <br><br>Os pequenos com\u00e9rcios locais e iniciativas de turismo de base comunit\u00e1ria, por exemplo, tamb\u00e9m podem ser diretamente afetados por esse processo.<\/p>\n\n<h4 class=\"wp-block-heading\"><strong>Entenda o que est\u00e1 em jogo<\/strong><\/h4>\n\n<p>Em <a href=\"https:\/\/www.frenteambientalista.com\/observatorio-leis?questionId=4307ebe7-9ea9-457b-8456-93b31c333660&amp;appDefId=14c92d28-031e-7910-c9a8-a670011e062d\" target=\"_blank\" rel=\"noreferrer noopener\">nota t\u00e9cnica<\/a>, o Grupo de Trabalho para Uso e Conserva\u00e7\u00e3o Marinha (GT-Mar), ligado \u00e0 Frente Parlamentar Ambientalista do Congresso Nacional, se posicionou contra a aprova\u00e7\u00e3o da PEC e alerta que o que aparentemente pode ser uma simples mudan\u00e7a de titularidade, esconde uma grande amea\u00e7a.<\/p>\n\n<p>Al\u00e9m de ressaltar o uso p\u00fablico e coletivo das \u00e1reas como uma garantia constitucional, o documento destaca que os<strong> terrenos marinhos s\u00e3o aliados estrat\u00e9gicos para adapta\u00e7\u00e3o \u00e0 crise clim\u00e1tica<\/strong>. A gest\u00e3o e preserva\u00e7\u00e3o das \u00e1reas tamb\u00e9m \u00e9 importante para a redu\u00e7\u00e3o da vulnerabilidade da zona costeira frente a eventos extremos e ao aumento do n\u00edvel do mar.<\/p>\n\n<p>Isabelle de Silveira, assessora do GT-Mar, detalha que, \u00e0 primeira vista, a PEC 03\/2022 parece tratar da transfer\u00eancia de t\u00edtulos imobili\u00e1rios, contemplando uma demanda de ocupantes das \u00e1reas de terreno de marinha que se sentem insatisfeitos em pagar taxas para a Uni\u00e3o. Contudo, h\u00e1 muito mais a ser considerado.<\/p>\n\n<p>\u201cA PEC coloca em risco \u00e1reas relevantes para o enfrentamento das mudan\u00e7as clim\u00e1ticas e abre caminho para <strong>graves impactos socioambientais relacionados \u00e0 privatiza\u00e7\u00e3o&nbsp; de praias,<\/strong> degrada\u00e7\u00e3o ambiental, especula\u00e7\u00e3o imobili\u00e1ria, vulnerabiliza\u00e7\u00e3o e expuls\u00e3o de povos tradicionais de seus territ\u00f3rios\u201d, reitera.<\/p>\n\n<figure class=\"wp-block-image size-large\"><img loading=\"lazy\" decoding=\"async\" width=\"1024\" height=\"683\" src=\"https:\/\/www.greenpeace.org\/static\/planet4-brasil-stateless\/2023\/08\/187c2e92-gp0461e_medium_res-1024x683.jpg\" alt=\"\" class=\"wp-image-47971\" srcset=\"https:\/\/www.greenpeace.org\/static\/planet4-brasil-stateless\/2023\/08\/187c2e92-gp0461e_medium_res-1024x683.jpg 1024w, https:\/\/www.greenpeace.org\/static\/planet4-brasil-stateless\/2023\/08\/187c2e92-gp0461e_medium_res-300x200.jpg 300w, https:\/\/www.greenpeace.org\/static\/planet4-brasil-stateless\/2023\/08\/187c2e92-gp0461e_medium_res-768x512.jpg 768w, https:\/\/www.greenpeace.org\/static\/planet4-brasil-stateless\/2023\/08\/187c2e92-gp0461e_medium_res-510x340.jpg 510w, https:\/\/www.greenpeace.org\/static\/planet4-brasil-stateless\/2023\/08\/187c2e92-gp0461e_medium_res.jpg 1200w\" sizes=\"auto, (max-width: 1024px) 100vw, 1024px\" \/><figcaption class=\"wp-element-caption\">Comunidades pesqueiras podem ser impactadas caso o PEC 03\/2022 seja aprovada (Foto: Rodrigo Paiva\/Greenpeace)<\/figcaption><\/figure>\n\n<p>De acordo com a nota t\u00e9cnica do GT-Mar, uma poss\u00edvel aprova\u00e7\u00e3o da PEC significaria o crescimento exponencial de conflitos diante do \u201cgrande incentivo \u00e0 invas\u00e3o de terras p\u00fablicas \u2013 urbanas e rurais \u2013 apenas pela sugest\u00e3o de possibilidade de privatiza\u00e7\u00e3o dessas \u00e1reas\u201d.<\/p>\n\n<p>Na an\u00e1lise de Silveira, a altera\u00e7\u00e3o pode ser o in\u00edcio de um processo extremamente nocivo ao meio ambiente.<\/p>\n\n<p>\u201cA aprova\u00e7\u00e3o da PEC poder\u00e1 facilitar a aprova\u00e7\u00e3o de Projetos de Lei que visam <strong>privatizar uma porcentagem de nossas praias e facilitar a constru\u00e7\u00e3o de grande resorts e cassinos<\/strong>. Seria perigoso olhar para o cen\u00e1rio de maneira simplista&#8221;, complementa.<\/p>\n\n<p>Para o GT-Mar, o processo de fiscaliza\u00e7\u00e3o das \u00e1reas tamb\u00e9m pode ser fragilizado com a PEC, o que amea\u00e7aria ainda mais a biodiversidade costeira &#8211; sem os devidos cuidados, as fun\u00e7\u00f5es ecol\u00f3gicas originais desses terrenos podem ser alteradas e o processo de conten\u00e7\u00e3o do aumento do n\u00edvel do mar, por exemplo, pode ser enfraquecido.<\/p>\n\n<h4 class=\"wp-block-heading\"><strong>Tramita\u00e7\u00e3o<\/strong><\/h4>\n\n<p>A PEC 03\/2022 est\u00e1 na Comiss\u00e3o de Constitui\u00e7\u00e3o, Justi\u00e7a e Cidadania do Senado Federal, sob relatoria de Fl\u00e1vio Bolsonaro. Embora estivesse prevista para entrar na pauta da \u00faltima quarta-feira (16), a<strong> vota\u00e7\u00e3o da proposta foi adiada<\/strong> ap\u00f3s apresenta\u00e7\u00e3o de requerimento de audi\u00eancia p\u00fablica feito pelo senador Rog\u00e9rio Carvalho, agendada para 24 de agosto. <\/p>\n\n<p>Nos \u00faltimos dias, a mobiliza\u00e7\u00e3o em defesa do livre acesso \u00e0s praias e \u00e1reas marinhas tem crescido. Foi aberta uma consulta p\u00fablica no site do Senado, onde voc\u00ea pode se manifestar contra a proposta. <a href=\"https:\/\/www25.senado.leg.br\/web\/atividade\/materias\/-\/materia\/151923\"><strong>Clique aqui e saiba mais.<\/strong><br><br><\/a><\/p>\n","protected":false},"excerpt":{"rendered":"<p>A proposta, em tramita\u00e7\u00e3o no Senado, possibilita que \u00e1reas p\u00fablicas nas costas e nos litorais possam ser destinadas para uso privado<\/p>\n","protected":false},"author":98,"featured_media":47969,"comment_status":"open","ping_status":"closed","sticky":false,"template":"","format":"standard","meta":{"ep_exclude_from_search":false,"p4_og_title":"","p4_og_description":"A proposta, em tramita\u00e7\u00e3o no Senado, possibilita que \u00e1reas p\u00fablicas nas costas e nos litorais possam ser destinadas para uso privado","p4_og_image":"","p4_og_image_id":"","p4_seo_canonical_url":"","p4_campaign_name":"","p4_local_project":"","p4_basket_name":"","p4_department":"","footnotes":""},"categories":[5,64],"tags":[27],"p4-page-type":[16],"class_list":["post-47968","post","type-post","status-publish","format-standard","has-post-thumbnail","hentry","category-greenpeace","category-oceanos","tag-oceanos","p4-page-type-blog"],"_links":{"self":[{"href":"https:\/\/www.greenpeace.org\/brasil\/wp-json\/wp\/v2\/posts\/47968","targetHints":{"allow":["GET"]}}],"collection":[{"href":"https:\/\/www.greenpeace.org\/brasil\/wp-json\/wp\/v2\/posts"}],"about":[{"href":"https:\/\/www.greenpeace.org\/brasil\/wp-json\/wp\/v2\/types\/post"}],"author":[{"embeddable":true,"href":"https:\/\/www.greenpeace.org\/brasil\/wp-json\/wp\/v2\/users\/98"}],"replies":[{"embeddable":true,"href":"https:\/\/www.greenpeace.org\/brasil\/wp-json\/wp\/v2\/comments?post=47968"}],"version-history":[{"count":20,"href":"https:\/\/www.greenpeace.org\/brasil\/wp-json\/wp\/v2\/posts\/47968\/revisions"}],"predecessor-version":[{"id":48103,"href":"https:\/\/www.greenpeace.org\/brasil\/wp-json\/wp\/v2\/posts\/47968\/revisions\/48103"}],"wp:featuredmedia":[{"embeddable":true,"href":"https:\/\/www.greenpeace.org\/brasil\/wp-json\/wp\/v2\/media\/47969"}],"wp:attachment":[{"href":"https:\/\/www.greenpeace.org\/brasil\/wp-json\/wp\/v2\/media?parent=47968"}],"wp:term":[{"taxonomy":"category","embeddable":true,"href":"https:\/\/www.greenpeace.org\/brasil\/wp-json\/wp\/v2\/categories?post=47968"},{"taxonomy":"post_tag","embeddable":true,"href":"https:\/\/www.greenpeace.org\/brasil\/wp-json\/wp\/v2\/tags?post=47968"},{"taxonomy":"p4-page-type","embeddable":true,"href":"https:\/\/www.greenpeace.org\/brasil\/wp-json\/wp\/v2\/p4-page-type?post=47968"}],"curies":[{"name":"wp","href":"https:\/\/api.w.org\/{rel}","templated":true}]}}