{"id":48015,"date":"2023-08-21T17:01:59","date_gmt":"2023-08-21T20:01:59","guid":{"rendered":"https:\/\/www.greenpeace.org\/brasil\/?p=48015"},"modified":"2025-07-02T04:22:22","modified_gmt":"2025-07-02T07:22:22","slug":"declaracao-da-cupula-da-amazonia-desafios-e-avancos-para-povos-indigenas","status":"publish","type":"post","link":"https:\/\/www.greenpeace.org\/brasil\/blog\/declaracao-da-cupula-da-amazonia-desafios-e-avancos-para-povos-indigenas\/","title":{"rendered":"Declara\u00e7\u00e3o da C\u00fapula da Amaz\u00f4nia: desafios e avan\u00e7os para povos ind\u00edgenas"},"content":{"rendered":"\n<h4 class=\"wp-block-heading\">Acordo assinado entre os pa\u00edses amaz\u00f4nicos se compromete com os direitos dos povos origin\u00e1rios e a demarca\u00e7\u00e3o de terras ind\u00edgenas, mas possui brechas e lacunas<\/h4>\n\n<figure class=\"wp-block-image size-large\"><img loading=\"lazy\" decoding=\"async\" width=\"1024\" height=\"683\" src=\"https:\/\/www.greenpeace.org\/static\/planet4-brasil-stateless\/2023\/08\/d2e207d8-gp0stx9yk-1024x683.jpg\" title=\"Amazon Summit in Bel\u00e9m, Brazil. \u00a9 Jo\u00e3o Paulo Guimar\u00e3es \/ Greenpeace\" alt=\"Amazon Summit in Bel\u00e9m, Brazil. \u00a9 Jo\u00e3o Paulo Guimar\u00e3es \/ Greenpeace\" class=\"wp-image-48035\" srcset=\"https:\/\/www.greenpeace.org\/static\/planet4-brasil-stateless\/2023\/08\/d2e207d8-gp0stx9yk-1024x683.jpg 1024w, https:\/\/www.greenpeace.org\/static\/planet4-brasil-stateless\/2023\/08\/d2e207d8-gp0stx9yk-300x200.jpg 300w, https:\/\/www.greenpeace.org\/static\/planet4-brasil-stateless\/2023\/08\/d2e207d8-gp0stx9yk-768x512.jpg 768w, https:\/\/www.greenpeace.org\/static\/planet4-brasil-stateless\/2023\/08\/d2e207d8-gp0stx9yk-510x340.jpg 510w, https:\/\/www.greenpeace.org\/static\/planet4-brasil-stateless\/2023\/08\/d2e207d8-gp0stx9yk.jpg 1200w\" sizes=\"auto, (max-width: 1024px) 100vw, 1024px\" \/><figcaption class=\"wp-element-caption\">A C\u00fapula da Amaz\u00f4nia em Bel\u00e9m \u00e9 o in\u00edcio de uma pol\u00edtica ambiental internacional do governo Lula que culminar\u00e1 na COP 30, tamb\u00e9m na capital paraense em 2025<div class=\"credit icon-left\"> \u00a9 Jo\u00e3o Paulo Guimar\u00e3es \/ Greenpeace<\/div><\/figcaption><\/figure>\n\n<p>\u00c0s v\u00e9speras do dia internacional dos povos ind\u00edgenas, o principal resultado da <a rel=\"noreferrer noopener\" href=\"https:\/\/www.greenpeace.org\/brasil\/blog\/cupula-da-amazonia-cacique-raoni-cobra-acoes-urgentes-contra-garimpo\/\" data-type=\"URL\" data-id=\"https:\/\/www.greenpeace.org\/brasil\/blog\/cupula-da-amazonia-cacique-raoni-cobra-acoes-urgentes-contra-garimpo\/\" target=\"_blank\">C\u00fapula da Amaz\u00f4nia<\/a> foi apresentado: <a rel=\"noreferrer noopener\" href=\"https:\/\/agenciabrasil.ebc.com.br\/geral\/noticia\/2023-08\/presidentes-de-oito-paises-amazonicos-assinam-declaracao-de-belem\" target=\"_blank\">a Declara\u00e7\u00e3o de Bel\u00e9m<\/a>, que consolida uma agenda comum entre os oito pa\u00edses do <a href=\"http:\/\/otca.org\/pt\/\" data-type=\"URL\" data-id=\"http:\/\/otca.org\/pt\/\" target=\"_blank\" rel=\"noreferrer noopener\">Tratado de Coopera\u00e7\u00e3o Amaz\u00f4nica (OTCA)<\/a>. Desde 2009, o bloco n\u00e3o se reunia e sua reativa\u00e7\u00e3o foi motivo de celebra\u00e7\u00e3o e expectativa mundial.\u00a0<\/p>\n\n<p>Lan\u00e7ada no dia 08 de agosto, a declara\u00e7\u00e3o final da C\u00fapula da Amaz\u00f4nia assume um compromisso com a <strong>promo\u00e7\u00e3o de direitos dos povos origin\u00e1rios e comunidades tradicionais, e com a prote\u00e7\u00e3o de seus territ\u00f3rios, <\/strong>al\u00e9m de sugerir a ado\u00e7\u00e3o de medidas voltadas ao<strong> fortalecimento da diversidade cultural e dos conhecimentos ancestrais. <\/strong>S\u00e3o<strong> <\/strong>diretrizes preciosas que podem nortear a aplica\u00e7\u00e3o de pol\u00edticas internacionais e regionais.<\/p>\n\n<ul class=\"wp-block-list\">\n<li><a href=\"https:\/\/www.greenpeace.org\/brasil\/blog\/cupula-da-amazona-veja-as-propostas-do-greenpeace-brasil\/\" data-type=\"URL\" data-id=\"https:\/\/www.greenpeace.org\/brasil\/blog\/cupula-da-amazona-veja-as-propostas-do-greenpeace-brasil\/\" target=\"_blank\" rel=\"noreferrer noopener\"><em>Confira o posicionamento do Greenpeace na C\u00fapula da Amaz\u00f4nia<\/em><\/a><\/li>\n<\/ul>\n\n<p>Contudo, a Declara\u00e7\u00e3o de Bel\u00e9m n\u00e3o estipula prazos para alcan\u00e7ar os objetivos acordados entre os chefes de estado. Para Danicley de Aguiar, porta-voz de Amaz\u00f4nia do Greenpeace Brasil: <em>\u201ca Declara\u00e7\u00e3o de Bel\u00e9m \u00e9 sem d\u00favida uma carta de boas inten\u00e7\u00f5es, mas \u00e9 urgente que os ministros de Rela\u00e7\u00f5es Exteriores da Pan-Amaz\u00f4nia acelerem o di\u00e1logo e estabele\u00e7am uma agenda estrat\u00e9gica para a implementa\u00e7\u00e3o dos objetivos assumidos\u201d.<\/em>&nbsp;<\/p>\n\n<p>Al\u00e9m de n\u00e3o contar com metas e calend\u00e1rio definidos, outra preocupa\u00e7\u00e3o \u00e9 que <strong>a Declara\u00e7\u00e3o de Bel\u00e9m n\u00e3o faz men\u00e7\u00e3o ao desmatamento zero ou \u00e0 explora\u00e7\u00e3o de combust\u00edveis f\u00f3sseis<\/strong> \u2013 ambos est\u00e3o por tr\u00e1s da piora da crise clim\u00e1tica e aceleram a proximidade do <a href=\"https:\/\/www.greenpeace.org\/brasil\/blog\/florestas-preservar-ou-preservar\/\" target=\"_blank\" rel=\"noreferrer noopener\">ponto de n\u00e3o retorno da Amaz\u00f4nia<\/a>, amea\u00e7ando diretamente os povos e popula\u00e7\u00f5es que vivem e sobrevivem da maior floresta tropical do mundo.<\/p>\n\n<figure class=\"wp-block-image size-large\"><img loading=\"lazy\" decoding=\"async\" width=\"1024\" height=\"683\" src=\"https:\/\/www.greenpeace.org\/static\/planet4-brasil-stateless\/2023\/08\/05b95ce7-gp0stxa0f-1024x683.jpg\" title=\"Amazon Summit in Bel\u00e9m, Brazil. \u00a9 Jo\u00e3o Paulo Guimar\u00e3es \/ Greenpeace\" alt=\"Amazon Summit in Bel\u00e9m, Brazil. \u00a9 Jo\u00e3o Paulo Guimar\u00e3es \/ Greenpeace\" class=\"wp-image-48036\" srcset=\"https:\/\/www.greenpeace.org\/static\/planet4-brasil-stateless\/2023\/08\/05b95ce7-gp0stxa0f-1024x683.jpg 1024w, https:\/\/www.greenpeace.org\/static\/planet4-brasil-stateless\/2023\/08\/05b95ce7-gp0stxa0f-300x200.jpg 300w, https:\/\/www.greenpeace.org\/static\/planet4-brasil-stateless\/2023\/08\/05b95ce7-gp0stxa0f-768x512.jpg 768w, https:\/\/www.greenpeace.org\/static\/planet4-brasil-stateless\/2023\/08\/05b95ce7-gp0stxa0f-510x340.jpg 510w, https:\/\/www.greenpeace.org\/static\/planet4-brasil-stateless\/2023\/08\/05b95ce7-gp0stxa0f.jpg 1200w\" sizes=\"auto, (max-width: 1024px) 100vw, 1024px\" \/><figcaption class=\"wp-element-caption\">Al\u00e9m de autoridades, a C\u00fapula da Amaz\u00f4nia contou com a presen\u00e7a de representantes da sociedade civil, como lideran\u00e7as ind\u00edgenas e de movimentos sociais, que fizeram protestos e provoca\u00e7\u00f5es durante todo o evento.<div class=\"credit icon-left\"> \u00a9 Jo\u00e3o Paulo Guimar\u00e3es \/ Greenpeace<\/div><\/figcaption><\/figure>\n\n<p><strong><strong>Amaz\u00f4nia livre de petr\u00f3leo e garimpo<\/strong><\/strong><\/p>\n\n<p>Apesar dos protestos de lideran\u00e7as ind\u00edgenas e de organiza\u00e7\u00f5es sociais e cient\u00edficas, a carta final deixou de fora a <a href=\"https:\/\/www.greenpeace.org\/brasil\/blog\/com-petroleo-futuro-da-amazonia-esta-comprometido\/\" target=\"_blank\" rel=\"noreferrer noopener\">rejei\u00e7\u00e3o \u00e0 explora\u00e7\u00e3o de petr\u00f3leo na Amaz\u00f4nia<\/a>, em meio aos debates sobre a Foz do Rio Amazonas.&nbsp;<\/p>\n\n<p>A Declara\u00e7\u00e3o de Bel\u00e9m at\u00e9 sinaliza uma <strong>coopera\u00e7\u00e3o regional e internacional para combater a minera\u00e7\u00e3o ilegal, tr\u00e1fico il\u00edcito e outros crimes<\/strong>, mas n\u00e3o rejeita de forma detalhada o avan\u00e7o do garimpo no bioma \u2014 o texto cogita iniciar na Amaz\u00f4nia um di\u00e1logo sobre a \u201csustentabilidade de setores como a minera\u00e7\u00e3o \u201d, diante do avan\u00e7o exponencial dessa atividade.<\/p>\n\n<p>Entretanto, a extra\u00e7\u00e3o de min\u00e9rios ou de combust\u00edveis f\u00f3sseis em uma regi\u00e3o t\u00e3o rica e relevante, como a Amaz\u00f4nia, nada tem de sustent\u00e1vel. Pelo contr\u00e1rio! Aprofunda o modelo predat\u00f3rio que aprisiona a regi\u00e3o ao subdesenvolvimento, e alimenta uma l\u00f3gica que agrava o aquecimento global.<\/p>\n\n<p>A pr\u00f3pria Declara\u00e7\u00e3o de Bel\u00e9m atenta para o <a href=\"https:\/\/www.greenpeace.org\/brasil\/blog\/peixes-vendidos-em-mercados-publicos-e-feiras-livres-da-regiao-norte-estao-contaminados-por-mercurio\/\" target=\"_blank\" rel=\"noreferrer noopener\">risco de exposi\u00e7\u00e3o a merc\u00fario<\/a> e outras subst\u00e2ncias perigosas derivadas da minera\u00e7\u00e3o, e pontua o combate \u00e0 contamina\u00e7\u00e3o, que compromete a reprodu\u00e7\u00e3o f\u00edsica e cultural dos povos ind\u00edgenas que convivem h\u00e1 milhares de anos com a floresta.&nbsp;&nbsp;<\/p>\n\n<p class=\"has-text-align-center has-red-500-background-color has-background\"><em>Apoiei os povos ind\u00edgenas participando do nosso abaixo-assinado<strong>: <\/strong><br><a rel=\"noreferrer noopener\" href=\"https:\/\/www.greenpeace.org\/brasil\/apoie\/amazonia-livre-de-garimpo\/\" target=\"_blank\"><strong>Amaz\u00f4nia Livre de Garimpo<\/strong><\/a><\/em><\/p>\n\n<p><strong>Amaz\u00f4nia n\u00e3o \u00e9 mercadoria<\/strong>&nbsp;<\/p>\n\n<p>Antes da C\u00fapula da Amaz\u00f4nia, ocorreram os <a rel=\"noreferrer noopener\" href=\"https:\/\/www.greenpeace.org\/brasil\/blog\/dialogos-amazonicos-o-que-aconteceu-e-o-que-temos-a-comemorar\/\" target=\"_blank\">Di\u00e1logos Amaz\u00f4nicos<\/a>, que reuniu  lideran\u00e7as ind\u00edgenas, quilombolas, ribeirinhas e de demais popula\u00e7\u00f5es tradicionais da Amaz\u00f4nia, al\u00e9m de ambientalistas e representantes de organiza\u00e7\u00f5es e movimento sociais. <br><br>As conclus\u00f5es do Di\u00e1logos Amaz\u00f4nicos sistematizaram a contribui\u00e7\u00e3o da sociedade civil para a constru\u00e7\u00e3o de um acordo pan-amaz\u00f4nico capaz de garantir o desenvolvimento regional, possibilitando uma economia que supere a pobreza, conviva com a floresta e respeite os direitos humanos.\u00a0<\/p>\n\n<p><em>\u201cOs movimentos populares expressaram profunda preocupa\u00e7\u00e3o nos Di\u00e1logos Amaz\u00f4nicos com o falso consenso de que a floresta s\u00f3 tem valor se for transformada em commodity\u201d<\/em>, relata Danicley de Aguiar.&nbsp;<\/p>\n<div data-hydrate=\"planet4-blocks\/gallery\" data-attributes=\"{&quot;attributes&quot;:{&quot;multiple_image&quot;:&quot;48037,48039,48038&quot;,&quot;gallery_block_focus_points&quot;:&quot;{\\&quot;48037\\&quot;:\\&quot;25% 62%\\&quot;,\\&quot;48038\\&quot;:\\&quot;57.99999999999999% 73%\\&quot;,\\&quot;48039\\&quot;:\\&quot;3% 85%\\&quot;}&quot;,&quot;image_data&quot;:[{&quot;url&quot;:&quot;https:\\\/\\\/www.greenpeace.org\\\/static\\\/planet4-brasil-stateless\\\/2023\\\/08\\\/2893ffbf-gp0stxa0c.jpg&quot;,&quot;focalPoint&quot;:{&quot;x&quot;:&quot;0.25&quot;,&quot;y&quot;:&quot;0.62&quot;},&quot;id&quot;:48037},{&quot;url&quot;:&quot;https:\\\/\\\/www.greenpeace.org\\\/static\\\/planet4-brasil-stateless\\\/2023\\\/08\\\/3098938b-gp0stx9yb.jpg&quot;,&quot;focalPoint&quot;:{&quot;x&quot;:&quot;0.03&quot;,&quot;y&quot;:&quot;0.85&quot;},&quot;id&quot;:48039},{&quot;url&quot;:&quot;https:\\\/\\\/www.greenpeace.org\\\/static\\\/planet4-brasil-stateless\\\/2023\\\/08\\\/9cc3efbe-gp0stxa09.jpg&quot;,&quot;focalPoint&quot;:{&quot;x&quot;:&quot;0.58&quot;,&quot;y&quot;:&quot;0.73&quot;},&quot;id&quot;:48038}],&quot;className&quot;:&quot;is-style-three-columns&quot;,&quot;gallery_block_style&quot;:0,&quot;gallery_block_title&quot;:&quot;&quot;,&quot;gallery_block_description&quot;:&quot;&quot;,&quot;images&quot;:[{&quot;image_src&quot;:&quot;https:\\\/\\\/www.greenpeace.org\\\/static\\\/planet4-brasil-stateless\\\/2023\\\/08\\\/2893ffbf-gp0stxa0c.jpg&quot;,&quot;image_srcset&quot;:&quot;https:\\\/\\\/www.greenpeace.org\\\/static\\\/planet4-brasil-stateless\\\/2023\\\/08\\\/2893ffbf-gp0stxa0c.jpg 800w, https:\\\/\\\/www.greenpeace.org\\\/static\\\/planet4-brasil-stateless\\\/2023\\\/08\\\/2893ffbf-gp0stxa0c-200x300.jpg 200w, https:\\\/\\\/www.greenpeace.org\\\/static\\\/planet4-brasil-stateless\\\/2023\\\/08\\\/2893ffbf-gp0stxa0c-683x1024.jpg 683w, https:\\\/\\\/www.greenpeace.org\\\/static\\\/planet4-brasil-stateless\\\/2023\\\/08\\\/2893ffbf-gp0stxa0c-768x1152.jpg 768w, https:\\\/\\\/www.greenpeace.org\\\/static\\\/planet4-brasil-stateless\\\/2023\\\/08\\\/2893ffbf-gp0stxa0c-227x340.jpg 227w&quot;,&quot;image_sizes&quot;:false,&quot;alt_text&quot;:&quot;Amazon Summit in Bel\\u00e9m, Brazil. \\u00a9 Jo\\u00e3o Paulo Guimar\\u00e3es \\\/ Greenpeace&quot;,&quot;caption&quot;:&quot;L\\u00edderes ind\\u00edgenas participaram dos Di\\u00e1logos Amaz\\u00f4nico e tamb\\u00e9m marcaram presen\\u00e7a na C\\u00fapula da Amaz\\u00f4nia no inicio de agosto de 2023.&quot;,&quot;focus_image&quot;:&quot;25% 62%&quot;,&quot;credits&quot;:&quot;\\u00a9 Jo\\u00e3o Paulo Guimar\\u00e3es \\\/ Greenpeace&quot;},{&quot;image_src&quot;:&quot;https:\\\/\\\/www.greenpeace.org\\\/static\\\/planet4-brasil-stateless\\\/2023\\\/08\\\/3098938b-gp0stx9yb.jpg&quot;,&quot;image_srcset&quot;:&quot;https:\\\/\\\/www.greenpeace.org\\\/static\\\/planet4-brasil-stateless\\\/2023\\\/08\\\/3098938b-gp0stx9yb.jpg 1200w, https:\\\/\\\/www.greenpeace.org\\\/static\\\/planet4-brasil-stateless\\\/2023\\\/08\\\/3098938b-gp0stx9yb-300x200.jpg 300w, https:\\\/\\\/www.greenpeace.org\\\/static\\\/planet4-brasil-stateless\\\/2023\\\/08\\\/3098938b-gp0stx9yb-1024x683.jpg 1024w, https:\\\/\\\/www.greenpeace.org\\\/static\\\/planet4-brasil-stateless\\\/2023\\\/08\\\/3098938b-gp0stx9yb-768x512.jpg 768w, https:\\\/\\\/www.greenpeace.org\\\/static\\\/planet4-brasil-stateless\\\/2023\\\/08\\\/3098938b-gp0stx9yb-510x340.jpg 510w&quot;,&quot;image_sizes&quot;:false,&quot;alt_text&quot;:&quot;Amazon Summit in Bel\\u00e9m, Brazil. \\u00a9 Jo\\u00e3o Paulo Guimar\\u00e3es \\\/ Greenpeace&quot;,&quot;caption&quot;:&quot;L\\u00edderes ind\\u00edgenas participaram dos Di\\u00e1logos Amaz\\u00f4nico e tamb\\u00e9m marcaram presen\\u00e7a na C\\u00fapula da Amaz\\u00f4nia no inicio de agosto de 2023.&quot;,&quot;focus_image&quot;:&quot;3% 85%&quot;,&quot;credits&quot;:&quot;\\u00a9 Jo\\u00e3o Paulo Guimar\\u00e3es \\\/ Greenpeace&quot;},{&quot;image_src&quot;:&quot;https:\\\/\\\/www.greenpeace.org\\\/static\\\/planet4-brasil-stateless\\\/2023\\\/08\\\/9cc3efbe-gp0stxa09.jpg&quot;,&quot;image_srcset&quot;:&quot;https:\\\/\\\/www.greenpeace.org\\\/static\\\/planet4-brasil-stateless\\\/2023\\\/08\\\/9cc3efbe-gp0stxa09.jpg 800w, https:\\\/\\\/www.greenpeace.org\\\/static\\\/planet4-brasil-stateless\\\/2023\\\/08\\\/9cc3efbe-gp0stxa09-200x300.jpg 200w, https:\\\/\\\/www.greenpeace.org\\\/static\\\/planet4-brasil-stateless\\\/2023\\\/08\\\/9cc3efbe-gp0stxa09-683x1024.jpg 683w, https:\\\/\\\/www.greenpeace.org\\\/static\\\/planet4-brasil-stateless\\\/2023\\\/08\\\/9cc3efbe-gp0stxa09-768x1152.jpg 768w, https:\\\/\\\/www.greenpeace.org\\\/static\\\/planet4-brasil-stateless\\\/2023\\\/08\\\/9cc3efbe-gp0stxa09-227x340.jpg 227w&quot;,&quot;image_sizes&quot;:false,&quot;alt_text&quot;:&quot;Amazon Summit in Bel\\u00e9m, Brazil. \\u00a9 Jo\\u00e3o Paulo Guimar\\u00e3es \\\/ Greenpeace&quot;,&quot;caption&quot;:&quot;L\\u00edderes ind\\u00edgenas participaram dos Di\\u00e1logos Amaz\\u00f4nico e tamb\\u00e9m marcaram presen\\u00e7a na C\\u00fapula da Amaz\\u00f4nia no inicio de agosto de 2023.&quot;,&quot;focus_image&quot;:&quot;57.99999999999999% 73%&quot;,&quot;credits&quot;:&quot;\\u00a9 Jo\\u00e3o Paulo Guimar\\u00e3es \\\/ Greenpeace&quot;}]}}\"><section class=\"block split-three-column is-style-three-columns\"><div class=\"three-column-images row\"><\/div><\/section><\/div>\n<p><strong><em>\u201c\u00c9 urgente que o poder p\u00fablico ou\u00e7a aqueles que de fato convivem e sobrevivem da floresta, priorizando a reprodu\u00e7\u00e3o dos arranjos socioculturais locais e n\u00e3o apenas os interesses de mercado\u201d.<\/em>&nbsp;<\/strong><\/p>\n\n<p>Para tra\u00e7ar, de fato, uma economia e uma transi\u00e7\u00e3o ecol\u00f3gica justa para a Amaz\u00f4nia \u2014 superando a pobreza, a viol\u00eancia, o garimpo, o desmatamento e o petr\u00f3leo \u2014, \u00e9 necess\u00e1rio reverter a l\u00f3gica de monetiza\u00e7\u00e3o da floresta. E um passo crucial \u00e9 aprender com os povos origin\u00e1rios que h\u00e1 mais de 12 mil anos convivem com a floresta.<\/p>\n\n<p><strong>C\u00fapula da Amaz\u00f4nia e os direitos ind\u00edgenas<\/strong><br><br>No discurso de abertura, o presidente do Brasil, pa\u00eds sede, <a href=\"https:\/\/www.poder360.com.br\/governo\/lula-critica-protecionismo-e-cobra-financiamento-para-a-amazonia\/\">citou a import\u00e2ncia das demarca\u00e7\u00f5es<\/a> para a prote\u00e7\u00e3o da biodiversidade global e, consequentemente, para toda a humanidade \u2014 Lula at\u00e9 iria usar a C\u00fapula como palco para anunciar a <a href=\"https:\/\/www1.folha.uol.com.br\/amp\/cotidiano\/2023\/08\/governo-suspende-anuncio-de-demarcacao-de-terras-indigenas-na-cupula-da-amazonia.shtml\" target=\"_blank\" rel=\"noreferrer noopener\">demarca\u00e7\u00e3o de mais oito Terras Ind\u00edgenas<\/a>, o que n\u00e3o aconteceu.&nbsp;<\/p>\n\n<p>Embora o acordo pan-amaz\u00f4nico destaque o respeito aos povos origin\u00e1rios e a demarca\u00e7\u00e3o das Terras Ind\u00edgenas, o texto precisa sair do papel. Cabe ao poder p\u00fablico e privado aplic\u00e1-lo em pol\u00edticas vi\u00e1veis e concretas.&nbsp;<\/p>\n\n<p>A participa\u00e7\u00e3o de ind\u00edgenas nas decis\u00f5es que impactam suas vidas tamb\u00e9m foi enfatizada. A aus\u00eancia de escuta e consulta aos povos origin\u00e1rios \u00e9 recorrente, o que desencadeia em outras viola\u00e7\u00f5es.&nbsp;<\/p>\n\n<p>A Declara\u00e7\u00e3o de Bel\u00e9m orienta os governos sobre o dever de adotar medidas para assegurar a participa\u00e7\u00e3o plena e efetiva dos povos ind\u00edgenas na pol\u00edtica, em conformidade com os tratados internacionais como a Conven\u00e7\u00e3o 169 da OIT, Conven\u00e7\u00e3o sobre Diversidade Biol\u00f3gica e Declara\u00e7\u00f5es da ONU.\u00a0<\/p>\n\n<figure class=\"wp-block-image size-large\"><img loading=\"lazy\" decoding=\"async\" width=\"1024\" height=\"683\" src=\"https:\/\/www.greenpeace.org\/static\/planet4-brasil-stateless\/2023\/08\/5ca33350-gp0stxa2i-1024x683.jpg\" title=\"People&#039;s March Amazon Summit in Bel\u00e9m, Brazil. \u00a9 Jo\u00e3o Paulo Guimar\u00e3es \/ Greenpeace\" alt=\"People's March Amazon Summit in Bel\u00e9m, Brazil. \u00a9 Jo\u00e3o Paulo Guimar\u00e3es \/ Greenpeace\" class=\"wp-image-48041\" srcset=\"https:\/\/www.greenpeace.org\/static\/planet4-brasil-stateless\/2023\/08\/5ca33350-gp0stxa2i-1024x683.jpg 1024w, https:\/\/www.greenpeace.org\/static\/planet4-brasil-stateless\/2023\/08\/5ca33350-gp0stxa2i-300x200.jpg 300w, https:\/\/www.greenpeace.org\/static\/planet4-brasil-stateless\/2023\/08\/5ca33350-gp0stxa2i-768x512.jpg 768w, https:\/\/www.greenpeace.org\/static\/planet4-brasil-stateless\/2023\/08\/5ca33350-gp0stxa2i-510x340.jpg 510w, https:\/\/www.greenpeace.org\/static\/planet4-brasil-stateless\/2023\/08\/5ca33350-gp0stxa2i.jpg 1200w\" sizes=\"auto, (max-width: 1024px) 100vw, 1024px\" \/><figcaption class=\"wp-element-caption\">Al\u00e9m de lideran\u00e7as ind\u00edgenas e autoridades, a C\u00fapula da Amaz\u00f4nia contou com a presen\u00e7a de representantes da sociedade civil. <div class=\"credit icon-left\"> \u00a9 Jo\u00e3o Paulo Guimar\u00e3es \/ Greenpeace<\/div><\/figcaption><\/figure>\n\n<p><strong>Seguran\u00e7a e justi\u00e7a na Amaz\u00f4nia&nbsp;<\/strong><\/p>\n\n<p>Os oito pa\u00edses amaz\u00f4nicos tamb\u00e9m se comprometeram a trabalhar em conjunto no combate \u00e0 atividade il\u00edcitas, como crimes ambientais. A Declara\u00e7\u00e3o de Bel\u00e9m pontuou uma \u201ccoopera\u00e7\u00e3o policial, judicial e de intelig\u00eancia\u201d.&nbsp;<\/p>\n\n<p>Um dos objetivos \u00e9 implementar medidas para <strong>garantir um ambiente seguro para a popula\u00e7\u00e3o e organiza\u00e7\u00f5es socioambientais<\/strong>, incluindo a cria\u00e7\u00e3o de um observat\u00f3rio de direitos humanos para povos ind\u00edgenas, lideran\u00e7as e ativistas na Amaz\u00f4nia.&nbsp;<\/p>\n\n<p>O protagonismo de povos ind\u00edgenas, mulheres e jovens nos espa\u00e7os de decis\u00e3o foi demandado, como a cria\u00e7\u00e3o de um f\u00f3rum sobre interseccionalidade de g\u00eanero, etnia e clima para promover pol\u00edticas dignas e seguras de adapta\u00e7\u00e3o e mitiga\u00e7\u00e3o \u00e0s mudan\u00e7as clim\u00e1ticas.<\/p>\n\n<figure class=\"wp-block-image size-large\"><img loading=\"lazy\" decoding=\"async\" width=\"1024\" height=\"683\" src=\"https:\/\/www.greenpeace.org\/static\/planet4-brasil-stateless\/2023\/08\/95f13862-gp0stxa24-1024x683.jpg\" title=\"People&#039;s March Amazon Summit in Bel\u00e9m, Brazil. \u00a9 Jo\u00e3o Paulo Guimar\u00e3es \/ Greenpeace\" alt=\"People's March Amazon Summit in Bel\u00e9m, Brazil. \u00a9 Jo\u00e3o Paulo Guimar\u00e3es \/ Greenpeace\" class=\"wp-image-48040\" srcset=\"https:\/\/www.greenpeace.org\/static\/planet4-brasil-stateless\/2023\/08\/95f13862-gp0stxa24-1024x683.jpg 1024w, https:\/\/www.greenpeace.org\/static\/planet4-brasil-stateless\/2023\/08\/95f13862-gp0stxa24-300x200.jpg 300w, https:\/\/www.greenpeace.org\/static\/planet4-brasil-stateless\/2023\/08\/95f13862-gp0stxa24-768x512.jpg 768w, https:\/\/www.greenpeace.org\/static\/planet4-brasil-stateless\/2023\/08\/95f13862-gp0stxa24-510x340.jpg 510w, https:\/\/www.greenpeace.org\/static\/planet4-brasil-stateless\/2023\/08\/95f13862-gp0stxa24.jpg 1200w\" sizes=\"auto, (max-width: 1024px) 100vw, 1024px\" \/><figcaption class=\"wp-element-caption\">Jovem ind\u00edgena durante a C\u00fapula da Amaz\u00f4nia.<div class=\"credit icon-left\"> \u00a9 Jo\u00e3o Paulo Guimar\u00e3es \/ Greenpeace<\/div><\/figcaption><\/figure>\n\n<p class=\"has-text-align-center has-red-500-background-color has-background\"><strong>Alerta: marco temporal \u00e0 vista no Congresso<\/strong><br><br>Enquanto os olhos estavam voltados para a C\u00fapula da Amaz\u00f4nia, a bancada ruralista no Congresso brasileiro voltou a pautar o <strong>Projeto de Lei 2903\/2003<\/strong> (ex-PL 490), que trata da <a rel=\"noreferrer noopener\" href=\"https:\/\/www.greenpeace.org\/brasil\/blog\/marco-temporal-nossas-vidas-estao-em-jogo\/\" target=\"_blank\">tese anti-ind\u00edgena do marco temporal<\/a>. Neste momento, a proposta est\u00e1 em discuss\u00e3o na Comiss\u00e3o de Agricultura e Reforma Agr\u00e1ria (CRA) do Senado Federal e, se for aprovada na casa, avan\u00e7a mais um passo na tramita\u00e7\u00e3o, podendo virar lei.&nbsp;<br><br>Apelidado de \u201cPL do marco temporal\u201d, o projeto vai na contram\u00e3o do compromisso assumido pelo Brasil recentemente na Declara\u00e7\u00e3o de Bel\u00e9m, pois entrega os territ\u00f3rios ind\u00edgenas e suas riquezas \u00e0 explora\u00e7\u00e3o predat\u00f3ria, aumentando os riscos para os povos origin\u00e1rios e para o futuro de toda humanidade.<br><br><em>Apoie a defesa dos direitos ind\u00edgenas participando e divulgando o abaixo-assinado: <a rel=\"noreferrer noopener\" href=\"https:\/\/www.greenpeace.org\/brasil\/apoie\/marco-temporal-nao\/\" target=\"_blank\"><strong>marco temporal n\u00e3o!<\/strong><\/a><\/em><\/p>\n","protected":false},"excerpt":{"rendered":"<p>Acordo assinado entre os pa\u00edses amaz\u00f4nicos se compromete com os direitos dos povos origin\u00e1rios e a demarca\u00e7\u00e3o de terras ind\u00edgenas, mas possui brechas e lacunas<\/p>\n","protected":false},"author":107,"featured_media":48035,"comment_status":"open","ping_status":"closed","sticky":false,"template":"","format":"standard","meta":{"ep_exclude_from_search":false,"p4_og_title":"","p4_og_description":"","p4_og_image":"","p4_og_image_id":"","p4_seo_canonical_url":"","p4_campaign_name":"","p4_local_project":"","p4_basket_name":"","p4_department":"","footnotes":""},"categories":[49,5],"tags":[43],"p4-page-type":[16],"class_list":["post-48015","post","type-post","status-publish","format-standard","has-post-thumbnail","hentry","category-amazonia","category-greenpeace","tag-povos-e-territorios","p4-page-type-blog"],"_links":{"self":[{"href":"https:\/\/www.greenpeace.org\/brasil\/wp-json\/wp\/v2\/posts\/48015","targetHints":{"allow":["GET"]}}],"collection":[{"href":"https:\/\/www.greenpeace.org\/brasil\/wp-json\/wp\/v2\/posts"}],"about":[{"href":"https:\/\/www.greenpeace.org\/brasil\/wp-json\/wp\/v2\/types\/post"}],"author":[{"embeddable":true,"href":"https:\/\/www.greenpeace.org\/brasil\/wp-json\/wp\/v2\/users\/107"}],"replies":[{"embeddable":true,"href":"https:\/\/www.greenpeace.org\/brasil\/wp-json\/wp\/v2\/comments?post=48015"}],"version-history":[{"count":12,"href":"https:\/\/www.greenpeace.org\/brasil\/wp-json\/wp\/v2\/posts\/48015\/revisions"}],"predecessor-version":[{"id":58516,"href":"https:\/\/www.greenpeace.org\/brasil\/wp-json\/wp\/v2\/posts\/48015\/revisions\/58516"}],"wp:featuredmedia":[{"embeddable":true,"href":"https:\/\/www.greenpeace.org\/brasil\/wp-json\/wp\/v2\/media\/48035"}],"wp:attachment":[{"href":"https:\/\/www.greenpeace.org\/brasil\/wp-json\/wp\/v2\/media?parent=48015"}],"wp:term":[{"taxonomy":"category","embeddable":true,"href":"https:\/\/www.greenpeace.org\/brasil\/wp-json\/wp\/v2\/categories?post=48015"},{"taxonomy":"post_tag","embeddable":true,"href":"https:\/\/www.greenpeace.org\/brasil\/wp-json\/wp\/v2\/tags?post=48015"},{"taxonomy":"p4-page-type","embeddable":true,"href":"https:\/\/www.greenpeace.org\/brasil\/wp-json\/wp\/v2\/p4-page-type?post=48015"}],"curies":[{"name":"wp","href":"https:\/\/api.w.org\/{rel}","templated":true}]}}