{"id":48219,"date":"2023-08-25T09:28:46","date_gmt":"2023-08-25T12:28:46","guid":{"rendered":"https:\/\/www.greenpeace.org\/brasil\/?p=48219"},"modified":"2023-08-29T13:33:17","modified_gmt":"2023-08-29T16:33:17","slug":"as-arvores-somos-nozes-85-petroleo-na-foz-do-amazonas-nao-e-solucao","status":"publish","type":"post","link":"https:\/\/www.greenpeace.org\/brasil\/podcast\/as-arvores-somos-nozes-85-petroleo-na-foz-do-amazonas-nao-e-solucao\/","title":{"rendered":"As \u00c1rvores Somos Nozes 85 &#8211; Petr\u00f3leo na Foz do Amazonas n\u00e3o \u00e9 solu\u00e7\u00e3o"},"content":{"rendered":"\n<h4 class=\"wp-block-heading\">Entrevistamos Suely Ara\u00fajo, ex-presidente do Ibama, que defendeu mudan\u00e7as na Petrobras e afirmou que o Brasil n\u00e3o precisa explorar petr\u00f3leo em \u00e1reas sens\u00edveis, como a Amaz\u00f4nia.  <\/h4>\n\n<iframe loading=\"lazy\" src=\"https:\/\/podcasters.spotify.com\/pod\/show\/as-arvores\/embed\/episodes\/85--Petrleo-na-Foz-do-Amazonas-no--soluo-e28gsrf\" height=\"120px\" width=\"700px\" frameborder=\"0\" scrolling=\"no\"><\/iframe>\n\n<p><strong>Petr\u00f3leo<\/strong> n\u00e3o \u00e9 o futuro e a <strong>Petrobras<\/strong> precisa deixar de ser uma &#8220;mega petroleira para se transformar em uma empresa de energia&#8221;. Esse \u00e9 o recado de quem entende do assunto: <strong>Suely Ara\u00fajo<\/strong>, que presidiu o<strong> Ibama <\/strong>&#8211; Instituto Brasileiro Meio Ambiente Recursos Naturais Renov\u00e1veis &#8211; de 2016 a janeiro de 2019. Ara\u00fajo foi a primeira pessoa a negar uma licen\u00e7a para investigar petr\u00f3leo na <strong>foz do Amazonas<\/strong>, ainda em 2018, na \u00e9poca pedida pela empresa Total. Agora, em 2023, a especialista apoia nova negativa do Ibama, dessa vez \u00e0 Petrobras, \u00e0 explora\u00e7\u00e3o do \u00f3leo no local.<\/p>\n\n<p>Em entrevista ao nosso podcast, <strong>As \u00c1rvores Somos Nozes<\/strong>, Suely explicou que o Brasil n\u00e3o precisa explorar petr\u00f3leo na Foz do Amazonas, regi\u00e3o rica em biodiversidade e esp\u00e9cies amea\u00e7adas de extin\u00e7\u00e3o. <\/p>\n\n<p><em>&#8220;O Brasil, hoje, atende as suas demandas por petr\u00f3leo. O \u00f3leo daquela regi\u00e3o \u00e9 claramente voltado para exporta\u00e7\u00e3o&#8221;, disse Ara\u00fajo. <\/em><\/p>\n\n<p>Suely lembrou que a Petrobras j\u00e1 enfrentou graves acidentes com vazamento de petr\u00f3leo em outras regi\u00f5es exploradas e explicou que um acidente desses na Foz do Amazonas envolveria consequ\u00eancias tr\u00e1gicas para o Brasil e para pa\u00edses vizinhos. &#8220;Em menos de 10 horas, o \u00f3leo j\u00e1 alcan\u00e7aria \u00e1guas da Guiana Francesa, o que dificulta muito a gest\u00e3o de acidentes&#8221;, afirmou. Apesar disso, nem a Total, nem a Petrobras conseguiram demonstrar como seriam suas respostas de emerg\u00eancia caso um vazamento ocorre ali.  <\/p>\n\n<p>Este epis\u00f3dio come\u00e7ou a ser produzido durante os <strong>Di\u00e1logos Amaz\u00f4nicos<\/strong>, em Bel\u00e9m do Par\u00e1, onde conversamos com pessoas da <strong>PanAmaz\u00f4nia<\/strong> que s\u00e3o afetadas pela explora\u00e7\u00e3o do petr\u00f3leo no bioma. Vem ouvir!<\/p>\n\n<p><a rel=\"noreferrer noopener\" href=\"https:\/\/anchor.fm\/s\/48daadd4\/podcast\/rss\" target=\"_blank\">Assine o feed<\/a>&nbsp;|&nbsp;<a rel=\"noreferrer noopener\" href=\"https:\/\/open.spotify.com\/show\/51FYxkzZ0DPPUtd87T01ny\" target=\"_blank\">Ou\u00e7a no Spotify<\/a>&nbsp;|&nbsp;<a rel=\"noreferrer noopener\" href=\"https:\/\/podcasts.apple.com\/us\/podcast\/as-%C3%A1rvores-somos-nozes\/id1436750884?uo=4#\" target=\"_blank\">Ou\u00e7a no iOS<\/a>&nbsp;|&nbsp;<a rel=\"noreferrer noopener\" href=\"https:\/\/subscribeonandroid.com\/feeds.feedburner.com\/asarvores\" target=\"_blank\">Ou\u00e7a no Android<\/a><\/p>\n\n<p>Links de refer\u00eancia:<\/p>\n\n<ul class=\"wp-block-list\">\n<li><a href=\"https:\/\/www.greenpeace.org\/brasil\/blog\/com-petroleo-futuro-da-amazonia-esta-comprometido\/\">Com petr\u00f3leo, futuro da Amaz\u00f4nia est\u00e1 comprometido<\/a><\/li>\n\n\n\n<li><a href=\"https:\/\/www.greenpeace.org\/brasil\/blog\/equador-diz-nao-a-petroleo-enquanto-brasil-aposta-em-explorar-amazonia\/\">Equador diz n\u00e3o ao petr\u00f3leo, enquanto Brasil aposta em explorar Amaz\u00f4nia<\/a><\/li>\n\n\n\n<li><a href=\"https:\/\/www.greenpeace.org\/brasil\/blog\/decisao-do-ibama-sobre-foz-do-amazonas-e-vitoria-da-biodiversidade\/\" target=\"_blank\" rel=\"noreferrer noopener\">Decis\u00e3o do Ibama sobre foz do Amazonas \u00e9 vit\u00f3ria da biodiversidade<\/a><\/li>\n\n\n\n<li><a href=\"https:\/\/www.greenpeace.org\/brasil\/blog\/dialogos-amazonicos-o-que-aconteceu-e-o-que-temos-a-comemorar\/\">Di\u00e1logos Amaz\u00f4nicos: o que aconteceu e o que temos a comemorar<\/a><\/li>\n<\/ul>\n\n<p>Cr\u00e9ditos:<\/p>\n\n<ul class=\"wp-block-list\">\n<li><strong>Apresenta\u00e7\u00e3o: <\/strong>Camila Doretto e Rafael Silva;<\/li>\n\n\n\n<li><strong>Produ\u00e7\u00e3o e Roteiro: <\/strong>La\u00eds Modelli;<\/li>\n\n\n\n<li><strong>Entrevistada: <\/strong>Suely Ara\u00fajo;<\/li>\n\n\n\n<li><strong>Sound Design:<\/strong> Compasso Coolab;<\/li>\n\n\n\n<li><strong>Trilha original:<\/strong> Marcellus Meirelles e Alexandre Luppi;<\/li>\n\n\n\n<li><strong>Edi\u00e7\u00e3o: <\/strong><a href=\"https:\/\/www.mandrilaudio.com.br\/\">Mandril Audio<\/a>.<\/li>\n<\/ul>\n","protected":false},"excerpt":{"rendered":"<p>Entrevistamos Suely Ara\u00fajo, ex-presidente do Ibama, que defendeu mudan\u00e7as na Petrobras e afirmou que o Brasil n\u00e3o precisa explorar petr\u00f3leo em \u00e1reas sens\u00edveis, como a Amaz\u00f4nia.  <\/p>\n","protected":false},"author":28,"featured_media":48222,"comment_status":"open","ping_status":"closed","sticky":false,"template":"","format":"standard","meta":{"ep_exclude_from_search":false,"p4_og_title":"","p4_og_description":"","p4_og_image":"","p4_og_image_id":"","p4_seo_canonical_url":"","p4_campaign_name":"","p4_local_project":"","p4_basket_name":"","p4_department":"","footnotes":""},"categories":[5],"tags":[27],"p4-page-type":[28],"class_list":["post-48219","post","type-post","status-publish","format-standard","has-post-thumbnail","hentry","category-greenpeace","tag-oceanos","p4-page-type-podcast"],"_links":{"self":[{"href":"https:\/\/www.greenpeace.org\/brasil\/wp-json\/wp\/v2\/posts\/48219","targetHints":{"allow":["GET"]}}],"collection":[{"href":"https:\/\/www.greenpeace.org\/brasil\/wp-json\/wp\/v2\/posts"}],"about":[{"href":"https:\/\/www.greenpeace.org\/brasil\/wp-json\/wp\/v2\/types\/post"}],"author":[{"embeddable":true,"href":"https:\/\/www.greenpeace.org\/brasil\/wp-json\/wp\/v2\/users\/28"}],"replies":[{"embeddable":true,"href":"https:\/\/www.greenpeace.org\/brasil\/wp-json\/wp\/v2\/comments?post=48219"}],"version-history":[{"count":15,"href":"https:\/\/www.greenpeace.org\/brasil\/wp-json\/wp\/v2\/posts\/48219\/revisions"}],"predecessor-version":[{"id":48329,"href":"https:\/\/www.greenpeace.org\/brasil\/wp-json\/wp\/v2\/posts\/48219\/revisions\/48329"}],"wp:featuredmedia":[{"embeddable":true,"href":"https:\/\/www.greenpeace.org\/brasil\/wp-json\/wp\/v2\/media\/48222"}],"wp:attachment":[{"href":"https:\/\/www.greenpeace.org\/brasil\/wp-json\/wp\/v2\/media?parent=48219"}],"wp:term":[{"taxonomy":"category","embeddable":true,"href":"https:\/\/www.greenpeace.org\/brasil\/wp-json\/wp\/v2\/categories?post=48219"},{"taxonomy":"post_tag","embeddable":true,"href":"https:\/\/www.greenpeace.org\/brasil\/wp-json\/wp\/v2\/tags?post=48219"},{"taxonomy":"p4-page-type","embeddable":true,"href":"https:\/\/www.greenpeace.org\/brasil\/wp-json\/wp\/v2\/p4-page-type?post=48219"}],"curies":[{"name":"wp","href":"https:\/\/api.w.org\/{rel}","templated":true}]}}