{"id":48257,"date":"2023-08-25T15:02:34","date_gmt":"2023-08-25T18:02:34","guid":{"rendered":"https:\/\/www.greenpeace.org\/brasil\/?p=48257"},"modified":"2023-08-25T16:10:06","modified_gmt":"2023-08-25T19:10:06","slug":"marco-temporal-julgamento-mais-importante-da-historia-sera-retomado-na-quarta-feira-30","status":"publish","type":"post","link":"https:\/\/www.greenpeace.org\/brasil\/blog\/marco-temporal-julgamento-mais-importante-da-historia-sera-retomado-na-quarta-feira-30\/","title":{"rendered":"Marco Temporal: julgamento mais importante da hist\u00f3ria ser\u00e1 retomado na pr\u00f3xima semana"},"content":{"rendered":"\n<h4 class=\"wp-block-heading\"><em>Tese anti-ind\u00edgena defendida pelos ruralistas amea\u00e7a a democracia, a biodiversidade do Brasil e o futuro do planeta<\/em><\/h4>\n\n<figure class=\"wp-block-image aligncenter size-full\"><img loading=\"lazy\" decoding=\"async\" width=\"685\" height=\"442\" src=\"https:\/\/www.greenpeace.org\/static\/planet4-brasil-stateless\/2023\/06\/f2241f81-gpbr.belohorizonte_354510883_209845035341953_50756760410468979_n.jpg\" title=\"Foto de manifesta\u00e7\u00e3o com pessoas volunt\u00e1rias e lideran\u00e7as ind\u00edgenas, na rua contra o Marco Temporal\" alt=\"Foto de manifesta\u00e7\u00e3o com pessoas volunt\u00e1rias e lideran\u00e7as ind\u00edgenas, na rua contra o Marco Temporal\" class=\"wp-image-47148\" srcset=\"https:\/\/www.greenpeace.org\/static\/planet4-brasil-stateless\/2023\/06\/f2241f81-gpbr.belohorizonte_354510883_209845035341953_50756760410468979_n.jpg 685w, https:\/\/www.greenpeace.org\/static\/planet4-brasil-stateless\/2023\/06\/f2241f81-gpbr.belohorizonte_354510883_209845035341953_50756760410468979_n-300x194.jpg 300w, https:\/\/www.greenpeace.org\/static\/planet4-brasil-stateless\/2023\/06\/f2241f81-gpbr.belohorizonte_354510883_209845035341953_50756760410468979_n-510x329.jpg 510w\" sizes=\"auto, (max-width: 685px) 100vw, 685px\" \/><figcaption class=\"wp-element-caption\">O julgamento do Marco Temporal no Supremo Tribunal Federal come\u00e7ou h\u00e1 dois anos e ainda n\u00e3o foi conclu\u00eddo. Foto: Avelin Kambiw\u00e1<\/figcaption><\/figure>\n\n<p>O Supremo Tribunal Federal (STF) marcou para a pr\u00f3xima quarta-feira (30) a retomada do julgamento do Marco Temporal. Isso significa que, na pr\u00f3xima semana, \u00e9 poss\u00edvel que essa tese \u2013 que p\u00f5e em risco a vida dos povos ind\u00edgenas, amea\u00e7a a nossa democracia e coloca em xeque o equil\u00edbrio clim\u00e1tico do planeta \u2013 possa ser enterrada de vez pelos ministros da mais alta Corte do pa\u00eds.\u00a0<\/p>\n\n<p>O Marco Temporal amea\u00e7a os direitos de quase 2 milh\u00f5es de ind\u00edgenas e de mais de 305 povos, espalhados por todo o territ\u00f3rio brasileiro. Todas as Terras Ind\u00edgenas que temos hoje no Brasil podem ser impactadas e 1393 ser\u00e3o afetadas diretamente. Ou seja, <strong>o Marco Temporal destr\u00f3i a nossa atual pol\u00edtica de demarca\u00e7\u00e3o das Terras Ind\u00edgenas<\/strong>.<\/p>\n\n<p>Defendido apenas por ruralistas e pelo agroneg\u00f3cio, o Marco Temporal busca estabelecer a partir de quando um territ\u00f3rio pode ser considerado Terra Ind\u00edgena. Seus defensores querem que a data estabelecida seja o dia da promulga\u00e7\u00e3o do nosso mais recente texto constitucional &#8211; 5 de outubro de 1988, o que \u00e9 um absurdo! A pr\u00f3pria Constitui\u00e7\u00e3o Federal reconhece os direitos origin\u00e1rios dos povos ind\u00edgenas ao territ\u00f3rio que habitam.<\/p>\n\n<p><strong>Inconstitucional<\/strong><\/p>\n\n<p>Lideran\u00e7as ind\u00edgenas, pesquisadores, juristas e cientistas sociais alertam que o <a href=\"https:\/\/www.greenpeace.org\/brasil\/blog\/top-6-principais-problemas-da-tese-do-marco-temporal\/\" data-type=\"URL\" data-id=\"https:\/\/www.greenpeace.org\/brasil\/blog\/top-6-principais-problemas-da-tese-do-marco-temporal\/\" target=\"_blank\" rel=\"noreferrer noopener\">Marco Temporal \u00e9 inconstitucional<\/a> &#8211; em seu artigo 231, a Constitui\u00e7\u00e3o fala em \u201cdireitos origin\u00e1rios\u201d dos povos ind\u00edgenas. Isso significa que esses direitos s\u00e3o anteriores \u00e0 forma\u00e7\u00e3o do Brasil e n\u00e3o podem ser lidos ou interpretados como tendo uma data espec\u00edfica a partir de quando eles passam a valer ou n\u00e3o.<\/p>\n\n<p>Al\u00e9m disso, a data sugerida pelos ruralistas ignora, ou desconsidera deliberadamente, as viol\u00eancias \u00e0s quais os povos ind\u00edgenas foram submetidos desde 1500. Nossa hist\u00f3ria \u00e9 marcada por relatos de diversos povos origin\u00e1rios sendo v\u00edtimas de massacres, genoc\u00eddios, contamina\u00e7\u00e3o por doen\u00e7as, viol\u00eancias sexuais, aliciamento para trabalho escravo, expuls\u00e3o de territ\u00f3rios e remo\u00e7\u00f5es for\u00e7adas.<\/p>\n\n<p>O que o agroneg\u00f3cio quer \u00e9 manter o modelo predat\u00f3rio e desfuncional que temos hoje de explora\u00e7\u00e3o desenfreada da floresta. Querem dificultar a demarca\u00e7\u00e3o de Terras Ind\u00edgenas e impedir que os povos origin\u00e1rios vivam segundo seus costumes e tradi\u00e7\u00f5es.<strong> Caso a tese do Marco Temporal seja validada, podemos esperar o aumento da viol\u00eancia e dos conflitos fundi\u00e1rios, mais retrocessos nos direitos ind\u00edgenas, preju\u00edzos econ\u00f4micos e ambientais<\/strong>. \u00c9 esse o futuro que queremos e merecemos?<\/p>\n\n<p>Vale lembrar que, hoje, n\u00f3s sabemos que <a href=\"https:\/\/agenciabrasil.ebc.com.br\/geral\/noticia\/2023-04\/terras-indigenas-sao-que-mais-protegem-biodiversidade\" data-type=\"URL\" data-id=\"https:\/\/agenciabrasil.ebc.com.br\/geral\/noticia\/2023-04\/terras-indigenas-sao-que-mais-protegem-biodiversidade\" target=\"_blank\" rel=\"noreferrer noopener\">as terras ind\u00edgenas s\u00e3o o tipo de territ\u00f3rio que mais protege as florestas<\/a> &#8211; os ind\u00edgenas s\u00e3o apenas 20% da popula\u00e7\u00e3o mundial, mas guardam em seus territ\u00f3rios cerca de 80% da biodiversidade do planeta inteiro!&nbsp;<\/p>\n\n<figure class=\"wp-block-image size-large\"><img loading=\"lazy\" decoding=\"async\" width=\"1024\" height=\"683\" src=\"https:\/\/www.greenpeace.org\/static\/planet4-brasil-stateless\/2022\/06\/b7cc6566-gp1svv2w_high_res-1024x683.jpg\" alt=\"\" class=\"wp-image-41021\" srcset=\"https:\/\/www.greenpeace.org\/static\/planet4-brasil-stateless\/2022\/06\/b7cc6566-gp1svv2w_high_res-1024x683.jpg 1024w, https:\/\/www.greenpeace.org\/static\/planet4-brasil-stateless\/2022\/06\/b7cc6566-gp1svv2w_high_res-300x200.jpg 300w, https:\/\/www.greenpeace.org\/static\/planet4-brasil-stateless\/2022\/06\/b7cc6566-gp1svv2w_high_res-768x512.jpg 768w, https:\/\/www.greenpeace.org\/static\/planet4-brasil-stateless\/2022\/06\/b7cc6566-gp1svv2w_high_res-1536x1024.jpg 1536w, https:\/\/www.greenpeace.org\/static\/planet4-brasil-stateless\/2022\/06\/b7cc6566-gp1svv2w_high_res-2048x1366.jpg 2048w, https:\/\/www.greenpeace.org\/static\/planet4-brasil-stateless\/2022\/06\/b7cc6566-gp1svv2w_high_res-510x340.jpg 510w\" sizes=\"auto, (max-width: 1024px) 100vw, 1024px\" \/><figcaption class=\"wp-element-caption\">Em 2021, diversas lideran\u00e7as ind\u00edgenas foram a Bras\u00edlia acompanhar o in\u00edcio do julgamento do Marco Temporal. Foto: Diego Baravelli\/Greenpeace<\/figcaption><\/figure>\n\n<p><strong>O julgamento<\/strong><\/p>\n\n<p>Os ministros do STF est\u00e3o julgando o Recurso Extraordin\u00e1rio 1.017.365 &#8211; uma a\u00e7\u00e3o de reintegra\u00e7\u00e3o de posse movida pelo governo de Santa Catarina contra o povo Xokleng, referente \u00e0 Terra Ind\u00edgena Ibirama-Lakl\u00e3n\u00f5.&nbsp;<\/p>\n\n<p>Em 2019, o STF deu status de \u201crepercuss\u00e3o geral\u201d ao processo, o que significa que a decis\u00e3o tomada aqui servir\u00e1 de diretriz para todas as inst\u00e2ncias da Justi\u00e7a no que diz respeito \u00e0 demarca\u00e7\u00e3o de Terras Ind\u00edgenas. <strong>Por isso, este \u00e9 um dos julgamentos mais importantes da hist\u00f3ria do Brasil<\/strong>!<\/p>\n\n<p>Atualmente, <strong><a href=\"https:\/\/www.greenpeace.org\/brasil\/blog\/e-urgente-rejeitar-o-marco-temporal-de-uma-vez-por-todas\/\" data-type=\"URL\" data-id=\"https:\/\/www.greenpeace.org\/brasil\/blog\/e-urgente-rejeitar-o-marco-temporal-de-uma-vez-por-todas\/\" target=\"_blank\" rel=\"noreferrer noopener\">o placar est\u00e1 de 2 x 1 pela a rejei\u00e7\u00e3o da tese do Marco Temporal.<\/a> <\/strong>O relator do caso, Edson Fachin, reafirmou o que diz a Constitui\u00e7\u00e3o: que os direitos dos povos ind\u00edgenas s\u00e3o origin\u00e1rios &#8211; ou seja, n\u00e3o podem ter uma data estabelecida de come\u00e7o, meio e fim.&nbsp;<\/p>\n\n<p>O ministro Alexandre de Moraes foi pelo mesmo caminho, mas abriu um precedente perigoso ap\u00f3s falar em indeniza\u00e7\u00e3o para n\u00e3o-ind\u00edgenas e \u201cterras equivalentes\u201d; <a href=\"https:\/\/apiboficial.org\/2023\/08\/03\/tese-do-ministro-alexandre-de-moraes-pode-acabar-com-a-politica-de-demarcacao-de-terra-indigena\/\" data-type=\"URL\" data-id=\"https:\/\/apiboficial.org\/2023\/08\/03\/tese-do-ministro-alexandre-de-moraes-pode-acabar-com-a-politica-de-demarcacao-de-terra-indigena\/\" target=\"_blank\" rel=\"noreferrer noopener\">essas ideias foram recha\u00e7adas fortemente pelo movimento ind\u00edgena<\/a> e suas entidades representativas, como a Articula\u00e7\u00e3o dos Povos Ind\u00edgenas do Brasil (Apib).&nbsp;<\/p>\n\n<p>O ministro K\u00e1ssio Nunes votou a favor do Marco Temporal. Na pr\u00f3xima quarta-feira, com a retomada do julgamento, \u00e9 a vez do Ministro Andr\u00e9 Mendon\u00e7a proferir seu voto.<\/p>\n\n<p><strong>Apetite ruralista<\/strong><\/p>\n\n<p>A tese do Marco Temporal n\u00e3o est\u00e1 presente apenas no STF. Ela tamb\u00e9m est\u00e1 sendo discutida no Congresso Nacional, numa ofensiva violenta da bancada ruralista que, esta semana, aprovou o texto do PL 2963 na Comiss\u00e3o de Agricultura do Senado. <a href=\"https:\/\/www.greenpeace.org\/brasil\/blog\/tese-anti-indigena-do-marco-temporal-avanca-no-senado\/\" data-type=\"URL\" data-id=\"https:\/\/www.greenpeace.org\/brasil\/blog\/tese-anti-indigena-do-marco-temporal-avanca-no-senado\/\" target=\"_blank\" rel=\"noreferrer noopener\">No Congresso, a discuss\u00e3o est\u00e1 sendo feita de maneira apressada e sem o menor cuidado<\/a>, mostrando que, mesmo com o fim do governo Bolsonaro, o apetite ruralista por continuar explorando sem crit\u00e9rios a natureza brasileira em prol do lucro de alguns poucos continua \u00e0 toda.&nbsp;<\/p>\n\n<p>Estamos diante de um momento important\u00edssimo para o pa\u00eds e<strong> precisamos estar juntos do movimento ind\u00edgena, dizendo em alto e bom som que n\u00e3o queremos que a tese do Marco Temporal seja aceita<\/strong> por nossas autoridades.<\/p>\n\n<p>\u00c9 hora de todo mundo se manifestar e mostrar que o pa\u00eds que queremos &#8211; justo, inclusivo e ecol\u00f3gico &#8211; considera os povos ind\u00edgenas, seus costumes e tradi\u00e7\u00f5es como patrim\u00f4nios valios\u00edssimos. Seu direito de viver como quiserem, em paz e comunh\u00e3o com seus territ\u00f3rios, s\u00e3o inegoci\u00e1veis. Engrosse o coro que diz: Marco Temporal N\u00e3o!<\/p>\n\n<div class=\"wp-block-buttons is-layout-flex wp-block-buttons-is-layout-flex\">\n<div class=\"wp-block-button\"><a class=\"wp-block-button__link wp-element-button\" href=\"https:\/\/www.greenpeace.org\/brasil\/apoie\/marco-temporal-nao\/\" target=\"_blank\" rel=\"noreferrer noopener\">Nos ajude a chegar 500 mil assinaturas: assine o nosso abaixo contra o Marco Temporal!<\/a><\/div>\n<\/div>\n\n<figure class=\"wp-block-image aligncenter size-large\"><img loading=\"lazy\" decoding=\"async\" width=\"1024\" height=\"683\" src=\"https:\/\/www.greenpeace.org\/static\/planet4-brasil-stateless\/2022\/06\/899e0291-gp1svv20_high_res-1024x683.jpg\" alt=\"\" class=\"wp-image-41020\" srcset=\"https:\/\/www.greenpeace.org\/static\/planet4-brasil-stateless\/2022\/06\/899e0291-gp1svv20_high_res-1024x683.jpg 1024w, https:\/\/www.greenpeace.org\/static\/planet4-brasil-stateless\/2022\/06\/899e0291-gp1svv20_high_res-300x200.jpg 300w, https:\/\/www.greenpeace.org\/static\/planet4-brasil-stateless\/2022\/06\/899e0291-gp1svv20_high_res-768x512.jpg 768w, https:\/\/www.greenpeace.org\/static\/planet4-brasil-stateless\/2022\/06\/899e0291-gp1svv20_high_res-1536x1024.jpg 1536w, https:\/\/www.greenpeace.org\/static\/planet4-brasil-stateless\/2022\/06\/899e0291-gp1svv20_high_res-2048x1366.jpg 2048w, https:\/\/www.greenpeace.org\/static\/planet4-brasil-stateless\/2022\/06\/899e0291-gp1svv20_high_res-510x340.jpg 510w\" sizes=\"auto, (max-width: 1024px) 100vw, 1024px\" \/><figcaption class=\"wp-element-caption\">A tese do Marco Temporal ataca os direitos ind\u00edgenas e amea\u00e7a diretamente quase 2 milh\u00f5es de pessoas por todo o Pa\u00eds. Foto: Tuane Fernandes\/Greenpeace<\/figcaption><\/figure>\n","protected":false},"excerpt":{"rendered":"<p>Tese anti-ind\u00edgena defendida pelos ruralistas amea\u00e7a a democracia, a biodiversidade do Brasil e o futuro do planeta<\/p>\n","protected":false},"author":90,"featured_media":41020,"comment_status":"open","ping_status":"closed","sticky":false,"template":"","format":"standard","meta":{"ep_exclude_from_search":false,"p4_og_title":"","p4_og_description":"","p4_og_image":"","p4_og_image_id":"","p4_seo_canonical_url":"","p4_campaign_name":"","p4_local_project":"","p4_basket_name":"","p4_department":"","footnotes":""},"categories":[49],"tags":[43],"p4-page-type":[16],"class_list":["post-48257","post","type-post","status-publish","format-standard","has-post-thumbnail","hentry","category-amazonia","tag-povos-e-territorios","p4-page-type-blog"],"_links":{"self":[{"href":"https:\/\/www.greenpeace.org\/brasil\/wp-json\/wp\/v2\/posts\/48257","targetHints":{"allow":["GET"]}}],"collection":[{"href":"https:\/\/www.greenpeace.org\/brasil\/wp-json\/wp\/v2\/posts"}],"about":[{"href":"https:\/\/www.greenpeace.org\/brasil\/wp-json\/wp\/v2\/types\/post"}],"author":[{"embeddable":true,"href":"https:\/\/www.greenpeace.org\/brasil\/wp-json\/wp\/v2\/users\/90"}],"replies":[{"embeddable":true,"href":"https:\/\/www.greenpeace.org\/brasil\/wp-json\/wp\/v2\/comments?post=48257"}],"version-history":[{"count":8,"href":"https:\/\/www.greenpeace.org\/brasil\/wp-json\/wp\/v2\/posts\/48257\/revisions"}],"predecessor-version":[{"id":48280,"href":"https:\/\/www.greenpeace.org\/brasil\/wp-json\/wp\/v2\/posts\/48257\/revisions\/48280"}],"wp:featuredmedia":[{"embeddable":true,"href":"https:\/\/www.greenpeace.org\/brasil\/wp-json\/wp\/v2\/media\/41020"}],"wp:attachment":[{"href":"https:\/\/www.greenpeace.org\/brasil\/wp-json\/wp\/v2\/media?parent=48257"}],"wp:term":[{"taxonomy":"category","embeddable":true,"href":"https:\/\/www.greenpeace.org\/brasil\/wp-json\/wp\/v2\/categories?post=48257"},{"taxonomy":"post_tag","embeddable":true,"href":"https:\/\/www.greenpeace.org\/brasil\/wp-json\/wp\/v2\/tags?post=48257"},{"taxonomy":"p4-page-type","embeddable":true,"href":"https:\/\/www.greenpeace.org\/brasil\/wp-json\/wp\/v2\/p4-page-type?post=48257"}],"curies":[{"name":"wp","href":"https:\/\/api.w.org\/{rel}","templated":true}]}}