{"id":48632,"date":"2023-08-30T21:08:12","date_gmt":"2023-08-31T00:08:12","guid":{"rendered":"https:\/\/www.greenpeace.org\/brasil\/?p=48632"},"modified":"2026-01-09T09:29:22","modified_gmt":"2026-01-09T12:29:22","slug":"marco-temporal-e-retomado-no-supremo-tribunal-federal","status":"publish","type":"post","link":"https:\/\/www.greenpeace.org\/brasil\/blog\/marco-temporal-e-retomado-no-supremo-tribunal-federal\/","title":{"rendered":"Marco Temporal \u00e9 retomado no Supremo Tribunal Federal"},"content":{"rendered":"\n<h4 class=\"wp-block-heading\">Mais de 600 lideran\u00e7as ind\u00edgenas acompanharam a volta do julgamento do s\u00e9culo para os povos origin\u00e1rios<\/h4>\n\n<figure class=\"wp-block-image size-full\"><img loading=\"lazy\" decoding=\"async\" width=\"800\" height=\"533\" src=\"https:\/\/www.greenpeace.org\/static\/planet4-brasil-stateless\/2023\/08\/42736683-gp0stxh7k_web_size-1.jpg\" alt=\"\" class=\"wp-image-48634\" srcset=\"https:\/\/www.greenpeace.org\/static\/planet4-brasil-stateless\/2023\/08\/42736683-gp0stxh7k_web_size-1.jpg 800w, https:\/\/www.greenpeace.org\/static\/planet4-brasil-stateless\/2023\/08\/42736683-gp0stxh7k_web_size-1-300x200.jpg 300w, https:\/\/www.greenpeace.org\/static\/planet4-brasil-stateless\/2023\/08\/42736683-gp0stxh7k_web_size-1-768x512.jpg 768w, https:\/\/www.greenpeace.org\/static\/planet4-brasil-stateless\/2023\/08\/42736683-gp0stxh7k_web_size-1-510x340.jpg 510w\" sizes=\"auto, (max-width: 800px) 100vw, 800px\" \/><figcaption class=\"wp-element-caption\">Mais de 600 lideran\u00e7as de todo o Brasil foram a Bras\u00edlia deixar bem clara sua posi\u00e7\u00e3o<div class=\"credit icon-left\"> \u00a9 Pedro Ladeira\/Greenpeace<\/div><\/figcaption><\/figure>\n\n<p>Nesta quarta-feira (30\/8), o Supremo Tribunal Federal (STF) retomou a vota\u00e7\u00e3o do Marco Temporal (<a rel=\"noreferrer noopener\" href=\"https:\/\/portal.stf.jus.br\/processos\/detalhe.asp?incidente=5109720\" target=\"_blank\">RE 1017365<\/a>): <strong>o julgamento mais importante da hist\u00f3ria dos povos ind\u00edgenas do Brasil<\/strong>. Isso porque o resultado vai definir um direito fundamental aos povos origin\u00e1rios &#8211; o direito ao territ\u00f3rio.\u00a0<\/p>\n\n<p>Mais de 600 lideran\u00e7as ind\u00edgenas de todas as regi\u00f5es do pa\u00eds est\u00e3o em Bras\u00edlia (DF) para acompanhar a decis\u00e3o da Suprema Corte e, principalmente, para expressar em uma s\u00f3 voz: Marco Temporal N\u00e3o! A Articula\u00e7\u00e3o dos Povos Ind\u00edgenas do Brasil (Apib) montou uma estrutura com tel\u00e3o e tenda na frente do STF e 50 lideran\u00e7as tiveram acesso para assistir \u00e0 sess\u00e3o no plen\u00e1rio do Supremo.\u00a0<\/p>\n\n<p>Al\u00e9m da mobiliza\u00e7\u00e3o na capital brasileira, houve tamb\u00e9m manifesta\u00e7\u00f5es de norte a sul do Brasil e nas redes sociais, reiterando o rep\u00fadio ao Marco Temporal: <a href=\"https:\/\/www.greenpeace.org\/brasil\/blog\/e-urgente-rejeitar-o-marco-temporal-de-uma-vez-por-todas\/\" data-type=\"URL\" data-id=\"https:\/\/www.greenpeace.org\/brasil\/blog\/e-urgente-rejeitar-o-marco-temporal-de-uma-vez-por-todas\/\" target=\"_blank\" rel=\"noreferrer noopener\">uma tese anti-ind\u00edgena criada por ruralistas<\/a> para explorar os territ\u00f3rios dos povos origin\u00e1rios, e <a href=\"https:\/\/www.greenpeace.org\/brasil\/blog\/o-que-e-o-marco-temporal-e-como-ele-ameaca-os-direitos-indigenas\/\" data-type=\"URL\" data-id=\"https:\/\/www.greenpeace.org\/brasil\/blog\/o-que-e-o-marco-temporal-e-como-ele-ameaca-os-direitos-indigenas\/\" target=\"_blank\" rel=\"noreferrer noopener\">que ataca os direitos ind\u00edgenas assegurados na Constitui\u00e7\u00e3o brasileira<\/a>.<\/p>\n\n<p>O Marco Temporal representa uma amea\u00e7a \u00e0s Terras Ind\u00edgenas e \u00e0s riquezas naturais protegidas por elas \u2013 <a href=\"https:\/\/www.greenpeace.org\/brasil\/blog\/o-que-acontece-se-o-marco-temporal-for-aprovado\/\" data-type=\"URL\" data-id=\"https:\/\/www.greenpeace.org\/brasil\/blog\/o-que-acontece-se-o-marco-temporal-for-aprovado\/\" target=\"_blank\" rel=\"noreferrer noopener\">mais de 50 milh\u00f5es de hectares de florestas est\u00e3o conservados no interior de Terras Ind\u00edgenas<\/a>. Ou seja, Marco Temporal vai na contram\u00e3o do equil\u00edbrio ecol\u00f3gico e do combate \u00e0 crise clim\u00e1tica.<\/p>\n\n<div class=\"wp-block-buttons is-content-justification-center is-layout-flex wp-container-core-buttons-is-layout-16018d1d wp-block-buttons-is-layout-flex\">\n<div class=\"wp-block-button\"><a class=\"wp-block-button__link wp-element-button\" href=\"https:\/\/www.greenpeace.org\/brasil\/apoie\/marco-temporal-nao\/\" target=\"_blank\" rel=\"noreferrer noopener\">Apoie o movimento ind\u00edgena e diga voc\u00ea tamb\u00e9m: Marco Temporal N\u00e3o!\u00a0<\/a><\/div>\n<\/div>\n\n<figure class=\"wp-block-image size-full\"><img loading=\"lazy\" decoding=\"async\" width=\"800\" height=\"533\" src=\"https:\/\/www.greenpeace.org\/static\/planet4-brasil-stateless\/2023\/08\/96d1b021-gp0stxh84_web_size-1.jpg\" alt=\"\" class=\"wp-image-48635\" srcset=\"https:\/\/www.greenpeace.org\/static\/planet4-brasil-stateless\/2023\/08\/96d1b021-gp0stxh84_web_size-1.jpg 800w, https:\/\/www.greenpeace.org\/static\/planet4-brasil-stateless\/2023\/08\/96d1b021-gp0stxh84_web_size-1-300x200.jpg 300w, https:\/\/www.greenpeace.org\/static\/planet4-brasil-stateless\/2023\/08\/96d1b021-gp0stxh84_web_size-1-768x512.jpg 768w, https:\/\/www.greenpeace.org\/static\/planet4-brasil-stateless\/2023\/08\/96d1b021-gp0stxh84_web_size-1-510x340.jpg 510w\" sizes=\"auto, (max-width: 800px) 100vw, 800px\" \/><figcaption class=\"wp-element-caption\">A grande lideran\u00e7a Kayap\u00f3 Raoni Metuktire (\u00e0 esq.) esteve no plen\u00e1rio do Supremo acompanhando o julgamento<div class=\"credit icon-left\"> \u00a9 Pedro Ladeira\/Greenpeace<\/div><\/figcaption><\/figure>\n\n<p>Neste momento, o placar oficial est\u00e1 2 x 1 contra o Marco Temporal. O pr\u00f3ximo a votar \u00e9 Andr\u00e9 Mendon\u00e7a, que come\u00e7ou a pronunciar seu voto nesta quarta, mas o tempo da sess\u00e3o se esgotou. <strong>O julgamento continuar\u00e1 na quinta (31) \u00e0s 14h<\/strong> \u2013 embora o ministro j\u00e1 tenha sinalizado que pretende votar a favor do Marco Temporal, empatando o placar.\u00a0<\/p>\n\n<p>Por isso, continuaremos em Bras\u00edlia, junto com o movimento ind\u00edgena, acompanhando a vota\u00e7\u00e3o do Marco Temporal <a href=\"https:\/\/www.greenpeace.org\/brasil\/blog\/marco-temporal-como-o-greenpeace-brasil-atuou-no-julgamento\/\" data-type=\"URL\" data-id=\"https:\/\/www.greenpeace.org\/brasil\/blog\/marco-temporal-como-o-greenpeace-brasil-atuou-no-julgamento\/\" target=\"_blank\" rel=\"noreferrer noopener\">e pedindo a rejei\u00e7\u00e3o dessa tese, pela democracia e pelo futuro dos povos origin\u00e1rios<\/a>. J\u00e1 somos quase 500 mil pessoas dizendo: Marco Temporal N\u00e3o!<\/p>\n\n<p>Junte-se a n\u00f3s! Seja na capital do pa\u00eds ou virtualmente participando do nosso abaixo-assinado, ajude a apoiar o movimento ind\u00edgena! <\/p>\n\n<div class=\"wp-block-buttons is-content-justification-center is-layout-flex wp-container-core-buttons-is-layout-16018d1d wp-block-buttons-is-layout-flex\">\n<div class=\"wp-block-button\"><a class=\"wp-block-button__link wp-element-button\" href=\"https:\/\/www.greenpeace.org\/brasil\/apoie\/marco-temporal-nao\/\" target=\"_blank\" rel=\"noreferrer noopener\">Participe e divulgue a peti\u00e7\u00e3o: Marco Temporal N\u00e3o!<\/a><\/div>\n<\/div>\n\n<figure class=\"wp-block-image size-full\"><img loading=\"lazy\" decoding=\"async\" width=\"800\" height=\"533\" src=\"https:\/\/www.greenpeace.org\/static\/planet4-brasil-stateless\/2023\/08\/f07b35ef-gp0stxh7m_web_size-1.jpg\" alt=\"\" class=\"wp-image-48633\" srcset=\"https:\/\/www.greenpeace.org\/static\/planet4-brasil-stateless\/2023\/08\/f07b35ef-gp0stxh7m_web_size-1.jpg 800w, https:\/\/www.greenpeace.org\/static\/planet4-brasil-stateless\/2023\/08\/f07b35ef-gp0stxh7m_web_size-1-300x200.jpg 300w, https:\/\/www.greenpeace.org\/static\/planet4-brasil-stateless\/2023\/08\/f07b35ef-gp0stxh7m_web_size-1-768x512.jpg 768w, https:\/\/www.greenpeace.org\/static\/planet4-brasil-stateless\/2023\/08\/f07b35ef-gp0stxh7m_web_size-1-510x340.jpg 510w\" sizes=\"auto, (max-width: 800px) 100vw, 800px\" \/><figcaption class=\"wp-element-caption\">O julgamento do Marco Temporal se arrasta h\u00e1 anos &#8211; e os ind\u00edgenas querem que ele seja conclu\u00eddo<div class=\"credit icon-left\"> \u00a9 Pedro Ladeira\/Greenpeace<\/div><\/figcaption><\/figure>\n","protected":false},"excerpt":{"rendered":"<p>Mais de 600 lideran\u00e7as ind\u00edgenas acompanharam a volta do julgamento do s\u00e9culo<\/p>\n","protected":false},"author":107,"featured_media":48634,"comment_status":"open","ping_status":"closed","sticky":false,"template":"","format":"standard","meta":{"ep_exclude_from_search":false,"p4_og_title":"","p4_og_description":"","p4_og_image":"","p4_og_image_id":"","p4_seo_canonical_url":"","p4_campaign_name":"","p4_local_project":"","p4_basket_name":"","p4_department":"","footnotes":""},"categories":[49],"tags":[43],"p4-page-type":[16],"class_list":["post-48632","post","type-post","status-publish","format-standard","has-post-thumbnail","hentry","category-amazonia","tag-povos-e-territorios","p4-page-type-blog"],"_links":{"self":[{"href":"https:\/\/www.greenpeace.org\/brasil\/wp-json\/wp\/v2\/posts\/48632","targetHints":{"allow":["GET"]}}],"collection":[{"href":"https:\/\/www.greenpeace.org\/brasil\/wp-json\/wp\/v2\/posts"}],"about":[{"href":"https:\/\/www.greenpeace.org\/brasil\/wp-json\/wp\/v2\/types\/post"}],"author":[{"embeddable":true,"href":"https:\/\/www.greenpeace.org\/brasil\/wp-json\/wp\/v2\/users\/107"}],"replies":[{"embeddable":true,"href":"https:\/\/www.greenpeace.org\/brasil\/wp-json\/wp\/v2\/comments?post=48632"}],"version-history":[{"count":5,"href":"https:\/\/www.greenpeace.org\/brasil\/wp-json\/wp\/v2\/posts\/48632\/revisions"}],"predecessor-version":[{"id":48641,"href":"https:\/\/www.greenpeace.org\/brasil\/wp-json\/wp\/v2\/posts\/48632\/revisions\/48641"}],"wp:featuredmedia":[{"embeddable":true,"href":"https:\/\/www.greenpeace.org\/brasil\/wp-json\/wp\/v2\/media\/48634"}],"wp:attachment":[{"href":"https:\/\/www.greenpeace.org\/brasil\/wp-json\/wp\/v2\/media?parent=48632"}],"wp:term":[{"taxonomy":"category","embeddable":true,"href":"https:\/\/www.greenpeace.org\/brasil\/wp-json\/wp\/v2\/categories?post=48632"},{"taxonomy":"post_tag","embeddable":true,"href":"https:\/\/www.greenpeace.org\/brasil\/wp-json\/wp\/v2\/tags?post=48632"},{"taxonomy":"p4-page-type","embeddable":true,"href":"https:\/\/www.greenpeace.org\/brasil\/wp-json\/wp\/v2\/p4-page-type?post=48632"}],"curies":[{"name":"wp","href":"https:\/\/api.w.org\/{rel}","templated":true}]}}