{"id":48846,"date":"2023-09-01T10:57:30","date_gmt":"2023-09-01T13:57:30","guid":{"rendered":"https:\/\/www.greenpeace.org\/brasil\/?p=48846"},"modified":"2023-09-01T11:05:33","modified_gmt":"2023-09-01T14:05:33","slug":"numero-de-focos-de-calor-na-amazonia-tem-queda-de-48-em-agosto","status":"publish","type":"post","link":"https:\/\/www.greenpeace.org\/brasil\/blog\/numero-de-focos-de-calor-na-amazonia-tem-queda-de-48-em-agosto\/","title":{"rendered":"N\u00famero de focos de calor na Amaz\u00f4nia t\u00eam queda de 48% em agosto"},"content":{"rendered":"\n<h4 class=\"wp-block-heading\">Nos \u00faltimos oito meses, foram registrados 31.489 focos de calor na Amaz\u00f4nia, o menor n\u00famero desde 2018<\/h4>\n\n<figure class=\"wp-block-image size-full\"><img loading=\"lazy\" decoding=\"async\" width=\"800\" height=\"533\" src=\"https:\/\/www.greenpeace.org\/static\/planet4-brasil-stateless\/2023\/09\/a7eb15bd-gp0stxhg6_web_size.jpg\" alt=\"\" class=\"wp-image-48847\" srcset=\"https:\/\/www.greenpeace.org\/static\/planet4-brasil-stateless\/2023\/09\/a7eb15bd-gp0stxhg6_web_size.jpg 800w, https:\/\/www.greenpeace.org\/static\/planet4-brasil-stateless\/2023\/09\/a7eb15bd-gp0stxhg6_web_size-300x200.jpg 300w, https:\/\/www.greenpeace.org\/static\/planet4-brasil-stateless\/2023\/09\/a7eb15bd-gp0stxhg6_web_size-768x512.jpg 768w, https:\/\/www.greenpeace.org\/static\/planet4-brasil-stateless\/2023\/09\/a7eb15bd-gp0stxhg6_web_size-510x340.jpg 510w\" sizes=\"auto, (max-width: 800px) 100vw, 800px\" \/><figcaption class=\"wp-element-caption\">\u00c1rea rec\u00e9m desmatada e queimada em Porto Velho (RO), registrada durante o monitoramento de desmatamento e queimadas na Amaz\u00f4nia do Greenpeace, realizado em agosto de 2023. (Foto Marizilda Cruppe\/Greenpeace).<\/figcaption><\/figure>\n\n<p>Dados apresentados nesta quinta-feira (31) pelo Programa Queimadas do Instituto Nacional de Pesquisas Espaciais (Inpe) mostram redu\u00e7\u00e3o de 32% nos focos de calor na Amaz\u00f4nia no acumulado dos oito meses de 2023, em rela\u00e7\u00e3o ao mesmo per\u00edodo do ano anterior. \u00c9 o menor do n\u00famero registrado neste intervalo desde 2018.&nbsp;<\/p>\n\n<p>S\u00f3 em agosto, houve queda de 48% no n\u00famero de focos, em rela\u00e7\u00e3o ao mesmo m\u00eas do ano passado, sendo 17.373 focos de calor em agosto de 2023, contra 33.116 em 2022. Os estados com mais registros de fogo foram: Par\u00e1 (38,7%), seguido de Amazonas (31,5%) e Rond\u00f4nia (9,9%).<\/p>\n\n<p>Para R\u00f4mulo Batista, porta-voz do Greenpeace Brasil, a<a href=\"https:\/\/www.greenpeace.org\/brasil\/blog\/desmatamento-da-amazonia-tem-queda-de-66-em-julho-aponta-deter\/\"> queda do desmatamento na Amaz\u00f4nia presenciada nos \u00faltimos meses<\/a> reflete as a\u00e7\u00f5es implementadas no combate ao desmatamento e \u00e0s queimadas, e influenciou no resultado da diminui\u00e7\u00e3o de focos de calor na regi\u00e3o, j\u00e1 que muitas vezes as queimadas s\u00e3o utilizadas para finalizar o desmatamento.<\/p>\n\n<p>\u201cIsso, atrelado a postura do atual governo, que \u00e9 bastante diferente da adotada no governo Bolsonaro com sua agenda antiambiental, <a href=\"https:\/\/www.gov.br\/ibama\/pt-br\/assuntos\/noticias\/2023\/desmatamento-na-amazonia-tem-queda-de-42-5-no-primeiro-semestre-de-2023\">ampliou as a\u00e7\u00f5es de comando e controle com aumento de multas e embargos para os desmatadores<\/a>, seja na floresta ou de forma remota, al\u00e9m da mudan\u00e7a de discurso na \u00e1rea ambiental\u201d, afirma.&nbsp;<\/p>\n\n<p>Batista ressalta, entretanto, que o momento ainda \u00e9 de alerta. \u201cN\u00e3o \u00e9 o momento de baixar a guarda, o ver\u00e3o amaz\u00f4nico continua bastante quente e com poucas chuvas e o El Ni\u00f1o promete diminuir as chuvas a partir do m\u00eas de outubro, \u00e9 necess\u00e1rio que as a\u00e7\u00f5es de comando e controle continuem e que os governadores que comp\u00f5em o Cons\u00f3rcio da Amaz\u00f4nia Legal adotem o desmatamento zero at\u00e9 2030 como principal objetivo do grupo\u201d.<\/p>\n\n<p>Os resultados da retomada do combate ao desmatamento e ao fogo s\u00e3o uma pequena reden\u00e7\u00e3o, depois de tantos anos de m\u00e1s not\u00edcias. Mas ainda precisamos avan\u00e7ar nos outros eixos desta complexa miss\u00e3o que \u00e9 proteger a Amaz\u00f4nia, seus povos e sua biodiversidade. \u00c9 fundamental acelerar a constru\u00e7\u00e3o de\u00a0 alternativas socioecon\u00f4micas vi\u00e1veis para a regi\u00e3o, superando o atual modelo econ\u00f4mico predat\u00f3rio, que concentra renda, produz desigualdade social e engole a floresta.<\/p>\n\n<div class=\"wp-block-buttons is-content-justification-center is-layout-flex wp-container-core-buttons-is-layout-16018d1d wp-block-buttons-is-layout-flex\">\n<div class=\"wp-block-button\"><a class=\"wp-block-button__link has-green-400-background-color has-background has-text-align-center wp-element-button\" href=\"https:\/\/www.greenpeace.org\/brasil\/apoie\/chega-de-fogo-na-amazonia\/\">Assine a &#8220;Carta pelo Futuro: Chega de Fogo na Amaz\u00f4nia&#8221; e ajude a pressionar <\/a><\/div>\n<\/div>\n","protected":false},"excerpt":{"rendered":"<p>Nos \u00faltimos oito meses, foram registrados 31.489 focos de calor na Amaz\u00f4nia, o menor n\u00famero desde 2018<\/p>\n","protected":false},"author":24,"featured_media":48847,"comment_status":"open","ping_status":"closed","sticky":false,"template":"","format":"standard","meta":{"ep_exclude_from_search":false,"p4_og_title":"","p4_og_description":"","p4_og_image":"","p4_og_image_id":"","p4_seo_canonical_url":"","p4_campaign_name":"","p4_local_project":"","p4_basket_name":"","p4_department":"","footnotes":""},"categories":[49],"tags":[46],"p4-page-type":[16],"class_list":["post-48846","post","type-post","status-publish","format-standard","has-post-thumbnail","hentry","category-amazonia","tag-desmatamento","p4-page-type-blog"],"_links":{"self":[{"href":"https:\/\/www.greenpeace.org\/brasil\/wp-json\/wp\/v2\/posts\/48846","targetHints":{"allow":["GET"]}}],"collection":[{"href":"https:\/\/www.greenpeace.org\/brasil\/wp-json\/wp\/v2\/posts"}],"about":[{"href":"https:\/\/www.greenpeace.org\/brasil\/wp-json\/wp\/v2\/types\/post"}],"author":[{"embeddable":true,"href":"https:\/\/www.greenpeace.org\/brasil\/wp-json\/wp\/v2\/users\/24"}],"replies":[{"embeddable":true,"href":"https:\/\/www.greenpeace.org\/brasil\/wp-json\/wp\/v2\/comments?post=48846"}],"version-history":[{"count":6,"href":"https:\/\/www.greenpeace.org\/brasil\/wp-json\/wp\/v2\/posts\/48846\/revisions"}],"predecessor-version":[{"id":48853,"href":"https:\/\/www.greenpeace.org\/brasil\/wp-json\/wp\/v2\/posts\/48846\/revisions\/48853"}],"wp:featuredmedia":[{"embeddable":true,"href":"https:\/\/www.greenpeace.org\/brasil\/wp-json\/wp\/v2\/media\/48847"}],"wp:attachment":[{"href":"https:\/\/www.greenpeace.org\/brasil\/wp-json\/wp\/v2\/media?parent=48846"}],"wp:term":[{"taxonomy":"category","embeddable":true,"href":"https:\/\/www.greenpeace.org\/brasil\/wp-json\/wp\/v2\/categories?post=48846"},{"taxonomy":"post_tag","embeddable":true,"href":"https:\/\/www.greenpeace.org\/brasil\/wp-json\/wp\/v2\/tags?post=48846"},{"taxonomy":"p4-page-type","embeddable":true,"href":"https:\/\/www.greenpeace.org\/brasil\/wp-json\/wp\/v2\/p4-page-type?post=48846"}],"curies":[{"name":"wp","href":"https:\/\/api.w.org\/{rel}","templated":true}]}}