{"id":48916,"date":"2023-09-05T15:29:23","date_gmt":"2023-09-05T18:29:23","guid":{"rendered":"https:\/\/www.greenpeace.org\/brasil\/?p=48916"},"modified":"2023-09-05T16:17:15","modified_gmt":"2023-09-05T19:17:15","slug":"dia-da-amazonia-ainda-temos-muito-trabalho-pela-frente","status":"publish","type":"post","link":"https:\/\/www.greenpeace.org\/brasil\/blog\/dia-da-amazonia-ainda-temos-muito-trabalho-pela-frente\/","title":{"rendered":"Dia da Amaz\u00f4nia: ainda temos muito trabalho pela frente"},"content":{"rendered":"\n<h4 class=\"wp-block-heading\">Apesar da melhora nos dados da regi\u00e3o em 2023, ainda h\u00e1 muitos problemas urgentes. N\u00e3o \u00e9 momento de baixar a guarda, mas de estar atento e forte.<\/h4>\n\n<figure class=\"wp-block-embed is-type-video is-provider-youtube wp-block-embed-youtube wp-embed-aspect-16-9 wp-has-aspect-ratio\"><div class=\"wp-block-embed__wrapper\">\n<lite-youtube style=\"background-image: url('https:\/\/i.ytimg.com\/vi\/N31h1LXJu5E\/hqdefault.jpg');\" videoid=\"N31h1LXJu5E\" params=\"rel=0\"><\/lite-youtube>\n<\/div><\/figure>\n\n<p>Foram 4 anos de recordes consecutivos de queimadas e desmatamento na Amaz\u00f4nia, viol\u00eancia contra defensores, ativistas e povos ind\u00edgenas e de impunidade, fruto de um desmonte sistem\u00e1tico de pol\u00edticas p\u00fablicas e de \u00f3rg\u00e3os ambientais e de fiscaliza\u00e7\u00e3o. Este ano, contudo, j\u00e1 \u00e9 poss\u00edvel voltar a comemorar a data de 5 de setembro, <strong>Dia da Amaz\u00f4nia<\/strong>: no acumulado dos oito meses de 2023, houve <a href=\"https:\/\/www.greenpeace.org\/brasil\/blog\/numero-de-focos-de-calor-na-amazonia-tem-queda-de-48-em-agosto\/\">redu\u00e7\u00e3o de 32% nos focos de calor na Amaz\u00f4nia<\/a> em compara\u00e7\u00e3o ao mesmo per\u00edodo de 2022. \u00c9 o <strong>menor n\u00famero registrado neste intervalo desde 2018.<\/strong>&nbsp;<\/p>\n\n<p>Apesar da melhora nos dados da regi\u00e3o em 2023, ainda h\u00e1 muitos problemas urgentes a serem resolvidos na Amaz\u00f4nia, como o <a href=\"https:\/\/www.greenpeace.org\/brasil\/blog\/como-o-garimpo-ameaca-a-biodiversidade-da-amazonia-em-4-pontos\/\">garimpo em terras ind\u00edgenas<\/a>, <a href=\"https:\/\/www.greenpeace.org\/brasil\/blog\/peixes-vendidos-em-mercados-publicos-e-feiras-livres-da-regiao-norte-estao-contaminados-por-mercurio\/\">contamina\u00e7\u00e3o de solos, rios e peixes por merc\u00fario<\/a>, o desmatamento, a viol\u00eancia contra povos ind\u00edgenas, invas\u00f5es e grilagem de unidades de conserva\u00e7\u00e3o e de florestas p\u00fablicas, entre muitos outros.&nbsp;<\/p>\n\n<p>Al\u00e9m disso, mesmo que os dados de fogo e desmatamento tenham melhorado em 2023, o n\u00famero de focos de calor segue em um n\u00edvel elevado na Amaz\u00f4nia, e que pode piorar nos pr\u00f3ximos meses por causa da influ\u00eancia do fen\u00f4meno El Ni\u00f1o, que deixar\u00e1 o clima ainda mais quente e seco na regi\u00e3o.&nbsp;<\/p>\n\n<p>Por isso, para a <strong><em>diretora-executiva do Greenpeace Brasil,<\/em><\/strong><em> <\/em><strong><em>Carolina Pasqual<\/em><\/strong><em>i, <\/em>o momento n\u00e3o \u00e9 o de baixar a guarda, mas o de manter a vigil\u00e2ncia e cobrar medidas concretas.<\/p>\n\n<p>\u201cTemos muito trabalho pela frente. Por isso, nos colocamos ao lado daqueles que cobram compromissos concretos com a agenda socioambiental e com a reconstru\u00e7\u00e3o do Brasil em uma dire\u00e7\u00e3o que supere a economia que destr\u00f3i a natureza e concentra riqueza. As solu\u00e7\u00f5es velhas n\u00e3o nos servem mais, os projetos antigos n\u00e3o cabem. O pa\u00eds que se vangloria de ser celeiro, mas n\u00e3o alimenta os seus, n\u00e3o \u00e9 suficiente&#8221;, afirma Carolina Pasquali.<\/p>\n\n<p>\u00c9 fundamental acelerar a constru\u00e7\u00e3o de&nbsp; alternativas socioecon\u00f4micas vi\u00e1veis para a Amaz\u00f4nia, superando o atual modelo econ\u00f4mico de destrui\u00e7\u00e3o, que concentra renda, produz desigualdade social e engole a floresta e seus povos.<\/p>\n\n<p>\u201c\u00c9 cada vez mais urgente mudar comportamentos e apontar solu\u00e7\u00f5es para que o planeta seja um lar tamb\u00e9m para as gera\u00e7\u00f5es futuras. Para isso, seguiremos nas ruas, honrando a for\u00e7a do ativismo e da mobiliza\u00e7\u00e3o, e seguiremos questionando e expondo problemas\u201d, diz Pasquali.&nbsp;<\/p>\n\n<figure class=\"wp-block-image size-full\"><img loading=\"lazy\" decoding=\"async\" width=\"800\" height=\"533\" src=\"https:\/\/www.greenpeace.org\/static\/planet4-brasil-stateless\/2023\/08\/4283185e-gp0stx902_web_size.jpg\" alt=\"\" class=\"wp-image-48107\" srcset=\"https:\/\/www.greenpeace.org\/static\/planet4-brasil-stateless\/2023\/08\/4283185e-gp0stx902_web_size.jpg 800w, https:\/\/www.greenpeace.org\/static\/planet4-brasil-stateless\/2023\/08\/4283185e-gp0stx902_web_size-300x200.jpg 300w, https:\/\/www.greenpeace.org\/static\/planet4-brasil-stateless\/2023\/08\/4283185e-gp0stx902_web_size-768x512.jpg 768w, https:\/\/www.greenpeace.org\/static\/planet4-brasil-stateless\/2023\/08\/4283185e-gp0stx902_web_size-510x340.jpg 510w\" sizes=\"auto, (max-width: 800px) 100vw, 800px\" \/><figcaption class=\"wp-element-caption\">Queimada em desmatamento recente na Gleba Abelhas, uma floresta p\u00fablica n\u00e3o destinada federal localizada no munic\u00edpio de Canutama, Amazonas. O Greenpeace sobrevoou \u00e1reas com alertas de desmatamento e fogo entre os dias 2 e 4 de agosto de 2023, especialmente na regi\u00e3o entre os estados do Amazonas, Rond\u00f4nia e Acre, para registrar e denunciar a destrui\u00e7\u00e3o que segue avan\u00e7ando sobre a floresta.<\/figcaption><\/figure>\n\n<p><strong>Ouvir quem sabe: os povos da Amaz\u00f4nia<\/strong><\/p>\n\n<p>Como superar o atual modelo econ\u00f4mico de destrui\u00e7\u00e3o na Amaz\u00f4nia? A resposta \u00e9 complexa, mas, independente dela, o Greenpeace Brasil defende que qualquer futuro poss\u00edvel para a regi\u00e3o passa em ouvir e incluir o conhecimento ancestral dos povos ind\u00edgenas, que vivem em harmonia com a floresta, os animais e os rios h\u00e1 mais de 15 mil anos.&nbsp; <\/p>\n\n<p>Um estudo do Inpa de 2021 mostrou, por exemplo, que<a href=\"https:\/\/journals.plos.org\/plosone\/article?id=10.1371\/journal.pone.0257875\"> 84% das plantas arb\u00f3reas da Amaz\u00f4nia<\/a> s\u00e3o utilizadas no cotidiano dos povos tradicionais h\u00e1 s\u00e9culos para alimenta\u00e7\u00e3o, ornamenta\u00e7\u00e3o, venenos, panos, cestaria, rem\u00e9dios e muitos outros usos. V\u00e1rias dessas esp\u00e9cies foram domesticadas por esses povos, que aprenderam como cultiv\u00e1-las em quintais, ro\u00e7as e agroflorestas, como o cupua\u00e7u, o a\u00e7a\u00ed, a andiroba e o cacau.<\/p>\n\n<p>Muitos dos rem\u00e9dios utilizados na medicina tradicional tamb\u00e9m vem da floresta e dos povos ind\u00edgenas, que dominam um vasto conhecimento de como utilizar subst\u00e2ncias naturais, que v\u00e3o <a href=\"https:\/\/www.greenpeace.org\/brasil\/blog\/saude-que-vem-da-floresta-da-amazonia-para-sua-casa\/\">medicamentos a base de plantas<\/a>, de \u00f3leo de frutos, cascas de \u00e1rvores, \u00e0 secre\u00e7\u00e3o da pele de r\u00e3s e cobras. Na maioria dos casos, contudo, a ind\u00fastria e universidades requerem patentes sobre esses usos sem reconhecer o conhecimento ancestral dos povos ind\u00edgenas (mas isso \u00e9 assunto para uma outra mat\u00e9ria\u2026)&nbsp;&nbsp;<\/p>\n\n<p>Como disseram os mais de mil ind\u00edgenas que participaram dos Di\u00e1logos Amaz\u00f4nicos em agosto, no Par\u00e1, \u201co futuro \u00e9 ind\u00edgena\u201d, \u201cnunca mais um Brasil sem n\u00f3s\u201d. (assista abaixo a fala emocionante da lideran\u00e7a Concita Sompr\u00e9 na cerim\u00f4nia de abertura do evento)<\/p>\n\n<figure class=\"wp-block-embed is-type-video is-provider-youtube wp-block-embed-youtube wp-embed-aspect-16-9 wp-has-aspect-ratio\"><div class=\"wp-block-embed__wrapper\">\n<lite-youtube style=\"background-image: url('https:\/\/i.ytimg.com\/vi\/1eGMVCgstdc\/hqdefault.jpg');\" videoid=\"1eGMVCgstdc\" params=\"rel=0\"><\/lite-youtube>\n<\/div><\/figure>\n\n<p><strong>Desmatamento zero<\/strong><\/p>\n\n<p>Por falar em Di\u00e1logos Amaz\u00f4nicos, o Greenpeace Brasil participou do evento e apresentou um <a href=\"https:\/\/www.greenpeace.org\/brasil\/blog\/cupula-da-amazona-veja-as-propostas-do-greenpeace-brasil\/\">posicionamento com 8 demandas para a regi\u00e3o<\/a>. Uma delas \u00e9 <strong>acabar com o desmatamento na Amaz\u00f4nia at\u00e9 2030<\/strong> como forma de evitar o temido \u201cponto de n\u00e3o retorno\u201d &#8211; est\u00e1gio de devasta\u00e7\u00e3o em que a floresta n\u00e3o ser\u00e1 capaz de recuperar a sua capacidade de regular o ciclo de chuvas e o clima do Brasil e de todo o continente &#8211; e proteger povos ind\u00edgenas e a biodiversidade amaz\u00f4nica.<\/p>\n\n<p>Al\u00e9m disso, se por um lado a floresta \u00e9 vida, sa\u00fade e conforto, por outro, o desmatamento e a perda da biodiversidade nos aproximam de potenciais doen\u00e7as mortais: quanto mais <a href=\"https:\/\/www.greenpeace.org\/brasil\/blog\/como-o-desmatamento-tem-nos-deixado-mais-doentes\/\">destru\u00edmos ecossistemas naturais, mais facilitamos o aparecimento de doen\u00e7as<\/a>, que podem se transformar em pandemias e trazer perdas para toda a sociedade.<\/p>\n\n<p>Por\u00e9m, como diz a m\u00fasica, \u201c\u00e9 preciso estar atento e forte, n\u00e3o temos tempo de temer a morte\u201d.<\/p>\n\n<p><strong>Nos ajude a cobrar a prote\u00e7\u00e3o da Amaz\u00f4nia!<\/strong><\/p>\n\n<p>Em agosto, o Greenpeace Brasil lan\u00e7ou uma <strong>carta p\u00fablica aos governadores<\/strong> que integram o Cons\u00f3rcio Amaz\u00f4nia Legal, onde traz uma s\u00e9rie de recomenda\u00e7\u00f5es de a\u00e7\u00f5es para deter o desmatamento e evitar a ocorr\u00eancia de fogo na Amaz\u00f4nia.<\/p>\n\n<p>Nos ajude a cobrar dos governadores medidas concretas para proteger a Amaz\u00f4nia.<\/p>\n\n<div class=\"wp-block-buttons is-layout-flex wp-block-buttons-is-layout-flex\">\n<div class=\"wp-block-button\"><a class=\"wp-block-button__link wp-element-button\" href=\"https:\/\/www.greenpeace.org\/brasil\/apoie\/chega-de-fogo-na-amazonia\/\">Assine a \u201cCarta pelo Futuro: Chega de Fogo na Amaz\u00f4nia\u201d e ajude a pressionar<\/a><\/div>\n<\/div>\n","protected":false},"excerpt":{"rendered":"<p>Apesar da melhora nos dados da regi\u00e3o em 2023, ainda h\u00e1 muitos problemas urgentes. N\u00e3o \u00e9 momento de baixar a guarda, mas de estar atento e forte.<\/p>\n","protected":false},"author":121,"featured_media":46117,"comment_status":"open","ping_status":"closed","sticky":false,"template":"","format":"standard","meta":{"ep_exclude_from_search":false,"p4_og_title":"","p4_og_description":"","p4_og_image":"","p4_og_image_id":"","p4_seo_canonical_url":"","p4_campaign_name":"","p4_local_project":"","p4_basket_name":"","p4_department":"","footnotes":""},"categories":[49],"tags":[13],"p4-page-type":[16],"class_list":["post-48916","post","type-post","status-publish","format-standard","has-post-thumbnail","hentry","category-amazonia","tag-greenpeace","p4-page-type-blog"],"_links":{"self":[{"href":"https:\/\/www.greenpeace.org\/brasil\/wp-json\/wp\/v2\/posts\/48916","targetHints":{"allow":["GET"]}}],"collection":[{"href":"https:\/\/www.greenpeace.org\/brasil\/wp-json\/wp\/v2\/posts"}],"about":[{"href":"https:\/\/www.greenpeace.org\/brasil\/wp-json\/wp\/v2\/types\/post"}],"author":[{"embeddable":true,"href":"https:\/\/www.greenpeace.org\/brasil\/wp-json\/wp\/v2\/users\/121"}],"replies":[{"embeddable":true,"href":"https:\/\/www.greenpeace.org\/brasil\/wp-json\/wp\/v2\/comments?post=48916"}],"version-history":[{"count":4,"href":"https:\/\/www.greenpeace.org\/brasil\/wp-json\/wp\/v2\/posts\/48916\/revisions"}],"predecessor-version":[{"id":48921,"href":"https:\/\/www.greenpeace.org\/brasil\/wp-json\/wp\/v2\/posts\/48916\/revisions\/48921"}],"wp:featuredmedia":[{"embeddable":true,"href":"https:\/\/www.greenpeace.org\/brasil\/wp-json\/wp\/v2\/media\/46117"}],"wp:attachment":[{"href":"https:\/\/www.greenpeace.org\/brasil\/wp-json\/wp\/v2\/media?parent=48916"}],"wp:term":[{"taxonomy":"category","embeddable":true,"href":"https:\/\/www.greenpeace.org\/brasil\/wp-json\/wp\/v2\/categories?post=48916"},{"taxonomy":"post_tag","embeddable":true,"href":"https:\/\/www.greenpeace.org\/brasil\/wp-json\/wp\/v2\/tags?post=48916"},{"taxonomy":"p4-page-type","embeddable":true,"href":"https:\/\/www.greenpeace.org\/brasil\/wp-json\/wp\/v2\/p4-page-type?post=48916"}],"curies":[{"name":"wp","href":"https:\/\/api.w.org\/{rel}","templated":true}]}}