{"id":49400,"date":"2023-10-03T07:00:00","date_gmt":"2023-10-03T10:00:00","guid":{"rendered":"https:\/\/www.greenpeace.org\/brasil\/?p=49400"},"modified":"2023-10-03T10:24:22","modified_gmt":"2023-10-03T13:24:22","slug":"petrobras-nao-e-tarde-para-mudar-ainda","status":"publish","type":"post","link":"https:\/\/www.greenpeace.org\/brasil\/blog\/petrobras-nao-e-tarde-para-mudar-ainda\/","title":{"rendered":"Petrobras, n\u00e3o \u00e9 tarde para mudar\u2026 ainda!"},"content":{"rendered":"\n<h4 class=\"wp-block-heading\">Os 70 anos da Petrobras s\u00e3o uma oportunidade para que a empresa redirecione seus esfor\u00e7os para uma transi\u00e7\u00e3o energ\u00e9tica justa real, um processo que come\u00e7a pela n\u00e3o explora\u00e7\u00e3o de petr\u00f3leo em \u00e1reas sens\u00edveis<\/h4>\n\n<figure class=\"wp-block-image size-large\"><img loading=\"lazy\" decoding=\"async\" width=\"1024\" height=\"683\" src=\"https:\/\/www.greenpeace.org\/static\/planet4-brasil-stateless\/2023\/09\/7b4b616c-green_petro_1200x800-v3-1024x683.png\" alt=\"\" class=\"wp-image-49401\" srcset=\"https:\/\/www.greenpeace.org\/static\/planet4-brasil-stateless\/2023\/09\/7b4b616c-green_petro_1200x800-v3-1024x683.png 1024w, https:\/\/www.greenpeace.org\/static\/planet4-brasil-stateless\/2023\/09\/7b4b616c-green_petro_1200x800-v3-300x200.png 300w, https:\/\/www.greenpeace.org\/static\/planet4-brasil-stateless\/2023\/09\/7b4b616c-green_petro_1200x800-v3-768x512.png 768w, https:\/\/www.greenpeace.org\/static\/planet4-brasil-stateless\/2023\/09\/7b4b616c-green_petro_1200x800-v3-510x340.png 510w, https:\/\/www.greenpeace.org\/static\/planet4-brasil-stateless\/2023\/09\/7b4b616c-green_petro_1200x800-v3.png 1200w\" sizes=\"auto, (max-width: 1024px) 100vw, 1024px\" \/><figcaption class=\"wp-element-caption\">Nos 70 anos da Petrobras, queremos celebrar n\u00e3o s\u00f3 sua hist\u00f3ria, mas sua transforma\u00e7\u00e3o!\n(Imagem: Est\u00fadio Rebimboca\/Greenpeace)<\/figcaption><\/figure>\n\n<p><strong>A Petrobras completa 70 anos neste 3 de outubro<\/strong>. S\u00e3o sete d\u00e9cadas sendo uma refer\u00eancia para a popula\u00e7\u00e3o brasileira. Este marco deve ser comemorado, mas pensar sobre o que fomos e sobre o que seremos \u00e9 um clich\u00ea que faz parte de todo anivers\u00e1rio. Por isso, perguntamos: <strong>Qual Petrobras teremos nos pr\u00f3ximos 70 anos?<\/strong>&nbsp;<\/p>\n\n<p>A Petrobras que segue dependente da explora\u00e7\u00e3o de petr\u00f3leo, e avan\u00e7ando sobre \u00e1reas extremamente sens\u00edveis como a <a href=\"https:\/\/www.greenpeace.org\/brasil\/blog\/decisao-do-ibama-sobre-foz-do-amazonas-e-vitoria-da-biodiversidade\/\" data-type=\"URL\" data-id=\"https:\/\/www.greenpeace.org\/brasil\/blog\/decisao-do-ibama-sobre-foz-do-amazonas-e-vitoria-da-biodiversidade\/\" target=\"_blank\" rel=\"noreferrer noopener\">Bacia da Foz do Amazonas,<\/a> ou uma Petrobras com vis\u00e3o estrat\u00e9gica, que olhe para os desafios de um mundo em plena crise clim\u00e1tica, e que redirecione seus investimentos para fontes renov\u00e1veis?<\/p>\n\n<p>&nbsp;Justamente devido \u00e0 sua relev\u00e2ncia nacional, a empresa tem grande responsabilidade sobre os rumos do pa\u00eds. Mas<strong> para que tenhamos um futuro, a produ\u00e7\u00e3o de petr\u00f3leo deve permanecer no passado!&nbsp;<\/strong><\/p>\n\n<p>O pr\u00f3prio mercado tende a fechar as portas para o petr\u00f3leo diante do agravamento dos eventos clim\u00e1ticos extremos. Insistir nesse<strong> erro econ\u00f4mico e socioambiental<\/strong>, indo na contram\u00e3o da economia global, definitivamente n\u00e3o \u00e9 um bom plano para os pr\u00f3ximos 70 anos.&nbsp;<\/p>\n\n<p>A queima de combust\u00edveis f\u00f3sseis \u00e9 uma das <strong>principais vil\u00e3s das mudan\u00e7as clim\u00e1ticas<\/strong>, uma amea\u00e7a concreta para todas as formas de vida. Por isso, neste anivers\u00e1rio, temos um recado importante:\u00a0<\/p>\n\n<p><strong>Petrobras, n\u00e3o \u00e9 tarde para mudar\u2026 ainda!<\/strong> Mas logo ser\u00e1, se seguirmos insistindo nessa atividade altamente destrutiva. As ondas de calor extremo e as <a href=\"https:\/\/www.greenpeace.org\/brasil\/blog\/chuvas-no-rio-grande-do-sul-quantas-pessoas-mais-precisarao-morrer\/\" data-type=\"URL\" data-id=\"https:\/\/www.greenpeace.org\/brasil\/blog\/chuvas-no-rio-grande-do-sul-quantas-pessoas-mais-precisarao-morrer\/\" target=\"_blank\" rel=\"noreferrer noopener\">fortes chuvas<\/a>, cada vez mais frequentes e intensas, s\u00e3o prova disso.<\/p>\n\n<h3 class=\"wp-block-heading\"><strong>Temos um pedido especia<\/strong>l<\/h3>\n\n<p>Sabemos que o anivers\u00e1rio n\u00e3o \u00e9 nosso, mas o pedido \u00e9: <strong>Priorizem a transi\u00e7\u00e3o energ\u00e9tica justa de verdade<\/strong>! Isso significa apresentar um plano efetivo de transforma\u00e7\u00e3o de seu portf\u00f3lio, com metas para que se torne uma empresa de energia 100% renov\u00e1vel.&nbsp;&nbsp;<\/p>\n\n<p>A Petrobras n\u00e3o \u00e9 a \u00fanica respons\u00e1vel pelas mudan\u00e7as que precisamos, mas \u00e9 um ator-chave para que elas aconte\u00e7am. A empresa at\u00e9 j\u00e1 se apresenta como protagonista desse processo, mas, ao mesmo tempo, insiste em explorar a Margem Equatorial e em abrir novos po\u00e7os para explora\u00e7\u00e3o em \u00e1reas sens\u00edveis.<\/p>\n\n<p>Justamente por deter capacidade t\u00e9cnica de ponta, mundialmente reconhecida, <strong>a Petrobr\u00e1s tem a responsabilidade de liderar o mercado de energia em dire\u00e7\u00e3o a uma matriz limpa, descarbonizada e sustent\u00e1vel<\/strong>.<br><br><a href=\"https:\/\/www.infomoney.com.br\/mercados\/podemos-ser-os-ultimos-a-produzir-petroleo-no-mundo-diz-ceo-da-petrobras-petr4\/\">Priorizar a produ\u00e7\u00e3o de petr\u00f3leo<\/a>, como j\u00e1 anunciou Jean Paul Prates, presidente da estatal, \u00e9 insistir em um modelo fadado ao fracasso e insustent\u00e1vel. Um erro que continuar\u00e1 fazendo com que o investimento em energia solar, e\u00f3lica e em outras tecnologias renov\u00e1veis seja colocado em segundo plano.<\/p>\n\n<p><strong><em>Nos 70 anos da Petrobras, queremos celebrar n\u00e3o s\u00f3 sua hist\u00f3ria, mas sua transforma\u00e7\u00e3o!<\/em><\/strong><\/p>\n\n<p>Desejamos \u00e0 empresa e ao Brasil um desenvolvimento baseado numa matriz energ\u00e9tica limpa e renov\u00e1vel, no melhor aproveitamento dos recursos naturais, com projetos que possam ajudar a consolidar o pa\u00eds como uma pot\u00eancia econ\u00f4mica e ambiental no contexto global.<\/p>\n\n<p>Antes que a empresa assopre as velas e inicie esse novo ciclo, refor\u00e7amos nosso pedido: <strong>Petrobras, d\u00ea um presente \u00e0 popula\u00e7\u00e3o brasileira e <\/strong><br><strong>deixe o petr\u00f3leo no passado!<\/strong><\/p>\n","protected":false},"excerpt":{"rendered":"<p>Os 70 anos da Petrobras s\u00e3o uma oportunidade para que a empresa redirecione seus esfor\u00e7os para uma transi\u00e7\u00e3o energ\u00e9tica justa real<\/p>\n","protected":false},"author":28,"featured_media":49401,"comment_status":"open","ping_status":"closed","sticky":false,"template":"","format":"standard","meta":{"ep_exclude_from_search":false,"p4_og_title":"","p4_og_description":"","p4_og_image":"","p4_og_image_id":"","p4_seo_canonical_url":"","p4_campaign_name":"","p4_local_project":"","p4_basket_name":"","p4_department":"","footnotes":""},"categories":[64],"tags":[27],"p4-page-type":[16],"class_list":["post-49400","post","type-post","status-publish","format-standard","has-post-thumbnail","hentry","category-oceanos","tag-oceanos","p4-page-type-blog"],"_links":{"self":[{"href":"https:\/\/www.greenpeace.org\/brasil\/wp-json\/wp\/v2\/posts\/49400","targetHints":{"allow":["GET"]}}],"collection":[{"href":"https:\/\/www.greenpeace.org\/brasil\/wp-json\/wp\/v2\/posts"}],"about":[{"href":"https:\/\/www.greenpeace.org\/brasil\/wp-json\/wp\/v2\/types\/post"}],"author":[{"embeddable":true,"href":"https:\/\/www.greenpeace.org\/brasil\/wp-json\/wp\/v2\/users\/28"}],"replies":[{"embeddable":true,"href":"https:\/\/www.greenpeace.org\/brasil\/wp-json\/wp\/v2\/comments?post=49400"}],"version-history":[{"count":11,"href":"https:\/\/www.greenpeace.org\/brasil\/wp-json\/wp\/v2\/posts\/49400\/revisions"}],"predecessor-version":[{"id":49617,"href":"https:\/\/www.greenpeace.org\/brasil\/wp-json\/wp\/v2\/posts\/49400\/revisions\/49617"}],"wp:featuredmedia":[{"embeddable":true,"href":"https:\/\/www.greenpeace.org\/brasil\/wp-json\/wp\/v2\/media\/49401"}],"wp:attachment":[{"href":"https:\/\/www.greenpeace.org\/brasil\/wp-json\/wp\/v2\/media?parent=49400"}],"wp:term":[{"taxonomy":"category","embeddable":true,"href":"https:\/\/www.greenpeace.org\/brasil\/wp-json\/wp\/v2\/categories?post=49400"},{"taxonomy":"post_tag","embeddable":true,"href":"https:\/\/www.greenpeace.org\/brasil\/wp-json\/wp\/v2\/tags?post=49400"},{"taxonomy":"p4-page-type","embeddable":true,"href":"https:\/\/www.greenpeace.org\/brasil\/wp-json\/wp\/v2\/p4-page-type?post=49400"}],"curies":[{"name":"wp","href":"https:\/\/api.w.org\/{rel}","templated":true}]}}