{"id":49606,"date":"2023-10-02T16:42:40","date_gmt":"2023-10-02T19:42:40","guid":{"rendered":"https:\/\/www.greenpeace.org\/brasil\/?p=49606"},"modified":"2023-10-06T10:47:36","modified_gmt":"2023-10-06T13:47:36","slug":"queimadas-na-amazonia-tem-queda-de-36-em-setembro-mas-fumaca-segue-implacavel","status":"publish","type":"post","link":"https:\/\/www.greenpeace.org\/brasil\/blog\/queimadas-na-amazonia-tem-queda-de-36-em-setembro-mas-fumaca-segue-implacavel\/","title":{"rendered":"Queimadas na Amaz\u00f4nia t\u00eam queda de 36% em setembro, mas fuma\u00e7a segue implac\u00e1vel"},"content":{"rendered":"\n<h4 class=\"wp-block-heading\">No acumulado do ano, n\u00famero de focos de calor tamb\u00e9m teve queda, mas ainda n\u00e3o \u00e9 suficiente para deter a crise humanit\u00e1ria e ambiental que se instalou na regi\u00e3o<\/h4>\n\n<figure class=\"wp-block-image size-full\"><img loading=\"lazy\" decoding=\"async\" width=\"800\" height=\"533\" src=\"https:\/\/www.greenpeace.org\/static\/planet4-brasil-stateless\/2023\/10\/2bbe6692-gp0stx900_web_size.jpg\" alt=\"\" class=\"wp-image-49607\" srcset=\"https:\/\/www.greenpeace.org\/static\/planet4-brasil-stateless\/2023\/10\/2bbe6692-gp0stx900_web_size.jpg 800w, https:\/\/www.greenpeace.org\/static\/planet4-brasil-stateless\/2023\/10\/2bbe6692-gp0stx900_web_size-300x200.jpg 300w, https:\/\/www.greenpeace.org\/static\/planet4-brasil-stateless\/2023\/10\/2bbe6692-gp0stx900_web_size-768x512.jpg 768w, https:\/\/www.greenpeace.org\/static\/planet4-brasil-stateless\/2023\/10\/2bbe6692-gp0stx900_web_size-510x340.jpg 510w\" sizes=\"auto, (max-width: 800px) 100vw, 800px\" \/><figcaption class=\"wp-element-caption\">Queimada em floresta p\u00fablica n\u00e3o destinada federal localizada no munic\u00edpio de Canutama, Amazonas, registrada em  2 de agosto de 2023 (\u00a9 Marizilda Cruppe \/ Greenpeace)<\/figcaption><\/figure>\n\n<p>O n\u00famero de focos de calor na Amaz\u00f4nia registra nova queda em setembro, de 36%, na compara\u00e7\u00e3o com o mesmo m\u00eas de 2022, segundo dados divulgados pelo Programa Queimadas do Instituto Nacional de Pesquisas Espaciais (Inpe), ontem (1\/10). Mas o resultado n\u00e3o chega a ser uma boa not\u00edcia, j\u00e1 que a base de compara\u00e7\u00e3o s\u00e3o os dados do ano passado, quando tivemos o pior setembro da \u00faltima d\u00e9cada, e o n\u00famero de focos segue em um patamar inaceit\u00e1vel.&nbsp;<\/p>\n\n<p>Segundo os dados do Inpe, em setembro foram registrados 26.452 focos de calor no bioma, contra 41.282 do mesmo m\u00eas de 2022. O estado do Par\u00e1 segue com a lideran\u00e7a, com 35,94% dos focos detectados no m\u00eas (9.507), com destaque para Altamira e S\u00e3o F\u00e9lix do Xingu, que lideraram o ranking de queimadas. A APA Triunfo do Xingu, tamb\u00e9m no estado, concentrou 42% dos focos de calor detectados em Unidades de Conserva\u00e7\u00e3o.&nbsp;<\/p>\n\n<p>J\u00e1 o Amazonas segue ostentando a segunda posi\u00e7\u00e3o entre os que mais queimaram, o estado foi respons\u00e1vel por 26,43% dos focos (6.991), ou seja, 1 em cada 4 focos de calor ocorreram no estado. O Amazonas tamb\u00e9m teve o maior n\u00famero de munic\u00edpios no TOP 10 de focos de calor, com quatro munic\u00edpios neste vergonhoso ranking: L\u00e1brea, Novo Aripuan\u00e3, Boca do Acre e Humait\u00e1.<\/p>\n\n<p>O estado \u00e9 o mais afetado pela severa estiagem que j\u00e1 atinge diversos estados na regi\u00e3o Norte. At\u00e9 29 de setembro,<a href=\"https:\/\/www.greenpeace.org\/brasil\/blog\/seca-na-amazonia-a-outra-face-dos-eventos-climaticos-extremos\/\"> 23 munic\u00edpios entraram em estado de emerg\u00eancia, e o Governador decretou situa\u00e7\u00e3o de emerg\u00eancia no Estado, onde mais de 170 mil pessoas j\u00e1 enfrentam dificuldade<\/a>s, com acesso restrito a itens b\u00e1sicos, como alimentos e \u00e1gua pot\u00e1vel. A popula\u00e7\u00e3o do estado vive debaixo de fuma\u00e7a h\u00e1 quase dois meses, devido a intensidade das queimadas, aliada ao tempo excepcionalmente quente e seco deste ano, com pouca a\u00e7\u00e3o por parte do governo estadual para deter a grilagem, o desmatamento e o fogo criminoso.&nbsp;<\/p>\n\n<p>Pelo contr\u00e1rio, se de um lado o governador Wilson Lima (Uni\u00e3o) decreta emerg\u00eancia, devido \u00e0s secas que afetam a popula\u00e7\u00e3o e a biodiversidade, de outro defende a <a href=\"https:\/\/amazoniareal.com.br\/lideres-mura-sao-contra-potassio\/\">minera\u00e7\u00e3o em territ\u00f3rio ind\u00edgena<\/a>, e <a href=\"https:\/\/conservadoramazonas.com.br\/governador-wilson-lima-defende-pecuaristas-do-amazonas-apos-acoes-do-ibama\/\">se coloca ao lado de pecuaristas punidos pelo IBAMA no sul do estado<\/a>, que vem se tornando o epicentro da destrui\u00e7\u00e3o. A situa\u00e7\u00e3o vivida hoje, foi agravada pelo intenso incentivo \u00e0 destrui\u00e7\u00e3o visto nos \u00faltimos anos.&nbsp;<\/p>\n\n<p>No acumulado de janeiro a setembro, o n\u00famero de focos de calor chegou a 57.941, n\u00famero 33% menor que o registrado no mesmo per\u00edodo de 2022, quando o n\u00famero de focos j\u00e1 chegava a 87.304. Novamente, uma redu\u00e7\u00e3o necess\u00e1ria, mas com n\u00fameros ainda aqu\u00e9m da necessidade que a emerg\u00eancia clim\u00e1tica nos imp\u00f5e.&nbsp;<\/p>\n\n<figure class=\"wp-block-image size-full\"><img loading=\"lazy\" decoding=\"async\" width=\"800\" height=\"533\" src=\"https:\/\/www.greenpeace.org\/static\/planet4-brasil-stateless\/2023\/10\/de8c41a1-gp0stxhg3_web_size.jpg\" alt=\"\" class=\"wp-image-49608\" srcset=\"https:\/\/www.greenpeace.org\/static\/planet4-brasil-stateless\/2023\/10\/de8c41a1-gp0stxhg3_web_size.jpg 800w, https:\/\/www.greenpeace.org\/static\/planet4-brasil-stateless\/2023\/10\/de8c41a1-gp0stxhg3_web_size-300x200.jpg 300w, https:\/\/www.greenpeace.org\/static\/planet4-brasil-stateless\/2023\/10\/de8c41a1-gp0stxhg3_web_size-768x512.jpg 768w, https:\/\/www.greenpeace.org\/static\/planet4-brasil-stateless\/2023\/10\/de8c41a1-gp0stxhg3_web_size-510x340.jpg 510w\" sizes=\"auto, (max-width: 800px) 100vw, 800px\" \/><figcaption class=\"wp-element-caption\">Ativistas do Greenpeace fazem uma manifesta\u00e7\u00e3o em \u00e1rea rec\u00e9m queimada  em Porto Velho, Rond\u00f4nia. (\u00a9 Marizilda Cruppe \/ Greenpeace)<\/figcaption><\/figure>\n\n<p><strong>Corrida contra o tempo<\/strong><\/p>\n\n<p>As secas extremas que j\u00e1 afetam milhares de pessoas na regi\u00e3o Norte s\u00e3o efeito da crise clim\u00e1tica e agravadas pelo <a href=\"https:\/\/portal.inmet.gov.br\/noticias\/o-que-%C3%A9-e-quais-os-impactos-do-el-ni%C3%B1o-entenda-agora\">El Ni\u00f1o<\/a>, que ganhou for\u00e7a em um ambiente j\u00e1 mais quente. Junte-se a isso <a href=\"https:\/\/www.greenpeace.org\/brasil\/blog\/fumaca-de-queimadas-faz-mal-a-saude\/\">a fuma\u00e7a das queimadas<\/a> e voc\u00ea tem uma crise humanit\u00e1ria, ainda sem prazo para acabar, j\u00e1 que a previs\u00e3o \u00e9 que a estiagem pode durar at\u00e9 pelo menos novembro.&nbsp;<\/p>\n\n<p>Atualmente, 49% das emiss\u00f5es de gases do efeito estufa do Brasil vem do desmatamento e das queimadas. Ent\u00e3o n\u00e3o adianta reclamar do calor e da seca, e continuar permitindo que o desmatamento e o fogo criminoso aconte\u00e7am. Pois, no final, os mais impactados pelos eventos extremos, como o que vemos agora no bioma, n\u00e3o s\u00e3o os gigantes do agroneg\u00f3cio, que contribuem para o problema, mas sim as popula\u00e7\u00f5es ribeirinhas e ind\u00edgenas, que t\u00eam pouco ou quase nenhum acesso a servi\u00e7os e infra estrutura b\u00e1sicos.&nbsp;<\/p>\n\n<p>As mudan\u00e7as clim\u00e1ticas intensificam os eventos extremos, <a href=\"https:\/\/www.greenpeace.org\/brasil\/podcast\/as-arvores-somos-nozes-50-ipcc-e-a-influencia-humana-no-clima\/\">como alerta o IPCC <\/a>(Painel Intergovernamental sobre Mudan\u00e7as Clim\u00e1ticas) e cientistas ja vinham avisando dos possiveis <a href=\"https:\/\/www.greenpeace.org\/brasil\/blog\/relatorio-ipcc-a-crise-do-clima-ja-apresenta-consequencias-irreversiveis\/\">impactos do El Ni\u00f1o deste ano desde julho<\/a>.<\/p>\n\n<p>O Greenpeace tamb\u00e9m vem emitindo alertas. Em julho, lan\u00e7amos a <a href=\"https:\/\/www.greenpeace.org\/brasil\/apoie\/chega-de-fogo-na-amazonia\/\">Carta Pelo Futuro<\/a>, onde recomendamos medidas importantes a serem tomadas pelos governadores do Cons\u00f3rcio Amaz\u00f4nia Legal, para endurecer o cerco contra o crime ambiental e evitar uma trag\u00e9dia, como por exemplo, o cancelamento imediato do Cadastro Ambiental Rural (CAR) em \u00e1reas p\u00fablicas e a valida\u00e7\u00e3o de outros milhares. Esse registro autodeclarado vem sendo largamente usado no processo de grilagem de terras na Amaz\u00f4nia. Precisamos que os estados se comprometam com o Dezmatamento Zero at\u00e9 2030 e come\u00e7em a fazer por onde. O tempo das promessas j\u00e1 acabou.&nbsp;<\/p>\n\n<figure class=\"wp-block-image size-full\"><img loading=\"lazy\" decoding=\"async\" width=\"800\" height=\"533\" src=\"https:\/\/www.greenpeace.org\/static\/planet4-brasil-stateless\/2023\/10\/33613f11-gp0stxuy8_web_size.jpg\" alt=\"\" class=\"wp-image-49609\" srcset=\"https:\/\/www.greenpeace.org\/static\/planet4-brasil-stateless\/2023\/10\/33613f11-gp0stxuy8_web_size.jpg 800w, https:\/\/www.greenpeace.org\/static\/planet4-brasil-stateless\/2023\/10\/33613f11-gp0stxuy8_web_size-300x200.jpg 300w, https:\/\/www.greenpeace.org\/static\/planet4-brasil-stateless\/2023\/10\/33613f11-gp0stxuy8_web_size-768x512.jpg 768w, https:\/\/www.greenpeace.org\/static\/planet4-brasil-stateless\/2023\/10\/33613f11-gp0stxuy8_web_size-510x340.jpg 510w\" sizes=\"auto, (max-width: 800px) 100vw, 800px\" \/><figcaption class=\"wp-element-caption\">Lago do Padre, em Manacapuru, Amazonas. Em 2023, estados da Amaz\u00f4nia enfrentam uma forte estiagem, que secou leitos de rios e lagos em diversos munic\u00edpios. (\u00a9 Marizilda Cruppe \/ Greenpeace)<\/figcaption><\/figure>\n\n<div class=\"wp-block-group is-style-reset-margin has-grey-200-background-color has-background is-layout-constrained wp-block-group-is-layout-constrained\">\n<p><strong>Greenpeace se une \u00e0 sociedade para ajudar atingidos pela seca&nbsp;<\/strong><\/p>\n\n\n\n<p>Neste momento de emerg\u00eancia, vamos trabalhar junto a parceiros para levar itens de primeira necessidade para as v\u00edtimas da seca extrema e prolongada no Norte do pa\u00eds. <a href=\"https:\/\/doe.greenpeace.org.br\/emergencia-amazonia\/p\">Para isso, o Greenpeace abriu uma campanha de arrecada\u00e7\u00e3o.&nbsp;<\/a><\/p>\n\n\n\n<p>Os recursos reunidos ser\u00e3o destinados \u00e0 compra e entrega de suprimentos emergenciais, como alimentos e \u00e1gua para popula\u00e7\u00f5es vulnerabilizadas pela seca \u2013 em especial, povos ind\u00edgenas e comunidades ribeirinhas. Assim como fizemos <a href=\"https:\/\/www.greenpeace.org\/brasil\/florestas\/asas-da-emergencia-missao-cumprida\/\">durante a pandemia de COVID-19<\/a>, nossos esfor\u00e7os e nosso avi\u00e3o estar\u00e3o focados no apoio aos mais afetados por esse evento clim\u00e1tico extremo.<\/p>\n<\/div>\n","protected":false},"excerpt":{"rendered":"<p>No acumulado do ano, n\u00famero de focos de calor tamb\u00e9m registram queda, mas ainda n\u00e3o \u00e9 suficiente para deter a crise humanit\u00e1ria e ambiental que se instalou na regi\u00e3o<\/p>\n","protected":false},"author":24,"featured_media":49607,"comment_status":"open","ping_status":"closed","sticky":false,"template":"","format":"standard","meta":{"ep_exclude_from_search":false,"p4_og_title":"","p4_og_description":"","p4_og_image":"","p4_og_image_id":"","p4_seo_canonical_url":"","p4_campaign_name":"","p4_local_project":"","p4_basket_name":"","p4_department":"","footnotes":""},"categories":[49],"tags":[46,22],"p4-page-type":[16],"class_list":["post-49606","post","type-post","status-publish","format-standard","has-post-thumbnail","hentry","category-amazonia","tag-desmatamento","tag-florestas","p4-page-type-blog"],"_links":{"self":[{"href":"https:\/\/www.greenpeace.org\/brasil\/wp-json\/wp\/v2\/posts\/49606","targetHints":{"allow":["GET"]}}],"collection":[{"href":"https:\/\/www.greenpeace.org\/brasil\/wp-json\/wp\/v2\/posts"}],"about":[{"href":"https:\/\/www.greenpeace.org\/brasil\/wp-json\/wp\/v2\/types\/post"}],"author":[{"embeddable":true,"href":"https:\/\/www.greenpeace.org\/brasil\/wp-json\/wp\/v2\/users\/24"}],"replies":[{"embeddable":true,"href":"https:\/\/www.greenpeace.org\/brasil\/wp-json\/wp\/v2\/comments?post=49606"}],"version-history":[{"count":3,"href":"https:\/\/www.greenpeace.org\/brasil\/wp-json\/wp\/v2\/posts\/49606\/revisions"}],"predecessor-version":[{"id":49618,"href":"https:\/\/www.greenpeace.org\/brasil\/wp-json\/wp\/v2\/posts\/49606\/revisions\/49618"}],"wp:featuredmedia":[{"embeddable":true,"href":"https:\/\/www.greenpeace.org\/brasil\/wp-json\/wp\/v2\/media\/49607"}],"wp:attachment":[{"href":"https:\/\/www.greenpeace.org\/brasil\/wp-json\/wp\/v2\/media?parent=49606"}],"wp:term":[{"taxonomy":"category","embeddable":true,"href":"https:\/\/www.greenpeace.org\/brasil\/wp-json\/wp\/v2\/categories?post=49606"},{"taxonomy":"post_tag","embeddable":true,"href":"https:\/\/www.greenpeace.org\/brasil\/wp-json\/wp\/v2\/tags?post=49606"},{"taxonomy":"p4-page-type","embeddable":true,"href":"https:\/\/www.greenpeace.org\/brasil\/wp-json\/wp\/v2\/p4-page-type?post=49606"}],"curies":[{"name":"wp","href":"https:\/\/api.w.org\/{rel}","templated":true}]}}