{"id":49848,"date":"2023-10-24T08:00:00","date_gmt":"2023-10-24T11:00:00","guid":{"rendered":"https:\/\/www.greenpeace.org\/brasil\/?p=49848"},"modified":"2024-05-24T11:51:17","modified_gmt":"2024-05-24T14:51:17","slug":"greenpeace-brasil-lanca-abaixo-assinado-contra-exploracao-de-petroleo-na-amazonia","status":"publish","type":"post","link":"https:\/\/www.greenpeace.org\/brasil\/blog\/greenpeace-brasil-lanca-abaixo-assinado-contra-exploracao-de-petroleo-na-amazonia\/","title":{"rendered":"Greenpeace Brasil lan\u00e7a abaixo-assinado contra explora\u00e7\u00e3o de petr\u00f3leo na Amaz\u00f4nia"},"content":{"rendered":"\n<h4 class=\"wp-block-heading\"><strong>Peti\u00e7\u00e3o \u201cPetr\u00f3leo na Amaz\u00f4nia N\u00e3o\u201d pressiona o presidente Lula e o governo federal para que se comprometam a frear o avan\u00e7o do petr\u00f3leo na regi\u00e3o<\/strong><\/h4>\n\n<figure class=\"wp-block-image size-large\"><img loading=\"lazy\" decoding=\"async\" width=\"1024\" height=\"683\" src=\"https:\/\/www.greenpeace.org\/static\/planet4-brasil-stateless\/2023\/10\/6766ed28-green_petrofase2_imagem-blog-1024x683.png\" alt=\"\" class=\"wp-image-49849\" srcset=\"https:\/\/www.greenpeace.org\/static\/planet4-brasil-stateless\/2023\/10\/6766ed28-green_petrofase2_imagem-blog-1024x683.png 1024w, https:\/\/www.greenpeace.org\/static\/planet4-brasil-stateless\/2023\/10\/6766ed28-green_petrofase2_imagem-blog-300x200.png 300w, https:\/\/www.greenpeace.org\/static\/planet4-brasil-stateless\/2023\/10\/6766ed28-green_petrofase2_imagem-blog-768x512.png 768w, https:\/\/www.greenpeace.org\/static\/planet4-brasil-stateless\/2023\/10\/6766ed28-green_petrofase2_imagem-blog-510x340.png 510w, https:\/\/www.greenpeace.org\/static\/planet4-brasil-stateless\/2023\/10\/6766ed28-green_petrofase2_imagem-blog.png 1200w\" sizes=\"auto, (max-width: 1024px) 100vw, 1024px\" \/><figcaption class=\"wp-element-caption\">O governo brasileiro tem uma escolha a fazer: continuar  investindo no petr\u00f3leo ou proteger a Amaz\u00f4nia e priorizar energias limpas em nome do nosso futuro (Ilustra\u00e7\u00e3o: Est\u00fadio Rebimboca)<\/figcaption><\/figure>\n\n<p>Diante da crescente press\u00e3o em defesa da abertura de novas fronteiras de petr\u00f3leo na costa amaz\u00f4nica, o Greenpeace Brasil lan\u00e7a, nesta ter\u00e7a-feira (24), um <a href=\"https:\/\/www.greenpeace.org\/brasil\/apoie\/petroleo-na-amazonia-nao\/\" data-type=\"URL\" data-id=\"https:\/\/www.greenpeace.org\/brasil\/apoie\/petroleo-na-amazonia-nao\">abaixo-assinado<\/a> para pressionar o presidente Luiz In\u00e1cio Lula da Silva e o governo federal a <strong>declarar a Amaz\u00f4nia como uma zona livre de petr\u00f3leo<\/strong>, impedindo o avan\u00e7o da atividade na regi\u00e3o. <\/p>\n\n<p>Lula tem colocado o Brasil como lideran\u00e7a clim\u00e1tica e amaz\u00f4nica, no entanto, esse protagonismo est\u00e1 amea\u00e7ado pela aposta na <strong>expans\u00e3o do petr\u00f3leo em \u00e1reas sens\u00edveis,<\/strong> como a <a rel=\"noreferrer noopener\" href=\"https:\/\/www.greenpeace.org\/brasil\/blog\/os-corais-da-amazonia-existem-a-ciencia-garante\/\" data-type=\"URL\" data-id=\"https:\/\/www.greenpeace.org\/brasil\/blog\/os-corais-da-amazonia-existem-a-ciencia-garante\/\" target=\"_blank\">Bacia da Foz do Amazonas.<\/a><\/p>\n\n<p>A prote\u00e7\u00e3o da Amaz\u00f4nia \u00e9 um <strong>compromisso assumido<\/strong> pela gest\u00e3o federal. <strong>Apoiar projetos com alto potencial de impacto socioambiental na regi\u00e3o \u00e9 uma contradi\u00e7\u00e3o<\/strong> que pode fazer com que o pa\u00eds fracasse em se consolidar como pot\u00eancia ambiental e clim\u00e1tica em n\u00edvel global.<\/p>\n\n<div class=\"wp-block-buttons is-content-justification-center is-layout-flex wp-container-core-buttons-is-layout-16018d1d wp-block-buttons-is-layout-flex\">\n<div class=\"wp-block-button has-custom-width wp-block-button__width-75 is-style-secondary\"><a class=\"wp-block-button__link has-beige-100-color has-blue-green-800-background-color has-text-color has-background has-text-align-center wp-element-button\" href=\"https:\/\/www.greenpeace.org\/brasil\/apoie\/petroleo-na-amazonia-nao\/\" target=\"_blank\" rel=\"noreferrer noopener\">PARTICIPE DO ABAIXO-ASSINADO \u201cPETR\u00d3LEO NA AMAZ\u00d4NIA N\u00c3O\u201d<\/a><\/div>\n<\/div>\n\n<p>Al\u00e9m das amea\u00e7as \u00e0 biodiversidade a aos povos da floresta, priorizar o petr\u00f3leo \u00e9 continuar a investir em um modelo que agrava a crise clim\u00e1tica e eventos extremos como a seca severa que atinge a Amaz\u00f4nia hoje.<\/p>\n\n<p>Diante do processo de descarboniza\u00e7\u00e3o da economia global, estamos falando n\u00e3o s\u00f3 de um<strong> erro socioambiental e clim\u00e1tico,<\/strong> mas tamb\u00e9m de um poss\u00edvel <strong>equ\u00edvoco econ\u00f4mico <\/strong>considerando a perspectiva de decl\u00ednio da demanda mundial de petr\u00f3leo.<\/p>\n\n<p>A postura pode, inclusive, fragilizar o papel assumido pelo presidente Lula de cobrar os pa\u00edses mais ricos, que mais contribuem para a crise clim\u00e1tica, e at\u00e9 mesmo afastar oportunidades de financiamento clim\u00e1tico.<\/p>\n\n<p>\u201cEstamos chamando o presidente Lula e o governo federal para um posicionamento compat\u00edvel com o desafio clim\u00e1tico que o mundo enfrenta hoje, e para que <strong>transformem discursos em a\u00e7\u00f5es reais\u201d<\/strong>, reitera Enrico Marone, porta-voz da frente de Oceanos do Greenpeace Brasil.<\/p>\n\n<p>\u201cPara fortalecer o protagonismo do Brasil no combate \u00e0 crise clim\u00e1tica, reduzir o desmatamento n\u00e3o basta: <strong>\u00e9 preciso impedir o avan\u00e7o do petr\u00f3leo na Amaz\u00f4nia,<\/strong> que conta com \u00e1reas sens\u00edveis como a <a href=\"https:\/\/www.greenpeace.org\/brasil\/blog\/os-corais-da-amazonia-existem-a-ciencia-garante\/\" data-type=\"URL\" data-id=\"https:\/\/www.greenpeace.org\/brasil\/blog\/os-corais-da-amazonia-existem-a-ciencia-garante\/\">Bacia da Foz do Amazonas,<\/a> regi\u00e3o que abriga extensas faixas de manguezais e o Grande Sistema de Recifes do Amazonas, uma biodiversidade \u00fanica que deve ser protegida\u201d, ressalta o ocean\u00f3grafo.<\/p>\n\n<p>Atualmente na Amaz\u00f4nia brasileira existem 451 blocos, mar\u00edtimos e terrestres, nas categorias \u201cem estudo\u201d, \u201coferta\u201d e \u201cconcess\u00e3o\u201d, o que nos d\u00e1 a dimens\u00e3o do tamanho da amea\u00e7a aos povos, \u00e0 floresta e aos rios e mares da costa amaz\u00f4nica.<\/p>\n\n<figure class=\"wp-block-embed is-type-video is-provider-youtube wp-block-embed-youtube wp-embed-aspect-16-9 wp-has-aspect-ratio\"><div class=\"wp-block-embed__wrapper\">\n<iframe loading=\"lazy\" title=\"PETR\u00d3LEO NA AMAZ\u00d4NIA N\u00c3O !\" width=\"500\" height=\"281\" src=\"https:\/\/www.youtube.com\/embed\/JvdrRFiYuBU?feature=oembed\" frameborder=\"0\" allow=\"accelerometer; autoplay; clipboard-write; encrypted-media; gyroscope; picture-in-picture; web-share\" referrerpolicy=\"strict-origin-when-cross-origin\" allowfullscreen><\/iframe>\n<\/div><\/figure>\n\n<p><strong>O petr\u00f3leo \u00e9 nosso passado<\/strong>. \u00c9 hora de investir em uma transi\u00e7\u00e3o energ\u00e9tica justa de verdade! Precisamos de um modelo de desenvolvimento que respeite os limites da natureza, os direitos dos povos e que conte com o comprometimento de diversos setores do Estado &#8211; incluindo a pr\u00f3pria <a href=\"https:\/\/www.greenpeace.org\/brasil\/blog\/petrobras-nao-e-tarde-para-mudar-ainda\/\" data-type=\"URL\" data-id=\"https:\/\/www.greenpeace.org\/brasil\/blog\/petrobras-nao-e-tarde-para-mudar-ainda\/\" target=\"_blank\" rel=\"noreferrer noopener\">Petrobras<\/a>, com uma <strong>transforma\u00e7\u00e3o gradual e efetiva de seu portf\u00f3lio<\/strong> para que se torne 100% renov\u00e1vel.<\/p>\n\n<p>Para garantirmos um futuro, para o Brasil e para o planeta,<strong> precisamos deixar o petr\u00f3leo para tr\u00e1s e defender a Amaz\u00f4nia para al\u00e9m do discurso.<\/strong><\/p>\n\n<p>Nos ajude a pressionar o presidente Lula e o governo federal para que declarem a <strong>Amaz\u00f4nia como zona livre de petr\u00f3leo. <\/strong>Podemos contar com voc\u00ea? Assine e compartilhe com seus contatos!<\/p>\n\n<div class=\"wp-block-buttons is-content-justification-center is-layout-flex wp-container-core-buttons-is-layout-16018d1d wp-block-buttons-is-layout-flex\">\n<div class=\"wp-block-button has-custom-width wp-block-button__width-50 has-custom-font-size is-style-secondary has-medium-font-size\"><a class=\"wp-block-button__link has-beige-100-color has-blue-green-800-background-color has-text-color has-background has-text-align-center wp-element-button\" href=\"https:\/\/www.greenpeace.org\/brasil\/apoie\/petroleo-na-amazonia-nao\/\" target=\"_blank\" rel=\"noreferrer noopener\">QUERO PARTICIPAR<\/a><\/div>\n<\/div>\n\n<p><\/p>\n","protected":false},"excerpt":{"rendered":"<p>Peti\u00e7\u00e3o \u201cPetr\u00f3leo na Amaz\u00f4nia N\u00e3o\u201d pressiona o presidente Lula e o governo federal para que se comprometam a frear o avan\u00e7o do petr\u00f3leo na regi\u00e3o<\/p>\n","protected":false},"author":28,"featured_media":49849,"comment_status":"open","ping_status":"closed","sticky":false,"template":"","format":"standard","meta":{"ep_exclude_from_search":false,"p4_og_title":"","p4_og_description":"","p4_og_image":"","p4_og_image_id":"","p4_seo_canonical_url":"","p4_campaign_name":"","p4_local_project":"","p4_basket_name":"","p4_department":"","footnotes":""},"categories":[49],"tags":[27],"p4-page-type":[16],"class_list":["post-49848","post","type-post","status-publish","format-standard","has-post-thumbnail","hentry","category-amazonia","tag-oceanos","p4-page-type-blog"],"_links":{"self":[{"href":"https:\/\/www.greenpeace.org\/brasil\/wp-json\/wp\/v2\/posts\/49848","targetHints":{"allow":["GET"]}}],"collection":[{"href":"https:\/\/www.greenpeace.org\/brasil\/wp-json\/wp\/v2\/posts"}],"about":[{"href":"https:\/\/www.greenpeace.org\/brasil\/wp-json\/wp\/v2\/types\/post"}],"author":[{"embeddable":true,"href":"https:\/\/www.greenpeace.org\/brasil\/wp-json\/wp\/v2\/users\/28"}],"replies":[{"embeddable":true,"href":"https:\/\/www.greenpeace.org\/brasil\/wp-json\/wp\/v2\/comments?post=49848"}],"version-history":[{"count":13,"href":"https:\/\/www.greenpeace.org\/brasil\/wp-json\/wp\/v2\/posts\/49848\/revisions"}],"predecessor-version":[{"id":52877,"href":"https:\/\/www.greenpeace.org\/brasil\/wp-json\/wp\/v2\/posts\/49848\/revisions\/52877"}],"wp:featuredmedia":[{"embeddable":true,"href":"https:\/\/www.greenpeace.org\/brasil\/wp-json\/wp\/v2\/media\/49849"}],"wp:attachment":[{"href":"https:\/\/www.greenpeace.org\/brasil\/wp-json\/wp\/v2\/media?parent=49848"}],"wp:term":[{"taxonomy":"category","embeddable":true,"href":"https:\/\/www.greenpeace.org\/brasil\/wp-json\/wp\/v2\/categories?post=49848"},{"taxonomy":"post_tag","embeddable":true,"href":"https:\/\/www.greenpeace.org\/brasil\/wp-json\/wp\/v2\/tags?post=49848"},{"taxonomy":"p4-page-type","embeddable":true,"href":"https:\/\/www.greenpeace.org\/brasil\/wp-json\/wp\/v2\/p4-page-type?post=49848"}],"curies":[{"name":"wp","href":"https:\/\/api.w.org\/{rel}","templated":true}]}}