{"id":50019,"date":"2023-11-02T11:36:10","date_gmt":"2023-11-02T14:36:10","guid":{"rendered":"https:\/\/www.greenpeace.org\/brasil\/?p=50019"},"modified":"2023-11-02T11:36:13","modified_gmt":"2023-11-02T14:36:13","slug":"cupula-das-tres-bacias-passo-importante-para-proteger-florestas-tropicais-mas-faltou-acao","status":"publish","type":"post","link":"https:\/\/www.greenpeace.org\/brasil\/blog\/cupula-das-tres-bacias-passo-importante-para-proteger-florestas-tropicais-mas-faltou-acao\/","title":{"rendered":"C\u00fapula das Tr\u00eas Bacias: passo importante para proteger florestas tropicais, mas faltou a\u00e7\u00e3o"},"content":{"rendered":"\n<p><em>Apesar do important\u00edssimo objetivo de restaurar 350 milh\u00f5es de hectares de florestas tropicais, o evento n\u00e3o se comprometeu com metas concretas nem garantia dos direitos dos povos ind\u00edgenas.\u00a0<\/em><\/p>\n\n<figure class=\"wp-block-image size-large\"><img loading=\"lazy\" decoding=\"async\" width=\"1024\" height=\"683\" src=\"https:\/\/www.greenpeace.org\/static\/planet4-brasil-stateless\/2022\/10\/5e7e10f7-gp1sw6db_medium_res-1024x683.jpg\" alt=\"\" class=\"wp-image-43106\" srcset=\"https:\/\/www.greenpeace.org\/static\/planet4-brasil-stateless\/2022\/10\/5e7e10f7-gp1sw6db_medium_res-1024x683.jpg 1024w, https:\/\/www.greenpeace.org\/static\/planet4-brasil-stateless\/2022\/10\/5e7e10f7-gp1sw6db_medium_res-300x200.jpg 300w, https:\/\/www.greenpeace.org\/static\/planet4-brasil-stateless\/2022\/10\/5e7e10f7-gp1sw6db_medium_res-768x512.jpg 768w, https:\/\/www.greenpeace.org\/static\/planet4-brasil-stateless\/2022\/10\/5e7e10f7-gp1sw6db_medium_res-510x340.jpg 510w, https:\/\/www.greenpeace.org\/static\/planet4-brasil-stateless\/2022\/10\/5e7e10f7-gp1sw6db_medium_res.jpg 1200w\" sizes=\"auto, (max-width: 1024px) 100vw, 1024px\" \/><figcaption class=\"wp-element-caption\">Floresta Amaz\u00f4nica em Rond\u00f4nia. Em setembro, o Greenpeace Brasil realizou uma expedi\u00e7\u00e3o de campo na Amaz\u00f4nia, passando por Porto Velho, em Rond\u00f4nia, e Humait\u00e1 e L\u00e1brea, no Amazonas, para registrar o avan\u00e7o do desmatamento na regi\u00e3o, o fogo e os impactos das queimadas.<\/figcaption><\/figure>\n\n<p>Representantes dos pa\u00edses com as maiores florestas tropicais do mundo se encontraram na <strong>C\u00fapula das Tr\u00eas Bacias<\/strong> (a saber: bacias do Rio Amazonas, do Rio Congo e das Bacia de\u00a0Born\u00e9u-Mekong-Sudeste Asi\u00e1tico), na Rep\u00fablica Democr\u00e1tica do Congo, com o objetivo de implementar a primeira coliga\u00e7\u00e3o mundial para <strong>restaurar 350 milh\u00f5es de hectares de ecossistemas de florestas tropicais<\/strong> terrestres e aqu\u00e1ticos (Peatland e Mangues). Uma delega\u00e7\u00e3o do Greenpeace formada por representantes do Brasil, \u00c1frica e Indon\u00e9sia acompanhou as conversa\u00e7\u00f5es.<\/p>\n\n<p>Apesar da import\u00e2ncia e urg\u00eancia do objetivo (conservar florestas tropicais e restaurar \u00e1reas degradadas \u00e9 uma das a\u00e7\u00f5es centrais na luta para conter a atual crise clim\u00e1tica), a declara\u00e7\u00e3o final da C\u00fapula das Tr\u00eas Bacias, publicada na ter\u00e7a-feira (31), n\u00e3o se compromete com a\u00e7\u00f5es concretas para a prote\u00e7\u00e3o e restaura\u00e7\u00e3o das florestas tropicais, assim como n\u00e3o se compromete com a garantia dos direitos dos povos ind\u00edgenas e das comunidades tradicionais.<\/p>\n\n<p>Tamb\u00e9m chamou a aten\u00e7\u00e3o a falta de uma presen\u00e7a de peso do governo brasileiro na C\u00fapula, que busca retomar a lideran\u00e7a nos f\u00f3runs de discuss\u00f5es ambiental e clim\u00e1tica e nas quest\u00f5es geopol\u00edticas Sul-Sul.\u00a0<\/p>\n\n<figure class=\"wp-block-image size-full\"><img loading=\"lazy\" decoding=\"async\" width=\"800\" height=\"533\" src=\"https:\/\/www.greenpeace.org\/static\/planet4-brasil-stateless\/2023\/03\/a037669d-gp04usu_web_size_with_credit_line.jpg\" alt=\"\" class=\"wp-image-45415\" srcset=\"https:\/\/www.greenpeace.org\/static\/planet4-brasil-stateless\/2023\/03\/a037669d-gp04usu_web_size_with_credit_line.jpg 800w, https:\/\/www.greenpeace.org\/static\/planet4-brasil-stateless\/2023\/03\/a037669d-gp04usu_web_size_with_credit_line-300x200.jpg 300w, https:\/\/www.greenpeace.org\/static\/planet4-brasil-stateless\/2023\/03\/a037669d-gp04usu_web_size_with_credit_line-768x512.jpg 768w, https:\/\/www.greenpeace.org\/static\/planet4-brasil-stateless\/2023\/03\/a037669d-gp04usu_web_size_with_credit_line-510x340.jpg 510w\" sizes=\"auto, (max-width: 800px) 100vw, 800px\" \/><figcaption class=\"wp-element-caption\">Floresta tropical em Born\u00e9u, no Parque Nacional Tanjung Puting, na Indon\u00e9sia. <div class=\"credit icon-left\"> \u00a9 Ulet \u00a0Ifansasti \/ Greenpeace<\/div><\/figcaption><\/figure>\n\n<p><strong>Falsas solu\u00e7\u00f5es<\/strong><\/p>\n\n<p>Outro ponto de aten\u00e7\u00e3o da C\u00fapula das Tr\u00eas Bacias foram os controversos <strong>mercados de carbono<\/strong>, apresentados como o principal mecanismo financeiro para proteger e restaurar os ecossistemas de biodiversidade e as florestas tropicais.\u00a0<\/p>\n\n<p> Diversas institui\u00e7\u00f5es e pesquisadores t\u00eam alertado que o mercado de carbono \u00e9 uma falsa solu\u00e7\u00e3o para a crise clim\u00e1tica, pois refor\u00e7ar\u00e3o a mercantiliza\u00e7\u00e3o da natureza (e a sua destrui\u00e7\u00e3o) e violar\u00e3o os direitos de povos ind\u00edgenas e comunidades tradicionais.<\/p>\n\n<p>\u201cO mercado de carbono, como est\u00e1 proposto, transforma a floresta em commodity e viola os direitos humanos. O financiamento do combate \u00e0 crise clim\u00e1tica e da <a href=\"https:\/\/www.greenpeace.org\/brasil\/blog\/um-ano-do-marco-global-da-biodiversidade-governos-precisam-agir-para-frear-perda-de-especies\/\">perda de biodiversidade <\/a>devem ser inovadores como proposto na declara\u00e7\u00e3o da C\u00fapula, tendo como caracter\u00edsticas principais serem n\u00e3o mercadol\u00f3gicos, transparentes, acess\u00edveis e previs\u00edveis. Al\u00e9m disso, qualquer solu\u00e7\u00e3o para conter os efeitos da crise clim\u00e1tica deve reconhecer e privilegiar o papel das comunidades tradicionais e dos povos ind\u00edgenas na prote\u00e7\u00e3o das florestas e garantir os seus direitos\u201d, diz <strong>Romulo Batista<\/strong>, porta-voz de florestas tropicais do Greenpeace Brasil.<\/p>\n\n<p>Povos ind\u00edgenas e comunidades locais protegem mais de 75% das florestas no mundo, mas, at\u00e9 agora, o seu papel e conhecimento na conserva\u00e7\u00e3o da natureza e da biodiversidade ainda n\u00e3o foram suficientemente reconhecidos.<\/p>\n\n<figure class=\"wp-block-embed is-type-video is-provider-youtube wp-block-embed-youtube wp-embed-aspect-16-9 wp-has-aspect-ratio\"><div class=\"wp-block-embed__wrapper\">\n<lite-youtube style=\"background-image: url('https:\/\/i.ytimg.com\/vi\/AhFejpT3JFY\/hqdefault.jpg');\" videoid=\"AhFejpT3JFY\" params=\"rel=0\"><\/lite-youtube>\n<\/div><\/figure>\n\n<p><strong>Restaura\u00e7\u00e3o dos ecossistemas j\u00e1!<\/strong><\/p>\n\n<p>A C\u00fapula das Tr\u00eas Bacias ocorreu nos dias 26 a 28 de outubro. O evento acontece no \u00e2mbito da D\u00e9cada para a Restaura\u00e7\u00e3o dos Ecossistemas, das Na\u00e7\u00f5es Unidas, que visa deter a degrada\u00e7\u00e3o dos ecossistemas e restaur\u00e1-los para reverter o colapso da biodiversidade e desacelerar as mudan\u00e7as clim\u00e1ticas.\u00a0<\/p>\n\n<p>A atual d\u00e9cada (2021-2030) \u00e9 apontada pelos cientistas como a nossa \u00faltima chance de evitar os efeitos catastr\u00f3ficos das mudan\u00e7as clim\u00e1ticas. Ou seja, se quisermos evitar o pior, ainda h\u00e1 tempo, mas precisamos agir AGORA. O tempo est\u00e1 se esgotando.&nbsp;<\/p>\n\n<p>Por falar em tempo, estamos h\u00e1 um m\u00eas da <strong>COP28<\/strong>, a C\u00fapula do Clima da ONU, que ser\u00e1 realizada em Dubai. O <a href=\"https:\/\/www.greenpeace.org\/brasil\/blog\/exploracao-do-petroleo-ou-preservacao-da-vida-qual-caminho-vamos-seguir\/\">Greenpeace Brasil participar\u00e1 da COP28<\/a> e refor\u00e7ar\u00e1 a urg\u00eancia de regulamentar o financiamento clim\u00e1tico global para que os pa\u00edses com menos recursos financeiros e tecnol\u00f3gicos &#8211; justamente os que menos contribu\u00edram para a crise do clima e os que mais sofrem seus impactos hoje &#8211; possam se adaptar. Os efeitos negativos das mudan\u00e7as clim\u00e1ticas n\u00e3o podem ser mais um fator para acentuar as desigualdades entre os pa\u00edses. Precisamos de Justi\u00e7a Clim\u00e1tica real, e n\u00e3o de falsas solu\u00e7\u00f5es que continuem privilegiando os mais ricos.<\/p>\n\n<figure class=\"wp-block-image size-large\"><img loading=\"lazy\" decoding=\"async\" width=\"1024\" height=\"683\" src=\"https:\/\/www.greenpeace.org\/static\/planet4-brasil-stateless\/2018\/09\/f267aded-gp03ti8-1024x683.jpg\" title=\"O navio Rainbow Warrior navega pelo Rio Amazonas pela primeira vez no Brasil, em mar\u00e7o de 2012\" alt=\"O navio Rainbow Warrior navega pelo Rio Amazonas pela primeira vez no Brasil, em mar\u00e7o de 2012\" class=\"wp-image-4490\" srcset=\"https:\/\/www.greenpeace.org\/static\/planet4-brasil-stateless\/2018\/09\/f267aded-gp03ti8-1024x683.jpg 1024w, https:\/\/www.greenpeace.org\/static\/planet4-brasil-stateless\/2018\/09\/f267aded-gp03ti8-300x200.jpg 300w, https:\/\/www.greenpeace.org\/static\/planet4-brasil-stateless\/2018\/09\/f267aded-gp03ti8-768x512.jpg 768w, https:\/\/www.greenpeace.org\/static\/planet4-brasil-stateless\/2018\/09\/f267aded-gp03ti8-510x340.jpg 510w, https:\/\/www.greenpeace.org\/static\/planet4-brasil-stateless\/2018\/09\/f267aded-gp03ti8.jpg 1200w\" sizes=\"auto, (max-width: 1024px) 100vw, 1024px\" \/><figcaption class=\"wp-element-caption\">O navio Rainbow Warrior, do Greenpeace, navega pelo Rio Amazonas pela primeira vez no Brasil, em mar\u00e7o de 2012.<div class=\"credit icon-left\"> \u00a9 Rodrigo Baleia \/ Greenpeace<\/div><\/figcaption><\/figure>\n\n<div class=\"wp-block-buttons is-layout-flex wp-block-buttons-is-layout-flex\">\n<div class=\"wp-block-button\"><a class=\"wp-block-button__link wp-element-button\" href=\"https:\/\/www.greenpeace.org\/brasil\/como-ajudar\/\">Apoie as a\u00e7\u00f5es do Greenpeace Brasil e nos ajude na luta para conter os efeitos da crise clim\u00e1tica! <\/a><\/div>\n<\/div>\n\n<p><\/p>\n","protected":false},"excerpt":{"rendered":"<p>Representantes dos pa\u00edses com as maiores florestas tropicais do mundo se encontraram na C\u00fapula das Tr\u00eas Bacias (a saber: bacias do Rio Amazonas, do Rio Congo e das Bacia de\u00a0&hellip;<\/p>\n","protected":false},"author":121,"featured_media":45415,"comment_status":"open","ping_status":"closed","sticky":false,"template":"","format":"standard","meta":{"ep_exclude_from_search":false,"p4_og_title":"","p4_og_description":"","p4_og_image":"","p4_og_image_id":"","p4_seo_canonical_url":"","p4_campaign_name":"","p4_local_project":"","p4_basket_name":"","p4_department":"","footnotes":""},"categories":[49,70,5],"tags":[26,22,13,50],"p4-page-type":[16],"class_list":["post-50019","post","type-post","status-publish","format-standard","has-post-thumbnail","hentry","category-amazonia","category-biodiversidade","category-greenpeace","tag-biodiversidade","tag-florestas","tag-greenpeace","tag-institucional","p4-page-type-blog"],"_links":{"self":[{"href":"https:\/\/www.greenpeace.org\/brasil\/wp-json\/wp\/v2\/posts\/50019","targetHints":{"allow":["GET"]}}],"collection":[{"href":"https:\/\/www.greenpeace.org\/brasil\/wp-json\/wp\/v2\/posts"}],"about":[{"href":"https:\/\/www.greenpeace.org\/brasil\/wp-json\/wp\/v2\/types\/post"}],"author":[{"embeddable":true,"href":"https:\/\/www.greenpeace.org\/brasil\/wp-json\/wp\/v2\/users\/121"}],"replies":[{"embeddable":true,"href":"https:\/\/www.greenpeace.org\/brasil\/wp-json\/wp\/v2\/comments?post=50019"}],"version-history":[{"count":11,"href":"https:\/\/www.greenpeace.org\/brasil\/wp-json\/wp\/v2\/posts\/50019\/revisions"}],"predecessor-version":[{"id":50030,"href":"https:\/\/www.greenpeace.org\/brasil\/wp-json\/wp\/v2\/posts\/50019\/revisions\/50030"}],"wp:featuredmedia":[{"embeddable":true,"href":"https:\/\/www.greenpeace.org\/brasil\/wp-json\/wp\/v2\/media\/45415"}],"wp:attachment":[{"href":"https:\/\/www.greenpeace.org\/brasil\/wp-json\/wp\/v2\/media?parent=50019"}],"wp:term":[{"taxonomy":"category","embeddable":true,"href":"https:\/\/www.greenpeace.org\/brasil\/wp-json\/wp\/v2\/categories?post=50019"},{"taxonomy":"post_tag","embeddable":true,"href":"https:\/\/www.greenpeace.org\/brasil\/wp-json\/wp\/v2\/tags?post=50019"},{"taxonomy":"p4-page-type","embeddable":true,"href":"https:\/\/www.greenpeace.org\/brasil\/wp-json\/wp\/v2\/p4-page-type?post=50019"}],"curies":[{"name":"wp","href":"https:\/\/api.w.org\/{rel}","templated":true}]}}