{"id":50143,"date":"2023-11-10T08:26:09","date_gmt":"2023-11-10T11:26:09","guid":{"rendered":"https:\/\/www.greenpeace.org\/brasil\/?p=50143"},"modified":"2024-05-24T11:53:52","modified_gmt":"2024-05-24T14:53:52","slug":"os-mangues-da-amazonia-tambem-precisam-de-protecao","status":"publish","type":"post","link":"https:\/\/www.greenpeace.org\/brasil\/blog\/os-mangues-da-amazonia-tambem-precisam-de-protecao\/","title":{"rendered":"Os mangues da Amaz\u00f4nia tamb\u00e9m precisam de prote\u00e7\u00e3o"},"content":{"rendered":"\n<h4 class=\"wp-block-heading\">Costa amaz\u00f4nica \u00e9 lar da maior faixa cont\u00ednua de manguezais do planeta; \u00e1rea est\u00e1 amea\u00e7ada pelo avan\u00e7o do petr\u00f3leo<\/h4>\n\n<figure class=\"wp-block-image size-large\"><img loading=\"lazy\" decoding=\"async\" width=\"1024\" height=\"683\" src=\"https:\/\/www.greenpeace.org\/static\/planet4-brasil-stateless\/2023\/11\/8c0a50d3-ar_8868-1024x683.jpg\" alt=\"\" class=\"wp-image-50147\" srcset=\"https:\/\/www.greenpeace.org\/static\/planet4-brasil-stateless\/2023\/11\/8c0a50d3-ar_8868-1024x683.jpg 1024w, https:\/\/www.greenpeace.org\/static\/planet4-brasil-stateless\/2023\/11\/8c0a50d3-ar_8868-300x200.jpg 300w, https:\/\/www.greenpeace.org\/static\/planet4-brasil-stateless\/2023\/11\/8c0a50d3-ar_8868-768x512.jpg 768w, https:\/\/www.greenpeace.org\/static\/planet4-brasil-stateless\/2023\/11\/8c0a50d3-ar_8868-1536x1024.jpg 1536w, https:\/\/www.greenpeace.org\/static\/planet4-brasil-stateless\/2023\/11\/8c0a50d3-ar_8868-510x340.jpg 510w, https:\/\/www.greenpeace.org\/static\/planet4-brasil-stateless\/2023\/11\/8c0a50d3-ar_8868.jpg 1800w\" sizes=\"auto, (max-width: 1024px) 100vw, 1024px\" \/><figcaption class=\"wp-element-caption\">Os manguezais s\u00e3o essenciais para a biodiversidade. Fotografia do Parque Nacional do Cabo Orange, no Amap\u00e1. <div class=\"credit icon-left\"> \u00a9 Enrico Marone\/Greenpeace<\/div><\/figcaption><\/figure>\n\n<p>A Amaz\u00f4nia \u00e9 mundialmente conhecida por suas densas florestas. Mas \u00e9 tamb\u00e9m na costa amaz\u00f4nica que est\u00e1 <strong>a maior faixa cont\u00ednua de manguezais do planeta<\/strong>, com mais de 7.500 km\u00b2 de extens\u00e3o.<\/p>\n\n<p>Voc\u00ea sabia que os mangues s\u00e3o <strong>ber\u00e7\u00e1rios para a biodiversidade <\/strong>costeira e s\u00e3o fundamentais para o desenvolvimento da vida na regi\u00e3o? Por se encontrarem em zonas de transi\u00e7\u00e3o entre o ambiente marinho e terrestre, criam condi\u00e7\u00f5es ambientais \u00fanicas para alimenta\u00e7\u00e3o e reprodu\u00e7\u00e3o de diversas esp\u00e9cies.\u00a0<\/p>\n\n<p>Eles abrigam peixes, caranguejos e mariscos, al\u00e9m de lamas altamente nutritivas para plantas, insetos, crust\u00e1ceos, p\u00e1ssaros e at\u00e9 mesmo alguns mam\u00edferos. Ao <strong>sustentar o ciclo de vida dessas esp\u00e9cies,<\/strong> os mangues tamb\u00e9m se tornam fundamentais para a pesca artesanal e para a popula\u00e7\u00e3o local, principalmente nos estados do Amap\u00e1 e Par\u00e1.&nbsp;<\/p>\n\n<p>E n\u00e3o para por a\u00ed. <strong>Os mangues da costa amaz\u00f4nica s\u00e3o grandes aliados no combate \u00e0s mudan\u00e7as clim\u00e1ticas.<\/strong> As densas vegeta\u00e7\u00f5es e ra\u00edzes capturam e armazenam CO2, formando reservat\u00f3rios de carbono conhecidos como <strong>Carbono Azul<\/strong>, fundamentais para frear a crise do clima.<\/p>\n\n<figure class=\"wp-block-image size-large\"><img loading=\"lazy\" decoding=\"async\" width=\"1024\" height=\"683\" src=\"https:\/\/www.greenpeace.org\/static\/planet4-brasil-stateless\/2023\/11\/6cb6c21a-gp0stqc0q_medium_res-1-1024x683.jpg\" alt=\"\" class=\"wp-image-50144\" srcset=\"https:\/\/www.greenpeace.org\/static\/planet4-brasil-stateless\/2023\/11\/6cb6c21a-gp0stqc0q_medium_res-1-1024x683.jpg 1024w, https:\/\/www.greenpeace.org\/static\/planet4-brasil-stateless\/2023\/11\/6cb6c21a-gp0stqc0q_medium_res-1-300x200.jpg 300w, https:\/\/www.greenpeace.org\/static\/planet4-brasil-stateless\/2023\/11\/6cb6c21a-gp0stqc0q_medium_res-1-768x512.jpg 768w, https:\/\/www.greenpeace.org\/static\/planet4-brasil-stateless\/2023\/11\/6cb6c21a-gp0stqc0q_medium_res-1-510x340.jpg 510w, https:\/\/www.greenpeace.org\/static\/planet4-brasil-stateless\/2023\/11\/6cb6c21a-gp0stqc0q_medium_res-1.jpg 1200w\" sizes=\"auto, (max-width: 1024px) 100vw, 1024px\" \/><figcaption class=\"wp-element-caption\">Imagem a\u00e9rea do Parque Nacional do Cabo Orange, na costa do estado do Amap\u00e1, no extremo norte do Brasil. O local congrega biomas variados, como mangues e florestas tropicais (Foto: Victor Moriyama\/Greenpeace)<\/figcaption><\/figure>\n\n<p>A costa amaz\u00f4nica abriga pelo menos 80% dos mangues do Brasil, e as comunidades que l\u00e1 vivem tamb\u00e9m t\u00eam os manguezais como protetores. Afinal, eles atuam como uma barreira natural que ajuda a estabilizar a costa e mitigar o avan\u00e7o da eros\u00e3o costeira em raz\u00e3o das mar\u00e9s, ondas e inunda\u00e7\u00f5es.&nbsp;<\/p>\n\n<p><strong>Essa Amaz\u00f4nia plural, encantadora e guardi\u00e3 de uma imensa biodiversidade est\u00e1 sob amea\u00e7a<\/strong>. E a Amaz\u00f4nia dos mangues, que boa parte da popula\u00e7\u00e3o brasileira ainda n\u00e3o conhece, pode ser diretamente impactada pela explora\u00e7\u00e3o de petr\u00f3leo.<\/p>\n\n<div class=\"wp-block-buttons is-content-justification-center is-layout-flex wp-container-core-buttons-is-layout-16018d1d wp-block-buttons-is-layout-flex\">\n<div class=\"wp-block-button has-custom-width wp-block-button__width-75 is-style-secondary\"><a class=\"wp-block-button__link has-beige-100-color has-dark-green-800-background-color has-text-color has-background has-text-align-center wp-element-button\" href=\"https:\/\/www.greenpeace.org\/brasil\/apoie\/petroleo-na-amazonia-nao\/\" target=\"_blank\" rel=\"noreferrer noopener\">PARTICIPE DO ABAIXO-ASSINADO \u201cPETR\u00d3LEO NA AMAZ\u00d4NIA N\u00c3O\u201d<\/a><\/div>\n<\/div>\n\n<p>Enrico Marone, porta-voz da frente de Oceanos do Greenpeace Brasil, destaca que onde h\u00e1 explora\u00e7\u00e3o e produ\u00e7\u00e3o de petr\u00f3leo, h\u00e1 risco de derramamento. Ou seja: avan\u00e7ar com a explora\u00e7\u00e3o de petr\u00f3leo na regi\u00e3o da Bacia da Foz do Amazonas \u00e9 colocar os manguezais em risco!<\/p>\n\n<p>\u201cN\u00e3o existe, hoje, tecnologia vi\u00e1vel para a limpeza de mangues em caso de contamina\u00e7\u00e3o por petr\u00f3leo, o que significa que os <strong>poss\u00edveis impactos de um vazamento seriam desastrosos e irrevers\u00edveis<\/strong> para esse importante ecossistema da costa norte do Brasil\u201d, alerta o ocean\u00f3grafo.<br><br>Como recuperar uma lama densa como a dos manguezais, se eventualmente forem contaminadas pelo \u00f3leo? Diferentes esp\u00e9cies ser\u00e3o diretamente atingidas, e a fonte de subsist\u00eancia das comunidades pesqueiras comprometidas.<br><br>\u00c9 tamb\u00e9m para defender a Amaz\u00f4nia dos mangues que pedimos teu apoio. Fa\u00e7a parte do abaixo-assinado<strong> <a rel=\"noreferrer noopener\" href=\"https:\/\/www.greenpeace.org\/brasil\/apoie\/petroleo-na-amazonia-nao\/\" data-type=\"URL\" data-id=\"https:\/\/www.greenpeace.org\/brasil\/apoie\/petroleo-na-amazonia-nao\/\" target=\"_blank\">\u201cPetr\u00f3leo na Amaz\u00f4nia N\u00e3o\u201d<\/a> <\/strong>e nos ajude a pressionar o governo brasileiro a cumprir o compromisso de defender a Amaz\u00f4nia!&nbsp;<\/p>\n\n<figure class=\"wp-block-image size-large\"><img loading=\"lazy\" decoding=\"async\" width=\"1024\" height=\"683\" src=\"https:\/\/www.greenpeace.org\/static\/planet4-brasil-stateless\/2023\/11\/b3584d0c-dji_0273-1024x683.jpg\" alt=\"\" class=\"wp-image-50148\" srcset=\"https:\/\/www.greenpeace.org\/static\/planet4-brasil-stateless\/2023\/11\/b3584d0c-dji_0273-1024x683.jpg 1024w, https:\/\/www.greenpeace.org\/static\/planet4-brasil-stateless\/2023\/11\/b3584d0c-dji_0273-300x200.jpg 300w, https:\/\/www.greenpeace.org\/static\/planet4-brasil-stateless\/2023\/11\/b3584d0c-dji_0273-768x512.jpg 768w, https:\/\/www.greenpeace.org\/static\/planet4-brasil-stateless\/2023\/11\/b3584d0c-dji_0273-1536x1024.jpg 1536w, https:\/\/www.greenpeace.org\/static\/planet4-brasil-stateless\/2023\/11\/b3584d0c-dji_0273-510x340.jpg 510w, https:\/\/www.greenpeace.org\/static\/planet4-brasil-stateless\/2023\/11\/b3584d0c-dji_0273.jpg 1800w\" sizes=\"auto, (max-width: 1024px) 100vw, 1024px\" \/><figcaption class=\"wp-element-caption\">Os mangues da costa amaz\u00f4nica s\u00e3o grandes aliados no combate \u00e0s mudan\u00e7as clim\u00e1ticas<div class=\"credit icon-left\"> \u00a9 Enrico Marone\/Greenpeace<\/div><\/figcaption><\/figure>\n\n<p><br><\/p>\n","protected":false},"excerpt":{"rendered":"<p>Costa amaz\u00f4nica \u00e9 lar da maior faixa cont\u00ednua de manguezais do planeta; \u00e1rea est\u00e1 amea\u00e7ada pelo avan\u00e7o do petr\u00f3leo<\/p>\n","protected":false},"author":98,"featured_media":50147,"comment_status":"open","ping_status":"closed","sticky":false,"template":"","format":"standard","meta":{"ep_exclude_from_search":false,"p4_og_title":"","p4_og_description":"","p4_og_image":"","p4_og_image_id":"","p4_seo_canonical_url":"","p4_campaign_name":"","p4_local_project":"","p4_basket_name":"","p4_department":"","footnotes":""},"categories":[49],"tags":[27],"p4-page-type":[16],"class_list":["post-50143","post","type-post","status-publish","format-standard","has-post-thumbnail","hentry","category-amazonia","tag-oceanos","p4-page-type-blog"],"_links":{"self":[{"href":"https:\/\/www.greenpeace.org\/brasil\/wp-json\/wp\/v2\/posts\/50143","targetHints":{"allow":["GET"]}}],"collection":[{"href":"https:\/\/www.greenpeace.org\/brasil\/wp-json\/wp\/v2\/posts"}],"about":[{"href":"https:\/\/www.greenpeace.org\/brasil\/wp-json\/wp\/v2\/types\/post"}],"author":[{"embeddable":true,"href":"https:\/\/www.greenpeace.org\/brasil\/wp-json\/wp\/v2\/users\/98"}],"replies":[{"embeddable":true,"href":"https:\/\/www.greenpeace.org\/brasil\/wp-json\/wp\/v2\/comments?post=50143"}],"version-history":[{"count":6,"href":"https:\/\/www.greenpeace.org\/brasil\/wp-json\/wp\/v2\/posts\/50143\/revisions"}],"predecessor-version":[{"id":52878,"href":"https:\/\/www.greenpeace.org\/brasil\/wp-json\/wp\/v2\/posts\/50143\/revisions\/52878"}],"wp:featuredmedia":[{"embeddable":true,"href":"https:\/\/www.greenpeace.org\/brasil\/wp-json\/wp\/v2\/media\/50147"}],"wp:attachment":[{"href":"https:\/\/www.greenpeace.org\/brasil\/wp-json\/wp\/v2\/media?parent=50143"}],"wp:term":[{"taxonomy":"category","embeddable":true,"href":"https:\/\/www.greenpeace.org\/brasil\/wp-json\/wp\/v2\/categories?post=50143"},{"taxonomy":"post_tag","embeddable":true,"href":"https:\/\/www.greenpeace.org\/brasil\/wp-json\/wp\/v2\/tags?post=50143"},{"taxonomy":"p4-page-type","embeddable":true,"href":"https:\/\/www.greenpeace.org\/brasil\/wp-json\/wp\/v2\/p4-page-type?post=50143"}],"curies":[{"name":"wp","href":"https:\/\/api.w.org\/{rel}","templated":true}]}}