{"id":50181,"date":"2023-11-20T11:43:55","date_gmt":"2023-11-20T14:43:55","guid":{"rendered":"https:\/\/www.greenpeace.org\/brasil\/?p=50181"},"modified":"2023-11-20T14:06:55","modified_gmt":"2023-11-20T17:06:55","slug":"cop28-os-desafios-as-oportunidades-e-o-que-podera-ser-decidido","status":"publish","type":"post","link":"https:\/\/www.greenpeace.org\/brasil\/blog\/cop28-os-desafios-as-oportunidades-e-o-que-podera-ser-decidido\/","title":{"rendered":"COP28: os desafios, as oportunidades e o que poder\u00e1 ser decidido"},"content":{"rendered":"\n<p><em>Confer\u00eancia do Clima da ONU de 2023 ser\u00e1 a mais importante desde o Acordo de Paris. \u00c9 hora de os pa\u00edses se comprometerem com metas concretas, como o fim da explora\u00e7\u00e3o de petr\u00f3leo at\u00e9 2050.<\/em><\/p>\n\n<figure class=\"wp-block-embed is-type-video is-provider-youtube wp-block-embed-youtube wp-embed-aspect-16-9 wp-has-aspect-ratio\"><div class=\"wp-block-embed__wrapper\">\n<lite-youtube style=\"background-image: url('https:\/\/i.ytimg.com\/vi\/eFM3_f1ckHM\/hqdefault.jpg');\" videoid=\"eFM3_f1ckHM\" params=\"rel=0\"><\/lite-youtube>\n<\/div><\/figure>\n\n<p>Em 30 de novembro, come\u00e7a a<strong> 28\u00aa edi\u00e7\u00e3o da Confer\u00eancia do Clima das Na\u00e7\u00f5es Unidas<\/strong>, a <strong>COP28<\/strong>, que ser\u00e1 realizada em Dubai, nos Emirados \u00c1rabes Unidos. At\u00e9 12 de dezembro, sociedade civil organizada e representantes de mais de 200 pa\u00edses se reunir\u00e3o para discutir a\u00e7\u00f5es que determinar\u00e3o o nosso futuro como esp\u00e9cie no planeta. <\/p>\n\n<p>O <strong>Greenpeace<\/strong> <strong>Brasil <\/strong>estar\u00e1 na COP28 para pressionar os pa\u00edses a adotarem medidas reais para conter a crise clim\u00e1tica, que assola partes do Brasil e de diversas regi\u00f5es do mundo com secas, eventos extremos e seguidas ondas de calor que superam os 40\u00ba C. Queremos que os pa\u00edses se comprometam com o<a href=\"https:\/\/www.greenpeace.org\/brasil\/blog\/exploracao-do-petroleo-ou-preservacao-da-vida-qual-caminho-vamos-seguir\/\"> <strong>fim dos combust\u00edveis f\u00f3sseis at\u00e9 2050<\/strong> e com <strong>fim imediato da explora\u00e7\u00e3o de combust\u00edveis f\u00f3sseis<\/strong><\/a> em ecossistemas cr\u00edticos para a vida no planeta, <a href=\"https:\/\/www.greenpeace.org\/brasil\/blog\/petroleo-na-amazonia-nao-mais-de-60-organizacoes-assinam-pedido-direcionado-a-lideres-globais\/\" target=\"_blank\" rel=\"noreferrer noopener\">como a Amaz\u00f4nia<\/a> (veja mais abaixo).<\/p>\n\n<p>N\u00e3o podemos mais esperar por mudan\u00e7as, precisamos de a\u00e7\u00e3o agora!<\/p>\n\n<p>Abaixo, explicamos em cinco pontos o que \u00e9 a Confer\u00eancia do Clima \u00e9 t\u00e3o importante e por que a COP28 ser\u00e1 a edi\u00e7\u00e3o mais importante desde o Acordo de Paris. <\/p>\n\n<ol class=\"wp-block-list\">\n<li><strong>O que \u00e9 a COP?<\/strong><\/li>\n\n\n\n<li><strong>Por que a COP28 ser\u00e1 t\u00e3o importante?<\/strong><\/li>\n\n\n\n<li><strong>Quais os desafios da COP28?<\/strong><\/li>\n\n\n\n<li><strong>Quais as oportunidades da COP28?<\/strong><\/li>\n\n\n\n<li><strong>Como eu posso pressionar os governos durante a COP28?<\/strong><\/li>\n<\/ol>\n\n<p><strong>O que \u00e9 a COP?<\/strong><\/p>\n\n<p>A Confer\u00eancia do Clima da ONU \u00e9 o \u00fanico f\u00f3rum que aborda quest\u00f5es clim\u00e1ticas onde todos os pa\u00edses est\u00e3o presentes. Portanto, uma COP tem a responsabilidade e a legitimidade para tomar decis\u00f5es que determinar\u00e3o a nossa capacidade como comunidade global de conter coletivamente a crise do clima. Al\u00e9m disso, os resultados de cada COP podem fornecer ferramentas e sinais poderosos ao mundo, trazendo peso e significado para legisladores, tribunais, opini\u00e3o p\u00fablica, empresas e investidores em todo o mundo. <\/p>\n\n<p>A sociedade civil global representada por jovens, lideran\u00e7as ind\u00edgenas e comunidades tradicionais, organiza\u00e7\u00f5es etc, tamb\u00e9m participam das COPs, e sua presen\u00e7a tem sido essencial para cobrar os governos por solu\u00e7\u00f5es reais, prevenir o greenwash e responsabilizar os maiores poluidores hist\u00f3ricos do planeta, a saber, os pa\u00edses desenvolvidos.<\/p>\n\n<p>\u00c9 esperado, contudo, que, com tantos personagens envolvidos e que precisam chegar a consensos nas tomadas de decis\u00f5es, a emerg\u00eancia clim\u00e1tica nunca ser\u00e1 resolvida em uma \u00fanica confer\u00eancia da ONU. Por\u00e9m, cada COP tem o potencial de promover as solu\u00e7\u00f5es-chave de que o mundo tanto necessita \u2013 tanto a n\u00edvel global como nacional. <\/p>\n\n<p><strong>Por que a COP28 ser\u00e1 t\u00e3o importante?<\/strong><\/p>\n\n<p>Na COP28, ser\u00e1 lan\u00e7ado o <strong>primeiro Balan\u00e7o Global do Acordo de Paris<\/strong> (chamado de GST, sigla de Global Stocktake). <\/p>\n\n<p>O Acordo de Paris \u00e9 um pacto global firmado em 2015 por 197 pa\u00edses (incluindo o Brasil) para evitar um aquecimento do planeta acima de 1,5\u00b0C em rela\u00e7\u00e3o \u00e0 era pr\u00e9-industrial &#8211; o que seria catastr\u00f3fico e perigoso para a vida na Terra. Para isso, todos os pa\u00edses membros, ricos ou em desenvolvimento, s\u00e3o obrigados a adotar metas nacionais de redu\u00e7\u00e3o de gases causadores do efeito estufa, como o g\u00e1s carb\u00f4nico. O mecanismo tamb\u00e9m prev\u00ea que os pa\u00edses desenvolvidos d\u00eaem suporte financeiro aos em desenvolvimento, para que estes possam cumprir suas metas e se adaptarem \u00e0s mudan\u00e7as do clima. <\/p>\n\n<p>Passados oito anos do Acordo de Paris, o 1\u00ba Balan\u00e7o Global avaliou o progresso coletivo dos pa\u00edses para alcan\u00e7ar os objetivos do pacto (mitiga\u00e7\u00e3o, adapta\u00e7\u00e3o e de meios de implementa\u00e7\u00e3o). Spoiler: o balan\u00e7o global n\u00e3o \u00e9 animador.<\/p>\n\n<p>Em resumo, a COP28 \u00e9 t\u00e3o importante porque ser\u00e1 o momento dos pa\u00edses olharem para o que funcionou, o que n\u00e3o avan\u00e7ou e onde \u00e9 mais urgente avan\u00e7ar na luta para conter a crise do clima e se adaptar \u00e0s mudan\u00e7as clim\u00e1ticas. Tudo isso dever\u00e1 ser considerado para que os pa\u00edses apresentam uma nova rodada de metas clim\u00e1ticas nacionais, que dever\u00e1 acontecer em 2025, durante a COP30, que ser\u00e1 realizada no Brasil.\u00a0<\/p>\n\n<p>Entenda no v\u00eddeo abaixo o que \u00e9 o Acordo de Paris:<\/p>\n\n<figure class=\"wp-block-embed is-type-video is-provider-youtube wp-block-embed-youtube wp-embed-aspect-16-9 wp-has-aspect-ratio\"><div class=\"wp-block-embed__wrapper\">\n<lite-youtube style=\"background-image: url('https:\/\/i.ytimg.com\/vi\/h8VzjBjrspI\/hqdefault.jpg');\" videoid=\"h8VzjBjrspI\" params=\"rel=0\"><\/lite-youtube>\n<\/div><\/figure>\n\n<p><strong>Quais as oportunidades da COP28?<\/strong><\/p>\n\n<p>N\u00e3o \u00e9 novidade a informa\u00e7\u00e3o de que <strong>a queima de combust\u00edveis f\u00f3sseis \u00e9 a principal causadora da atual crise clim\u00e1tica<\/strong>. <\/p>\n\n<p>Apesar disso, o petr\u00f3leo, o carv\u00e3o e o g\u00e1s natural nunca foram explicitamente nomeados pelas declara\u00e7\u00f5es da Confer\u00eancia do Clima da ONU como os principais respons\u00e1veis, mas isso muda agora na COP28: pela primeira vez, os combust\u00edveis f\u00f3sseis estar\u00e3o no centro das conversas.<\/p>\n\n<p>Essa \u00e9 uma oportunidade \u00fanica de fazer os governos, conjunta e individualmente, a firmarem um acordo global na COP28 que ponha fim a era dos combust\u00edveis f\u00f3sseis. Mais que isso, um acordo global com metas e etapas que estabele\u00e7am:<\/p>\n\n<ul class=\"wp-block-list\">\n<li>a elimina\u00e7\u00e3o justa e progressiva do carv\u00e3o, o petr\u00f3leo e o g\u00e1s <strong>at\u00e9 20250<\/strong>;<\/li>\n<\/ul>\n\n<ul class=\"wp-block-list\">\n<li>o <strong>fim imediato da explora\u00e7\u00e3o de combust\u00edveis f\u00f3sseis<\/strong> em ecossistemas cr\u00edticos para a vida no planeta, com destaque para a Amaz\u00f4nia;<\/li>\n<\/ul>\n\n<ul class=\"wp-block-list\">\n<li>a urg\u00eancia para acelerar a transi\u00e7\u00e3o energ\u00e9tica para as energias renov\u00e1veis.<\/li>\n<\/ul>\n\n<figure class=\"wp-block-image size-large\"><img loading=\"lazy\" decoding=\"async\" width=\"1024\" height=\"683\" src=\"https:\/\/www.greenpeace.org\/static\/planet4-brasil-stateless\/2023\/10\/c2bc9b7e-l101007336-1024x683.jpg\" alt=\"\" class=\"wp-image-49905\" srcset=\"https:\/\/www.greenpeace.org\/static\/planet4-brasil-stateless\/2023\/10\/c2bc9b7e-l101007336-1024x683.jpg 1024w, https:\/\/www.greenpeace.org\/static\/planet4-brasil-stateless\/2023\/10\/c2bc9b7e-l101007336-300x200.jpg 300w, https:\/\/www.greenpeace.org\/static\/planet4-brasil-stateless\/2023\/10\/c2bc9b7e-l101007336-768x512.jpg 768w, https:\/\/www.greenpeace.org\/static\/planet4-brasil-stateless\/2023\/10\/c2bc9b7e-l101007336-1536x1025.jpg 1536w, https:\/\/www.greenpeace.org\/static\/planet4-brasil-stateless\/2023\/10\/c2bc9b7e-l101007336-510x340.jpg 510w, https:\/\/www.greenpeace.org\/static\/planet4-brasil-stateless\/2023\/10\/c2bc9b7e-l101007336.jpg 1800w\" sizes=\"auto, (max-width: 1024px) 100vw, 1024px\" \/><figcaption class=\"wp-element-caption\">Deixar o petr\u00f3leo no passado \u00e9 garantir o futuro de todas as formas de vida! Essa \u00e9 uma das demandas do Greenpeace na COP28<div class=\"credit icon-left\"> \u00a9 Lucas Landau\/Greenpeace<\/div><\/figcaption><\/figure>\n\n<p><strong>Quais os desafios da COP28?<\/strong><\/p>\n\n<p>S\u00e3o muito os desafios de uma COP que ser\u00e1 realizada em uma regi\u00e3o que \u00e9 uma das maiores produtoras de petr\u00f3leo do mundo, os Emirados \u00c1rabes Unidos. N\u00e3o \u00e9 coincid\u00eancia que o principal pedido do Greenpeace na COP28 \u00e9 <strong>&#8220;Chega de petr\u00f3leo!&#8221;.<\/strong> <\/p>\n\n<p>Por\u00e9m, existe outro desafio central em 2023: promover a justi\u00e7a clim\u00e1tica por meio de um fundo aos que mais est\u00e3o sofrendo com os impactos da crise do clima!<\/p>\n\n<p>Em 2022, na COP27, depois de anos de luta da sociedade civil global, os pa\u00edses, enfim, criaram um fundo para socorrer os pa\u00edses do Sul Global mais vulnerabilizados pela crise clim\u00e1tica, chamado de <strong>Fundo de Perdas e Danos<\/strong>.<\/p>\n\n<p>&#8220;Perdas e Danos&#8221; \u00e9 um conceito que se refere a situa\u00e7\u00f5es onde as perdas decorrentes dos eventos clim\u00e1ticos extremos n\u00e3o podem mais ser evitadas e, a \u00fanica coisa que resta, \u00e9 agir para reparar os danos sofridos. <\/p>\n\n<p>L\u00e1 em 2015, o Acordo de Paris previu a cria\u00e7\u00e3o de um Fundo pelos pa\u00edses ricos do Norte Global &#8211; os maiores poluidores e os mais respons\u00e1veis pela crise clim\u00e1tica atual &#8211; para financiar a\u00e7\u00f5es de Perdas e Danos nos pa\u00edses em desenvolvimento e insulares &#8211; os menos respons\u00e1veis pela crise.\u00a0Quase dez anos depois e muitas trag\u00e9dias nesse meio tempo, tal fundo ainda n\u00e3o entrou em opera\u00e7\u00e3o.<\/p>\n\n<p>Na COP28, os pa\u00edses dever\u00e3o entrar em um acordo para detalhar o Fundo de Perdas e Danos (quem colocar\u00e1 recursos, quais pa\u00edses ter\u00e3o acesso a eles, quem ir\u00e1 gerar o fundo, como funcionar\u00e1 o acesso etc).<\/p>\n\n<p>Depois de enfrentarmos os desastres de 2023, o ano mais quente da hist\u00f3ria, uma coisa \u00e9 certa: o Fundo de Perdas e Danos precisar\u00e1 reparar injusti\u00e7as e entrar em vigor j\u00e1! Os mais vulnerabilizados n\u00e3o podem continuar pagando a conta da crise clim\u00e1tica sozinhos.<\/p>\n\n<p><strong>Como eu posso pressionar os governos durante a COP28?<\/strong><\/p>\n\n<p>O mundo n\u00e3o tem mais tempo a perder. Se quisermos evitar um futuro sombrio, precisamos agir individual e coletivamente agora! Durante a COP28, podemos usar nosso tempo e vozes para pressionar os governos a agirem no caminho certo. <\/p>\n\n<p>Voc\u00ea pode se juntar ao Greenpeace Brasil compartilhando informa\u00e7\u00f5es sobre a urg\u00eancia clim\u00e1tica e usando a hashtag #Chegadepetr\u00f3leo. <\/p>\n\n<p>A n\u00edvel nacional, tamb\u00e9m temos o abaixo-assinado<strong> <a href=\"https:\/\/www.greenpeace.org\/brasil\/apoie\/petroleo-na-amazonia-nao\/\">&#8220;Petr\u00f3leo na Amaz\u00f4nia N\u00e3o!&#8221;<\/a><\/strong> para pressionar o governo Lula a se comprometer a n\u00e3o explorar petr\u00f3leo na regi\u00e3o. Se quisermos ter um futuro, o petr\u00f3leo precisa ficar no nosso passado!<\/p>\n\n<div class=\"wp-block-buttons is-layout-flex wp-block-buttons-is-layout-flex\">\n<div class=\"wp-block-button\"><a class=\"wp-block-button__link wp-element-button\" href=\"https:\/\/www.greenpeace.org\/brasil\/apoie\/petroleo-na-amazonia-nao\/\" target=\"_blank\" rel=\"noreferrer noopener\">Assine o abaixo-assinado &#8220;Petr\u00f3leo na Amaz\u00f4nia N\u00e3o!&#8221; e <strong>nos ajude a pressionar o presidente Lula a se comprometer com a n\u00e3o explora\u00e7\u00e3o de petr\u00f3leo na regi\u00e3o!<\/strong><\/a><\/div>\n<\/div>\n","protected":false},"excerpt":{"rendered":"<p>Confer\u00eancia do Clima da ONU de 2023 ser\u00e1 a mais importante desde o Acordo de Paris.<\/p>\n","protected":false},"author":121,"featured_media":50235,"comment_status":"open","ping_status":"closed","sticky":false,"template":"","format":"standard","meta":{"ep_exclude_from_search":false,"p4_og_title":"","p4_og_description":"","p4_og_image":"","p4_og_image_id":"","p4_seo_canonical_url":"","p4_campaign_name":"","p4_local_project":"","p4_basket_name":"","p4_department":"","footnotes":""},"categories":[5],"tags":[57,6,50,13],"p4-page-type":[16],"class_list":["post-50181","post","type-post","status-publish","format-standard","has-post-thumbnail","hentry","category-greenpeace","tag-cop","tag-clima","tag-institucional","tag-greenpeace","p4-page-type-blog"],"_links":{"self":[{"href":"https:\/\/www.greenpeace.org\/brasil\/wp-json\/wp\/v2\/posts\/50181","targetHints":{"allow":["GET"]}}],"collection":[{"href":"https:\/\/www.greenpeace.org\/brasil\/wp-json\/wp\/v2\/posts"}],"about":[{"href":"https:\/\/www.greenpeace.org\/brasil\/wp-json\/wp\/v2\/types\/post"}],"author":[{"embeddable":true,"href":"https:\/\/www.greenpeace.org\/brasil\/wp-json\/wp\/v2\/users\/121"}],"replies":[{"embeddable":true,"href":"https:\/\/www.greenpeace.org\/brasil\/wp-json\/wp\/v2\/comments?post=50181"}],"version-history":[{"count":20,"href":"https:\/\/www.greenpeace.org\/brasil\/wp-json\/wp\/v2\/posts\/50181\/revisions"}],"predecessor-version":[{"id":50234,"href":"https:\/\/www.greenpeace.org\/brasil\/wp-json\/wp\/v2\/posts\/50181\/revisions\/50234"}],"wp:featuredmedia":[{"embeddable":true,"href":"https:\/\/www.greenpeace.org\/brasil\/wp-json\/wp\/v2\/media\/50235"}],"wp:attachment":[{"href":"https:\/\/www.greenpeace.org\/brasil\/wp-json\/wp\/v2\/media?parent=50181"}],"wp:term":[{"taxonomy":"category","embeddable":true,"href":"https:\/\/www.greenpeace.org\/brasil\/wp-json\/wp\/v2\/categories?post=50181"},{"taxonomy":"post_tag","embeddable":true,"href":"https:\/\/www.greenpeace.org\/brasil\/wp-json\/wp\/v2\/tags?post=50181"},{"taxonomy":"p4-page-type","embeddable":true,"href":"https:\/\/www.greenpeace.org\/brasil\/wp-json\/wp\/v2\/p4-page-type?post=50181"}],"curies":[{"name":"wp","href":"https:\/\/api.w.org\/{rel}","templated":true}]}}