{"id":50240,"date":"2023-11-21T18:10:18","date_gmt":"2023-11-21T21:10:18","guid":{"rendered":"https:\/\/www.greenpeace.org\/brasil\/?p=50240"},"modified":"2023-11-22T17:10:54","modified_gmt":"2023-11-22T20:10:54","slug":"dia-de-doar-apoie-o-asas-da-emergencia-e-ajude-vitimas-da-seca-na-amazonia","status":"publish","type":"post","link":"https:\/\/www.greenpeace.org\/brasil\/blog\/dia-de-doar-apoie-o-asas-da-emergencia-e-ajude-vitimas-da-seca-na-amazonia\/","title":{"rendered":"Dia de Doar: apoie o Asas da Emerg\u00eancia e ajude v\u00edtimas da seca na Amaz\u00f4nia!"},"content":{"rendered":"\n<p><em><strong>Essa \u00e9 a sua \u00faltima oportunidade de doar para nossa campanha, que j\u00e1 levou mais de 50 toneladas de alimentos a quem mais precisa.<\/strong><\/em><\/p>\n\n<p>Na pr\u00f3xima ter\u00e7a feira, dia 28\/11, acontece o Dia de Doar 2023.&nbsp;<\/p>\n\n<p>Neste ano, o Greenpeace Brasil aproveita a data para jogar luz sobre a <a href=\"https:\/\/doe.greenpeace.org.br\/emergencia-amazonia\/p?appeal=21584\" data-type=\"URL\" data-id=\"https:\/\/doe.greenpeace.org.br\/emergencia-amazonia\/p?appeal=21584\" target=\"_blank\" rel=\"noreferrer noopener\"><strong>seca enfrentada pela regi\u00e3o Norte<\/strong><\/a>. Contamos com a sua solidariedade na nossa campanha emergencial!&nbsp;<\/p>\n\n<p><strong>Nesta edi\u00e7\u00e3o do Asas de Emerg\u00eancia, j\u00e1 foram mais de 10 mil km\u00b2 rodados e milhares de pessoas beneficiadas. <\/strong><\/p>\n\n<p>Por favor, <a href=\"https:\/\/doe.greenpeace.org.br\/emergencia-amazonia\/p?appeal=21584\" data-type=\"URL\" data-id=\"https:\/\/doe.greenpeace.org.br\/emergencia-amazonia\/p?appeal=21584\" target=\"_blank\" rel=\"noreferrer noopener\"><strong>fa\u00e7a a diferen\u00e7a<\/strong><\/a> e nos ajude a levar \u00e1gua, cestas b\u00e1sicas e itens de higiene para povos ind\u00edgenas e comunidades tradicionais da Amaz\u00f4nia.&nbsp;&nbsp;<\/p>\n\n<div class=\"wp-block-buttons is-content-justification-center is-layout-flex wp-container-core-buttons-is-layout-16018d1d wp-block-buttons-is-layout-flex\">\n<div class=\"wp-block-button\" id=\"https:\/\/doe.greenpeace.org.br\/calendario-2024\/p?appeal=21584\"><a class=\"wp-block-button__link has-beige-100-color has-green-800-background-color has-text-color has-background wp-element-button\" href=\"https:\/\/doe.greenpeace.org.br\/emergencia-amazonia\/p?appeal=21584\" target=\"_blank\" rel=\"https:\/\/doe.greenpeace.org.br\/calendario-2024\/p?appeal=21584 noopener\">Quero ajudar<\/a><\/div>\n<\/div>\n\n<p>O Dia de Doar acontece todos os anos. Se voc\u00ea ainda n\u00e3o conhece esse movimento, vamos te explicar n\u00e3o s\u00f3 a import\u00e2ncia da data, mas como precisamos do seu apoio para a campanha <a href=\"https:\/\/doe.greenpeace.org.br\/emergencia-amazonia\/p?appeal=21584\" data-type=\"URL\" data-id=\"https:\/\/doe.greenpeace.org.br\/emergencia-amazonia\/p?appeal=21584\" target=\"_blank\" rel=\"noreferrer noopener\"><strong>Asas da Emerg\u00eancia<\/strong><\/a>.&nbsp;<\/p>\n\n<p>O Dia de Doar, inspirado no <em>Giving Tuesday <\/em>dos Estados Unidos, hoje j\u00e1 envolve 85 pa\u00edses &#8211; entre eles, o Brasil.&nbsp;<\/p>\n\n<p>Seu principal objetivo \u00e9 incentivar a cultura de doa\u00e7\u00e3o, reunindo pessoas do mundo inteiro para fazer o bem, atrav\u00e9s de doa\u00e7\u00f5es para causas nas quais acreditam.<br><br>E, se voc\u00ea acredita na causa do Greenpeace, <a href=\"https:\/\/doe.greenpeace.org.br\/emergencia-amazonia\/p?appeal=21584\" data-type=\"URL\" data-id=\"https:\/\/doe.greenpeace.org.br\/emergencia-amazonia\/p?appeal=21584\" target=\"_blank\" rel=\"noreferrer noopener\"><strong>hoje \u00e9 o dia perfeito para se juntar a n\u00f3s<\/strong><\/a>! Aproveite a oportunidade de fazer a diferen\u00e7a.&nbsp;<\/p>\n\n<figure class=\"wp-block-image size-large  caption-alignment-center\" id=\"https:\/\/doe.greenpeace.org.br\/calendario-2024\/p?appeal=21584\"><a href=\"https:\/\/doe.greenpeace.org.br\/emergencia-amazonia\/p?appeal=21584\"><img loading=\"lazy\" decoding=\"async\" width=\"1024\" height=\"684\" src=\"https:\/\/www.greenpeace.org\/static\/planet4-brasil-stateless\/2023\/11\/52762f57-aia-0044_greenpeace_dia_de_doar_blog-1024x684.jpg\" alt=\"\" class=\"wp-image-50254\" srcset=\"https:\/\/www.greenpeace.org\/static\/planet4-brasil-stateless\/2023\/11\/52762f57-aia-0044_greenpeace_dia_de_doar_blog-1024x684.jpg 1024w, https:\/\/www.greenpeace.org\/static\/planet4-brasil-stateless\/2023\/11\/52762f57-aia-0044_greenpeace_dia_de_doar_blog-300x200.jpg 300w, https:\/\/www.greenpeace.org\/static\/planet4-brasil-stateless\/2023\/11\/52762f57-aia-0044_greenpeace_dia_de_doar_blog-768x513.jpg 768w, https:\/\/www.greenpeace.org\/static\/planet4-brasil-stateless\/2023\/11\/52762f57-aia-0044_greenpeace_dia_de_doar_blog-510x340.jpg 510w, https:\/\/www.greenpeace.org\/static\/planet4-brasil-stateless\/2023\/11\/52762f57-aia-0044_greenpeace_dia_de_doar_blog.jpg 1400w\" sizes=\"auto, (max-width: 1024px) 100vw, 1024px\" \/><\/a><\/figure>\n\n<div class=\"wp-block-buttons is-content-justification-center is-layout-flex wp-container-core-buttons-is-layout-16018d1d wp-block-buttons-is-layout-flex\">\n<div class=\"wp-block-button\" id=\"https:\/\/doe.greenpeace.org.br\/calendario-2024\/p?appeal=21584\"><a class=\"wp-block-button__link has-white-color has-green-800-background-color has-text-color has-background has-text-align-center wp-element-button\" href=\"https:\/\/doe.greenpeace.org.br\/emergencia-amazonia\/p?appeal=21584\" target=\"_blank\" rel=\"noreferrer noopener\">Doar agora<\/a><\/div>\n<\/div>\n\n<p>Infelizmente, a situa\u00e7\u00e3o atual em Rond\u00f4nia, Acre e, especialmente no Amazonas, \u00e9 muito grave.<\/p>\n\n<p><strong>Tudo indica que 2023 ser\u00e1 conhecido como o ano em que a Amaz\u00f4nia registrou a pior estiagem de sua hist\u00f3ria.<\/strong>&nbsp;<\/p>\n\n<p>No Amazonas, o estado mais castigado por mais esse evento clim\u00e1tico extremo, 40 dos 62 munic\u00edpios est\u00e3o em situa\u00e7\u00e3o de emerg\u00eancia. O governo do Estado estima que mais de meio milh\u00e3o de pessoas sofrer\u00e3o com as consequ\u00eancias da estiagem.<\/p>\n\n<p><strong>Por isso, aproveite essa data para fazer a diferen\u00e7a na vida de milhares de pessoas que est\u00e3o sofrendo pelo impacto das secas extremas. <a href=\"https:\/\/doe.greenpeace.org.br\/emergencia-amazonia\/p?appeal=21584\" data-type=\"URL\" data-id=\"https:\/\/doe.greenpeace.org.br\/emergencia-amazonia\/p?appeal=21584\" target=\"_blank\" rel=\"noreferrer noopener\">Clique aqui<\/a> e doe agora!<\/strong><\/p>\n\n<p>Os recursos arrecadados nesta edi\u00e7\u00e3o do Dia de Doar s\u00e3o destinados exclusivamente \u00e0 campanha Asas da Emerg\u00eancia.&nbsp;<\/p>\n\n<p>Ao lado de parceiros, compramos e entregamos suprimentos emergenciais, como alimentos, \u00e1gua e itens de higiene pessoal, para popula\u00e7\u00f5es vulnerabilizadas pela seca \u2013 em especial, povos ind\u00edgenas e comunidades tradicionais.<\/p>\n\n<p>Voc\u00ea j\u00e1 sabe, mas n\u00e3o custa lembrar: o Greenpeace Brasil \u00e9 uma organiza\u00e7\u00e3o independente. Por isso, s\u00f3 aceitamos recursos de pessoas f\u00edsicas.&nbsp;<\/p>\n\n<p><strong>Sem a ajuda de pessoas como voc\u00ea, nosso trabalho n\u00e3o seria poss\u00edvel.&nbsp;<a href=\"https:\/\/doe.greenpeace.org.br\/emergencia-amazonia\/p?appeal=21584\" data-type=\"URL\" data-id=\"https:\/\/doe.greenpeace.org.br\/emergencia-amazonia\/p?appeal=21584\" target=\"_blank\" rel=\"noreferrer noopener\"> O seu apoio \u00e9 fundamental nesse momento e contamos a sua doa\u00e7\u00e3o<\/a>!&nbsp;<\/strong><\/p>\n","protected":false},"excerpt":{"rendered":"<p>Na pr\u00f3xima ter\u00e7a feira, dia 28\/11, acontece o Dia de Doar 2023. Essa \u00e9 a sua \u00faltima oportunidade de doar para nossa campanha, que j\u00e1 levou mais de 50 toneladas de alimentos a quem mais precisa.<\/p>\n","protected":false},"author":28,"featured_media":50254,"comment_status":"open","ping_status":"closed","sticky":false,"template":"","format":"standard","meta":{"ep_exclude_from_search":false,"p4_og_title":"","p4_og_description":"","p4_og_image":"","p4_og_image_id":"","p4_seo_canonical_url":"","p4_campaign_name":"","p4_local_project":"","p4_basket_name":"","p4_department":"","footnotes":""},"categories":[5],"tags":[13],"p4-page-type":[16],"class_list":["post-50240","post","type-post","status-publish","format-standard","has-post-thumbnail","hentry","category-greenpeace","tag-greenpeace","p4-page-type-blog"],"_links":{"self":[{"href":"https:\/\/www.greenpeace.org\/brasil\/wp-json\/wp\/v2\/posts\/50240","targetHints":{"allow":["GET"]}}],"collection":[{"href":"https:\/\/www.greenpeace.org\/brasil\/wp-json\/wp\/v2\/posts"}],"about":[{"href":"https:\/\/www.greenpeace.org\/brasil\/wp-json\/wp\/v2\/types\/post"}],"author":[{"embeddable":true,"href":"https:\/\/www.greenpeace.org\/brasil\/wp-json\/wp\/v2\/users\/28"}],"replies":[{"embeddable":true,"href":"https:\/\/www.greenpeace.org\/brasil\/wp-json\/wp\/v2\/comments?post=50240"}],"version-history":[{"count":12,"href":"https:\/\/www.greenpeace.org\/brasil\/wp-json\/wp\/v2\/posts\/50240\/revisions"}],"predecessor-version":[{"id":50290,"href":"https:\/\/www.greenpeace.org\/brasil\/wp-json\/wp\/v2\/posts\/50240\/revisions\/50290"}],"wp:featuredmedia":[{"embeddable":true,"href":"https:\/\/www.greenpeace.org\/brasil\/wp-json\/wp\/v2\/media\/50254"}],"wp:attachment":[{"href":"https:\/\/www.greenpeace.org\/brasil\/wp-json\/wp\/v2\/media?parent=50240"}],"wp:term":[{"taxonomy":"category","embeddable":true,"href":"https:\/\/www.greenpeace.org\/brasil\/wp-json\/wp\/v2\/categories?post=50240"},{"taxonomy":"post_tag","embeddable":true,"href":"https:\/\/www.greenpeace.org\/brasil\/wp-json\/wp\/v2\/tags?post=50240"},{"taxonomy":"p4-page-type","embeddable":true,"href":"https:\/\/www.greenpeace.org\/brasil\/wp-json\/wp\/v2\/p4-page-type?post=50240"}],"curies":[{"name":"wp","href":"https:\/\/api.w.org\/{rel}","templated":true}]}}