{"id":50421,"date":"2023-09-01T14:01:00","date_gmt":"2023-09-01T17:01:00","guid":{"rendered":"https:\/\/www.greenpeace.org\/brasil\/?p=50421"},"modified":"2023-11-29T14:04:22","modified_gmt":"2023-11-29T17:04:22","slug":"focos-de-calor-amazonia-registra-31-489-focos-de-calor-nos-oito-meses-de-2023-o-menor-numero-desde-2018","status":"publish","type":"post","link":"https:\/\/www.greenpeace.org\/brasil\/imprensa\/focos-de-calor-amazonia-registra-31-489-focos-de-calor-nos-oito-meses-de-2023-o-menor-numero-desde-2018\/","title":{"rendered":"Focos de calor: Amaz\u00f4nia registra 31.489 focos de calor nos oito meses de 2023.O menor n\u00famero desde 2018"},"content":{"rendered":"\n<p class=\"has-text-align-center\"><em>Em rela\u00e7\u00e3o ao m\u00eas de agosto do ano passado, a queda \u00e9 de 48%<\/em><\/p>\n\n<figure class=\"wp-block-image size-large\"><img loading=\"lazy\" decoding=\"async\" width=\"1024\" height=\"683\" src=\"https:\/\/www.greenpeace.org\/static\/planet4-brasil-stateless\/2023\/11\/996a136d-gp0stx90i_medium_res-1024x683.jpg\" alt=\"\" class=\"wp-image-50422\" srcset=\"https:\/\/www.greenpeace.org\/static\/planet4-brasil-stateless\/2023\/11\/996a136d-gp0stx90i_medium_res-1024x683.jpg 1024w, https:\/\/www.greenpeace.org\/static\/planet4-brasil-stateless\/2023\/11\/996a136d-gp0stx90i_medium_res-300x200.jpg 300w, https:\/\/www.greenpeace.org\/static\/planet4-brasil-stateless\/2023\/11\/996a136d-gp0stx90i_medium_res-768x512.jpg 768w, https:\/\/www.greenpeace.org\/static\/planet4-brasil-stateless\/2023\/11\/996a136d-gp0stx90i_medium_res-510x340.jpg 510w, https:\/\/www.greenpeace.org\/static\/planet4-brasil-stateless\/2023\/11\/996a136d-gp0stx90i_medium_res.jpg 1200w\" sizes=\"auto, (max-width: 1024px) 100vw, 1024px\" \/><figcaption class=\"wp-element-caption\">Queimada na Gleba Abelhas, uma floresta p\u00fablica n\u00e3o destinada federal localizada no munic\u00edpio de Canutama (AM) | Foto: Marizilda Cruppe \/ Greenpeace Brasil<\/figcaption><\/figure>\n\n<p><strong>S\u00e3o Paulo, 1\u00ba de setembro de 2023 &#8211;<\/strong> Dados apresentados nesta quinta-feira (31) pelo Programa Queimadas do Instituto Nacional de Pesquisas Espaciais (Inpe) mostram redu\u00e7\u00e3o de 32% nos focos de calor na Amaz\u00f4nia, no acumulado dos oito meses de 2023, em rela\u00e7\u00e3o ao mesmo per\u00edodo do ano anterior, o menor do n\u00famero registrado neste intervalo desde 2018. Foi tamb\u00e9m registrada queda de 48% em rela\u00e7\u00e3o ao mesmo m\u00eas do ano passado, sendo 17.373 focos de calor em agosto de 2023, contra 33.116 em 2022. Os estados com mais focos de calor registrados este m\u00eas foram: Par\u00e1 (38,7%), seguido de Amazonas (31,5%) e Rond\u00f4nia (9,9%).<\/p>\n\n<p>Para R\u00f4mulo Batista, porta-voz do Greenpeace Brasil, as quedas registradas refletem as a\u00e7\u00f5es implementadas no combate ao desmatamento e as queimadas: &#8220;As quedas do desmatamento na Amaz\u00f4nia presenciadas nos \u00faltimos meses, influenciaram no resultado da diminui\u00e7\u00e3o de focos de calor na regi\u00e3o, j\u00e1 que boa parte das queimadas s\u00e3o utilizadas tamb\u00e9m para finalizar o desmatamento. Isso&nbsp; atrelado a postura do atual governo, que na contram\u00e3o do governo Bolsonaro e a sua agenda antiambiental, ampliou as a\u00e7\u00f5es de comando e controle com aumento de multas e embargos para os desmatadores, seja na floresta ou de forma remota, al\u00e9m da mudan\u00e7a de discurso na \u00e1rea ambiental\u201d.<\/p>\n\n<p>Entretanto, para R\u00f4mulo o momento \u00e9 de alerta e de mais a\u00e7\u00e3o para combater as queimadas: \u201cN\u00e3o \u00e9 o momento de baixar a guarda, o ver\u00e3o amaz\u00f4nico continua bastante quente e com poucas chuvas e o El Ni\u00f1o promete diminuir as chuvas a partir do m\u00eas de outubro, \u00e9 necess\u00e1rio que as a\u00e7\u00f5es de comando e controle continuem e que os governadores que comp\u00f5em o cons\u00f3rcio da Amaz\u00f4nia legal adotem o desmatamento zero at\u00e9 2030 como principal objetivo do grupo e al\u00e9m disso \u00e9 fundamental acelerar a constru\u00e7\u00e3o de&nbsp; alternativas socioecon\u00f4micas vi\u00e1veis para a regi\u00e3o, superando o atual modelo econ\u00f4mico predat\u00f3rio, que concentra renda, produz desigualdade social e engole a floresta.\u201d, finaliza.<\/p>\n","protected":false},"excerpt":{"rendered":"<p>S\u00e3o Paulo, 1\u00ba de setembro de 2023 &#8211; Dados apresentados nesta quinta-feira (31) pelo Programa Queimadas do Instituto Nacional de Pesquisas Espaciais (Inpe) mostram redu\u00e7\u00e3o de 32% nos focos de&hellip;<\/p>\n","protected":false},"author":116,"featured_media":50422,"comment_status":"open","ping_status":"closed","sticky":false,"template":"","format":"standard","meta":{"ep_exclude_from_search":false,"p4_og_title":"","p4_og_description":"","p4_og_image":"","p4_og_image_id":"","p4_seo_canonical_url":"","p4_campaign_name":"","p4_local_project":"","p4_basket_name":"","p4_department":"","footnotes":""},"categories":[49],"tags":[46,22],"p4-page-type":[14],"class_list":["post-50421","post","type-post","status-publish","format-standard","has-post-thumbnail","hentry","category-amazonia","tag-desmatamento","tag-florestas","p4-page-type-imprensa"],"_links":{"self":[{"href":"https:\/\/www.greenpeace.org\/brasil\/wp-json\/wp\/v2\/posts\/50421","targetHints":{"allow":["GET"]}}],"collection":[{"href":"https:\/\/www.greenpeace.org\/brasil\/wp-json\/wp\/v2\/posts"}],"about":[{"href":"https:\/\/www.greenpeace.org\/brasil\/wp-json\/wp\/v2\/types\/post"}],"author":[{"embeddable":true,"href":"https:\/\/www.greenpeace.org\/brasil\/wp-json\/wp\/v2\/users\/116"}],"replies":[{"embeddable":true,"href":"https:\/\/www.greenpeace.org\/brasil\/wp-json\/wp\/v2\/comments?post=50421"}],"version-history":[{"count":1,"href":"https:\/\/www.greenpeace.org\/brasil\/wp-json\/wp\/v2\/posts\/50421\/revisions"}],"predecessor-version":[{"id":50423,"href":"https:\/\/www.greenpeace.org\/brasil\/wp-json\/wp\/v2\/posts\/50421\/revisions\/50423"}],"wp:featuredmedia":[{"embeddable":true,"href":"https:\/\/www.greenpeace.org\/brasil\/wp-json\/wp\/v2\/media\/50422"}],"wp:attachment":[{"href":"https:\/\/www.greenpeace.org\/brasil\/wp-json\/wp\/v2\/media?parent=50421"}],"wp:term":[{"taxonomy":"category","embeddable":true,"href":"https:\/\/www.greenpeace.org\/brasil\/wp-json\/wp\/v2\/categories?post=50421"},{"taxonomy":"post_tag","embeddable":true,"href":"https:\/\/www.greenpeace.org\/brasil\/wp-json\/wp\/v2\/tags?post=50421"},{"taxonomy":"p4-page-type","embeddable":true,"href":"https:\/\/www.greenpeace.org\/brasil\/wp-json\/wp\/v2\/p4-page-type?post=50421"}],"curies":[{"name":"wp","href":"https:\/\/api.w.org\/{rel}","templated":true}]}}