{"id":50436,"date":"2023-09-14T14:34:00","date_gmt":"2023-09-14T17:34:00","guid":{"rendered":"https:\/\/www.greenpeace.org\/brasil\/?p=50436"},"modified":"2023-11-29T14:38:28","modified_gmt":"2023-11-29T17:38:28","slug":"marcha-das-mulheres-indigenas-milhares-de-participantes-ocupam-brasilia-por-defesa-de-direitos-dos-povos-originarios","status":"publish","type":"post","link":"https:\/\/www.greenpeace.org\/brasil\/imprensa\/marcha-das-mulheres-indigenas-milhares-de-participantes-ocupam-brasilia-por-defesa-de-direitos-dos-povos-originarios\/","title":{"rendered":"Marcha das Mulheres Ind\u00edgenas: milhares de participantes ocupam Bras\u00edlia por defesa de direitos dos povos origin\u00e1rios"},"content":{"rendered":"\n<p class=\"has-text-align-center\"><em>Evento realizado entre 11 e 13 de setembro reuniu 8 mil mulheres de 247 povos origin\u00e1rios; encontro teve como lema a prote\u00e7\u00e3o dos biomas brasileiros;<\/em><br><br><em>Imagens exclusivas do Greenpeace Brasil est\u00e3o dispon\u00edveis para uso da imprensa <\/em><a href=\"https:\/\/media.greenpeace.org\/Detail\/27MZIFJF2TCKX\"><em>aqui<\/em><\/a><\/p>\n\n<figure class=\"wp-block-image size-full\"><img loading=\"lazy\" decoding=\"async\" width=\"800\" height=\"533\" src=\"https:\/\/www.greenpeace.org\/static\/planet4-brasil-stateless\/2023\/11\/01d59589-gp0stxldx_low_res_with_credit_line.jpg\" alt=\"\" class=\"wp-image-50437\" srcset=\"https:\/\/www.greenpeace.org\/static\/planet4-brasil-stateless\/2023\/11\/01d59589-gp0stxldx_low_res_with_credit_line.jpg 800w, https:\/\/www.greenpeace.org\/static\/planet4-brasil-stateless\/2023\/11\/01d59589-gp0stxldx_low_res_with_credit_line-300x200.jpg 300w, https:\/\/www.greenpeace.org\/static\/planet4-brasil-stateless\/2023\/11\/01d59589-gp0stxldx_low_res_with_credit_line-768x512.jpg 768w, https:\/\/www.greenpeace.org\/static\/planet4-brasil-stateless\/2023\/11\/01d59589-gp0stxldx_low_res_with_credit_line-510x340.jpg 510w\" sizes=\"auto, (max-width: 800px) 100vw, 800px\" \/><figcaption class=\"wp-element-caption\">III Marcha das Mulheres Ind\u00edgenas | Foto: \u00a9 Edgar Kanayk\u00f5 \/ Greenpeace Brasil<\/figcaption><\/figure>\n\n<p><strong>S\u00e3o Paulo, 14 de setembro de 2023 &#8211;<\/strong> A terceira edi\u00e7\u00e3o da Marcha das Mulheres Ind\u00edgenas promoveu o encontro de aproximadamente 8 mil mulheres de mais de 247 povos origin\u00e1rios entre 11 e 13 de setembro em Bras\u00edlia (DF). O evento, que teve como tema a defesa da biodiversidade brasileira, tamb\u00e9m colocou em pauta temas como garimpo ilegal, viol\u00eancia de g\u00eanero e acessibilidade ind\u00edgena \u00e0 sa\u00fade mental. Acesse imagens exclusivas do Greenpeace Brasil que est\u00e3o dispon\u00edveis para uso da imprensa <a href=\"https:\/\/media.greenpeace.org\/Detail\/27MZIFJF2TCKX\">aqui<\/a>.<\/p>\n\n<p>Organizada pela Articula\u00e7\u00e3o Nacional das Mulheres Ind\u00edgenas Guerreiras da Ancestralidade (ANMIGA), a Marcha teve como mote &#8216;Mulheres Biomas em Defesa da Biodiversidade pelas Ra\u00edzes Ancestrais&#8217;. &#8220;O nosso bioma est\u00e1 sendo destru\u00eddo a todo tempo. E que a gente t\u00e1 aqui pra dizer pro mundo que n\u00f3s precisamos ser respeitadas, porque se a Amaz\u00f4nia for destru\u00edda, n\u00f3s tamb\u00e9m vamos juntas\u201d, alerta a lideran\u00e7a Watatakalu Yawalapiti em mat\u00e9ria do <a href=\"https:\/\/www.greenpeace.org\/brasil\/blog\/iii-marcha-das-mulheres-indigenas-a-luta-das-guerreiras-ancestrais\/\">blog do Greenpeace<\/a>.<\/p>\n\n<p>Segundo Ariene Susui, da frente de Povos Ind\u00edgenas do Greenpeace Brasil, &#8220;a Marcha das Mulheres j\u00e1 est\u00e1 consolidada como uma das principais mobiliza\u00e7\u00f5es do movimento ind\u00edgena no Brasil. Os debates e articula\u00e7\u00f5es realizadas ao longo da semana foram fundamentais para evidenciar a import\u00e2ncia das mulheres ind\u00edgenas que est\u00e3o h\u00e1 d\u00e9cadas na linha de frente na prote\u00e7\u00e3o de seus biomas, territ\u00f3rios e culturas&#8221;, afirma.<\/p>\n\n<p><strong>Contra o Marco Temporal &#8211; Greenpeace Brasil est\u00e1 coletando assinaturas<\/strong><\/p>\n\n<p>At\u00e9 o momento, o placar do julgamento da tese do Marco Temporal no Supremo Tribunal Federal (STF) est\u00e1 a favor dos povos ind\u00edgenas: 4 x 2 contra a proposta. Ainda faltam cinco votos para a conclus\u00e3o do julgamento \u2013 <a href=\"https:\/\/www.greenpeace.org\/brasil\/blog\/4-x-2-contra-o-marco-temporal\/\">a vota\u00e7\u00e3o continuar\u00e1 em 20 de setembro<\/a>.<\/p>\n\n<p>Se aprovado, o Marco Temporal vai impossibilitar a demarca\u00e7\u00e3o de territ\u00f3rios origin\u00e1rios, piorando a inseguran\u00e7a para os povos ind\u00edgenas e a crise clim\u00e1tica. As Terras Ind\u00edgenas s\u00e3o essenciais para o equil\u00edbrio ecol\u00f3gico e para o clima global, conservando <a href=\"https:\/\/brasil.mapbiomas.org\/terras-indigenas-contribuem-para-a-preservacao-das-florestas#:~:text=As%20terras%20ind%C3%ADgenas%20ocupam%2013,nativa%20no%20Brasil%20em%202020.\">mais de 100 milh\u00f5es de hectares de florestas.<\/a> O Marco Temporal coloca o mundo inteiro em risco e os povos ind\u00edgenas est\u00e3o na linha de frente da defesa do planeta.O Greenpeace Brasil convida a sociedade a participar do <a href=\"https:\/\/www.greenpeace.org\/brasil\/apoie\/marco-temporal-nao\/\">abaixo-assinado contra o Marco Temporal<\/a>.<\/p>\n","protected":false},"excerpt":{"rendered":"<p>Evento realizado entre 11 e 13 de setembro reuniu 8 mil mulheres de 247 povos origin\u00e1rios; encontro teve como lema a prote\u00e7\u00e3o dos biomas brasileiros;Imagens exclusivas do Greenpeace Brasil est\u00e3o&hellip;<\/p>\n","protected":false},"author":116,"featured_media":50438,"comment_status":"closed","ping_status":"closed","sticky":false,"template":"","format":"standard","meta":{"ep_exclude_from_search":false,"p4_og_title":"","p4_og_description":"","p4_og_image":"","p4_og_image_id":"","p4_seo_canonical_url":"","p4_campaign_name":"","p4_local_project":"","p4_basket_name":"","p4_department":"","footnotes":""},"categories":[49,68],"tags":[43],"p4-page-type":[14],"class_list":["post-50436","post","type-post","status-publish","format-standard","has-post-thumbnail","hentry","category-amazonia","category-povos-e-territorios","tag-povos-e-territorios","p4-page-type-imprensa"],"_links":{"self":[{"href":"https:\/\/www.greenpeace.org\/brasil\/wp-json\/wp\/v2\/posts\/50436","targetHints":{"allow":["GET"]}}],"collection":[{"href":"https:\/\/www.greenpeace.org\/brasil\/wp-json\/wp\/v2\/posts"}],"about":[{"href":"https:\/\/www.greenpeace.org\/brasil\/wp-json\/wp\/v2\/types\/post"}],"author":[{"embeddable":true,"href":"https:\/\/www.greenpeace.org\/brasil\/wp-json\/wp\/v2\/users\/116"}],"replies":[{"embeddable":true,"href":"https:\/\/www.greenpeace.org\/brasil\/wp-json\/wp\/v2\/comments?post=50436"}],"version-history":[{"count":1,"href":"https:\/\/www.greenpeace.org\/brasil\/wp-json\/wp\/v2\/posts\/50436\/revisions"}],"predecessor-version":[{"id":50439,"href":"https:\/\/www.greenpeace.org\/brasil\/wp-json\/wp\/v2\/posts\/50436\/revisions\/50439"}],"wp:featuredmedia":[{"embeddable":true,"href":"https:\/\/www.greenpeace.org\/brasil\/wp-json\/wp\/v2\/media\/50438"}],"wp:attachment":[{"href":"https:\/\/www.greenpeace.org\/brasil\/wp-json\/wp\/v2\/media?parent=50436"}],"wp:term":[{"taxonomy":"category","embeddable":true,"href":"https:\/\/www.greenpeace.org\/brasil\/wp-json\/wp\/v2\/categories?post=50436"},{"taxonomy":"post_tag","embeddable":true,"href":"https:\/\/www.greenpeace.org\/brasil\/wp-json\/wp\/v2\/tags?post=50436"},{"taxonomy":"p4-page-type","embeddable":true,"href":"https:\/\/www.greenpeace.org\/brasil\/wp-json\/wp\/v2\/p4-page-type?post=50436"}],"curies":[{"name":"wp","href":"https:\/\/api.w.org\/{rel}","templated":true}]}}