{"id":50640,"date":"2023-12-08T12:31:08","date_gmt":"2023-12-08T15:31:08","guid":{"rendered":"https:\/\/www.greenpeace.org\/brasil\/?p=50640"},"modified":"2023-12-08T12:32:36","modified_gmt":"2023-12-08T15:32:36","slug":"desmatamento-da-amazonia-tem-queda-de-638-em-novembro-registrando-o-menor-indice-da-serie-historica-2","status":"publish","type":"post","link":"https:\/\/www.greenpeace.org\/brasil\/blog\/desmatamento-da-amazonia-tem-queda-de-638-em-novembro-registrando-o-menor-indice-da-serie-historica-2\/","title":{"rendered":"Desmatamento da Amaz\u00f4nia tem queda de 63,8% em novembro, registrando o menor \u00edndice da s\u00e9rie hist\u00f3rica"},"content":{"rendered":"\n<h4 class=\"wp-block-heading\"><em>Acumulado nos onze meses do ano apresenta queda de 50,5% em rela\u00e7\u00e3o a 2022<\/em><\/h4>\n\n<figure class=\"wp-block-image size-large\"><img loading=\"lazy\" decoding=\"async\" width=\"1024\" height=\"576\" src=\"https:\/\/www.greenpeace.org\/static\/planet4-brasil-stateless\/2023\/12\/3dec27aa-gp0stycgv_pressmedia-1-1024x576.jpg\" alt=\"\" class=\"wp-image-50641\" srcset=\"https:\/\/www.greenpeace.org\/static\/planet4-brasil-stateless\/2023\/12\/3dec27aa-gp0stycgv_pressmedia-1-1024x576.jpg 1024w, https:\/\/www.greenpeace.org\/static\/planet4-brasil-stateless\/2023\/12\/3dec27aa-gp0stycgv_pressmedia-1-300x169.jpg 300w, https:\/\/www.greenpeace.org\/static\/planet4-brasil-stateless\/2023\/12\/3dec27aa-gp0stycgv_pressmedia-1-768x432.jpg 768w, https:\/\/www.greenpeace.org\/static\/planet4-brasil-stateless\/2023\/12\/3dec27aa-gp0stycgv_pressmedia-1-1536x864.jpg 1536w, https:\/\/www.greenpeace.org\/static\/planet4-brasil-stateless\/2023\/12\/3dec27aa-gp0stycgv_pressmedia-1-2048x1152.jpg 2048w, https:\/\/www.greenpeace.org\/static\/planet4-brasil-stateless\/2023\/12\/3dec27aa-gp0stycgv_pressmedia-1-510x287.jpg 510w\" sizes=\"auto, (max-width: 1024px) 100vw, 1024px\" \/><figcaption class=\"wp-element-caption\">Mesmo baixando os alertas de desmatamento, o Brasil ainda est\u00e1 distante de reduzir em 48% suas emiss\u00f5es at\u00e9 2025<div class=\"credit icon-left\"> \u00a9 Nilmar Lage \/ Greenpeace<\/div><\/figcaption><\/figure>\n\n<p><strong>S\u00e3o Paulo, 8 de dezembro de 2023 &#8211; <\/strong>Os dados referentes ao m\u00eas de novembro do sistema Deter-B, do Instituto Nacional de Pesquisas Espaciais (Inpe), apontam 201 km\u00b2 de alertas de desmatamento na Amaz\u00f4nia, uma queda de 63,8% em compara\u00e7\u00e3o ao mesmo per\u00edodo do ano passado. \u00c9 a menor taxa de desmatamento no bioma desde que come\u00e7aram os registros, em 2015. Os estados com as maiores \u00e1reas de alertas foram Par\u00e1 (96,5 km\u00b2), Mato Grosso&nbsp; (29,7 km\u00b2) e Maranh\u00e3o (23,1 km\u00b2).<\/p>\n\n<p>Para R\u00f4mulo Batista, porta-voz do Greenpeace Brasil, &#8220;as quedas registradas em novembro s\u00e3o reflexo da firme atua\u00e7\u00e3o dos \u00f3rg\u00e3os de controle e fiscaliza\u00e7\u00e3o, al\u00e9m da retomada de pol\u00edticas p\u00fablicas de prote\u00e7\u00e3o ambiental. Desde o m\u00eas de abril verificamos um cen\u00e1rio de queda nos alertas de desmatamento na Amaz\u00f4nia, o que culmina no m\u00eas de novembro com a menor taxa desde o in\u00edcio da s\u00e9rie hist\u00f3rica. Os oito meses seguidos de queda nos alertas est\u00e3o diretamente ligados \u00e0 volta da governan\u00e7a ambiental\u201d.<\/p>\n\n<p>Diante da Confer\u00eancia Global sobre Mudan\u00e7as Clim\u00e1ticas (COP28) realizada em Dubai neste m\u00eas, \u00e9 importante que o pa\u00eds se comprometa em zerar o desmatamento na Amaz\u00f4nia, considerando que a pr\u00e1tica contribui diretamente com o aumento de emiss\u00e3o de gases de efeito estufa na atmosfera: \u201cMesmo reduzindo os alertas de desmatamento, o Brasil ainda est\u00e1 distante de cumprir a meta de NDC (Contribui\u00e7\u00e3o Nacionalmente Determinada) assumida junto \u00e0 ONU, de reduzir em 48% suas emiss\u00f5es at\u00e9 2025. Portanto, \u00e9 preciso uma a\u00e7\u00e3o coordenada entre governo federal e os governos estaduais para que essa meta seja ainda mais reduzida, al\u00e9m de impedir que projetos antiambientais como o Marco Temporal, que coloca em risco o meio ambiente e os povos da floresta, tenham os seus vetos derrubados pelo Congresso Nacional\u201d, finaliza Batista.<\/p>\n","protected":false},"excerpt":{"rendered":"<p>Acumulado nos onze meses do ano apresenta queda de 50,5% em rela\u00e7\u00e3o a 2022<\/p>\n","protected":false},"author":90,"featured_media":50641,"comment_status":"open","ping_status":"closed","sticky":false,"template":"","format":"standard","meta":{"ep_exclude_from_search":false,"p4_og_title":"","p4_og_description":"","p4_og_image":"","p4_og_image_id":"","p4_seo_canonical_url":"","p4_campaign_name":"","p4_local_project":"","p4_basket_name":"","p4_department":"","footnotes":""},"categories":[49],"tags":[46,22],"p4-page-type":[16],"class_list":["post-50640","post","type-post","status-publish","format-standard","has-post-thumbnail","hentry","category-amazonia","tag-desmatamento","tag-florestas","p4-page-type-blog"],"_links":{"self":[{"href":"https:\/\/www.greenpeace.org\/brasil\/wp-json\/wp\/v2\/posts\/50640","targetHints":{"allow":["GET"]}}],"collection":[{"href":"https:\/\/www.greenpeace.org\/brasil\/wp-json\/wp\/v2\/posts"}],"about":[{"href":"https:\/\/www.greenpeace.org\/brasil\/wp-json\/wp\/v2\/types\/post"}],"author":[{"embeddable":true,"href":"https:\/\/www.greenpeace.org\/brasil\/wp-json\/wp\/v2\/users\/90"}],"replies":[{"embeddable":true,"href":"https:\/\/www.greenpeace.org\/brasil\/wp-json\/wp\/v2\/comments?post=50640"}],"version-history":[{"count":2,"href":"https:\/\/www.greenpeace.org\/brasil\/wp-json\/wp\/v2\/posts\/50640\/revisions"}],"predecessor-version":[{"id":50643,"href":"https:\/\/www.greenpeace.org\/brasil\/wp-json\/wp\/v2\/posts\/50640\/revisions\/50643"}],"wp:featuredmedia":[{"embeddable":true,"href":"https:\/\/www.greenpeace.org\/brasil\/wp-json\/wp\/v2\/media\/50641"}],"wp:attachment":[{"href":"https:\/\/www.greenpeace.org\/brasil\/wp-json\/wp\/v2\/media?parent=50640"}],"wp:term":[{"taxonomy":"category","embeddable":true,"href":"https:\/\/www.greenpeace.org\/brasil\/wp-json\/wp\/v2\/categories?post=50640"},{"taxonomy":"post_tag","embeddable":true,"href":"https:\/\/www.greenpeace.org\/brasil\/wp-json\/wp\/v2\/tags?post=50640"},{"taxonomy":"p4-page-type","embeddable":true,"href":"https:\/\/www.greenpeace.org\/brasil\/wp-json\/wp\/v2\/p4-page-type?post=50640"}],"curies":[{"name":"wp","href":"https:\/\/api.w.org\/{rel}","templated":true}]}}