{"id":50659,"date":"2023-12-08T14:54:24","date_gmt":"2023-12-08T17:54:24","guid":{"rendered":"https:\/\/www.greenpeace.org\/brasil\/?p=50659"},"modified":"2023-12-08T14:54:27","modified_gmt":"2023-12-08T17:54:27","slug":"crise-climatica-voluntariado-uniu-se-em-acao-online-contra-o-aumento-alarmante-de-queimadas","status":"publish","type":"post","link":"https:\/\/www.greenpeace.org\/brasil\/blog\/crise-climatica-voluntariado-uniu-se-em-acao-online-contra-o-aumento-alarmante-de-queimadas\/","title":{"rendered":"Crise clim\u00e1tica: voluntariado uniu-se em a\u00e7\u00e3o online contra o aumento alarmante de queimadas"},"content":{"rendered":"\n<h4 class=\"wp-block-heading\">Grupos locais investiram tempo em mobiliza\u00e7\u00f5es online, somando for\u00e7as para proteger os diversos biomas brasileiros<\/h4>\n\n<p>Enquanto nos aproximamos do final de 2023, \u00e9 empolgante para mim compartilhar o grande esfor\u00e7o dos ativistas, que se dedicaram a causas cruciais para a preserva\u00e7\u00e3o do nosso planeta. Vamos explorar as iniciativas que marcaram as \u00faltimas semanas de novembro e a primeira de dezembro, destacando o impacto positivo desses volunt\u00e1rios em suas comunidades e al\u00e9m.<\/p>\n\n<p>O grupo de Bel\u00e9m realizou uma a\u00e7\u00e3o nas ruas para conscientizar a popula\u00e7\u00e3o sobre as causas ambientais, coletando assinaturas contra a explora\u00e7\u00e3o de petr\u00f3leo na Amaz\u00f4nia. Houve tamb\u00e9m interven\u00e7\u00f5es art\u00edsticas, com volunt\u00e1rios e o artista @renato_artes_grafites, em colabora\u00e7\u00e3o com a comunidade e o CEDENPA (Centro de Estudo e Defesa do Negro), pintando bueiros e muros em apoio \u00e0 preserva\u00e7\u00e3o da Amaz\u00f4nia.<\/p>\n\n<figure class=\"wp-block-image aligncenter size-full\"><a href=\"https:\/\/www.instagram.com\/p\/C0Xs0ZEuU0a\/\"><img loading=\"lazy\" decoding=\"async\" width=\"333\" height=\"335\" src=\"https:\/\/www.greenpeace.org\/static\/planet4-brasil-stateless\/2023\/12\/7cbc559c-capturar.jpg\" alt=\"\" class=\"wp-image-50645\" srcset=\"https:\/\/www.greenpeace.org\/static\/planet4-brasil-stateless\/2023\/12\/7cbc559c-capturar.jpg 333w, https:\/\/www.greenpeace.org\/static\/planet4-brasil-stateless\/2023\/12\/7cbc559c-capturar-298x300.jpg 298w, https:\/\/www.greenpeace.org\/static\/planet4-brasil-stateless\/2023\/12\/7cbc559c-capturar-150x150.jpg 150w\" sizes=\"auto, (max-width: 333px) 100vw, 333px\" \/><\/a><figcaption><div class=\"credit icon-left\"> \u00a9 Grupo de volunt\u00e1rios de Bel\u00e9m<\/div><\/figcaption><\/figure>\n\n<p>Nos dias 24 e 25 de novembro, o time de Belo Horizonte participou da 1\u00aa Virada Clim\u00e1tica da cidade, realizada no Parque Municipal Am\u00e9rico Renn\u00e9 Giannetti. O evento foi inteiramente organizado pela sociedade civil, por diversos coletivos e indiv\u00edduos. Durante a virada, os ativistas abordaram a problem\u00e1tica da crise clim\u00e1tica e seu efeito na produ\u00e7\u00e3o alimentar, inspirados no document\u00e1rio &#8220;Antes do Prato&#8221;, por meio de um Ponto Verde.<\/p>\n\n<figure class=\"wp-block-image aligncenter size-large is-resized\"><img loading=\"lazy\" decoding=\"async\" src=\"https:\/\/www.greenpeace.org\/static\/planet4-brasil-stateless\/2023\/12\/2863e4a2-gpbr.belohorizonte_1701213341_3246335262056411695_4263537030-1024x1024.jpg\" alt=\"\" class=\"wp-image-50651\" width=\"350\" height=\"350\" srcset=\"https:\/\/www.greenpeace.org\/static\/planet4-brasil-stateless\/2023\/12\/2863e4a2-gpbr.belohorizonte_1701213341_3246335262056411695_4263537030-1024x1024.jpg 1024w, https:\/\/www.greenpeace.org\/static\/planet4-brasil-stateless\/2023\/12\/2863e4a2-gpbr.belohorizonte_1701213341_3246335262056411695_4263537030-300x300.jpg 300w, https:\/\/www.greenpeace.org\/static\/planet4-brasil-stateless\/2023\/12\/2863e4a2-gpbr.belohorizonte_1701213341_3246335262056411695_4263537030-150x150.jpg 150w, https:\/\/www.greenpeace.org\/static\/planet4-brasil-stateless\/2023\/12\/2863e4a2-gpbr.belohorizonte_1701213341_3246335262056411695_4263537030-768x768.jpg 768w, https:\/\/www.greenpeace.org\/static\/planet4-brasil-stateless\/2023\/12\/2863e4a2-gpbr.belohorizonte_1701213341_3246335262056411695_4263537030-1366x1366.jpg 1366w, https:\/\/www.greenpeace.org\/static\/planet4-brasil-stateless\/2023\/12\/2863e4a2-gpbr.belohorizonte_1701213341_3246335262056411695_4263537030-340x340.jpg 340w, https:\/\/www.greenpeace.org\/static\/planet4-brasil-stateless\/2023\/12\/2863e4a2-gpbr.belohorizonte_1701213341_3246335262056411695_4263537030.jpg 1440w\" sizes=\"auto, (max-width: 350px) 100vw, 350px\" \/><figcaption><div class=\"credit icon-left\"> \u00a9 Movimento Eu Amo Minha Quebrada<\/div><\/figcaption><\/figure>\n\n<p>Volunt\u00e1rios e volunt\u00e1rias do Greenpeace em S\u00e3o Paulo se reuniram para discutir a COP28 sediada em Dubai, onde ativistas e organiza\u00e7\u00f5es buscam a\u00e7\u00f5es contra as mudan\u00e7as clim\u00e1ticas, com foco em popula\u00e7\u00f5es vulner\u00e1veis. A reuni\u00e3o foi marcada por intensas trocas de estrat\u00e9gias e esperan\u00e7as, destacando o compromisso do grupo em ser uma voz para um futuro sustent\u00e1vel.<\/p>\n\n<figure class=\"wp-block-image aligncenter size-large is-resized\"><img loading=\"lazy\" decoding=\"async\" src=\"https:\/\/www.greenpeace.org\/static\/planet4-brasil-stateless\/2023\/12\/0cdac889-gpbr.saopaulo_1701641892_3249930204612485203_6751241698-819x1024.jpg\" alt=\"\" class=\"wp-image-50649\" width=\"366\" height=\"458\" srcset=\"https:\/\/www.greenpeace.org\/static\/planet4-brasil-stateless\/2023\/12\/0cdac889-gpbr.saopaulo_1701641892_3249930204612485203_6751241698-819x1024.jpg 819w, https:\/\/www.greenpeace.org\/static\/planet4-brasil-stateless\/2023\/12\/0cdac889-gpbr.saopaulo_1701641892_3249930204612485203_6751241698-240x300.jpg 240w, https:\/\/www.greenpeace.org\/static\/planet4-brasil-stateless\/2023\/12\/0cdac889-gpbr.saopaulo_1701641892_3249930204612485203_6751241698-768x960.jpg 768w, https:\/\/www.greenpeace.org\/static\/planet4-brasil-stateless\/2023\/12\/0cdac889-gpbr.saopaulo_1701641892_3249930204612485203_6751241698-1093x1366.jpg 1093w, https:\/\/www.greenpeace.org\/static\/planet4-brasil-stateless\/2023\/12\/0cdac889-gpbr.saopaulo_1701641892_3249930204612485203_6751241698-272x340.jpg 272w, https:\/\/www.greenpeace.org\/static\/planet4-brasil-stateless\/2023\/12\/0cdac889-gpbr.saopaulo_1701641892_3249930204612485203_6751241698.jpg 1108w\" sizes=\"auto, (max-width: 366px) 100vw, 366px\" \/><figcaption><div class=\"credit icon-left\"> \u00a9 Grupo de volunt\u00e1rios de S\u00e3o Paulo<\/div><\/figcaption><\/figure>\n\n<p>A galera de S\u00e3o Paulo n\u00e3o apenas se reuniu para discutir estrat\u00e9gias em n\u00edvel global, mas tamb\u00e9m investiu sua preocupa\u00e7\u00e3o e compromisso na comunidade local. Em outubro, os ativistas estiveram na EMEF Paulo Duarte, compartilhando conhecimentos sobre os impactos das hidrel\u00e9tricas com alunos do 5.\u00ba ano.<\/p>\n\n<figure class=\"wp-block-image aligncenter size-large is-resized\"><img loading=\"lazy\" decoding=\"async\" src=\"https:\/\/www.greenpeace.org\/static\/planet4-brasil-stateless\/2023\/12\/9610598d-imagem-do-whatsapp-de-2023-10-27-as-14.03.02_020b004e-1024x768.jpg\" alt=\"\" class=\"wp-image-50648\" width=\"512\" height=\"384\" srcset=\"https:\/\/www.greenpeace.org\/static\/planet4-brasil-stateless\/2023\/12\/9610598d-imagem-do-whatsapp-de-2023-10-27-as-14.03.02_020b004e-1024x768.jpg 1024w, https:\/\/www.greenpeace.org\/static\/planet4-brasil-stateless\/2023\/12\/9610598d-imagem-do-whatsapp-de-2023-10-27-as-14.03.02_020b004e-300x225.jpg 300w, https:\/\/www.greenpeace.org\/static\/planet4-brasil-stateless\/2023\/12\/9610598d-imagem-do-whatsapp-de-2023-10-27-as-14.03.02_020b004e-768x576.jpg 768w, https:\/\/www.greenpeace.org\/static\/planet4-brasil-stateless\/2023\/12\/9610598d-imagem-do-whatsapp-de-2023-10-27-as-14.03.02_020b004e-453x340.jpg 453w, https:\/\/www.greenpeace.org\/static\/planet4-brasil-stateless\/2023\/12\/9610598d-imagem-do-whatsapp-de-2023-10-27-as-14.03.02_020b004e.jpg 1280w\" sizes=\"auto, (max-width: 512px) 100vw, 512px\" \/><figcaption><div class=\"credit icon-left\"> \u00a9 Grupo de volunt\u00e1rios de S\u00e3o Paulo<\/div><\/figcaption><\/figure>\n\n<p>Em colabora\u00e7\u00e3o com o Fashion Revolution, o voluntariado de Belo Horizonte ministrou uma palestra durante a 1\u00aa Semana de Moda na UFMG (Universidade Federal de Minas Gerais). Com foco na transpar\u00eancia da cadeia de produ\u00e7\u00e3o da ind\u00fastria da moda e seus impactos ambientais, a apresenta\u00e7\u00e3o buscou informar e incentivar a discuss\u00e3o entre os cerca de 40 alunos do curso de Design de Moda da universidade.<\/p>\n\n<figure class=\"wp-block-image aligncenter size-full is-resized\"><img loading=\"lazy\" decoding=\"async\" src=\"https:\/\/www.greenpeace.org\/static\/planet4-brasil-stateless\/2023\/12\/d1dac952-whatsapp-image-2023-11-29-at-7.55.18-pm.jpeg\" alt=\"\" class=\"wp-image-50647\" width=\"392\" height=\"392\" srcset=\"https:\/\/www.greenpeace.org\/static\/planet4-brasil-stateless\/2023\/12\/d1dac952-whatsapp-image-2023-11-29-at-7.55.18-pm.jpeg 739w, https:\/\/www.greenpeace.org\/static\/planet4-brasil-stateless\/2023\/12\/d1dac952-whatsapp-image-2023-11-29-at-7.55.18-pm-300x300.jpeg 300w, https:\/\/www.greenpeace.org\/static\/planet4-brasil-stateless\/2023\/12\/d1dac952-whatsapp-image-2023-11-29-at-7.55.18-pm-150x150.jpeg 150w, https:\/\/www.greenpeace.org\/static\/planet4-brasil-stateless\/2023\/12\/d1dac952-whatsapp-image-2023-11-29-at-7.55.18-pm-340x340.jpeg 340w\" sizes=\"auto, (max-width: 392px) 100vw, 392px\" \/><figcaption><div class=\"credit icon-left\"> \u00a9 Grupo de volunt\u00e1rios de Belo Horizonte<\/div><\/figcaption><\/figure>\n\n<p>O grupo de Bras\u00edlia participou do plantio de mudas no Parque do Riacho Fundo II, organizado pelo Instituto Arvoredo, em 15 de novembro. Durante a atividade, tiveram a oportunidade de fazer uma mini trilha at\u00e9 uma nascente, onde os participantes contemplaram \u00e1gua cristalina e uma paisagem incr\u00edvel.<\/p>\n\n<figure class=\"wp-block-image aligncenter size-full is-resized\"><img loading=\"lazy\" decoding=\"async\" src=\"https:\/\/www.greenpeace.org\/static\/planet4-brasil-stateless\/2023\/12\/b6d9bd00-plantio_15nov_1.jpeg\" alt=\"\" class=\"wp-image-50646\" width=\"400\" height=\"400\" srcset=\"https:\/\/www.greenpeace.org\/static\/planet4-brasil-stateless\/2023\/12\/b6d9bd00-plantio_15nov_1.jpeg 576w, https:\/\/www.greenpeace.org\/static\/planet4-brasil-stateless\/2023\/12\/b6d9bd00-plantio_15nov_1-300x300.jpeg 300w, https:\/\/www.greenpeace.org\/static\/planet4-brasil-stateless\/2023\/12\/b6d9bd00-plantio_15nov_1-150x150.jpeg 150w, https:\/\/www.greenpeace.org\/static\/planet4-brasil-stateless\/2023\/12\/b6d9bd00-plantio_15nov_1-340x340.jpeg 340w\" sizes=\"auto, (max-width: 400px) 100vw, 400px\" \/><figcaption><div class=\"credit icon-left\"> \u00a9 Grupo de volunt\u00e1rios de Bras\u00edlia<\/div><\/figcaption><\/figure>\n\n<p>A turma de Jo\u00e3o Pessoa, Natal (em forma\u00e7\u00e3o), S\u00e3o Lu\u00eds, Salvador e Recife se mobilizou online contra o aumento alarmante de queimadas na Caatinga. Com 14.885 focos de inc\u00eandio registrados no ano pelo INPE, eles e elas levantaram a voz virtual em defesa desse ecossistema \u00fanico.<\/p>\n\n<figure class=\"wp-block-image aligncenter size-large is-resized\"><img loading=\"lazy\" decoding=\"async\" src=\"https:\/\/www.greenpeace.org\/static\/planet4-brasil-stateless\/2023\/12\/461de927-gpbr.jampa_1700777578_3242679810046999152_36852959261-1024x1024.jpg\" alt=\"\" class=\"wp-image-50653\" width=\"392\" height=\"392\" srcset=\"https:\/\/www.greenpeace.org\/static\/planet4-brasil-stateless\/2023\/12\/461de927-gpbr.jampa_1700777578_3242679810046999152_36852959261-1024x1024.jpg 1024w, https:\/\/www.greenpeace.org\/static\/planet4-brasil-stateless\/2023\/12\/461de927-gpbr.jampa_1700777578_3242679810046999152_36852959261-300x300.jpg 300w, https:\/\/www.greenpeace.org\/static\/planet4-brasil-stateless\/2023\/12\/461de927-gpbr.jampa_1700777578_3242679810046999152_36852959261-150x150.jpg 150w, https:\/\/www.greenpeace.org\/static\/planet4-brasil-stateless\/2023\/12\/461de927-gpbr.jampa_1700777578_3242679810046999152_36852959261-768x768.jpg 768w, https:\/\/www.greenpeace.org\/static\/planet4-brasil-stateless\/2023\/12\/461de927-gpbr.jampa_1700777578_3242679810046999152_36852959261-1366x1366.jpg 1366w, https:\/\/www.greenpeace.org\/static\/planet4-brasil-stateless\/2023\/12\/461de927-gpbr.jampa_1700777578_3242679810046999152_36852959261-340x340.jpg 340w, https:\/\/www.greenpeace.org\/static\/planet4-brasil-stateless\/2023\/12\/461de927-gpbr.jampa_1700777578_3242679810046999152_36852959261.jpg 1440w\" sizes=\"auto, (max-width: 392px) 100vw, 392px\" \/><figcaption><div class=\"credit icon-left\"> \u00a9 Grupo de volunt\u00e1rios Greenpeace Brasil<\/div><\/figcaption><\/figure>\n\n<p>Juntos, de norte a sul, do litoral ao interior, o voluntariado uniu-se em prol do planeta! Grupos de diversas regi\u00f5es como Litoral Norte do Rio Grande do Sul, Belo Horizonte, Bel\u00e9m, Bras\u00edlia, Jo\u00e3o Pessoa, Rio de Janeiro, Zona da Mata, Porto Alegre, Manaus, Macap\u00e1, S\u00e3o Paulo e Vale do Itaja\u00ed, mobilizaram-se online contra a crise clim\u00e1tica e as queimadas em Manaus.<\/p>\n\n<figure class=\"wp-block-image aligncenter size-large is-resized\"><img loading=\"lazy\" decoding=\"async\" src=\"https:\/\/www.greenpeace.org\/static\/planet4-brasil-stateless\/2023\/12\/5d01bf48-gpbr.belem_1701295626_3247025511997284879_7805943630-1024x1024.jpg\" alt=\"\" class=\"wp-image-50652\" width=\"390\" height=\"390\" srcset=\"https:\/\/www.greenpeace.org\/static\/planet4-brasil-stateless\/2023\/12\/5d01bf48-gpbr.belem_1701295626_3247025511997284879_7805943630-1024x1024.jpg 1024w, https:\/\/www.greenpeace.org\/static\/planet4-brasil-stateless\/2023\/12\/5d01bf48-gpbr.belem_1701295626_3247025511997284879_7805943630-300x300.jpg 300w, https:\/\/www.greenpeace.org\/static\/planet4-brasil-stateless\/2023\/12\/5d01bf48-gpbr.belem_1701295626_3247025511997284879_7805943630-150x150.jpg 150w, https:\/\/www.greenpeace.org\/static\/planet4-brasil-stateless\/2023\/12\/5d01bf48-gpbr.belem_1701295626_3247025511997284879_7805943630-768x768.jpg 768w, https:\/\/www.greenpeace.org\/static\/planet4-brasil-stateless\/2023\/12\/5d01bf48-gpbr.belem_1701295626_3247025511997284879_7805943630-340x340.jpg 340w, https:\/\/www.greenpeace.org\/static\/planet4-brasil-stateless\/2023\/12\/5d01bf48-gpbr.belem_1701295626_3247025511997284879_7805943630.jpg 1080w\" sizes=\"auto, (max-width: 390px) 100vw, 390px\" \/><figcaption><div class=\"credit icon-left\"> \u00a9 Grupo de volunt\u00e1rios Greenpeace Brasil<\/div><\/figcaption><\/figure>\n\n<p>O voluntariado do Rio de Janeiro uniu-se para doar sangue, mostrando que o compromisso com a sustentabilidade tamb\u00e9m se estende \u00e0 solidariedade.<\/p>\n\n<figure class=\"wp-block-image aligncenter size-full is-resized\"><img loading=\"lazy\" decoding=\"async\" src=\"https:\/\/www.greenpeace.org\/static\/planet4-brasil-stateless\/2023\/12\/d3b149a6-gpbr.riodejaneiro_1701392238_3247835951923470721_2011038239.jpg\" alt=\"\" class=\"wp-image-50650\" width=\"396\" height=\"396\" srcset=\"https:\/\/www.greenpeace.org\/static\/planet4-brasil-stateless\/2023\/12\/d3b149a6-gpbr.riodejaneiro_1701392238_3247835951923470721_2011038239.jpg 960w, https:\/\/www.greenpeace.org\/static\/planet4-brasil-stateless\/2023\/12\/d3b149a6-gpbr.riodejaneiro_1701392238_3247835951923470721_2011038239-300x300.jpg 300w, https:\/\/www.greenpeace.org\/static\/planet4-brasil-stateless\/2023\/12\/d3b149a6-gpbr.riodejaneiro_1701392238_3247835951923470721_2011038239-150x150.jpg 150w, https:\/\/www.greenpeace.org\/static\/planet4-brasil-stateless\/2023\/12\/d3b149a6-gpbr.riodejaneiro_1701392238_3247835951923470721_2011038239-768x768.jpg 768w, https:\/\/www.greenpeace.org\/static\/planet4-brasil-stateless\/2023\/12\/d3b149a6-gpbr.riodejaneiro_1701392238_3247835951923470721_2011038239-340x340.jpg 340w\" sizes=\"auto, (max-width: 396px) 100vw, 396px\" \/><figcaption><div class=\"credit icon-left\"> \u00a9 Grupo de volunt\u00e1rios do Rio de Janeiro<\/div><\/figcaption><\/figure>\n\n<p>Das ruas \u00e0 internet, cada atividade ecoa como um chamado para a conscientiza\u00e7\u00e3o e a\u00e7\u00e3o coletiva diante dos desafios ambientais.<strong><a href=\"https:\/\/conexaoverde.greenpeace.org.br\/pagina-inicial\" target=\"_blank\" rel=\"noreferrer noopener\"> Junte-se a n\u00f3s nesta jornada clicando neste link! <\/a><\/strong>\ud83c\udf0d\ud83d\udc9a<\/p>\n","protected":false},"excerpt":{"rendered":"<p>Grupos locais investiram tempo em mobiliza\u00e7\u00f5es online, somando for\u00e7as para proteger os diversos biomas brasileiros<\/p>\n","protected":false},"author":103,"featured_media":50649,"comment_status":"open","ping_status":"closed","sticky":false,"template":"","format":"standard","meta":{"ep_exclude_from_search":false,"p4_og_title":"","p4_og_description":"","p4_og_image":"","p4_og_image_id":"","p4_seo_canonical_url":"","p4_campaign_name":"","p4_local_project":"","p4_basket_name":"","p4_department":"","footnotes":""},"categories":[5],"tags":[23,40],"p4-page-type":[16],"class_list":["post-50659","post","type-post","status-publish","format-standard","has-post-thumbnail","hentry","category-greenpeace","tag-mobilizacao","tag-projeto-escola","p4-page-type-blog"],"_links":{"self":[{"href":"https:\/\/www.greenpeace.org\/brasil\/wp-json\/wp\/v2\/posts\/50659","targetHints":{"allow":["GET"]}}],"collection":[{"href":"https:\/\/www.greenpeace.org\/brasil\/wp-json\/wp\/v2\/posts"}],"about":[{"href":"https:\/\/www.greenpeace.org\/brasil\/wp-json\/wp\/v2\/types\/post"}],"author":[{"embeddable":true,"href":"https:\/\/www.greenpeace.org\/brasil\/wp-json\/wp\/v2\/users\/103"}],"replies":[{"embeddable":true,"href":"https:\/\/www.greenpeace.org\/brasil\/wp-json\/wp\/v2\/comments?post=50659"}],"version-history":[{"count":1,"href":"https:\/\/www.greenpeace.org\/brasil\/wp-json\/wp\/v2\/posts\/50659\/revisions"}],"predecessor-version":[{"id":50667,"href":"https:\/\/www.greenpeace.org\/brasil\/wp-json\/wp\/v2\/posts\/50659\/revisions\/50667"}],"wp:featuredmedia":[{"embeddable":true,"href":"https:\/\/www.greenpeace.org\/brasil\/wp-json\/wp\/v2\/media\/50649"}],"wp:attachment":[{"href":"https:\/\/www.greenpeace.org\/brasil\/wp-json\/wp\/v2\/media?parent=50659"}],"wp:term":[{"taxonomy":"category","embeddable":true,"href":"https:\/\/www.greenpeace.org\/brasil\/wp-json\/wp\/v2\/categories?post=50659"},{"taxonomy":"post_tag","embeddable":true,"href":"https:\/\/www.greenpeace.org\/brasil\/wp-json\/wp\/v2\/tags?post=50659"},{"taxonomy":"p4-page-type","embeddable":true,"href":"https:\/\/www.greenpeace.org\/brasil\/wp-json\/wp\/v2\/p4-page-type?post=50659"}],"curies":[{"name":"wp","href":"https:\/\/api.w.org\/{rel}","templated":true}]}}