{"id":50759,"date":"2023-12-15T15:52:42","date_gmt":"2023-12-15T18:52:42","guid":{"rendered":"https:\/\/www.greenpeace.org\/brasil\/?p=50759"},"modified":"2023-12-15T15:52:45","modified_gmt":"2023-12-15T18:52:45","slug":"cop28-grupos-locais-mobilizaram-se-contra-exploracao-de-petroleo","status":"publish","type":"post","link":"https:\/\/www.greenpeace.org\/brasil\/blog\/cop28-grupos-locais-mobilizaram-se-contra-exploracao-de-petroleo\/","title":{"rendered":"COP28: grupos locais mobilizaram-se contra explora\u00e7\u00e3o de petr\u00f3leo"},"content":{"rendered":"\n<h4 class=\"wp-block-heading\">Nas \u00faltimas semanas, o voluntariado esteve envolvido em quest\u00f5es importantes, como mudan\u00e7as clim\u00e1ticas, reciclagem e incentivo \u00e0 alimenta\u00e7\u00e3o saud\u00e1vel.<\/h4>\n\n<p>Ao longo da COP28, os volunt\u00e1rios do Greenpeace Brasil destacaram-se pela participa\u00e7\u00e3o ativa em diversas localidades, promovendo a conscientiza\u00e7\u00e3o e enfatizando quest\u00f5es essenciais relacionadas ao meio ambiente. No s\u00e1bado (02), eles e elas promoveram mobiliza\u00e7\u00f5es em pontos tur\u00edsticos de suas cidades para exigir o fim da explora\u00e7\u00e3o de petr\u00f3leo em \u00e1reas sens\u00edveis, como a Foz do Amazonas.<\/p>\n<div data-hydrate=\"planet4-blocks\/gallery\" data-attributes=\"{&quot;attributes&quot;:{&quot;multiple_image&quot;:&quot;50744,50742,50745,50746,50747,50748&quot;,&quot;image_data&quot;:[{&quot;url&quot;:&quot;https:\\\/\\\/www.greenpeace.org\\\/static\\\/planet4-brasil-stateless\\\/2023\\\/12\\\/2a24df9c-greenpeacebrasil_1701554400_3249181131010343519_248701561.jpg&quot;,&quot;focalPoint&quot;:{&quot;x&quot;:0.5,&quot;y&quot;:0.5},&quot;id&quot;:50744},{&quot;url&quot;:&quot;https:\\\/\\\/www.greenpeace.org\\\/static\\\/planet4-brasil-stateless\\\/2023\\\/12\\\/3df61bf6-gpbr.portoalegre_1701814548_3251378549264238893_3964900874.jpg&quot;,&quot;focalPoint&quot;:{&quot;x&quot;:0.5,&quot;y&quot;:0.5},&quot;id&quot;:50742},{&quot;url&quot;:&quot;https:\\\/\\\/www.greenpeace.org\\\/static\\\/planet4-brasil-stateless\\\/2023\\\/12\\\/24e47b5c-greenpeacebrasil_1701554400_3249181131010347551_248701561.jpg&quot;,&quot;focalPoint&quot;:{&quot;x&quot;:0.5,&quot;y&quot;:0.5},&quot;id&quot;:50745},{&quot;url&quot;:&quot;https:\\\/\\\/www.greenpeace.org\\\/static\\\/planet4-brasil-stateless\\\/2023\\\/12\\\/fad3f7e1-greenpeacebrasil_1701554400_3249181131010348358_248701561.jpg&quot;,&quot;focalPoint&quot;:{&quot;x&quot;:0.5,&quot;y&quot;:0.5},&quot;id&quot;:50746},{&quot;url&quot;:&quot;https:\\\/\\\/www.greenpeace.org\\\/static\\\/planet4-brasil-stateless\\\/2023\\\/12\\\/339cd170-greenpeacebrasil_1701554400_3249181131010403774_248701561.jpg&quot;,&quot;focalPoint&quot;:{&quot;x&quot;:0.5,&quot;y&quot;:0.5},&quot;id&quot;:50747},{&quot;url&quot;:&quot;https:\\\/\\\/www.greenpeace.org\\\/static\\\/planet4-brasil-stateless\\\/2023\\\/12\\\/bb99745d-greenpeacebrasil_1701554400_3249181131010423322_248701561.jpg&quot;,&quot;focalPoint&quot;:{&quot;x&quot;:0.5,&quot;y&quot;:0.5},&quot;id&quot;:50748}],&quot;gallery_block_style&quot;:0,&quot;gallery_block_title&quot;:&quot;&quot;,&quot;gallery_block_description&quot;:&quot;&quot;,&quot;gallery_block_focus_points&quot;:&quot;&quot;,&quot;images&quot;:[{&quot;image_src&quot;:&quot;https:\\\/\\\/www.greenpeace.org\\\/static\\\/planet4-brasil-stateless\\\/2023\\\/12\\\/2a24df9c-greenpeacebrasil_1701554400_3249181131010343519_248701561.jpg&quot;,&quot;image_srcset&quot;:&quot;https:\\\/\\\/www.greenpeace.org\\\/static\\\/planet4-brasil-stateless\\\/2023\\\/12\\\/2a24df9c-greenpeacebrasil_1701554400_3249181131010343519_248701561.jpg 1080w, https:\\\/\\\/www.greenpeace.org\\\/static\\\/planet4-brasil-stateless\\\/2023\\\/12\\\/2a24df9c-greenpeacebrasil_1701554400_3249181131010343519_248701561-300x300.jpg 300w, https:\\\/\\\/www.greenpeace.org\\\/static\\\/planet4-brasil-stateless\\\/2023\\\/12\\\/2a24df9c-greenpeacebrasil_1701554400_3249181131010343519_248701561-1024x1024.jpg 1024w, https:\\\/\\\/www.greenpeace.org\\\/static\\\/planet4-brasil-stateless\\\/2023\\\/12\\\/2a24df9c-greenpeacebrasil_1701554400_3249181131010343519_248701561-150x150.jpg 150w, https:\\\/\\\/www.greenpeace.org\\\/static\\\/planet4-brasil-stateless\\\/2023\\\/12\\\/2a24df9c-greenpeacebrasil_1701554400_3249181131010343519_248701561-768x768.jpg 768w, https:\\\/\\\/www.greenpeace.org\\\/static\\\/planet4-brasil-stateless\\\/2023\\\/12\\\/2a24df9c-greenpeacebrasil_1701554400_3249181131010343519_248701561-340x340.jpg 340w&quot;,&quot;image_sizes&quot;:false,&quot;alt_text&quot;:&quot;&quot;,&quot;caption&quot;:&quot;&quot;,&quot;focus_image&quot;:&quot;&quot;,&quot;credits&quot;:&quot;\\u00a9 Grupo de volunt\\u00e1rios de S\\u00e3o Paulo&quot;},{&quot;image_src&quot;:&quot;https:\\\/\\\/www.greenpeace.org\\\/static\\\/planet4-brasil-stateless\\\/2023\\\/12\\\/3df61bf6-gpbr.portoalegre_1701814548_3251378549264238893_3964900874.jpg&quot;,&quot;image_srcset&quot;:&quot;https:\\\/\\\/www.greenpeace.org\\\/static\\\/planet4-brasil-stateless\\\/2023\\\/12\\\/3df61bf6-gpbr.portoalegre_1701814548_3251378549264238893_3964900874.jpg 1440w, https:\\\/\\\/www.greenpeace.org\\\/static\\\/planet4-brasil-stateless\\\/2023\\\/12\\\/3df61bf6-gpbr.portoalegre_1701814548_3251378549264238893_3964900874-300x300.jpg 300w, https:\\\/\\\/www.greenpeace.org\\\/static\\\/planet4-brasil-stateless\\\/2023\\\/12\\\/3df61bf6-gpbr.portoalegre_1701814548_3251378549264238893_3964900874-1024x1024.jpg 1024w, https:\\\/\\\/www.greenpeace.org\\\/static\\\/planet4-brasil-stateless\\\/2023\\\/12\\\/3df61bf6-gpbr.portoalegre_1701814548_3251378549264238893_3964900874-150x150.jpg 150w, https:\\\/\\\/www.greenpeace.org\\\/static\\\/planet4-brasil-stateless\\\/2023\\\/12\\\/3df61bf6-gpbr.portoalegre_1701814548_3251378549264238893_3964900874-768x768.jpg 768w, https:\\\/\\\/www.greenpeace.org\\\/static\\\/planet4-brasil-stateless\\\/2023\\\/12\\\/3df61bf6-gpbr.portoalegre_1701814548_3251378549264238893_3964900874-1366x1366.jpg 1366w, https:\\\/\\\/www.greenpeace.org\\\/static\\\/planet4-brasil-stateless\\\/2023\\\/12\\\/3df61bf6-gpbr.portoalegre_1701814548_3251378549264238893_3964900874-340x340.jpg 340w&quot;,&quot;image_sizes&quot;:false,&quot;alt_text&quot;:&quot;&quot;,&quot;caption&quot;:&quot;&quot;,&quot;focus_image&quot;:&quot;&quot;,&quot;credits&quot;:&quot;\\u00a9 Grupo de volunt\\u00e1rios de Porto Alegre&quot;},{&quot;image_src&quot;:&quot;https:\\\/\\\/www.greenpeace.org\\\/static\\\/planet4-brasil-stateless\\\/2023\\\/12\\\/24e47b5c-greenpeacebrasil_1701554400_3249181131010347551_248701561.jpg&quot;,&quot;image_srcset&quot;:&quot;https:\\\/\\\/www.greenpeace.org\\\/static\\\/planet4-brasil-stateless\\\/2023\\\/12\\\/24e47b5c-greenpeacebrasil_1701554400_3249181131010347551_248701561.jpg 1080w, https:\\\/\\\/www.greenpeace.org\\\/static\\\/planet4-brasil-stateless\\\/2023\\\/12\\\/24e47b5c-greenpeacebrasil_1701554400_3249181131010347551_248701561-300x300.jpg 300w, https:\\\/\\\/www.greenpeace.org\\\/static\\\/planet4-brasil-stateless\\\/2023\\\/12\\\/24e47b5c-greenpeacebrasil_1701554400_3249181131010347551_248701561-1024x1024.jpg 1024w, https:\\\/\\\/www.greenpeace.org\\\/static\\\/planet4-brasil-stateless\\\/2023\\\/12\\\/24e47b5c-greenpeacebrasil_1701554400_3249181131010347551_248701561-150x150.jpg 150w, https:\\\/\\\/www.greenpeace.org\\\/static\\\/planet4-brasil-stateless\\\/2023\\\/12\\\/24e47b5c-greenpeacebrasil_1701554400_3249181131010347551_248701561-768x768.jpg 768w, https:\\\/\\\/www.greenpeace.org\\\/static\\\/planet4-brasil-stateless\\\/2023\\\/12\\\/24e47b5c-greenpeacebrasil_1701554400_3249181131010347551_248701561-340x340.jpg 340w&quot;,&quot;image_sizes&quot;:false,&quot;alt_text&quot;:&quot;&quot;,&quot;caption&quot;:&quot;&quot;,&quot;focus_image&quot;:&quot;&quot;,&quot;credits&quot;:&quot;\\u00a9 Grupo de volunt\\u00e1rios de Zona da Mata&quot;},{&quot;image_src&quot;:&quot;https:\\\/\\\/www.greenpeace.org\\\/static\\\/planet4-brasil-stateless\\\/2023\\\/12\\\/fad3f7e1-greenpeacebrasil_1701554400_3249181131010348358_248701561.jpg&quot;,&quot;image_srcset&quot;:&quot;https:\\\/\\\/www.greenpeace.org\\\/static\\\/planet4-brasil-stateless\\\/2023\\\/12\\\/fad3f7e1-greenpeacebrasil_1701554400_3249181131010348358_248701561.jpg 1080w, https:\\\/\\\/www.greenpeace.org\\\/static\\\/planet4-brasil-stateless\\\/2023\\\/12\\\/fad3f7e1-greenpeacebrasil_1701554400_3249181131010348358_248701561-300x300.jpg 300w, https:\\\/\\\/www.greenpeace.org\\\/static\\\/planet4-brasil-stateless\\\/2023\\\/12\\\/fad3f7e1-greenpeacebrasil_1701554400_3249181131010348358_248701561-1024x1024.jpg 1024w, https:\\\/\\\/www.greenpeace.org\\\/static\\\/planet4-brasil-stateless\\\/2023\\\/12\\\/fad3f7e1-greenpeacebrasil_1701554400_3249181131010348358_248701561-150x150.jpg 150w, https:\\\/\\\/www.greenpeace.org\\\/static\\\/planet4-brasil-stateless\\\/2023\\\/12\\\/fad3f7e1-greenpeacebrasil_1701554400_3249181131010348358_248701561-768x768.jpg 768w, https:\\\/\\\/www.greenpeace.org\\\/static\\\/planet4-brasil-stateless\\\/2023\\\/12\\\/fad3f7e1-greenpeacebrasil_1701554400_3249181131010348358_248701561-340x340.jpg 340w&quot;,&quot;image_sizes&quot;:false,&quot;alt_text&quot;:&quot;&quot;,&quot;caption&quot;:&quot;&quot;,&quot;focus_image&quot;:&quot;&quot;,&quot;credits&quot;:&quot;\\u00a9 Grupo de volunt\\u00e1rios de Bel\\u00e9m&quot;},{&quot;image_src&quot;:&quot;https:\\\/\\\/www.greenpeace.org\\\/static\\\/planet4-brasil-stateless\\\/2023\\\/12\\\/339cd170-greenpeacebrasil_1701554400_3249181131010403774_248701561.jpg&quot;,&quot;image_srcset&quot;:&quot;https:\\\/\\\/www.greenpeace.org\\\/static\\\/planet4-brasil-stateless\\\/2023\\\/12\\\/339cd170-greenpeacebrasil_1701554400_3249181131010403774_248701561.jpg 1080w, https:\\\/\\\/www.greenpeace.org\\\/static\\\/planet4-brasil-stateless\\\/2023\\\/12\\\/339cd170-greenpeacebrasil_1701554400_3249181131010403774_248701561-300x300.jpg 300w, https:\\\/\\\/www.greenpeace.org\\\/static\\\/planet4-brasil-stateless\\\/2023\\\/12\\\/339cd170-greenpeacebrasil_1701554400_3249181131010403774_248701561-1024x1024.jpg 1024w, https:\\\/\\\/www.greenpeace.org\\\/static\\\/planet4-brasil-stateless\\\/2023\\\/12\\\/339cd170-greenpeacebrasil_1701554400_3249181131010403774_248701561-150x150.jpg 150w, https:\\\/\\\/www.greenpeace.org\\\/static\\\/planet4-brasil-stateless\\\/2023\\\/12\\\/339cd170-greenpeacebrasil_1701554400_3249181131010403774_248701561-768x768.jpg 768w, https:\\\/\\\/www.greenpeace.org\\\/static\\\/planet4-brasil-stateless\\\/2023\\\/12\\\/339cd170-greenpeacebrasil_1701554400_3249181131010403774_248701561-340x340.jpg 340w&quot;,&quot;image_sizes&quot;:false,&quot;alt_text&quot;:&quot;&quot;,&quot;caption&quot;:&quot;&quot;,&quot;focus_image&quot;:&quot;&quot;,&quot;credits&quot;:&quot;\\u00a9 Grupo de volunt\\u00e1rios de Macap\\u00e1&quot;},{&quot;image_src&quot;:&quot;https:\\\/\\\/www.greenpeace.org\\\/static\\\/planet4-brasil-stateless\\\/2023\\\/12\\\/bb99745d-greenpeacebrasil_1701554400_3249181131010423322_248701561.jpg&quot;,&quot;image_srcset&quot;:&quot;https:\\\/\\\/www.greenpeace.org\\\/static\\\/planet4-brasil-stateless\\\/2023\\\/12\\\/bb99745d-greenpeacebrasil_1701554400_3249181131010423322_248701561.jpg 1080w, https:\\\/\\\/www.greenpeace.org\\\/static\\\/planet4-brasil-stateless\\\/2023\\\/12\\\/bb99745d-greenpeacebrasil_1701554400_3249181131010423322_248701561-300x300.jpg 300w, https:\\\/\\\/www.greenpeace.org\\\/static\\\/planet4-brasil-stateless\\\/2023\\\/12\\\/bb99745d-greenpeacebrasil_1701554400_3249181131010423322_248701561-1024x1024.jpg 1024w, https:\\\/\\\/www.greenpeace.org\\\/static\\\/planet4-brasil-stateless\\\/2023\\\/12\\\/bb99745d-greenpeacebrasil_1701554400_3249181131010423322_248701561-150x150.jpg 150w, https:\\\/\\\/www.greenpeace.org\\\/static\\\/planet4-brasil-stateless\\\/2023\\\/12\\\/bb99745d-greenpeacebrasil_1701554400_3249181131010423322_248701561-768x768.jpg 768w, https:\\\/\\\/www.greenpeace.org\\\/static\\\/planet4-brasil-stateless\\\/2023\\\/12\\\/bb99745d-greenpeacebrasil_1701554400_3249181131010423322_248701561-340x340.jpg 340w&quot;,&quot;image_sizes&quot;:false,&quot;alt_text&quot;:&quot;&quot;,&quot;caption&quot;:&quot;&quot;,&quot;focus_image&quot;:&quot;&quot;,&quot;credits&quot;:&quot;\\u00a9 Grupo de volunt\\u00e1rios de Belo Horizonte&quot;}]}}\"><section class=\"block carousel-wrap \"><\/section><\/div>\n<p>Os grupos de Fortaleza, Manaus e Recife participaram de uma mobiliza\u00e7\u00e3o online contra o leil\u00e3o de blocos de petr\u00f3leo. Enquanto o mundo discutiu o fim dos combust\u00edveis f\u00f3sseis na COP28, a ANP (Ag\u00eancia Nacional do Petr\u00f3leo, G\u00e1s Natural e Biocombust\u00edveis) colocou \u00e1reas sens\u00edveis em leil\u00e3o. De Noronha \u00e0 Amaz\u00f4nia, o \u201cBrasil do petr\u00f3leo\u201d amea\u00e7a a biodiversidade.<\/p>\n\n<figure class=\"wp-block-image aligncenter size-large is-resized\"><img loading=\"lazy\" decoding=\"async\" src=\"https:\/\/www.greenpeace.org\/static\/planet4-brasil-stateless\/2023\/12\/2fa95759-greenpeacebrasil_1701889837_3252010116304038402_248701561-1024x1024.jpg\" alt=\"\" class=\"wp-image-50752\" width=\"444\" height=\"444\" srcset=\"https:\/\/www.greenpeace.org\/static\/planet4-brasil-stateless\/2023\/12\/2fa95759-greenpeacebrasil_1701889837_3252010116304038402_248701561-1024x1024.jpg 1024w, https:\/\/www.greenpeace.org\/static\/planet4-brasil-stateless\/2023\/12\/2fa95759-greenpeacebrasil_1701889837_3252010116304038402_248701561-300x300.jpg 300w, https:\/\/www.greenpeace.org\/static\/planet4-brasil-stateless\/2023\/12\/2fa95759-greenpeacebrasil_1701889837_3252010116304038402_248701561-150x150.jpg 150w, https:\/\/www.greenpeace.org\/static\/planet4-brasil-stateless\/2023\/12\/2fa95759-greenpeacebrasil_1701889837_3252010116304038402_248701561-768x768.jpg 768w, https:\/\/www.greenpeace.org\/static\/planet4-brasil-stateless\/2023\/12\/2fa95759-greenpeacebrasil_1701889837_3252010116304038402_248701561-340x340.jpg 340w, https:\/\/www.greenpeace.org\/static\/planet4-brasil-stateless\/2023\/12\/2fa95759-greenpeacebrasil_1701889837_3252010116304038402_248701561.jpg 1080w\" sizes=\"auto, (max-width: 444px) 100vw, 444px\" \/><figcaption><div class=\"credit icon-left\"> \u00a9 Fabio Borges <\/div><\/figcaption><\/figure>\n\n<p>Junte-se a n\u00f3s nessa luta e assine a peti\u00e7\u00e3o: &#8220;Petr\u00f3leo na Amaz\u00f4nia N\u00e3o!&#8221; <strong><a href=\"https:\/\/act.gp\/46KCKw8\" target=\"_blank\" rel=\"noreferrer noopener\">clicando neste link.<\/a><\/strong><\/p>\n\n<p>No s\u00e1bado (02), o grupo de Belo Horizonte participou do 1\u00ba F\u00f3rum Lixo Zero em Minas Gerais. O evento, organizado por diversos coletivos e organiza\u00e7\u00f5es, teve como miss\u00e3o sensibilizar a popula\u00e7\u00e3o sobre a produ\u00e7\u00e3o do lixo di\u00e1rio, a crise clim\u00e1tica e a seguran\u00e7a alimentar. O f\u00f3rum tamb\u00e9m promoveu a reciclagem e a inclus\u00e3o social e produtiva dos catadores de materiais recicl\u00e1veis no estado.<\/p>\n\n<figure class=\"wp-block-image aligncenter size-large is-resized\"><img loading=\"lazy\" decoding=\"async\" src=\"https:\/\/www.greenpeace.org\/static\/planet4-brasil-stateless\/2023\/12\/dc286f65-reuniao-belo-horizonte-1-1024x1024.png\" alt=\"\" class=\"wp-image-50749\" width=\"400\" height=\"400\" srcset=\"https:\/\/www.greenpeace.org\/static\/planet4-brasil-stateless\/2023\/12\/dc286f65-reuniao-belo-horizonte-1-1024x1024.png 1024w, https:\/\/www.greenpeace.org\/static\/planet4-brasil-stateless\/2023\/12\/dc286f65-reuniao-belo-horizonte-1-300x300.png 300w, https:\/\/www.greenpeace.org\/static\/planet4-brasil-stateless\/2023\/12\/dc286f65-reuniao-belo-horizonte-1-150x150.png 150w, https:\/\/www.greenpeace.org\/static\/planet4-brasil-stateless\/2023\/12\/dc286f65-reuniao-belo-horizonte-1-768x768.png 768w, https:\/\/www.greenpeace.org\/static\/planet4-brasil-stateless\/2023\/12\/dc286f65-reuniao-belo-horizonte-1-340x340.png 340w, https:\/\/www.greenpeace.org\/static\/planet4-brasil-stateless\/2023\/12\/dc286f65-reuniao-belo-horizonte-1.png 1080w\" sizes=\"auto, (max-width: 400px) 100vw, 400px\" \/><figcaption><div class=\"credit icon-left\"> \u00a9 Grupo de volunt\u00e1rios de Belo Horizonte<\/div><\/figcaption><\/figure>\n\n<p>No domingo (03), o voluntariado de Bras\u00edlia mobilizou-se na Esplanada dos Minist\u00e9rios para protestar contra o uso de agrot\u00f3xicos, declarando #ChegaDeAgrot\u00f3xicos. Os ativistas fizeram um alerta sobre as graves consequ\u00eancias \u00e0 sa\u00fade humana e ambiental, incluindo problemas neurol\u00f3gicos, reprodutivos, desregula\u00e7\u00e3o hormonal e c\u00e2ncer, associados \u00e0 alta toxicidade desses produtos.<\/p>\n\n<figure class=\"wp-block-image aligncenter size-large is-resized\"><img loading=\"lazy\" decoding=\"async\" src=\"https:\/\/www.greenpeace.org\/static\/planet4-brasil-stateless\/2023\/12\/01415f82-gpbr.brasilia_1701914594_3252217792198523638_46440529-1024x1024.jpg\" alt=\"\" class=\"wp-image-50753\" width=\"382\" height=\"382\" srcset=\"https:\/\/www.greenpeace.org\/static\/planet4-brasil-stateless\/2023\/12\/01415f82-gpbr.brasilia_1701914594_3252217792198523638_46440529-1024x1024.jpg 1024w, https:\/\/www.greenpeace.org\/static\/planet4-brasil-stateless\/2023\/12\/01415f82-gpbr.brasilia_1701914594_3252217792198523638_46440529-300x300.jpg 300w, https:\/\/www.greenpeace.org\/static\/planet4-brasil-stateless\/2023\/12\/01415f82-gpbr.brasilia_1701914594_3252217792198523638_46440529-150x150.jpg 150w, https:\/\/www.greenpeace.org\/static\/planet4-brasil-stateless\/2023\/12\/01415f82-gpbr.brasilia_1701914594_3252217792198523638_46440529-768x768.jpg 768w, https:\/\/www.greenpeace.org\/static\/planet4-brasil-stateless\/2023\/12\/01415f82-gpbr.brasilia_1701914594_3252217792198523638_46440529-340x340.jpg 340w, https:\/\/www.greenpeace.org\/static\/planet4-brasil-stateless\/2023\/12\/01415f82-gpbr.brasilia_1701914594_3252217792198523638_46440529.jpg 1080w\" sizes=\"auto, (max-width: 382px) 100vw, 382px\" \/><figcaption><div class=\"credit icon-left\"> \u00a9 Grupo de volunt\u00e1rios de Bras\u00edlia<\/div><\/figcaption><\/figure>\n\n<p>No dia 30 de novembro, a galera de Manaus promoveu uma atividade do Projeto Escola na Escola Municipal Professor Waldir Garcia, com foco nos impactos das mudan\u00e7as clim\u00e1ticas na sa\u00fade. Em parceria com a Liga Acad\u00eamica de Fisioterapia Respirat\u00f3ria da Universidade Federal do Amazonas e o Projeto de Extens\u00e3o Sa\u00fade Digestiva em a\u00e7\u00e3o da Universidade Estadual do Amazonas, foram realizadas atividades pr\u00e1ticas, como raio-x l\u00fadico, pulm\u00e3o artificial caseiro e explora\u00e7\u00e3o da anatomia do sistema digest\u00f3rio. Al\u00e9m disso, inclu\u00edram atividades socioambientais como \u201cDesenhando o meu territ\u00f3rio\u201d e \u201cJogo de coleta seletiva\u201d.<\/p>\n\n<figure class=\"wp-block-image aligncenter size-large is-resized\"><img loading=\"lazy\" decoding=\"async\" src=\"https:\/\/www.greenpeace.org\/static\/planet4-brasil-stateless\/2023\/12\/3eb57e65-gpbr.manaus_1702239948_3254947060373008719_324407853-1024x1024.jpg\" alt=\"\" class=\"wp-image-50751\" width=\"386\" height=\"386\" srcset=\"https:\/\/www.greenpeace.org\/static\/planet4-brasil-stateless\/2023\/12\/3eb57e65-gpbr.manaus_1702239948_3254947060373008719_324407853-1024x1024.jpg 1024w, https:\/\/www.greenpeace.org\/static\/planet4-brasil-stateless\/2023\/12\/3eb57e65-gpbr.manaus_1702239948_3254947060373008719_324407853-300x300.jpg 300w, https:\/\/www.greenpeace.org\/static\/planet4-brasil-stateless\/2023\/12\/3eb57e65-gpbr.manaus_1702239948_3254947060373008719_324407853-150x150.jpg 150w, https:\/\/www.greenpeace.org\/static\/planet4-brasil-stateless\/2023\/12\/3eb57e65-gpbr.manaus_1702239948_3254947060373008719_324407853-768x768.jpg 768w, https:\/\/www.greenpeace.org\/static\/planet4-brasil-stateless\/2023\/12\/3eb57e65-gpbr.manaus_1702239948_3254947060373008719_324407853-1366x1366.jpg 1366w, https:\/\/www.greenpeace.org\/static\/planet4-brasil-stateless\/2023\/12\/3eb57e65-gpbr.manaus_1702239948_3254947060373008719_324407853-340x340.jpg 340w, https:\/\/www.greenpeace.org\/static\/planet4-brasil-stateless\/2023\/12\/3eb57e65-gpbr.manaus_1702239948_3254947060373008719_324407853.jpg 1440w\" sizes=\"auto, (max-width: 386px) 100vw, 386px\" \/><figcaption><div class=\"credit icon-left\"> \u00a9 Grupo de volunt\u00e1rios de Manaus<\/div><\/figcaption><\/figure>\n\n<p>No dia 27 de novembro, o grupo de Bras\u00edlia realizou a entrega de absorventes e produtos de higiene arrecadados durante o Outubro Rosa. As doa\u00e7\u00f5es foram destinadas \u00e0 ONG &#8220;No Setor&#8221;, que presta aux\u00edlio \u00e0s pessoas em situa\u00e7\u00e3o de vulnerabilidade nas ruas do centro da Capital Federal.<\/p>\n\n<figure class=\"wp-block-image aligncenter size-full is-resized\"><img loading=\"lazy\" decoding=\"async\" src=\"https:\/\/www.greenpeace.org\/static\/planet4-brasil-stateless\/2023\/12\/245f5956-gpbr.brasilia_1701887378_3251989487046905703_46440529.jpg\" alt=\"\" class=\"wp-image-50754\" width=\"418\" height=\"418\" srcset=\"https:\/\/www.greenpeace.org\/static\/planet4-brasil-stateless\/2023\/12\/245f5956-gpbr.brasilia_1701887378_3251989487046905703_46440529.jpg 899w, https:\/\/www.greenpeace.org\/static\/planet4-brasil-stateless\/2023\/12\/245f5956-gpbr.brasilia_1701887378_3251989487046905703_46440529-300x300.jpg 300w, https:\/\/www.greenpeace.org\/static\/planet4-brasil-stateless\/2023\/12\/245f5956-gpbr.brasilia_1701887378_3251989487046905703_46440529-150x150.jpg 150w, https:\/\/www.greenpeace.org\/static\/planet4-brasil-stateless\/2023\/12\/245f5956-gpbr.brasilia_1701887378_3251989487046905703_46440529-768x768.jpg 768w, https:\/\/www.greenpeace.org\/static\/planet4-brasil-stateless\/2023\/12\/245f5956-gpbr.brasilia_1701887378_3251989487046905703_46440529-340x340.jpg 340w\" sizes=\"auto, (max-width: 418px) 100vw, 418px\" \/><figcaption><div class=\"credit icon-left\"> \u00a9 Grupo de volunt\u00e1rios de Bras\u00edlia<\/div><\/figcaption><\/figure>\n\n<p>No dia 13 de novembro, os volunt\u00e1rios do Vale do Itaja\u00ed promoveram o terceiro cine debate do grupo, desta vez na Secretaria Municipal de Cultura e Rela\u00e7\u00f5es Institucionais, com a exibi\u00e7\u00e3o do document\u00e1rio &#8220;Antes do Prato&#8221;, lan\u00e7ado pelo Greenpeace Brasil. Os ativistas exploraram experi\u00eancias em agroecologia e, ao final, participaram de uma roda de conversa para compartilhar suas percep\u00e7\u00f5es.<\/p>\n\n<figure class=\"wp-block-image aligncenter size-large is-resized\"><img loading=\"lazy\" decoding=\"async\" src=\"https:\/\/www.greenpeace.org\/static\/planet4-brasil-stateless\/2023\/12\/d003becc-gpbr.valedoitajai_1701875164_3251887033965705789_43208045769-1024x1024.jpg\" alt=\"\" class=\"wp-image-50750\" width=\"392\" height=\"392\" srcset=\"https:\/\/www.greenpeace.org\/static\/planet4-brasil-stateless\/2023\/12\/d003becc-gpbr.valedoitajai_1701875164_3251887033965705789_43208045769-1024x1024.jpg 1024w, https:\/\/www.greenpeace.org\/static\/planet4-brasil-stateless\/2023\/12\/d003becc-gpbr.valedoitajai_1701875164_3251887033965705789_43208045769-300x300.jpg 300w, https:\/\/www.greenpeace.org\/static\/planet4-brasil-stateless\/2023\/12\/d003becc-gpbr.valedoitajai_1701875164_3251887033965705789_43208045769-150x150.jpg 150w, https:\/\/www.greenpeace.org\/static\/planet4-brasil-stateless\/2023\/12\/d003becc-gpbr.valedoitajai_1701875164_3251887033965705789_43208045769-768x768.jpg 768w, https:\/\/www.greenpeace.org\/static\/planet4-brasil-stateless\/2023\/12\/d003becc-gpbr.valedoitajai_1701875164_3251887033965705789_43208045769-340x340.jpg 340w, https:\/\/www.greenpeace.org\/static\/planet4-brasil-stateless\/2023\/12\/d003becc-gpbr.valedoitajai_1701875164_3251887033965705789_43208045769.jpg 1080w\" sizes=\"auto, (max-width: 392px) 100vw, 392px\" \/><figcaption><div class=\"credit icon-left\"> \u00a9 Grupo de volunt\u00e1rios do Vale do Itaja\u00ed<\/div><\/figcaption><\/figure>\n\n<p>Voc\u00ea tamb\u00e9m pode fazer parte da solu\u00e7\u00e3o! Se voc\u00ea \u00e9 a favor da sa\u00fade e contra o uso de agrot\u00f3xicos em nossa comida, <strong><a href=\"https:\/\/conexaoverde.greenpeace.org.br\/group\/agricultura-e-alimentacao\/stream\" target=\"_blank\" rel=\"noreferrer noopener\">entre agora para o grupo de agricultura e alimenta\u00e7\u00e3o no Conex\u00e3o Verde atrav\u00e9s deste link.<\/a><\/strong> \ud83c\udf31\u2728<\/p>\n","protected":false},"excerpt":{"rendered":"<p>Nas \u00faltimas semanas, o voluntariado esteve envolvido em quest\u00f5es importantes, como mudan\u00e7as clim\u00e1ticas, reciclagem e incentivo \u00e0 alimenta\u00e7\u00e3o saud\u00e1vel.<\/p>\n","protected":false},"author":103,"featured_media":50742,"comment_status":"open","ping_status":"closed","sticky":false,"template":"","format":"standard","meta":{"ep_exclude_from_search":false,"p4_og_title":"","p4_og_description":"","p4_og_image":"","p4_og_image_id":"","p4_seo_canonical_url":"","p4_campaign_name":"","p4_local_project":"","p4_basket_name":"","p4_department":"","footnotes":""},"categories":[5],"tags":[57,23],"p4-page-type":[16],"class_list":["post-50759","post","type-post","status-publish","format-standard","has-post-thumbnail","hentry","category-greenpeace","tag-cop","tag-mobilizacao","p4-page-type-blog"],"_links":{"self":[{"href":"https:\/\/www.greenpeace.org\/brasil\/wp-json\/wp\/v2\/posts\/50759","targetHints":{"allow":["GET"]}}],"collection":[{"href":"https:\/\/www.greenpeace.org\/brasil\/wp-json\/wp\/v2\/posts"}],"about":[{"href":"https:\/\/www.greenpeace.org\/brasil\/wp-json\/wp\/v2\/types\/post"}],"author":[{"embeddable":true,"href":"https:\/\/www.greenpeace.org\/brasil\/wp-json\/wp\/v2\/users\/103"}],"replies":[{"embeddable":true,"href":"https:\/\/www.greenpeace.org\/brasil\/wp-json\/wp\/v2\/comments?post=50759"}],"version-history":[{"count":1,"href":"https:\/\/www.greenpeace.org\/brasil\/wp-json\/wp\/v2\/posts\/50759\/revisions"}],"predecessor-version":[{"id":50763,"href":"https:\/\/www.greenpeace.org\/brasil\/wp-json\/wp\/v2\/posts\/50759\/revisions\/50763"}],"wp:featuredmedia":[{"embeddable":true,"href":"https:\/\/www.greenpeace.org\/brasil\/wp-json\/wp\/v2\/media\/50742"}],"wp:attachment":[{"href":"https:\/\/www.greenpeace.org\/brasil\/wp-json\/wp\/v2\/media?parent=50759"}],"wp:term":[{"taxonomy":"category","embeddable":true,"href":"https:\/\/www.greenpeace.org\/brasil\/wp-json\/wp\/v2\/categories?post=50759"},{"taxonomy":"post_tag","embeddable":true,"href":"https:\/\/www.greenpeace.org\/brasil\/wp-json\/wp\/v2\/tags?post=50759"},{"taxonomy":"p4-page-type","embeddable":true,"href":"https:\/\/www.greenpeace.org\/brasil\/wp-json\/wp\/v2\/p4-page-type?post=50759"}],"curies":[{"name":"wp","href":"https:\/\/api.w.org\/{rel}","templated":true}]}}