{"id":50865,"date":"2023-12-21T10:00:00","date_gmt":"2023-12-21T13:00:00","guid":{"rendered":"https:\/\/www.greenpeace.org\/brasil\/?p=50865"},"modified":"2024-02-07T16:59:39","modified_gmt":"2024-02-07T19:59:39","slug":"agroecologia-e-cura-para-o-brasil","status":"publish","type":"post","link":"https:\/\/www.greenpeace.org\/brasil\/blog\/agroecologia-e-cura-para-o-brasil\/","title":{"rendered":"Agroecologia \u00e9 cura para o Brasil"},"content":{"rendered":"\n<h4 class=\"wp-block-heading\">Agricultura de base ecol\u00f3gica \u00e9 uma forte aliada contra a fome e a crise no clima; 2023 foi marcado pela volta de pol\u00edticas para o setor<\/h4>\n\n<figure class=\"wp-block-image size-large\"><img loading=\"lazy\" decoding=\"async\" width=\"1200\" height=\"800\" src=\"https:\/\/www.greenpeace.org\/static\/planet4-brasil-stateless\/2023\/12\/7de5ff89-gp0stwvua.jpg\" title=\"Expedition Vale do Jaguaribe, in Cear\u00e1, Brazil. \u00a9 Nilmar Lage \/ Greenpeace\" alt=\"Expedition Vale do Jaguaribe, in Cear\u00e1, Brazil. \u00a9 Nilmar Lage \/ Greenpeace\" class=\"wp-image-50866\" srcset=\"https:\/\/www.greenpeace.org\/static\/planet4-brasil-stateless\/2023\/12\/7de5ff89-gp0stwvua.jpg 1200w, https:\/\/www.greenpeace.org\/static\/planet4-brasil-stateless\/2023\/12\/7de5ff89-gp0stwvua-300x200.jpg 300w, https:\/\/www.greenpeace.org\/static\/planet4-brasil-stateless\/2023\/12\/7de5ff89-gp0stwvua-1024x683.jpg 1024w, https:\/\/www.greenpeace.org\/static\/planet4-brasil-stateless\/2023\/12\/7de5ff89-gp0stwvua-768x512.jpg 768w, https:\/\/www.greenpeace.org\/static\/planet4-brasil-stateless\/2023\/12\/7de5ff89-gp0stwvua-510x340.jpg 510w\" sizes=\"auto, (max-width: 1200px) 100vw, 1200px\" \/><figcaption><div class=\"credit icon-left\"> \u00a9 Nilmar Lage \/ Greenpeace<\/div><\/figcaption><\/figure>\n\n<p>Voc\u00ea sabia que a nossa comida impacta a sustentabilidade do planeta? No Brasil,<strong> <a rel=\"noreferrer noopener\" href=\"https:\/\/www.oc.eco.br\/producao-de-comida-responde-por-74-das-emissoes-do-brasil\/#:~:text=Um%20estudo%20in%C3%A9dito%20do%20Observat%C3%B3rio,lan%C3%A7adas%20pelo%20pa%C3%ADs%20na%20atmosfera.\" target=\"_blank\">a produ\u00e7\u00e3o de alimentos \u00e9 a principal fonte de emiss\u00e3o de gases do efeito estufa<\/a><\/strong>.&nbsp;<a rel=\"noreferrer noopener\" href=\"https:\/\/plataforma.seeg.eco.br\/\" target=\"_blank\">Desmatamentos<\/a><a rel=\"noreferrer noopener\" href=\"https:\/\/plataforma.seeg.eco.br\/\" target=\"_blank\"> <\/a><a rel=\"noreferrer noopener\" href=\"https:\/\/plataforma.seeg.eco.br\/\" target=\"_blank\">e<\/a><a rel=\"noreferrer noopener\" href=\"https:\/\/plataforma.seeg.eco.br\/\" target=\"_blank\"> queimadas<\/a> s\u00e3o consequ\u00eancias diretas da <a rel=\"noreferrer noopener\" href=\"https:\/\/www.greenpeace.org\/brasil\/informe-se\/amazonia\/biodiversidade\/como-o-desmatamento-e-a-criacao-de-gado-tem-ameacado-a-biodiversidade-brasileira\/\" target=\"_blank\">expans\u00e3o predat\u00f3ria do agroneg\u00f3cio<\/a>. <\/p>\n\n<p>Para enfrentar a atual crise ambiental, clim\u00e1tica e alimentar, j\u00e1 existe uma solu\u00e7\u00e3o ancestral: <a rel=\"noreferrer noopener\" href=\"https:\/\/www.greenpeace.org\/brasil\/informe-se\/amazonia\/agroecologia\/\" target=\"_blank\"><strong>a agroecologia<\/strong><\/a><strong>, uma produ\u00e7\u00e3o de alimentos que n\u00e3o usa veneno e gera renda, sa\u00fade e prote\u00e7\u00e3o ambiental<\/strong>. Esse modelo consegue produzir em larga escala, basta haver mais incentivos e valoriza\u00e7\u00e3o.<\/p>\n\n<p><em>\u201cO caminho agroecol\u00f3gico \u00e9 o \u00fanico poss\u00edvel! <strong>Com a agroecologia, o Brasil \u00e9 capaz de alimentar toda a popula\u00e7\u00e3o sem agrot\u00f3xicos e de se firmar como protagonista da a\u00e7\u00e3o clim\u00e1tica e da seguran\u00e7a alimentar e nutricional\u201d<\/strong><\/em>, destaca Mariana Campos, porta-voz do Greenpeace Brasil. <em>\u201cRetomamos pol\u00edticas importantes no \u00faltimo ano, mas ainda temos um longa jornada at\u00e9 que a agroecologia seja prioridade no nosso pa\u00eds.\u201d&nbsp;<\/em><\/p>\n\n<figure class=\"wp-block-image size-large\"><a href=\"https:\/\/www.greenpeace.org\/brasil\/blog\/contra-a-fome-e-a-crise-climatica-agroecologia-e-solucao\/\" target=\"_blank\" rel=\"noreferrer noopener\"><img loading=\"lazy\" decoding=\"async\" width=\"1200\" height=\"800\" src=\"https:\/\/www.greenpeace.org\/static\/planet4-brasil-stateless\/2023\/12\/b80eef1f-gp0stygih.jpg\" title=\"12th Brazilian Agroecology Congress in Rio de Janeiro, Brazil. \u00a9 Juliana Chalita \/ Greenpeace\" alt=\"12th Brazilian Agroecology Congress in Rio de Janeiro, Brazil. \u00a9 Juliana Chalita \/ Greenpeace\" class=\"wp-image-50870\" srcset=\"https:\/\/www.greenpeace.org\/static\/planet4-brasil-stateless\/2023\/12\/b80eef1f-gp0stygih.jpg 1200w, https:\/\/www.greenpeace.org\/static\/planet4-brasil-stateless\/2023\/12\/b80eef1f-gp0stygih-300x200.jpg 300w, https:\/\/www.greenpeace.org\/static\/planet4-brasil-stateless\/2023\/12\/b80eef1f-gp0stygih-1024x683.jpg 1024w, https:\/\/www.greenpeace.org\/static\/planet4-brasil-stateless\/2023\/12\/b80eef1f-gp0stygih-768x512.jpg 768w, https:\/\/www.greenpeace.org\/static\/planet4-brasil-stateless\/2023\/12\/b80eef1f-gp0stygih-510x340.jpg 510w\" sizes=\"auto, (max-width: 1200px) 100vw, 1200px\" \/><\/a><figcaption class=\"wp-element-caption\">Em 2023, aconteceu o 12\u00ba Congresso Brasileiro de Agroecologia (CBA), no Rio de Janeiro<div class=\"credit icon-left\"> \u00a9 Juliana Chalita \/ Greenpeace<\/div><\/figcaption><\/figure>\n\n<p>O ano de 2023 foi marcado pelo retorno de incentivos \u00e0 produ\u00e7\u00e3o agroecol\u00f3gica. Confira alguns momentos-chave para o Greenpeace Brasil:<\/p>\n\n<p><strong>1 &#8211; Conquistas da agroecologia e agricultura familiar<\/strong><\/p>\n\n<p>O primeiro passo para estimular uma agricultura mais sustent\u00e1vel \u00e9 <strong>fortalecer a agricultura familiar, que inclui povos ind\u00edgenas e comunidades tradicionais.<\/strong> Por isso, a retomada de medidas de apoio foram celebradas, como:<\/p>\n\n<ul class=\"wp-block-list\">\n<li>Reinstala\u00e7\u00e3o do <a href=\"https:\/\/www.gov.br\/mda\/pt-br\" target=\"_blank\" rel=\"noreferrer noopener\">Minist\u00e9rio do Desenvolvimento Agr\u00e1rio e da Agricultura Familiar (MDA)<\/a>;&nbsp;<\/li>\n<\/ul>\n\n<ul class=\"wp-block-list\">\n<li>Volta do <a href=\"https:\/\/www.gov.br\/secretariageral\/pt-br\/consea\" target=\"_blank\" rel=\"noreferrer noopener\">Consea (Conselho Nacional de Seguran\u00e7a Alimentar)<\/a>, o \u00f3rg\u00e3o respons\u00e1vel por aproximar a sociedade das pol\u00edticas p\u00fablicas de alimenta\u00e7\u00e3o;&nbsp;<\/li>\n\n\n\n<li>Recria\u00e7\u00e3o do <a href=\"https:\/\/www.gov.br\/mds\/pt-br\/acoes-e-programas\/inclusao-produtiva-rural\/paa\" target=\"_blank\" rel=\"noreferrer noopener\">PAA (Programa Nacional de Aquisi\u00e7\u00e3o de Alimentos)<\/a>, que contribui para tirar o Brasil do Mapa da Fome;&nbsp;<\/li>\n\n\n\n<li>Maior <a href=\"https:\/\/www.gov.br\/mda\/pt-br\/ProgramaseEditais\/plano-safra-da-agricultura-familiar\/governo-federal-retoma-plano-safra-da-agricultura-familiar-com-reducao-de-juros-para-a-producao-de-alimentos\" target=\"_blank\" rel=\"noreferrer noopener\">Plano Safra da Agricultura Familiar<\/a> da hist\u00f3ria (que deve seguir obtendo mais recursos &#8211; apesar do or\u00e7amento recorde e bilion\u00e1rio, <a href=\"https:\/\/www.greenpeace.org\/brasil\/blog\/todo-dia-e-dia-da-agricultura-familiar\/\" target=\"_blank\" rel=\"noreferrer noopener\">80% de todo cr\u00e9dito rural ainda \u00e9 destinado para agricultura empresarial<\/a>);&nbsp;<\/li>\n\n\n\n<li>Tamb\u00e9m foram anunciadas a retomada do <a href=\"https:\/\/agenciagov.ebc.com.br\/noticias\/202311\/governo-federal-anuncia-retomada-do-programa-ecoforte-e-instalacao-da-comissao-nacional-de-agroecologia-e-producao-organica\" target=\"_blank\" rel=\"noreferrer noopener\">Plano Nacional de Agroecologia<\/a>, na figura do Programa Ecoforte e Cnapo (Conselho Nacional de Agroecologia e Produ\u00e7\u00e3o Org\u00e2nicos), e do <a href=\"https:\/\/www.instagram.com\/p\/Cz7SRv8Li4L\/\" target=\"_blank\" rel=\"noreferrer noopener\">Pronara (Programa Nacional de Redu\u00e7\u00e3o de Agrot\u00f3xicos)<\/a>.&nbsp;<\/li>\n<\/ul>\n\n<p><strong>2 &#8211; Sem chuva de veneno no Cear\u00e1<\/strong><\/p>\n\n<p>\u00c9 constitucional! Por unanimidade, o Supremo Tribunal Federal votou pela <a href=\"https:\/\/www.greenpeace.org\/brasil\/blog\/previsao-do-tempo-sem-chuva-de-veneno\/\" target=\"_blank\" rel=\"noreferrer noopener\">perman\u00eancia da Lei Z\u00e9 Maria do Tom\u00e9<\/a>, que <strong>pro\u00edbe a pulveriza\u00e7\u00e3o a\u00e9rea de agrot\u00f3xicos em todo o estado cearense<\/strong>.&nbsp;<\/p>\n\n<p>Empresas e associa\u00e7\u00f5es ruralistas, como a <a href=\"https:\/\/croplifebrasil.org\/sobre-croplife\/\" target=\"_blank\" rel=\"noreferrer noopener\">CropLife \u2013 que representa gigantes como Bayer, Basf e Syngenta<\/a> \u2013 pressionaram para acabar com a norma, mas n\u00e3o conseguiram. Do sert\u00e3o ao STF, a luta das comunidades do Vale do Jaguaribe, que deram origem \u00e0 lei, \u00e9 exemplo para o resto do Brasil e do mundo.&nbsp;&nbsp;<\/p>\n\n<figure class=\"wp-block-image\"><img loading=\"lazy\" decoding=\"async\" width=\"1200\" height=\"800\" src=\"https:\/\/www.greenpeace.org\/static\/planet4-brasil-stateless\/2023\/12\/82c67e93-gp0stwvu4.jpg\" title=\"Expedition Vale do Jaguaribe, in Cear\u00e1, Brazil. \u00a9 Nilmar Lage \/ Greenpeace\" alt=\"Expedition Vale do Jaguaribe, in Cear\u00e1, Brazil. \u00a9 Nilmar Lage \/ Greenpeace\" class=\"wp-image-50607\" srcset=\"https:\/\/www.greenpeace.org\/static\/planet4-brasil-stateless\/2023\/12\/82c67e93-gp0stwvu4.jpg 1200w, https:\/\/www.greenpeace.org\/static\/planet4-brasil-stateless\/2023\/12\/82c67e93-gp0stwvu4-300x200.jpg 300w, https:\/\/www.greenpeace.org\/static\/planet4-brasil-stateless\/2023\/12\/82c67e93-gp0stwvu4-1024x683.jpg 1024w, https:\/\/www.greenpeace.org\/static\/planet4-brasil-stateless\/2023\/12\/82c67e93-gp0stwvu4-768x512.jpg 768w, https:\/\/www.greenpeace.org\/static\/planet4-brasil-stateless\/2023\/12\/82c67e93-gp0stwvu4-510x340.jpg 510w\" sizes=\"auto, (max-width: 1200px) 100vw, 1200px\" \/><figcaption class=\"wp-element-caption\">Agricultor familiar cuidando da planta\u00e7\u00e3o no Vale do Jaguaribe (CE) em maio de 2023<div class=\"credit icon-left\"> \u00a9 Nilmar Lage \/ Greenpeace<\/div><\/figcaption><\/figure>\n\n<p><strong>3 &#8211; Agricultura sustent\u00e1vel no mundo<\/strong><\/p>\n\n<p>Pela primeira vez, a alimenta\u00e7\u00e3o foi um dos destaques da maior confer\u00eancia clim\u00e1tica do mundo. Na <a href=\"https:\/\/www.cop28.com\/en\/news\/2023\/12\/COP28-UAE-Presidency-puts-food-systems-transformation\" target=\"_blank\" rel=\"noreferrer noopener\">COP28<\/a>, o Brasil e mais 133 pa\u00edses assinaram a <a href=\"https:\/\/www.greenpeace.org\/brasil\/blog\/finalmente-uma-declaracao-da-cop-sobre-alimentacao-agricultura-e-clima\/\" target=\"_blank\" rel=\"noreferrer noopener\">\u201cDeclara\u00e7\u00e3o sobre Agricultura Sustent\u00e1vel, Sistemas Alimentares Resilientes e A\u00e7\u00e3o Clim\u00e1tica\u201d<\/a>, que estabelece uma conex\u00e3o entre mudan\u00e7as clim\u00e1ticas e os alimentos que consumimos.&nbsp;<\/p>\n\n<p>A <a href=\"https:\/\/www.greenpeace.org\/brasil\/blog\/representamos-voce-na-conferencia-da-onu-sobre-agua\/\" target=\"_blank\" rel=\"noreferrer noopener\">Confer\u00eancias da ONU sobre \u00c1gua de 2023<\/a> tamb\u00e9m teve um marco para a produ\u00e7\u00e3o de alimentos: o lan\u00e7amento da Alian\u00e7a Internacional para Regulamenta\u00e7\u00e3o de Agrot\u00f3xicos, a IPSA, na inten\u00e7\u00e3o de eliminar globalmente o uso dessas subst\u00e2ncias.&nbsp;<\/p>\n\n<figure class=\"wp-block-image\"><img loading=\"lazy\" decoding=\"async\" width=\"1200\" height=\"800\" src=\"https:\/\/www.greenpeace.org\/static\/planet4-brasil-stateless\/2023\/12\/b03a605a-gp0stxwme.jpg\" title=\"Protest against the Poison Bill in Bras\u00edlia. \u00a9 Ot\u00e1vio Almeida \/ Greenpeace\" alt=\"Protest against the Poison Bill in Bras\u00edlia. \u00a9 Ot\u00e1vio Almeida \/ Greenpeace\" class=\"wp-image-50887\" srcset=\"https:\/\/www.greenpeace.org\/static\/planet4-brasil-stateless\/2023\/12\/b03a605a-gp0stxwme.jpg 1200w, https:\/\/www.greenpeace.org\/static\/planet4-brasil-stateless\/2023\/12\/b03a605a-gp0stxwme-300x200.jpg 300w, https:\/\/www.greenpeace.org\/static\/planet4-brasil-stateless\/2023\/12\/b03a605a-gp0stxwme-1024x683.jpg 1024w, https:\/\/www.greenpeace.org\/static\/planet4-brasil-stateless\/2023\/12\/b03a605a-gp0stxwme-768x512.jpg 768w, https:\/\/www.greenpeace.org\/static\/planet4-brasil-stateless\/2023\/12\/b03a605a-gp0stxwme-510x340.jpg 510w\" sizes=\"auto, (max-width: 1200px) 100vw, 1200px\" \/><figcaption class=\"wp-element-caption\">Ativista protesta contra a aprova\u00e7\u00e3o do Pacote do Veneno no Congresso Nacional<div class=\"credit icon-left\"> \u00a9 Ot\u00e1vio Almeida \/ Greenpeace<\/div><\/figcaption><\/figure>\n\n<p><strong>4 &#8211; Ruralistas na contram\u00e3o: Pacote do Veneno<\/strong><\/p>\n\n<p>Apesar dos anos de protesto da sociedade civil e cient\u00edfica, a bancada ruralista conseguiu aprovar a <a href=\"https:\/\/www.greenpeace.org\/brasil\/blog\/na-semana-da-cop-ruralistas-aprovam-lei-que-contamina-o-planeta\/\" target=\"_blank\" rel=\"noreferrer noopener\">proposta que quer autorizar mais agrot\u00f3xicos no pa\u00eds<\/a>.&nbsp;<\/p>\n\n<p>Especialistas em sa\u00fade e alimenta\u00e7\u00e3o alertam que precisamos de mais agroecologia, n\u00e3o de mais <a href=\"https:\/\/www.greenpeace.org\/brasil\/blog\/agrotoxicos-podem-causar-cancer\/#:~:text=Ou%20seja%2C%20agrot%C3%B3xicos%20podem%20causar,test%C3%ADculo%2C%20pulm%C3%A3o%2C%20etc).\" target=\"_blank\" rel=\"noreferrer noopener\">agrot\u00f3xicos<\/a>. <a href=\"https:\/\/portal.fiocruz.br\/noticia\/fiocruz-divulga-comunicado-ao-senado-sobre-uso-de-agrotoxicos\" target=\"_blank\" rel=\"noreferrer noopener\">Fiocruz<\/a>, <a href=\"https:\/\/reporterbrasil.org.br\/2023\/12\/pl-do-veneno-ibama-pede-a-lula-seis-vetos-essenciais-a-nova-lei-dos-agrotoxicos\/\" target=\"_blank\" rel=\"noreferrer noopener\">Ibama<\/a>, <a href=\"https:\/\/www.gov.br\/inca\/pt-br\/assuntos\/causas-e-prevencao-do-cancer\/exposicao-no-trabalho-e-no-ambiente\/agrotoxico\" target=\"_blank\" rel=\"noreferrer noopener\">INCA<\/a> e centenas de organiza\u00e7\u00f5es j\u00e1 se posicionaram contra. Agora, cabe ao presidente Lula vetar ou sancionar a lei at\u00e9 27 de dezembro.&nbsp;<\/p>\n\n<p><strong>5-&nbsp; Lan\u00e7amento do filme \u2018Antes do Prato\u2019<\/strong><\/p>\n\n<p>Neste ano, o Greenpeace Brasil estreou nos cinemas com o document\u00e1rio \u2018Antes do Prato\u2019 (2023), que mostra iniciativas agroecol\u00f3gicas em diferentes territ\u00f3rios, da periferia ao hospital, do sert\u00e3o ao sul do pa\u00eds.&nbsp;<\/p>\n\n<p>A obra j\u00e1 foi exibida em cerca de 47 sess\u00f5es e em mais de 10 estados. Voc\u00ea pode assist\u00ed-la no <a href=\"https:\/\/globoplay.globo.com\/antes-do-prato\/t\/N1RMTqpXNP\/\" target=\"_blank\" rel=\"noreferrer noopener\">Globoplay<\/a>, <a href=\"https:\/\/www.youtube.com\/watch?v=plU0WUS9BiE\">Youtube Filmes<\/a>, <a href=\"https:\/\/play.google.com\/store\/movies\/details?id=FDMju6DWWjU.P&amp;pli=1\" target=\"_blank\" rel=\"noreferrer noopener\">Google Play<\/a>,<a href=\"https:\/\/tv.apple.com\/br\/movie\/antes-do-prato\/umc.cmc.47h6uy9we2xe3wy7eb97fc2ty\" target=\"_blank\" rel=\"noreferrer noopener\"> iTunes<\/a>, <a href=\"https:\/\/www.vivoplay.com.br\/details\/movie\/antes-do-prato-28482701\" target=\"_blank\" rel=\"noreferrer noopener\">Vivo Play<\/a> e<a href=\"https:\/\/www.clarotvmais.com.br\/filme\/antes-do-prato\/2772600\" target=\"_blank\" rel=\"noreferrer noopener\"> Claro TV+<\/a><em>, <\/em>ou organizar uma sess\u00e3o coletiva e gratuita <em>\u2013 saiba como em <\/em><a href=\"https:\/\/antesdoprato.org.br\/\" target=\"_blank\" rel=\"noreferrer noopener\"><em>AntesDoPrato.org.br<\/em><\/a><em>. <\/em>\u00a0<\/p>\n\n<figure class=\"wp-block-image\"><img loading=\"lazy\" decoding=\"async\" width=\"1200\" height=\"800\" src=\"https:\/\/www.greenpeace.org\/static\/planet4-brasil-stateless\/2023\/12\/cd618483-gp0stxzz1.jpg\" title=\"Before the Plate Film Screening in Rio de Janeiro in Brazil. \u00a9 Juliana Chalita \/ Greenpeace\" alt=\"Before the Plate Film Screening in Rio de Janeiro in Brazil. \u00a9 Juliana Chalita \/ Greenpeace\" class=\"wp-image-50867\" srcset=\"https:\/\/www.greenpeace.org\/static\/planet4-brasil-stateless\/2023\/12\/cd618483-gp0stxzz1.jpg 1200w, https:\/\/www.greenpeace.org\/static\/planet4-brasil-stateless\/2023\/12\/cd618483-gp0stxzz1-300x200.jpg 300w, https:\/\/www.greenpeace.org\/static\/planet4-brasil-stateless\/2023\/12\/cd618483-gp0stxzz1-1024x683.jpg 1024w, https:\/\/www.greenpeace.org\/static\/planet4-brasil-stateless\/2023\/12\/cd618483-gp0stxzz1-768x512.jpg 768w, https:\/\/www.greenpeace.org\/static\/planet4-brasil-stateless\/2023\/12\/cd618483-gp0stxzz1-510x340.jpg 510w\" sizes=\"auto, (max-width: 1200px) 100vw, 1200px\" \/><figcaption class=\"wp-element-caption\">Equipe do Greenpeace Brasil no lan\u00e7amento do &#8216;Antes do Prato&#8217;<div class=\"credit icon-left\"> \u00a9 Juliana Chalita \/ Greenpeace<\/div><\/figcaption><\/figure>\n\n<p>Voc\u00ea tamb\u00e9m pode fazer a sua parte apoiando, divulgando e se alimentando deste movimento! Espalhe a palavra da agroecologia e procure produtores ou feiras agroecol\u00f3gicas perto de voc\u00ea.<\/p>\n\n<div class=\"wp-block-buttons is-layout-flex wp-block-buttons-is-layout-flex\">\n<div class=\"wp-block-button has-custom-width wp-block-button__width-100 is-style-cta\"><a class=\"wp-block-button__link has-white-color has-dark-green-800-background-color has-text-color has-background wp-element-button\" href=\"https:\/\/www.greenpeace.org\/brasil\/apoie\/manifesto-pela-agroecologia\/\" target=\"_blank\" rel=\"noreferrer noopener\">Assine o Manifesto pela Agroecologia e compartilhe&nbsp;<\/a><\/div>\n<\/div>\n\n<p><\/p>\n\n<p><\/p>\n","protected":false},"excerpt":{"rendered":"<p>Agricultura de base ecol\u00f3gica \u00e9 uma forte aliada contra a fome e a crise no clima; 2023 foi marcado pela volta de pol\u00edticas para o setor<\/p>\n","protected":false},"author":107,"featured_media":50866,"comment_status":"open","ping_status":"closed","sticky":false,"template":"","format":"standard","meta":{"ep_exclude_from_search":false,"p4_og_title":"","p4_og_description":"","p4_og_image":"","p4_og_image_id":"","p4_seo_canonical_url":"","p4_campaign_name":"","p4_local_project":"","p4_basket_name":"","p4_department":"","footnotes":""},"categories":[69],"tags":[18],"p4-page-type":[16],"class_list":["post-50865","post","type-post","status-publish","format-standard","has-post-thumbnail","hentry","category-agroecologia","tag-agroecologia","p4-page-type-blog"],"_links":{"self":[{"href":"https:\/\/www.greenpeace.org\/brasil\/wp-json\/wp\/v2\/posts\/50865","targetHints":{"allow":["GET"]}}],"collection":[{"href":"https:\/\/www.greenpeace.org\/brasil\/wp-json\/wp\/v2\/posts"}],"about":[{"href":"https:\/\/www.greenpeace.org\/brasil\/wp-json\/wp\/v2\/types\/post"}],"author":[{"embeddable":true,"href":"https:\/\/www.greenpeace.org\/brasil\/wp-json\/wp\/v2\/users\/107"}],"replies":[{"embeddable":true,"href":"https:\/\/www.greenpeace.org\/brasil\/wp-json\/wp\/v2\/comments?post=50865"}],"version-history":[{"count":20,"href":"https:\/\/www.greenpeace.org\/brasil\/wp-json\/wp\/v2\/posts\/50865\/revisions"}],"predecessor-version":[{"id":51411,"href":"https:\/\/www.greenpeace.org\/brasil\/wp-json\/wp\/v2\/posts\/50865\/revisions\/51411"}],"wp:featuredmedia":[{"embeddable":true,"href":"https:\/\/www.greenpeace.org\/brasil\/wp-json\/wp\/v2\/media\/50866"}],"wp:attachment":[{"href":"https:\/\/www.greenpeace.org\/brasil\/wp-json\/wp\/v2\/media?parent=50865"}],"wp:term":[{"taxonomy":"category","embeddable":true,"href":"https:\/\/www.greenpeace.org\/brasil\/wp-json\/wp\/v2\/categories?post=50865"},{"taxonomy":"post_tag","embeddable":true,"href":"https:\/\/www.greenpeace.org\/brasil\/wp-json\/wp\/v2\/tags?post=50865"},{"taxonomy":"p4-page-type","embeddable":true,"href":"https:\/\/www.greenpeace.org\/brasil\/wp-json\/wp\/v2\/p4-page-type?post=50865"}],"curies":[{"name":"wp","href":"https:\/\/api.w.org\/{rel}","templated":true}]}}