{"id":50912,"date":"2023-09-21T10:00:00","date_gmt":"2023-09-21T13:00:00","guid":{"rendered":"https:\/\/www.greenpeace.org\/brasil\/?p=50912"},"modified":"2023-12-21T11:13:35","modified_gmt":"2023-12-21T14:13:35","slug":"alimentacao-saudavel-e-ecologica-e-tema-de-debate-realizado-pelo-greenpeace-brasil-nesta-sexta-22-na-virada-sustentavel","status":"publish","type":"post","link":"https:\/\/www.greenpeace.org\/brasil\/imprensa\/alimentacao-saudavel-e-ecologica-e-tema-de-debate-realizado-pelo-greenpeace-brasil-nesta-sexta-22-na-virada-sustentavel\/","title":{"rendered":"Alimenta\u00e7\u00e3o saud\u00e1vel e ecol\u00f3gica \u00e9 tema de debate realizado pelo Greenpeace Brasil nesta sexta (22) na Virada Sustent\u00e1vel"},"content":{"rendered":"\n<p class=\"has-text-align-center\"><em>Especialistas colocam em pauta a import\u00e2ncia da agroecologia para a sustentabilidade do planeta e a sa\u00fade das pessoas; entrada \u00e9 gratuita<\/em><\/p>\n\n<figure class=\"wp-block-image size-full\"><img loading=\"lazy\" decoding=\"async\" width=\"585\" height=\"309\" src=\"https:\/\/www.greenpeace.org\/static\/planet4-brasil-stateless\/2023\/12\/9d305e20-image.png\" alt=\"\" class=\"wp-image-50913\" srcset=\"https:\/\/www.greenpeace.org\/static\/planet4-brasil-stateless\/2023\/12\/9d305e20-image.png 585w, https:\/\/www.greenpeace.org\/static\/planet4-brasil-stateless\/2023\/12\/9d305e20-image-300x158.png 300w, https:\/\/www.greenpeace.org\/static\/planet4-brasil-stateless\/2023\/12\/9d305e20-image-510x269.png 510w\" sizes=\"auto, (max-width: 585px) 100vw, 585px\" \/><\/figure>\n\n<p><strong>S\u00e3o Paulo (SP), 21 de setembro de 2023 \u2013 <\/strong>O Greenpeace Brasil vai ser a organiza\u00e7\u00e3o anfitri\u00e3 de um debate sobre a produ\u00e7\u00e3o ecol\u00f3gica de alimentos nesta sexta (22), \u00e0s 10h10, em S\u00e3o Paulo. O evento \u00e9 gratuito e faz parte da programa\u00e7\u00e3o da Virada Sustent\u00e1vel, que chega \u00e0 sua 13\u00aa edi\u00e7\u00e3o em 2023, com atividades previstas at\u00e9 24 de setembro.&nbsp;<\/p>\n\n<p>O debate &#8220;Agroecologia \u00e9 sa\u00fade, renda e justi\u00e7a&#8221; vai contar com a participa\u00e7\u00e3o de <strong>Mariana Campos<\/strong>, comunicadora socioambiental e coordenadora da campanha de Agricultura e Alternativas do Greenpeace Brasil; <strong>L\u00edgia Nic\u00e1cio<\/strong>, produtora rural da Plantear que atua h\u00e1 9 anos com produ\u00e7\u00e3o de comida sem agrot\u00f3xicos; e do professor <strong>Luiz Marques<\/strong>, livre docente aposentado do Departamento de Hist\u00f3ria da Unicamp. A media\u00e7\u00e3o ser\u00e1 de <strong>Rafael Onori Ferraz<\/strong>, jornalista, agitador cultural, produtor de conte\u00fado e coordenador de Mobiliza\u00e7\u00e3o de Comunidades do Greenpeace Brasil.<\/p>\n\n<p>A agroecologia \u00e9 uma ci\u00eancia definida pela Embrapa como &#8220;um campo do conhecimento de natureza multidisciplinar, cujos ensinamentos pretendem contribuir na constru\u00e7\u00e3o de estilos de agricultura de base ecol\u00f3gica e na elabora\u00e7\u00e3o de estrat\u00e9gias de desenvolvimento rural, tendo como refer\u00eancia os ideais da sustentabilidade&#8221;.<\/p>\n\n<p><strong>Conhe\u00e7a os participantes<\/strong><\/p>\n\n<p><strong>Mariana Campos |Greenpeace Brasil&nbsp;<\/strong><\/p>\n\n<p>Comunicadora socioambiental com quase 20 anos de experi\u00eancia, atualmente \u00e9 coordenadora da campanha de Agricultura e Alternativas do Greenpeace Brasil, organiza\u00e7\u00e3o em que atua desde 2018, com as tem\u00e1ticas de alimenta\u00e7\u00e3o, pol\u00edticas p\u00fablicas, florestas e clima. \u00c9 formada em Jornalismo pela UERJ, p\u00f3s-graduada em An\u00e1lises Ambientais e Desenvolvimento Sustent\u00e1vel pelo CEUB e mestre em Jornalismo, M\u00eddia e Globaliza\u00e7\u00e3o pela Universidade de Aarhus (Dinamarca) e City University, em Londres.&nbsp;<\/p>\n\n<p><strong>L\u00edgia Nic\u00e1cio | Plantear&nbsp;<\/strong><\/p>\n\n<p>Mulher preta, m\u00e3e de dois, produtora rural e amante da natureza. Atua h\u00e1 9 anos com produ\u00e7\u00e3o de comida sem veneno, a partir do m\u00e9todo da agricultura natural e agrofloresta. Integrante do coletivo agroecol\u00f3gico do alto da serra (S\u00e3o Roque &#8211; SP), trabalha tamb\u00e9m com projetos de educa\u00e7\u00e3o ecol\u00f3gica e ecologia integral. Instagram:<a href=\"http:\/\/www.instagram.com\/plantearorganicos\"> www.instagram.com\/plantearorganicos<\/a>&nbsp;<\/p>\n\n<p><strong>Professor Luiz Marques<\/strong><\/p>\n\n<p>Professor Livre Docente aposentado e colaborador do Departamento de Hist\u00f3ria do IFCH, Unicamp, onde foi cofundador da P\u00f3s-Gradua\u00e7\u00e3o em Hist\u00f3ria da Arte. Nos \u00faltimos 15 anos, tem-se dedicado \u00e0 doc\u00eancia e a pesquisas sobre as crises socioambientais contempor\u00e2neas. \u00c9 atualmente professor s\u00eanior da Ilum Escola de Ci\u00eancia do Centro Nacional de Pesquisas em Energia e Materiais (CNPEM) e membro do Coletivo 660, nascido do F\u00f3rum Social Mundial.<\/p>\n\n<p><strong>Rafael Onori Ferraz (mediador) | Greenpeace Brasil<\/strong><\/p>\n\n<p>Com forma\u00e7\u00e3o em Comunica\u00e7\u00e3o Social (Jornalismo), desde 2010, atua como jornalista, agitador cultural e produtor de conte\u00fado e eventos com destacada atua\u00e7\u00e3o nas \u00e1reas de Marketing e Engajamento. Possui experi\u00eancia em gest\u00e3o (on e offline) de equipes e facilita\u00e7\u00e3o de processos baseada em t\u00e9cnicas de Design Thinking. Atualmente \u00e9 respons\u00e1vel pela coordena\u00e7\u00e3o de Mobiliza\u00e7\u00e3o de Comunidades do Greenpeace Brasil, na \u00e1rea de Engajamento, executando projetos relacionados \u00e0 gest\u00e3o de volunt\u00e1rios, distribu\u00eddos por 20 grupos locais ao redor do pa\u00eds, pela coordena\u00e7\u00e3o do Projeto Escola e por a\u00e7\u00f5es com parceiros institucionais.&nbsp;<\/p>\n\n<p><strong>SERVI\u00c7O<\/strong><br><strong>Debate <\/strong>&#8220;Agroecologia \u00e9 sa\u00fade, renda e justi\u00e7a&#8221;<br><strong>Data:<\/strong> sexta-feira, 22 de setembro<br><strong>Hor\u00e1rio:<\/strong> das 10:10 \u00e0s 11h<br><strong>Local<\/strong>: Unibes Cultural &#8211; Lounge \/Rua Oscar Freire, 2500 &#8211; Pinheiros &#8211; S\u00e3o Paulo<\/p>\n\n<p><strong>Gratuito<\/strong><\/p>\n","protected":false},"excerpt":{"rendered":"<p>Especialistas colocam em pauta a import\u00e2ncia da agroecologia para a sustentabilidade do planeta e a sa\u00fade das pessoas; entrada \u00e9 gratuita<\/p>\n","protected":false},"author":116,"featured_media":50913,"comment_status":"closed","ping_status":"closed","sticky":false,"template":"","format":"standard","meta":{"ep_exclude_from_search":false,"p4_og_title":"","p4_og_description":"","p4_og_image":"","p4_og_image_id":"","p4_seo_canonical_url":"","p4_campaign_name":"","p4_local_project":"","p4_basket_name":"","p4_department":"","footnotes":""},"categories":[69],"tags":[18],"p4-page-type":[14],"class_list":["post-50912","post","type-post","status-publish","format-standard","has-post-thumbnail","hentry","category-agroecologia","tag-agroecologia","p4-page-type-imprensa"],"_links":{"self":[{"href":"https:\/\/www.greenpeace.org\/brasil\/wp-json\/wp\/v2\/posts\/50912","targetHints":{"allow":["GET"]}}],"collection":[{"href":"https:\/\/www.greenpeace.org\/brasil\/wp-json\/wp\/v2\/posts"}],"about":[{"href":"https:\/\/www.greenpeace.org\/brasil\/wp-json\/wp\/v2\/types\/post"}],"author":[{"embeddable":true,"href":"https:\/\/www.greenpeace.org\/brasil\/wp-json\/wp\/v2\/users\/116"}],"replies":[{"embeddable":true,"href":"https:\/\/www.greenpeace.org\/brasil\/wp-json\/wp\/v2\/comments?post=50912"}],"version-history":[{"count":1,"href":"https:\/\/www.greenpeace.org\/brasil\/wp-json\/wp\/v2\/posts\/50912\/revisions"}],"predecessor-version":[{"id":50914,"href":"https:\/\/www.greenpeace.org\/brasil\/wp-json\/wp\/v2\/posts\/50912\/revisions\/50914"}],"wp:featuredmedia":[{"embeddable":true,"href":"https:\/\/www.greenpeace.org\/brasil\/wp-json\/wp\/v2\/media\/50913"}],"wp:attachment":[{"href":"https:\/\/www.greenpeace.org\/brasil\/wp-json\/wp\/v2\/media?parent=50912"}],"wp:term":[{"taxonomy":"category","embeddable":true,"href":"https:\/\/www.greenpeace.org\/brasil\/wp-json\/wp\/v2\/categories?post=50912"},{"taxonomy":"post_tag","embeddable":true,"href":"https:\/\/www.greenpeace.org\/brasil\/wp-json\/wp\/v2\/tags?post=50912"},{"taxonomy":"p4-page-type","embeddable":true,"href":"https:\/\/www.greenpeace.org\/brasil\/wp-json\/wp\/v2\/p4-page-type?post=50912"}],"curies":[{"name":"wp","href":"https:\/\/api.w.org\/{rel}","templated":true}]}}