{"id":51615,"date":"2024-03-05T20:55:46","date_gmt":"2024-03-05T23:55:46","guid":{"rendered":"https:\/\/www.greenpeace.org\/brasil\/?p=51615"},"modified":"2025-07-02T04:21:31","modified_gmt":"2025-07-02T07:21:31","slug":"greenpeace-brasil-entrega-abaixo-assinado-basta-de-tragedias-no-ministerio-do-meio-ambiente","status":"publish","type":"post","link":"https:\/\/www.greenpeace.org\/brasil\/blog\/greenpeace-brasil-entrega-abaixo-assinado-basta-de-tragedias-no-ministerio-do-meio-ambiente\/","title":{"rendered":"Greenpeace Brasil entrega abaixo-assinado \u201cBasta de trag\u00e9dias\u201d no Minist\u00e9rio do Meio Ambiente\u00a0"},"content":{"rendered":"\n<p>A entrega, junto com a\u00e7\u00e3o realizada em frente ao MMA, ecoa as vozes de milhares de brasileiros que pedem por a\u00e7\u00f5es que se antecipem \u00e0s trag\u00e9dias clim\u00e1ticas<\/p>\n\n<figure class=\"wp-block-image size-large\"><img loading=\"lazy\" decoding=\"async\" width=\"1024\" height=\"684\" src=\"https:\/\/www.greenpeace.org\/static\/planet4-brasil-stateless\/2024\/03\/9ecd32bb-whatsapp-image-2024-03-05-at-15.46.22-1024x684.jpeg\" alt=\"\" class=\"wp-image-51616\" srcset=\"https:\/\/www.greenpeace.org\/static\/planet4-brasil-stateless\/2024\/03\/9ecd32bb-whatsapp-image-2024-03-05-at-15.46.22-1024x684.jpeg 1024w, https:\/\/www.greenpeace.org\/static\/planet4-brasil-stateless\/2024\/03\/9ecd32bb-whatsapp-image-2024-03-05-at-15.46.22-300x200.jpeg 300w, https:\/\/www.greenpeace.org\/static\/planet4-brasil-stateless\/2024\/03\/9ecd32bb-whatsapp-image-2024-03-05-at-15.46.22-768x513.jpeg 768w, https:\/\/www.greenpeace.org\/static\/planet4-brasil-stateless\/2024\/03\/9ecd32bb-whatsapp-image-2024-03-05-at-15.46.22-1536x1025.jpeg 1536w, https:\/\/www.greenpeace.org\/static\/planet4-brasil-stateless\/2024\/03\/9ecd32bb-whatsapp-image-2024-03-05-at-15.46.22-2048x1367.jpeg 2048w, https:\/\/www.greenpeace.org\/static\/planet4-brasil-stateless\/2024\/03\/9ecd32bb-whatsapp-image-2024-03-05-at-15.46.22-2046x1366.jpeg 2046w, https:\/\/www.greenpeace.org\/static\/planet4-brasil-stateless\/2024\/03\/9ecd32bb-whatsapp-image-2024-03-05-at-15.46.22-510x340.jpeg 510w\" sizes=\"auto, (max-width: 1024px) 100vw, 1024px\" \/><figcaption class=\"wp-element-caption\">Igor Travassos, coordenador da frente de Justi\u00e7a Clim\u00e1tica do Greenpeace Brasil, entrega abaixo-assinado que pede por &#8220;Basta de Trag\u00e9dias&#8221;, com mais de 16 mil assinaturas impressas, \u00e0 Secret\u00e1ria Nacional de Mudan\u00e7as do Clima, Ana Toni. \u00a9Matheus Alves \/ Greenpeace Brasil<\/figcaption><\/figure>\n\n<p>Nesta ter\u00e7a-feira, 5 de mar\u00e7o, o Greenpeace Brasil entregou o abaixo-assinado \u201cBasta de Trag\u00e9dias\u201d \u00e0 Secret\u00e1ria Nacional de Mudan\u00e7as do Clima, Ana Toni, no Minist\u00e9rio do Meio Ambiente (MMA), em Bras\u00edlia. Com cerca de 16 mil assinaturas, o documento levou as vozes de milhares de brasileiros que pedem por a\u00e7\u00f5es que adaptem as cidades e se antecipem \u00e0s trag\u00e9dias clim\u00e1ticas.<\/p>\n\n<p>Antes da entrega do documento, ativistas e volunt\u00e1rios do Greenpeace Brasil <strong>instalaram uma exposi\u00e7\u00e3o de fotos na frente do pr\u00e9dio do MMA<\/strong> <strong>para mostrar o tamanho do estrago e da destrui\u00e7\u00e3o que as trag\u00e9dias clim\u00e1ticas causam ao redor do pa\u00eds.<\/strong> A a\u00e7\u00e3o contou com a presen\u00e7a e apoio de representantes da Rede Brasileira de Adapta\u00e7\u00e3o Antirracista, da qual o Greenpeace faz parte. <\/p>\n\n<p>A a\u00e7\u00e3o foi uma forma de chamar a aten\u00e7\u00e3o para os pedidos do abaixo-assinado que sinalizam a import\u00e2ncia de os processos de constru\u00e7\u00e3o e implementa\u00e7\u00e3o do Plano Nacional de Adapta\u00e7\u00e3o \u00e0s Mudan\u00e7as Clim\u00e1ticas (PNA) garantirem a ampla e efetiva participa\u00e7\u00e3o das pessoas mais impactadas, as popula\u00e7\u00f5es negras e perif\u00e9ricas, mulheres, ind\u00edgenas, quilombolas, comunidades rurais, pesqueiras e marisqueiras.<\/p>\n\n<p>\u201c<strong>Pol\u00edtica p\u00fablica eficiente se faz com gente<\/strong>\u201d, ressalta Igor Travassos, coordenador da frente de Justi\u00e7a Clim\u00e1tica do Greenpeace Brasil. Durante a reuni\u00e3o com a representante do governo e a Rede de Adapta\u00e7\u00e3o Antirracista, Travassos destacou a import\u00e2ncia do aprimoramento dos instrumentos de participa\u00e7\u00e3o para que assegurem a abrang\u00eancia de territ\u00f3rios e demandas que compreendem a diversidade de realidades brasileiras.<strong>&nbsp;<\/strong><\/p>\n<div data-hydrate=\"planet4-blocks\/gallery\" data-attributes=\"{&quot;attributes&quot;:{&quot;multiple_image&quot;:&quot;51617,51618,51619,51620,51621&quot;,&quot;gallery_block_focus_points&quot;:&quot;{\\&quot;51617\\&quot;:\\&quot;71% 80%\\&quot;,\\&quot;51618\\&quot;:\\&quot;50% 50%\\&quot;,\\&quot;51619\\&quot;:\\&quot;50% 50%\\&quot;,\\&quot;51620\\&quot;:\\&quot;50% 50%\\&quot;,\\&quot;51621\\&quot;:\\&quot;50% 50%\\&quot;}&quot;,&quot;image_data&quot;:[{&quot;url&quot;:&quot;https:\\\/\\\/www.greenpeace.org\\\/static\\\/planet4-brasil-stateless\\\/2024\\\/03\\\/62276f3f-whatsapp-image-2024-03-05-at-14.28.45-scaled.jpeg&quot;,&quot;focalPoint&quot;:{&quot;x&quot;:&quot;0.71&quot;,&quot;y&quot;:&quot;0.80&quot;},&quot;id&quot;:51617},{&quot;url&quot;:&quot;https:\\\/\\\/www.greenpeace.org\\\/static\\\/planet4-brasil-stateless\\\/2024\\\/03\\\/b5930888-whatsapp-image-2024-03-05-at-14.29.02-scaled.jpeg&quot;,&quot;focalPoint&quot;:{&quot;x&quot;:0.5,&quot;y&quot;:0.5},&quot;id&quot;:51618},{&quot;url&quot;:&quot;https:\\\/\\\/www.greenpeace.org\\\/static\\\/planet4-brasil-stateless\\\/2024\\\/03\\\/9cb465f2-whatsapp-image-2024-03-05-at-14.28.56-scaled.jpeg&quot;,&quot;focalPoint&quot;:{&quot;x&quot;:0.5,&quot;y&quot;:0.5},&quot;id&quot;:51619},{&quot;url&quot;:&quot;https:\\\/\\\/www.greenpeace.org\\\/static\\\/planet4-brasil-stateless\\\/2024\\\/03\\\/79fc42bf-whatsapp-image-2024-03-05-at-14.28.22-scaled.jpeg&quot;,&quot;focalPoint&quot;:{&quot;x&quot;:0.5,&quot;y&quot;:0.5},&quot;id&quot;:51620},{&quot;url&quot;:&quot;https:\\\/\\\/www.greenpeace.org\\\/static\\\/planet4-brasil-stateless\\\/2024\\\/03\\\/aac8200d-whatsapp-image-2024-03-05-at-14.26.58-scaled.jpeg&quot;,&quot;focalPoint&quot;:{&quot;x&quot;:0.5,&quot;y&quot;:0.5},&quot;id&quot;:51621}],&quot;gallery_block_style&quot;:0,&quot;gallery_block_title&quot;:&quot;&quot;,&quot;gallery_block_description&quot;:&quot;&quot;,&quot;images&quot;:[{&quot;image_src&quot;:&quot;https:\\\/\\\/www.greenpeace.org\\\/static\\\/planet4-brasil-stateless\\\/2024\\\/03\\\/62276f3f-whatsapp-image-2024-03-05-at-14.28.45-scaled.jpeg&quot;,&quot;image_srcset&quot;:&quot;https:\\\/\\\/www.greenpeace.org\\\/static\\\/planet4-brasil-stateless\\\/2024\\\/03\\\/62276f3f-whatsapp-image-2024-03-05-at-14.28.45-scaled.jpeg 2560w, https:\\\/\\\/www.greenpeace.org\\\/static\\\/planet4-brasil-stateless\\\/2024\\\/03\\\/62276f3f-whatsapp-image-2024-03-05-at-14.28.45-300x200.jpeg 300w, https:\\\/\\\/www.greenpeace.org\\\/static\\\/planet4-brasil-stateless\\\/2024\\\/03\\\/62276f3f-whatsapp-image-2024-03-05-at-14.28.45-1024x684.jpeg 1024w, https:\\\/\\\/www.greenpeace.org\\\/static\\\/planet4-brasil-stateless\\\/2024\\\/03\\\/62276f3f-whatsapp-image-2024-03-05-at-14.28.45-768x513.jpeg 768w, https:\\\/\\\/www.greenpeace.org\\\/static\\\/planet4-brasil-stateless\\\/2024\\\/03\\\/62276f3f-whatsapp-image-2024-03-05-at-14.28.45-1536x1025.jpeg 1536w, https:\\\/\\\/www.greenpeace.org\\\/static\\\/planet4-brasil-stateless\\\/2024\\\/03\\\/62276f3f-whatsapp-image-2024-03-05-at-14.28.45-2048x1367.jpeg 2048w, https:\\\/\\\/www.greenpeace.org\\\/static\\\/planet4-brasil-stateless\\\/2024\\\/03\\\/62276f3f-whatsapp-image-2024-03-05-at-14.28.45-2046x1366.jpeg 2046w, https:\\\/\\\/www.greenpeace.org\\\/static\\\/planet4-brasil-stateless\\\/2024\\\/03\\\/62276f3f-whatsapp-image-2024-03-05-at-14.28.45-510x340.jpeg 510w&quot;,&quot;image_sizes&quot;:false,&quot;alt_text&quot;:&quot;&quot;,&quot;caption&quot;:&quot;Ato em frente ao Minist\\u00e9rio do Meio Ambiente e Mudan\\u00e7a do Clima exp\\u00f5e imagens e dados sobre impactos decorrentes de eventos extremos e falta de pol\\u00edticas p\\u00fablicas que se antecipem \\u00e0s trag\\u00e9dias clim\\u00e1ticas. \\u00a9Matheus Alves \\\/ Greenpeace Brasil&quot;,&quot;focus_image&quot;:&quot;71% 80%&quot;,&quot;credits&quot;:&quot;\\u00a9Matheus Alves \\\/ Greenpeace Brasil&quot;},{&quot;image_src&quot;:&quot;https:\\\/\\\/www.greenpeace.org\\\/static\\\/planet4-brasil-stateless\\\/2024\\\/03\\\/b5930888-whatsapp-image-2024-03-05-at-14.29.02-scaled.jpeg&quot;,&quot;image_srcset&quot;:&quot;https:\\\/\\\/www.greenpeace.org\\\/static\\\/planet4-brasil-stateless\\\/2024\\\/03\\\/b5930888-whatsapp-image-2024-03-05-at-14.29.02-scaled.jpeg 2560w, https:\\\/\\\/www.greenpeace.org\\\/static\\\/planet4-brasil-stateless\\\/2024\\\/03\\\/b5930888-whatsapp-image-2024-03-05-at-14.29.02-300x200.jpeg 300w, https:\\\/\\\/www.greenpeace.org\\\/static\\\/planet4-brasil-stateless\\\/2024\\\/03\\\/b5930888-whatsapp-image-2024-03-05-at-14.29.02-1024x684.jpeg 1024w, https:\\\/\\\/www.greenpeace.org\\\/static\\\/planet4-brasil-stateless\\\/2024\\\/03\\\/b5930888-whatsapp-image-2024-03-05-at-14.29.02-768x513.jpeg 768w, https:\\\/\\\/www.greenpeace.org\\\/static\\\/planet4-brasil-stateless\\\/2024\\\/03\\\/b5930888-whatsapp-image-2024-03-05-at-14.29.02-1536x1025.jpeg 1536w, https:\\\/\\\/www.greenpeace.org\\\/static\\\/planet4-brasil-stateless\\\/2024\\\/03\\\/b5930888-whatsapp-image-2024-03-05-at-14.29.02-2048x1367.jpeg 2048w, https:\\\/\\\/www.greenpeace.org\\\/static\\\/planet4-brasil-stateless\\\/2024\\\/03\\\/b5930888-whatsapp-image-2024-03-05-at-14.29.02-2046x1366.jpeg 2046w, https:\\\/\\\/www.greenpeace.org\\\/static\\\/planet4-brasil-stateless\\\/2024\\\/03\\\/b5930888-whatsapp-image-2024-03-05-at-14.29.02-510x340.jpeg 510w&quot;,&quot;image_sizes&quot;:false,&quot;alt_text&quot;:&quot;&quot;,&quot;caption&quot;:&quot;Ato em frente ao Minist\\u00e9rio do Meio Ambiente e Mudan\\u00e7a do Clima exp\\u00f5e imagens e dados sobre impactos decorrentes de eventos extremos e falta de pol\\u00edticas p\\u00fablicas que se antecipem \\u00e0s trag\\u00e9dias clim\\u00e1ticas. \\u00a9Matheus Alves \\\/ Greenpeace Brasil&quot;,&quot;focus_image&quot;:&quot;50% 50%&quot;,&quot;credits&quot;:&quot;\\u00a9Matheus Alves \\\/ Greenpeace Brasil&quot;},{&quot;image_src&quot;:&quot;https:\\\/\\\/www.greenpeace.org\\\/static\\\/planet4-brasil-stateless\\\/2024\\\/03\\\/9cb465f2-whatsapp-image-2024-03-05-at-14.28.56-scaled.jpeg&quot;,&quot;image_srcset&quot;:&quot;https:\\\/\\\/www.greenpeace.org\\\/static\\\/planet4-brasil-stateless\\\/2024\\\/03\\\/9cb465f2-whatsapp-image-2024-03-05-at-14.28.56-scaled.jpeg 2560w, https:\\\/\\\/www.greenpeace.org\\\/static\\\/planet4-brasil-stateless\\\/2024\\\/03\\\/9cb465f2-whatsapp-image-2024-03-05-at-14.28.56-300x200.jpeg 300w, https:\\\/\\\/www.greenpeace.org\\\/static\\\/planet4-brasil-stateless\\\/2024\\\/03\\\/9cb465f2-whatsapp-image-2024-03-05-at-14.28.56-1024x684.jpeg 1024w, https:\\\/\\\/www.greenpeace.org\\\/static\\\/planet4-brasil-stateless\\\/2024\\\/03\\\/9cb465f2-whatsapp-image-2024-03-05-at-14.28.56-768x513.jpeg 768w, https:\\\/\\\/www.greenpeace.org\\\/static\\\/planet4-brasil-stateless\\\/2024\\\/03\\\/9cb465f2-whatsapp-image-2024-03-05-at-14.28.56-1536x1025.jpeg 1536w, https:\\\/\\\/www.greenpeace.org\\\/static\\\/planet4-brasil-stateless\\\/2024\\\/03\\\/9cb465f2-whatsapp-image-2024-03-05-at-14.28.56-2048x1367.jpeg 2048w, https:\\\/\\\/www.greenpeace.org\\\/static\\\/planet4-brasil-stateless\\\/2024\\\/03\\\/9cb465f2-whatsapp-image-2024-03-05-at-14.28.56-2046x1366.jpeg 2046w, https:\\\/\\\/www.greenpeace.org\\\/static\\\/planet4-brasil-stateless\\\/2024\\\/03\\\/9cb465f2-whatsapp-image-2024-03-05-at-14.28.56-510x340.jpeg 510w&quot;,&quot;image_sizes&quot;:false,&quot;alt_text&quot;:&quot;&quot;,&quot;caption&quot;:&quot;Ato em frente ao Minist\\u00e9rio do Meio Ambiente e Mudan\\u00e7a do Clima exp\\u00f5e imagens e dados sobre impactos decorrentes de eventos extremos e falta de pol\\u00edticas p\\u00fablicas que se antecipem \\u00e0s trag\\u00e9dias clim\\u00e1ticas. \\u00a9Matheus Alves \\\/ Greenpeace Brasil&quot;,&quot;focus_image&quot;:&quot;50% 50%&quot;,&quot;credits&quot;:&quot;\\u00a9Matheus Alves \\\/ Greenpeace Brasil&quot;},{&quot;image_src&quot;:&quot;https:\\\/\\\/www.greenpeace.org\\\/static\\\/planet4-brasil-stateless\\\/2024\\\/03\\\/79fc42bf-whatsapp-image-2024-03-05-at-14.28.22-scaled.jpeg&quot;,&quot;image_srcset&quot;:&quot;https:\\\/\\\/www.greenpeace.org\\\/static\\\/planet4-brasil-stateless\\\/2024\\\/03\\\/79fc42bf-whatsapp-image-2024-03-05-at-14.28.22-scaled.jpeg 2560w, https:\\\/\\\/www.greenpeace.org\\\/static\\\/planet4-brasil-stateless\\\/2024\\\/03\\\/79fc42bf-whatsapp-image-2024-03-05-at-14.28.22-300x200.jpeg 300w, https:\\\/\\\/www.greenpeace.org\\\/static\\\/planet4-brasil-stateless\\\/2024\\\/03\\\/79fc42bf-whatsapp-image-2024-03-05-at-14.28.22-1024x684.jpeg 1024w, https:\\\/\\\/www.greenpeace.org\\\/static\\\/planet4-brasil-stateless\\\/2024\\\/03\\\/79fc42bf-whatsapp-image-2024-03-05-at-14.28.22-768x513.jpeg 768w, https:\\\/\\\/www.greenpeace.org\\\/static\\\/planet4-brasil-stateless\\\/2024\\\/03\\\/79fc42bf-whatsapp-image-2024-03-05-at-14.28.22-1536x1025.jpeg 1536w, https:\\\/\\\/www.greenpeace.org\\\/static\\\/planet4-brasil-stateless\\\/2024\\\/03\\\/79fc42bf-whatsapp-image-2024-03-05-at-14.28.22-2048x1367.jpeg 2048w, https:\\\/\\\/www.greenpeace.org\\\/static\\\/planet4-brasil-stateless\\\/2024\\\/03\\\/79fc42bf-whatsapp-image-2024-03-05-at-14.28.22-2046x1366.jpeg 2046w, https:\\\/\\\/www.greenpeace.org\\\/static\\\/planet4-brasil-stateless\\\/2024\\\/03\\\/79fc42bf-whatsapp-image-2024-03-05-at-14.28.22-510x340.jpeg 510w&quot;,&quot;image_sizes&quot;:false,&quot;alt_text&quot;:&quot;&quot;,&quot;caption&quot;:&quot;Ato em frente ao Minist\\u00e9rio do Meio Ambiente e Mudan\\u00e7a do Clima exp\\u00f5e imagens e dados sobre impactos decorrentes de eventos extremos e falta de pol\\u00edticas p\\u00fablicas que se antecipem \\u00e0s trag\\u00e9dias clim\\u00e1ticas. \\u00a9Matheus Alves \\\/ Greenpeace Brasil&quot;,&quot;focus_image&quot;:&quot;50% 50%&quot;,&quot;credits&quot;:&quot;\\u00a9Matheus Alves \\\/ Greenpeace Brasil&quot;},{&quot;image_src&quot;:&quot;https:\\\/\\\/www.greenpeace.org\\\/static\\\/planet4-brasil-stateless\\\/2024\\\/03\\\/aac8200d-whatsapp-image-2024-03-05-at-14.26.58-scaled.jpeg&quot;,&quot;image_srcset&quot;:&quot;https:\\\/\\\/www.greenpeace.org\\\/static\\\/planet4-brasil-stateless\\\/2024\\\/03\\\/aac8200d-whatsapp-image-2024-03-05-at-14.26.58-scaled.jpeg 2560w, https:\\\/\\\/www.greenpeace.org\\\/static\\\/planet4-brasil-stateless\\\/2024\\\/03\\\/aac8200d-whatsapp-image-2024-03-05-at-14.26.58-300x200.jpeg 300w, https:\\\/\\\/www.greenpeace.org\\\/static\\\/planet4-brasil-stateless\\\/2024\\\/03\\\/aac8200d-whatsapp-image-2024-03-05-at-14.26.58-1024x683.jpeg 1024w, https:\\\/\\\/www.greenpeace.org\\\/static\\\/planet4-brasil-stateless\\\/2024\\\/03\\\/aac8200d-whatsapp-image-2024-03-05-at-14.26.58-768x512.jpeg 768w, https:\\\/\\\/www.greenpeace.org\\\/static\\\/planet4-brasil-stateless\\\/2024\\\/03\\\/aac8200d-whatsapp-image-2024-03-05-at-14.26.58-1536x1025.jpeg 1536w, https:\\\/\\\/www.greenpeace.org\\\/static\\\/planet4-brasil-stateless\\\/2024\\\/03\\\/aac8200d-whatsapp-image-2024-03-05-at-14.26.58-2048x1366.jpeg 2048w, https:\\\/\\\/www.greenpeace.org\\\/static\\\/planet4-brasil-stateless\\\/2024\\\/03\\\/aac8200d-whatsapp-image-2024-03-05-at-14.26.58-510x340.jpeg 510w&quot;,&quot;image_sizes&quot;:false,&quot;alt_text&quot;:&quot;&quot;,&quot;caption&quot;:&quot;&quot;,&quot;focus_image&quot;:&quot;50% 50%&quot;,&quot;credits&quot;:&quot;&quot;}]}}\"><section class=\"block carousel-wrap \"><\/section><\/div>\n<p>\u201cN\u00f3s estamos aqui porque queremos cobrar e como Rede de Adapta\u00e7\u00e3o Antirracista tamb\u00e9m temos interesse em contribuir com essa constru\u00e7\u00e3o. A participa\u00e7\u00e3o popular precisa ser feita com conversas nos territ\u00f3rios, onde processos de consulta p\u00fablica online n\u00e3o chegam. Al\u00e9m disso, <strong>as organiza\u00e7\u00f5es que est\u00e3o nos territ\u00f3rios garantindo a vida de quem est\u00e1 sendo impactado precisam ter suas a\u00e7\u00f5es potencializadas<\/strong>\u201d, refor\u00e7a Travassos.<\/p>\n\n<p>A pol\u00edtica nacional (PNA) \u00e9 fundamental para orientar o trabalho conjunto das tr\u00eas esferas de poder &#8211; prefeituras, governos estaduais e governo federal, cada um com seus pap\u00e9is e responsabilidades, a fim de elaborar e implementar medidas que se antecipem \u00e0s consequ\u00eancias dos eventos clim\u00e1ticos extremos que t\u00eam sido potencializadas pela falta de preparo das cidades, especialmente nos territ\u00f3rios perif\u00e9ricos.&nbsp;<\/p>\n\n<p>\u201cA colabora\u00e7\u00e3o entre os diferentes n\u00edveis de governo \u00e9 essencial para garantir uma resposta eficaz e coordenada diante das trag\u00e9dias clim\u00e1ticas\u201d, defende trecho do of\u00edcio entregue junto com as assinaturas que pede tamb\u00e9m por aprofundamento da governan\u00e7a do PNA.<\/p>\n\n<figure class=\"wp-block-image size-large\"><img loading=\"lazy\" decoding=\"async\" width=\"1024\" height=\"684\" src=\"https:\/\/www.greenpeace.org\/static\/planet4-brasil-stateless\/2024\/03\/4525b139-whatsapp-image-2024-03-05-at-15.45.51-1024x684.jpeg\" alt=\"\" class=\"wp-image-51622\" srcset=\"https:\/\/www.greenpeace.org\/static\/planet4-brasil-stateless\/2024\/03\/4525b139-whatsapp-image-2024-03-05-at-15.45.51-1024x684.jpeg 1024w, https:\/\/www.greenpeace.org\/static\/planet4-brasil-stateless\/2024\/03\/4525b139-whatsapp-image-2024-03-05-at-15.45.51-300x200.jpeg 300w, https:\/\/www.greenpeace.org\/static\/planet4-brasil-stateless\/2024\/03\/4525b139-whatsapp-image-2024-03-05-at-15.45.51-768x513.jpeg 768w, https:\/\/www.greenpeace.org\/static\/planet4-brasil-stateless\/2024\/03\/4525b139-whatsapp-image-2024-03-05-at-15.45.51-1536x1025.jpeg 1536w, https:\/\/www.greenpeace.org\/static\/planet4-brasil-stateless\/2024\/03\/4525b139-whatsapp-image-2024-03-05-at-15.45.51-2048x1367.jpeg 2048w, https:\/\/www.greenpeace.org\/static\/planet4-brasil-stateless\/2024\/03\/4525b139-whatsapp-image-2024-03-05-at-15.45.51-2046x1366.jpeg 2046w, https:\/\/www.greenpeace.org\/static\/planet4-brasil-stateless\/2024\/03\/4525b139-whatsapp-image-2024-03-05-at-15.45.51-510x340.jpeg 510w\" sizes=\"auto, (max-width: 1024px) 100vw, 1024px\" \/><figcaption class=\"wp-element-caption\">Reuni\u00e3o da Rede de Adapta\u00e7\u00e3o Antirracista com a Secret\u00e1ria Nacional de Mudan\u00e7as Clim\u00e1ticas, Ana Toni, no Minist\u00e9rio do Meio Ambiente e Mudan\u00e7a do Clima. \u00a9Matheus Alves \/ Greenpeace Brasil<\/figcaption><\/figure>\n\n<p>A Secret\u00e1ria Ana Toni sinalizou positivamente para os pedidos do abaixo-assinado e as demandas levantadas pelas representantes da Rede reiterando que tem como objetivo garantir a participa\u00e7\u00e3o popular, apesar do formato atual ter sido questionado. Al\u00e9m disso, pediu exemplos pr\u00e1ticos de processos efetivos de constru\u00e7\u00e3o de escuta popular para al\u00e9m dos planos de adapta\u00e7\u00e3o que est\u00e3o sendo desenvolvidos pelos 15 minist\u00e9rios. <\/p>\n\n<p>A Rede exemplificou processos conduzidos pelo pr\u00f3prio governo, como a Caravana Periferia Viva, da Secretaria Nacional de Periferias, Brasil Participativo, do Minist\u00e9rio do Planejamento, e at\u00e9 o processo de condu\u00e7\u00e3o da Lei Aldir Blanc, do Minist\u00e9rio da Cultura, sediado no mesmo pr\u00e9dio do Minist\u00e9rio do Meio Ambiente.<\/p>\n\n<p>\u201cA Pol\u00edtica Nacional Aldir Blanc de Fomento \u00e0 Cultura \u00e9 um exemplo de pol\u00edtica p\u00fablica constru\u00edda com ampla participa\u00e7\u00e3o que incluiu em sua estrat\u00e9gia consulta a mestres de cultura e outras pessoas importantes para a pauta que n\u00e3o poderiam ser alcan\u00e7adas se o processo fosse apenas online. O melhor caminho \u00e9 garantir a ida aos territ\u00f3rios para fazer a escuta popular e essa tecnologia est\u00e1 dispon\u00edvel aqui, neste governo\u201d, defendeu Jos\u00e9 Vitor Pereira Neto, da Coaliz\u00e3o Negra por Direitos e integrante da Rede de Adapta\u00e7\u00e3o Antirracista.&nbsp;<\/p>\n\n<p>Hoje o Greenpeace Brasil d\u00e1 um passo importante, e o trabalho por adapta\u00e7\u00e3o e justi\u00e7a clim\u00e1tica continua. Vamos seguir monitorando, contribuindo e tamb\u00e9m pressionando por pol\u00edticas p\u00fablicas de preven\u00e7\u00e3o, adapta\u00e7\u00e3o e resposta aos eventos extremos com mobiliza\u00e7\u00f5es, articula\u00e7\u00e3o e atua\u00e7\u00e3o em rede, compartilhando informa\u00e7\u00e3o e ecoando e potencializando as vozes das pessoas mais impactadas.<\/p>\n","protected":false},"excerpt":{"rendered":"<p>A entrega, junto com a\u00e7\u00e3o realizada em frente ao MMA, ecoa as vozes de milhares de brasileiros que pedem por a\u00e7\u00f5es que se antecipem \u00e0s trag\u00e9dias clim\u00e1ticas<\/p>\n","protected":false},"author":67,"featured_media":51616,"comment_status":"open","ping_status":"closed","sticky":false,"template":"","format":"standard","meta":{"ep_exclude_from_search":false,"p4_og_title":"","p4_og_description":"","p4_og_image":"","p4_og_image_id":"","p4_seo_canonical_url":"","p4_campaign_name":"","p4_local_project":"","p4_basket_name":"","p4_department":"","footnotes":""},"categories":[71,48],"tags":[42],"p4-page-type":[16],"class_list":["post-51615","post","type-post","status-publish","format-standard","has-post-thumbnail","hentry","category-eventos-extremos","category-justica-climatica","tag-justica-climatica","p4-page-type-blog"],"_links":{"self":[{"href":"https:\/\/www.greenpeace.org\/brasil\/wp-json\/wp\/v2\/posts\/51615","targetHints":{"allow":["GET"]}}],"collection":[{"href":"https:\/\/www.greenpeace.org\/brasil\/wp-json\/wp\/v2\/posts"}],"about":[{"href":"https:\/\/www.greenpeace.org\/brasil\/wp-json\/wp\/v2\/types\/post"}],"author":[{"embeddable":true,"href":"https:\/\/www.greenpeace.org\/brasil\/wp-json\/wp\/v2\/users\/67"}],"replies":[{"embeddable":true,"href":"https:\/\/www.greenpeace.org\/brasil\/wp-json\/wp\/v2\/comments?post=51615"}],"version-history":[{"count":15,"href":"https:\/\/www.greenpeace.org\/brasil\/wp-json\/wp\/v2\/posts\/51615\/revisions"}],"predecessor-version":[{"id":58500,"href":"https:\/\/www.greenpeace.org\/brasil\/wp-json\/wp\/v2\/posts\/51615\/revisions\/58500"}],"wp:featuredmedia":[{"embeddable":true,"href":"https:\/\/www.greenpeace.org\/brasil\/wp-json\/wp\/v2\/media\/51616"}],"wp:attachment":[{"href":"https:\/\/www.greenpeace.org\/brasil\/wp-json\/wp\/v2\/media?parent=51615"}],"wp:term":[{"taxonomy":"category","embeddable":true,"href":"https:\/\/www.greenpeace.org\/brasil\/wp-json\/wp\/v2\/categories?post=51615"},{"taxonomy":"post_tag","embeddable":true,"href":"https:\/\/www.greenpeace.org\/brasil\/wp-json\/wp\/v2\/tags?post=51615"},{"taxonomy":"p4-page-type","embeddable":true,"href":"https:\/\/www.greenpeace.org\/brasil\/wp-json\/wp\/v2\/p4-page-type?post=51615"}],"curies":[{"name":"wp","href":"https:\/\/api.w.org\/{rel}","templated":true}]}}