{"id":51782,"date":"2024-03-21T17:45:55","date_gmt":"2024-03-21T20:45:55","guid":{"rendered":"https:\/\/www.greenpeace.org\/brasil\/?p=51782"},"modified":"2024-03-21T17:49:37","modified_gmt":"2024-03-21T20:49:37","slug":"chuvas-extremas-no-rj-organizacoes-protocolam-oficio-pedindo-5-medidas-emergenciais-ao-governo-do-estado","status":"publish","type":"post","link":"https:\/\/www.greenpeace.org\/brasil\/blog\/chuvas-extremas-no-rj-organizacoes-protocolam-oficio-pedindo-5-medidas-emergenciais-ao-governo-do-estado\/","title":{"rendered":"\u201cChuvas extremas\u201d: organiza\u00e7\u00f5es protocolam of\u00edcio pedindo 5 medidas emergenciais ao governo do RJ"},"content":{"rendered":"\n<p><em>Greenpeace Brasil e outras 34 organiza\u00e7\u00f5es assinam o documento enviado nesta quinta-feira (21). Veja as a\u00e7\u00f5es recomendadas a fim de se evitar trag\u00e9dias como as que o Rio de Janeiro viveu no passado.<\/em><\/p>\n\n<figure class=\"wp-block-image size-large\"><img loading=\"lazy\" decoding=\"async\" width=\"1024\" height=\"575\" src=\"https:\/\/www.greenpeace.org\/static\/planet4-brasil-stateless\/2023\/08\/48dff87b-gp1swxm8-1024x575.jpg\" title=\"Storm Causes Landslides and Takes Hundreds of Lives in Petr\u00f3polis, Brazil. \u00a9 Thomas Mendel \/ Greenpeace\" alt=\"Storm Causes Landslides and Takes Hundreds of Lives in Petr\u00f3polis, Brazil. \u00a9 Thomas Mendel \/ Greenpeace\" class=\"wp-image-47616\" srcset=\"https:\/\/www.greenpeace.org\/static\/planet4-brasil-stateless\/2023\/08\/48dff87b-gp1swxm8-1024x575.jpg 1024w, https:\/\/www.greenpeace.org\/static\/planet4-brasil-stateless\/2023\/08\/48dff87b-gp1swxm8-300x169.jpg 300w, https:\/\/www.greenpeace.org\/static\/planet4-brasil-stateless\/2023\/08\/48dff87b-gp1swxm8-768x431.jpg 768w, https:\/\/www.greenpeace.org\/static\/planet4-brasil-stateless\/2023\/08\/48dff87b-gp1swxm8-510x286.jpg 510w, https:\/\/www.greenpeace.org\/static\/planet4-brasil-stateless\/2023\/08\/48dff87b-gp1swxm8.jpg 1200w\" sizes=\"auto, (max-width: 1024px) 100vw, 1024px\" \/><figcaption class=\"wp-element-caption\">Registro de fevereiro de 2022, ap\u00f3s fortes chuvas causarem deslizamentos e alagamentos em Petr\u00f3polis, no RJ. Aquela havia sido a maior tempestade j\u00e1 registrada no munic\u00edpio desde 1932.<div class=\"credit icon-left\"> \u00a9 Thomas Mendel \/ Greenpeace<\/div><\/figcaption><\/figure>\n\n<p>Diante do alerta de <strong>\u201cchuvas extremas\u201d <\/strong>que dever\u00e3o atingir o estado do <strong>Rio de Janeiro <\/strong>entre 22 e 24 de mar\u00e7o, 35 organiza\u00e7\u00f5es e coletivos enviaram ao governador Cl\u00e1udio Castro um of\u00edcio em que recomendam a ado\u00e7\u00e3o de cinco a\u00e7\u00f5es emergenciais, a fim de proteger a popula\u00e7\u00e3o e evitar trag\u00e9dias como as ocorridas em eventos clim\u00e1ticos anteriores.&nbsp;<\/p>\n\n<p>Protocolado nesta quinta-feira (21), o of\u00edcio (leia<strong> <\/strong><a href=\"https:\/\/drive.google.com\/file\/d\/1bwkkWXaldXka8d7KH9G_IBTFXZPPC3KK\/view\"><strong>aqui<\/strong><\/a>) \u00e9 assinado pelo <strong>Greenpeace Brasil<\/strong>, <strong>Casa Fluminense, Movimento de Atingidos por Barragens (MAB), Coaliz\u00e3o O Clima \u00e9 de Mudan\u00e7a, Movimento Caxias<\/strong>, entre outras organiza\u00e7\u00f5es socioambientais.<\/p>\n\n<p>As a\u00e7\u00f5es recomendadas consideram, principalmente, os impactos desproporcionais de eventos clim\u00e1ticos extremos sobre determinados locais e grupos sociais. Dentre as recomenda\u00e7\u00f5es, destacamos:<\/p>\n\n<ol class=\"wp-block-list\">\n<li>Suspens\u00e3o de aulas em todas as institui\u00e7\u00f5es de ensino localizadas em territ\u00f3rios impactados das fortes chuvas, assim como priorizar o trabalho remoto nestes locais durante o alerta;<\/li>\n\n\n\n<li>Gratuidade no sistema de transporte vi\u00e1rio nas \u00e1reas de risco, a fim de garantir, principalmente, o&nbsp; deslocamento da popula\u00e7\u00e3o at\u00e9 os locais de abrigamento do poder p\u00fablico municipal ou estadual;<\/li>\n\n\n\n<li>Refor\u00e7o \u00e0s a\u00e7\u00f5es, estrutura e efetivo da Defesa Civil durante o per\u00edodo de alerta e disponibiliza\u00e7\u00e3o do Corpo de Bombeiros, Pol\u00edcia Militar e Pol\u00edcia Civil para suporte \u00e0s opera\u00e7\u00f5es de aux\u00edlio \u00e0 popula\u00e7\u00e3o.&nbsp;&nbsp;<\/li>\n<\/ol>\n\n<p><strong><em>O coordenador da frente de Justi\u00e7a Clim\u00e1tica do Greenpeace Brasil, Igor Travassos, comenta:<\/em><\/strong><\/p>\n\n<p>\u201cNeste of\u00edcio, alertamos que os governos municipais precisam manter sempre a popula\u00e7\u00e3o informada sobre os locais seguros para abrigamento, partindo do princ\u00edpio que a Prefeitura j\u00e1 tem um mapeamento de risco destes locais. Aliada a esta medida, a sugest\u00e3o de gratuidade no servi\u00e7o vi\u00e1rio ou de oferta de transporte para os locais de abrigamento tem por objetivo evacuar as pessoas dos locais de risco antes do risco ser iminente. Al\u00e9m disso, consideramos que os \u00f4nibus s\u00e3o estruturas grandes e de peso relevante, que n\u00e3o sofrem os mesmos impactos dos ve\u00edculos automotores de pequena capacidade\u201d.<\/p>\n\n<p>Travassos tamb\u00e9m destaca o pedido de suspens\u00e3o das aulas e do trabalho presencial nas \u00e1reas de risco do estado. <\/p>\n\n<p>\u201cSuspender aulas e o expediente de trabalho nestes dias tem como objetivo diminuir a circula\u00e7\u00e3o das pessoas. V\u00e1rias das mortes em tempos de fortes chuvas n\u00e3o acontecem somente em desmoronamento, mas tamb\u00e9m em casos em que as pessoas s\u00e3o arrastadas pelas correntezas e acabam se afogando\u201d, diz Travassos.<\/p>\n\n<p><strong><em>A coordenadora da Casa Fluminense, Larissa Amorim, afirma:<\/em><\/strong><\/p>\n\n<p>\u201cEssa lista de recomenda\u00e7\u00f5es \u00e9 um pedido de socorro das nossas favelas, bairros e cidades do Rio de Janeiro, que mais uma vez se movimentam em busca de solu\u00e7\u00f5es diante da previs\u00e3o de tempo para o final de semana. N\u00f3s precisamos que o Governo do estado fa\u00e7a a sua parte para proteger vidas e reduzir perdas, evitando que mais uma grande trag\u00e9dia aconte\u00e7a. N\u00e3o \u00e9 a chuva que mata, e sim, a omiss\u00e3o.\u201d<\/p>\n\n<p><strong>Veja tamb\u00e9m:<\/strong><\/p>\n\n<ul class=\"wp-block-list\">\n<li><a href=\"https:\/\/www.greenpeace.org\/brasil\/imprensa\/greenpeace-brasil-alerta-faltam-politicas-publicas-para-enfrentar-emergencia-climatica-e-evitar-mais-mortes\/\">Greenpeace Brasil alerta: faltam pol\u00edticas p\u00fablicas para enfrentar emerg\u00eancia clim\u00e1tica e evitar mais mortes<\/a><\/li>\n\n\n\n<li><a href=\"https:\/\/www.greenpeace.org\/brasil\/blog\/chuvas-no-rio-de-janeiro-organizacoes-cobram-e-denunciam-abandono-do-estado\/\">Chuvas no Rio de Janeiro: organiza\u00e7\u00f5es denunciam abandono do Estado e cobram a\u00e7\u00f5es<\/a><\/li>\n\n\n\n<li><a href=\"https:\/\/www.greenpeace.org\/brasil\/blog\/janeiro-mais-quente-da-historia-brasil-e-mundo-nao-estao-preparados-para-a-crise-climatica\/\">Janeiro mais quente da Hist\u00f3ria: Brasil e mundo n\u00e3o est\u00e3o preparados para a crise clim\u00e1tica<\/a><\/li>\n<\/ul>\n\n<p><strong>O alerta<\/strong><\/p>\n\n<p>O alerta de \u201cchuvas extremas\u201d para o estado do Rio de Janeiro foi emitido esta semana pelo Instituto Nacional de Meteorologia (INMET), que prev\u00ea <strong>500 mm de precipita\u00e7\u00e3o acumulada entre 22 e 24 de mar\u00e7o.&nbsp;<\/strong>O CEMADEN emitiu <a href=\"https:\/\/www.gov.br\/cemaden\/pt-br\/assuntos\/riscos-geo-hidrologicos\/22-a-24-03-2024-previsao-de-riscos-geo-hidrologicos\">alerta de &#8220;risco muito alto&#8221; <\/a>de eventos de alagamento, enxurradas e inunda\u00e7\u00f5es dos c\u00f3rregos urbanos nas regi\u00f5es metropolitana do Rio de Janeiro, Centro Fluminense (com destaque para a Regi\u00e3o Serrana) e Sul Fluminense.<\/p>\n\n<p><\/p>\n","protected":false},"excerpt":{"rendered":"<p>Greenpeace Brasil e outras 34 organiza\u00e7\u00f5es assinam o documento enviado nesta quinta-feira (21). Veja as a\u00e7\u00f5es recomendadas.<\/p>\n","protected":false},"author":121,"featured_media":47616,"comment_status":"open","ping_status":"closed","sticky":false,"template":"","format":"standard","meta":{"ep_exclude_from_search":false,"p4_og_title":"","p4_og_description":"","p4_og_image":"","p4_og_image_id":"","p4_seo_canonical_url":"","p4_campaign_name":"","p4_local_project":"","p4_basket_name":"","p4_department":"","footnotes":""},"categories":[71,5,48],"tags":[55],"p4-page-type":[16],"class_list":["post-51782","post","type-post","status-publish","format-standard","has-post-thumbnail","hentry","category-eventos-extremos","category-greenpeace","category-justica-climatica","tag-imprensa","p4-page-type-blog"],"_links":{"self":[{"href":"https:\/\/www.greenpeace.org\/brasil\/wp-json\/wp\/v2\/posts\/51782","targetHints":{"allow":["GET"]}}],"collection":[{"href":"https:\/\/www.greenpeace.org\/brasil\/wp-json\/wp\/v2\/posts"}],"about":[{"href":"https:\/\/www.greenpeace.org\/brasil\/wp-json\/wp\/v2\/types\/post"}],"author":[{"embeddable":true,"href":"https:\/\/www.greenpeace.org\/brasil\/wp-json\/wp\/v2\/users\/121"}],"replies":[{"embeddable":true,"href":"https:\/\/www.greenpeace.org\/brasil\/wp-json\/wp\/v2\/comments?post=51782"}],"version-history":[{"count":5,"href":"https:\/\/www.greenpeace.org\/brasil\/wp-json\/wp\/v2\/posts\/51782\/revisions"}],"predecessor-version":[{"id":51787,"href":"https:\/\/www.greenpeace.org\/brasil\/wp-json\/wp\/v2\/posts\/51782\/revisions\/51787"}],"wp:featuredmedia":[{"embeddable":true,"href":"https:\/\/www.greenpeace.org\/brasil\/wp-json\/wp\/v2\/media\/47616"}],"wp:attachment":[{"href":"https:\/\/www.greenpeace.org\/brasil\/wp-json\/wp\/v2\/media?parent=51782"}],"wp:term":[{"taxonomy":"category","embeddable":true,"href":"https:\/\/www.greenpeace.org\/brasil\/wp-json\/wp\/v2\/categories?post=51782"},{"taxonomy":"post_tag","embeddable":true,"href":"https:\/\/www.greenpeace.org\/brasil\/wp-json\/wp\/v2\/tags?post=51782"},{"taxonomy":"p4-page-type","embeddable":true,"href":"https:\/\/www.greenpeace.org\/brasil\/wp-json\/wp\/v2\/p4-page-type?post=51782"}],"curies":[{"name":"wp","href":"https:\/\/api.w.org\/{rel}","templated":true}]}}