{"id":52619,"date":"2024-04-29T16:29:17","date_gmt":"2024-04-29T19:29:17","guid":{"rendered":"https:\/\/www.greenpeace.org\/brasil\/?p=52619"},"modified":"2024-04-30T10:25:54","modified_gmt":"2024-04-30T13:25:54","slug":"luta-dos-povos-indigenas","status":"publish","type":"post","link":"https:\/\/www.greenpeace.org\/brasil\/blog\/luta-dos-povos-indigenas\/","title":{"rendered":"Luta dos povos ind\u00edgenas: quais s\u00e3o e a sua import\u00e2ncia"},"content":{"rendered":"\n<p>A <strong>luta dos povos ind\u00edgenas brasileiros <\/strong>come\u00e7ou no s\u00e9culo XVI, com a chegada dos primeiros colonizadores. Desde ent\u00e3o, a defesa da sua cultura, territ\u00f3rio e povo permanece em disputa viva, com supera\u00e7\u00f5es e desafios que se atualizam a cada tempo.&nbsp;<\/p>\n\n<p>A cria\u00e7\u00e3o do Servi\u00e7o de Prote\u00e7\u00e3o ao \u00cdndio (que deu lugar a Funai em 1967), \u00e9 uma medida que visa auxiliar a nossa popula\u00e7\u00e3o origin\u00e1ria na busca pelo reconhecimento dos seus direitos.&nbsp;<\/p>\n\n<p>Em paralelo, o preconceito e a viol\u00eancia resistem \u00e0 passagem dos anos. E novos desafios, como as consequ\u00eancias do garimpo ilegal e a tese do marco temporal, mostram que essa luta, infelizmente, ainda n\u00e3o parece ter prazo para acabar.<\/p>\n\n<p>Ao longo deste conte\u00fado, abordaremos os desafios atuais dos povos ind\u00edgenas no Brasil e como a popula\u00e7\u00e3o n\u00e3o ind\u00edgena e o governo podem auxiliar.&nbsp;<\/p>\n\n<figure class=\"wp-block-image size-large\"><img loading=\"lazy\" decoding=\"async\" width=\"1024\" height=\"683\" src=\"https:\/\/www.greenpeace.org\/static\/planet4-brasil-stateless\/2024\/04\/15b5a8c9-green-povos-indigenas-1024x683.jpg\" alt=\"\" class=\"wp-image-52621\" srcset=\"https:\/\/www.greenpeace.org\/static\/planet4-brasil-stateless\/2024\/04\/15b5a8c9-green-povos-indigenas-1024x683.jpg 1024w, https:\/\/www.greenpeace.org\/static\/planet4-brasil-stateless\/2024\/04\/15b5a8c9-green-povos-indigenas-300x200.jpg 300w, https:\/\/www.greenpeace.org\/static\/planet4-brasil-stateless\/2024\/04\/15b5a8c9-green-povos-indigenas-768x512.jpg 768w, https:\/\/www.greenpeace.org\/static\/planet4-brasil-stateless\/2024\/04\/15b5a8c9-green-povos-indigenas-510x340.jpg 510w, https:\/\/www.greenpeace.org\/static\/planet4-brasil-stateless\/2024\/04\/15b5a8c9-green-povos-indigenas.jpg 1254w\" sizes=\"auto, (max-width: 1024px) 100vw, 1024px\" \/><figcaption class=\"wp-element-caption\">salvador, bahia \/ brazil &#8211; May 7, 2019: Indigenous of Bahia tribe<\/figcaption><\/figure>\n\n<h2 class=\"wp-block-heading\">Quais s\u00e3o as principais amea\u00e7as aos povos ind\u00edgenas?<\/h2>\n\n<p>Como mencionamos, entre as principais amea\u00e7as que mant\u00e9m a necessidade de<strong> luta dos povos ind\u00edgenas no Brasil <\/strong>est\u00e3o o garimpo ilegal, a tese do marco temporal, o preconceito e a viol\u00eancia. Detalharemos a seguir.<\/p>\n\n<h3 class=\"wp-block-heading\">Garimpo ilegal<\/h3>\n\n<p>A explora\u00e7\u00e3o do <a href=\"https:\/\/www.greenpeace.org\/brasil\/blog\/garimpo-ilegal-e-seus-impactos\/\">garimpo ilegal<\/a> tem impactado profundamente as terras ind\u00edgenas, afetando o meio ambiente, a organiza\u00e7\u00e3o social e a sa\u00fade desses povos. A atividade dos garimpeiros <strong>altera as regi\u00f5es, reduzindo significativamente a disponibilidade de ca\u00e7a e pesca<\/strong>, fundamentais para a subsist\u00eancia dessas comunidades.&nbsp;<\/p>\n\n<p>Al\u00e9m disso, est\u00e3o presentes pr\u00e1ticas como <strong>aliciamento dos ind\u00edgenas, com ofertas de \u00e1lcool, dinheiro e barcos, em troca de permiss\u00f5es para garimpar<\/strong>.&nbsp; Essas a\u00e7\u00f5es contribuem para a desestrutura\u00e7\u00e3o social, pois levam a problemas graves como trabalho for\u00e7ado, explora\u00e7\u00e3o sexual de menores e conflitos internos.&nbsp;<\/p>\n\n<p>A expans\u00e3o do garimpo ilegal, como observado no territ\u00f3rio Yanomami, resulta em devasta\u00e7\u00e3o ambiental e amea\u00e7a \u00e0 sobreviv\u00eancia de povos ancestrais. Causa polui\u00e7\u00e3o dos rios e a destrui\u00e7\u00e3o das florestas, exacerbando problemas de sa\u00fade, como <strong>a mal\u00e1ria e a desnutri\u00e7\u00e3o<\/strong>.<\/p>\n\n<p>A luta pelo fim do garimpo ilegal \u00e9 tamb\u00e9m&nbsp; pelo fim das <a href=\"https:\/\/www.greenpeace.org\/brasil\/informe-se\/amazonia\/queimadas\/\">queimadas na Amaz\u00f4nia<\/a> e do <a href=\"https:\/\/www.greenpeace.org\/brasil\/blog\/desmatamento-na-amazonia\/\">desmatamento na Amaz\u00f4nia<\/a>, duas consequ\u00eancias comuns do trabalho dos garimpeiros na regi\u00e3o, que impactam diretamente as comunidades ind\u00edgenas.<\/p>\n\n<h3 class=\"wp-block-heading\">Tese do marco temporal<\/h3>\n\n<p>Marco temporal \u00e9 uma tese jur\u00eddica segundo a qual os povos ind\u00edgenas t\u00eam direito de ocupar apenas as terras que ocupavam ou j\u00e1 disputavam em 5 de outubro de 1988, data de promulga\u00e7\u00e3o da Constitui\u00e7\u00e3o.&nbsp;<\/p>\n\n<p>Portanto, ela amea\u00e7a desfazer d\u00e9cadas de progresso na demarca\u00e7\u00e3o de terras ind\u00edgenas, colocando em risco a exist\u00eancia de \u00e1reas j\u00e1 consolidadas e reconhecidas. Diante disso, a luta dos povos ind\u00edgenas contra o marco temporal \u00e9 uma quest\u00e3o de sobreviv\u00eancia cultural, social e f\u00edsica.&nbsp;<\/p>\n\n<p>&nbsp;Al\u00e9m de amea\u00e7ar as terras e as culturas ind\u00edgenas,<a href=\"https:\/\/www.greenpeace.org\/brasil\/blog\/top-6-principais-problemas-da-tese-do-marco-temporal\/\">a tese do marco temporal<\/a> tamb\u00e9m coloca em risco o meio ambiente e a biodiversidade brasileira. Isso porque terras ind\u00edgenas t\u00eam provado ser <strong>eficazes na prote\u00e7\u00e3o contra a perda de vegeta\u00e7\u00e3o nativa<\/strong>, desempenhando um papel importante na mitiga\u00e7\u00e3o da crise clim\u00e1tica global ao preservar a floresta e estocar carbono.&nbsp;<\/p>\n\n<p>A amea\u00e7a representada pelo marco temporal estende-se, ainda, a mais de 100 povos ind\u00edgenas isolados, cuja exist\u00eancia e modo de vida dependem da inviolabilidade de suas terras.&nbsp;<\/p>\n\n<p>Assim, a luta contra o marco temporal \u00e9 fundamental para garantir direitos ind\u00edgenas e a prote\u00e7\u00e3o do legado ambiental e cultural do Brasil.<\/p>\n\n<h3 class=\"wp-block-heading\">Preconceito<\/h3>\n\n<p>Mesmo ap\u00f3s a Constitui\u00e7\u00e3o da Rep\u00fablica de 1988 garantir direitos fundamentais \u2014 como o respeito \u00e0 organiza\u00e7\u00e3o social, aos costumes, \u00e0s l\u00ednguas, \u00e0s cren\u00e7as, \u00e0s tradi\u00e7\u00f5es e, principalmente, o direito \u00e0 terra \u2014, a popula\u00e7\u00e3o ind\u00edgena continua enfrentando desafios significativos.&nbsp;<\/p>\n\n<p>Al\u00e9m das amea\u00e7as territoriais,h\u00e1 <strong>uma batalha constante contra o racismo e a discrimina\u00e7\u00e3o<\/strong>.&nbsp; Isso se manifesta tanto em a\u00e7\u00f5es diretas de viol\u00eancia, quanto nas estruturas sociais e legais que perpetuam estere\u00f3tipos e preconceitos.<\/p>\n\n<p>Esta luta inclui desmistificar no\u00e7\u00f5es preconcebidas, como a ideia de que a<strong> adapta\u00e7\u00e3o \u00e0 tecnologia ou o uso de vestimentas n\u00e3o tradicionais<\/strong> diminuiria a \u201cautenticidade\u201d ind\u00edgena. Reconhecer a din\u00e2mica e a riqueza cultural ind\u00edgena\u00e9 fundamental para avan\u00e7ar na supera\u00e7\u00e3o do preconceito e valorizar a diversidade da identidade brasileira.<\/p>\n\n<p>A discrimina\u00e7\u00e3o dos povos ind\u00edgenas por sua etnia, cor de pele, religi\u00e3o, costumes ou cultura \u00e9 crime. A <a href=\"https:\/\/www.planalto.gov.br\/ccivil_03\/leis\/l7716.htm#:~:text=LEI%20N%C2%BA%207.716%2C%20DE%205%20DE%20JANEIRO%20DE%201989.&amp;text=Define%20os%20crimes%20resultantes%20de,de%20ra%C3%A7a%20ou%20de%20cor.&amp;text=Art.%202%C2%BA%20(Vetado).\">Lei Federal 7.716\/89<\/a>, conhecida como Lei do Racismo, estabelece puni\u00e7\u00f5es para atos discriminat\u00f3rios em diversos contextos, como&nbsp; oferta de servi\u00e7os, oportunidades de trabalho e acesso a locais p\u00fablicos. Esta lei <strong>trata tais crimes como inafian\u00e7\u00e1veis e imprescrit\u00edveis<\/strong>.<\/p>\n\n<h3 class=\"wp-block-heading\">Viol\u00eancia crescente<\/h3>\n\n<p>A publica\u00e7\u00e3o do <a href=\"https:\/\/cimi.org.br\/wp-content\/uploads\/2023\/07\/relatorio-violencia-povos-indigenas-2022-cimi.pdf\">relat\u00f3rio \u201cViol\u00eancia contra os Povos Ind\u00edgenas no Brasil\u201d<\/a>, pelo Conselho Indigenista Mission\u00e1rio (CIMI), destaca um agravamento preocupante da <a href=\"https:\/\/www.greenpeace.org\/brasil\/blog\/violencia-contra-os-povos-indigenas-invasoes-e-exploracao-ilegal-aumentam-pelo-sexto-ano-seguido\/\">viol\u00eancia contra ind\u00edgenas<\/a> durante o governo Bolsonaro (2018\u20132022). Com n\u00fameros monitorados, que <strong>incluem 180 assassinatos e 416 casos de viol\u00eancia contra a popula\u00e7\u00e3o<\/strong>, o documento com dados de 2022 exp\u00f5e um cen\u00e1rio de ataque cont\u00ednuo aos direitos e \u00e0 vida dos ind\u00edgenas.&nbsp;<\/p>\n\n<p>Al\u00e9m dos ataques diretos, a n\u00e3o demarca\u00e7\u00e3o de terras, registrando um atraso em 62% dos territ\u00f3rios reclamados, configura uma forma de viol\u00eancia estrutural. Esta situa\u00e7\u00e3o exacerba a vulnerabilidade das comunidades, que ficam expostas a invas\u00f5es possess\u00f3rias e \u00e0 explora\u00e7\u00e3o ilegal de recursos.<\/p>\n\n<p>Os ataques n\u00e3o s\u00e3o casos isolados, mas, sim, reflexos da <strong>pol\u00edtica&nbsp; desse governo que, deliberadamente, negligencia e at\u00e9 incentiva a viol\u00eancia contra os povos ind\u00edgenas<\/strong>. O relat\u00f3rio aponta para um cen\u00e1rio de genoc\u00eddio em que \u00e9 evidente a falta de a\u00e7\u00e3o governamental e legislativa para proteger os territ\u00f3rios ind\u00edgenas e seus povos. Diante dessa realidade, a luta ind\u00edgena contra a viol\u00eancia se torna tamb\u00e9m uma demonstra\u00e7\u00e3o de resist\u00eancia que busca ecoar suas vozes por medidas urgentes e eficazes de prote\u00e7\u00e3o.<\/p>\n\n<h2 class=\"wp-block-heading\">Quais s\u00e3o os impactos da demarca\u00e7\u00e3o de terras ind\u00edgenas?<\/h2>\n\n<p>A <a href=\"https:\/\/www.greenpeace.org\/brasil\/blog\/marco-temporal-os-direitos-indigenas-continuam-sob-ataque\/\">demarca\u00e7\u00e3o de terras ind\u00edgenas no Brasil<\/a> \u00e9 um processo fundamental para a <strong>preserva\u00e7\u00e3o da cultura, da biodiversidade e dos modos de vida ancestrais desses povos<\/strong>. Ela \u00e9 uma das mais importantes formas de resist\u00eancia e de prote\u00e7\u00e3o contra as constantes amea\u00e7as e viola\u00e7\u00f5es de direitos que enfrentam.&nbsp;<\/p>\n\n<p>Este processo, garantido pela Constitui\u00e7\u00e3o da Rep\u00fablica de 1988, representa mais do que a simples delimita\u00e7\u00e3o territorial, \u00e9 o <strong>reconhecimento e a afirma\u00e7\u00e3o da soberania ind\u00edgena sobre seus territ\u00f3rios tradicionais<\/strong>. Representa, ainda, o reconhecimento de que tais territ\u00f3rios s\u00e3o essenciais para a manuten\u00e7\u00e3o de tradi\u00e7\u00f5es, l\u00ednguas e saberes ancestrais.&nbsp;<\/p>\n\n<p>Al\u00e9m disso, as terras demarcadas servem como importantes barreiras contra o avan\u00e7o do desmatamento e a explora\u00e7\u00e3o desenfreada de recursos naturais, contribuindo significativamente para a <strong>conserva\u00e7\u00e3o ambiental e a mitiga\u00e7\u00e3o das mudan\u00e7as clim\u00e1ticas<\/strong>.<\/p>\n\n<h2 class=\"wp-block-heading\">Como os povos ind\u00edgenas lutam por seus direitos?<\/h2>\n\n<p><strong>A luta dos povos ind\u00edgenas por seus direitos no Brasil <\/strong>n\u00e3o \u00e9 recente e, para ampliar vozes nas exig\u00eancias pelo seu reconhecimento e seus direitos, as comunidades costumam realizar mobiliza\u00e7\u00f5es, protestos, parcerias com ONGs, di\u00e1logo com o poder p\u00fablico, dentre outras a\u00e7\u00f5es.<\/p>\n\n<p>Sua luta \u00e9 multifacetada, combinando <strong>resist\u00eancia cultural, mobiliza\u00e7\u00e3o social, articula\u00e7\u00e3o pol\u00edtica e a\u00e7\u00e3o legal<\/strong>. Tudo isso reflete a complexidade dos desafios enfrentados e a determina\u00e7\u00e3o desses povos em garantir seus direitos e a sobreviv\u00eancia de suas culturas para as futuras gera\u00e7\u00f5es.<\/p>\n\n<h2 class=\"wp-block-heading\">Qual \u00e9 a import\u00e2ncia da luta dos povos ind\u00edgenas para a sociedade brasileira?<\/h2>\n\n<p>A luta dos povos ind\u00edgenas \u00e9 vital para a sociedade brasileira, destacando-se como um <a href=\"https:\/\/www.gov.br\/mast\/pt-br\/assuntos\/noticias\/2023\/abril\/a-importancia-dos-povos-indigenas-para-a-preservacao-da-natureza\">pilar na conserva\u00e7\u00e3o ambiental<\/a>, na manuten\u00e7\u00e3o da biodiversidade e na luta contra as mudan\u00e7as clim\u00e1ticas, j\u00e1 que esses povos atuam como guardi\u00f5es das florestas. Al\u00e9m disso, essa luta enriquece culturalmente o pa\u00eds, preservando uma diversidade de culturas que formam o mosaico cultural brasileiro.&nbsp;<\/p>\n\n<p>No campo dos direitos humanos, ela <strong>refor\u00e7a a necessidade de justi\u00e7a social, de respeito \u00e0 diversidade e do direito \u00e0 terra<\/strong>. Isso promove um modelo de desenvolvimento sustent\u00e1vel, que desafia pr\u00e1ticas econ\u00f4micas predat\u00f3rias e oferece li\u00e7\u00f5es valiosas para um conv\u00edvio mais harmonioso com o meio ambiente.&nbsp;<\/p>\n\n<p>Assim, a luta ind\u00edgena n\u00e3o s\u00f3 protege os direitos e a sobreviv\u00eancia desses povos, mas&nbsp; <strong>contribui significativamente para a constru\u00e7\u00e3o de uma sociedade mais justa, sustent\u00e1vel e respeitosa, com diversidade cultural e ambiental<\/strong>.<\/p>\n\n<h2 class=\"wp-block-heading\">Saiba como apoiar essa causa com o Greenpeace<\/h2>\n\n<p>Junte-se \u00e0 <strong>luta e resist\u00eancia dos povos ind\u00edgenas no Brasil <\/strong>com o<strong> <\/strong><a href=\"https:\/\/www.greenpeace.org\/\">Greenpeace.<\/a>&nbsp;<\/p>\n\n<p>Com as nossas iniciativas, como a campanha <a href=\"https:\/\/doe.greenpeace.org.br\/salve-a-amazonia\/p\">Salve a Amaz\u00f4nia!<\/a>, apoio ao Acampamento Terra Livre e na luta pelo fim da tese do marco temporal, somamos for\u00e7a \u00e0 luta dos povos ind\u00edgenas. Compartilhe esse conte\u00fado, continue se informando sobre a causa e <a href=\"https:\/\/doe.greenpeace.org.br\/doar\/p\">doe e ajude a proteger a Amaz\u00f4nia<\/a>!<\/p>\n","protected":false},"excerpt":{"rendered":"<p>Conhe\u00e7a a luta hist\u00f3rica dos povos ind\u00edgenas pela preserva\u00e7\u00e3o de suas terras e culturas. Saiba mais sobre sua resist\u00eancia e desafios enfrentados.<\/p>\n","protected":false},"author":28,"featured_media":52621,"comment_status":"open","ping_status":"closed","sticky":false,"template":"","format":"standard","meta":{"ep_exclude_from_search":false,"p4_og_title":"Luta dos povos ind\u00edgenas: saiba a import\u00e2ncia","p4_og_description":"","p4_og_image":"https:\/\/www.greenpeace.org\/static\/planet4-brasil-stateless\/2024\/04\/15b5a8c9-green-povos-indigenas.jpg","p4_og_image_id":"52621","p4_seo_canonical_url":"","p4_campaign_name":"","p4_local_project":"","p4_basket_name":"","p4_department":"","footnotes":""},"categories":[49,68],"tags":[43],"p4-page-type":[16],"class_list":["post-52619","post","type-post","status-publish","format-standard","has-post-thumbnail","hentry","category-amazonia","category-povos-e-territorios","tag-povos-e-territorios","p4-page-type-blog"],"_links":{"self":[{"href":"https:\/\/www.greenpeace.org\/brasil\/wp-json\/wp\/v2\/posts\/52619","targetHints":{"allow":["GET"]}}],"collection":[{"href":"https:\/\/www.greenpeace.org\/brasil\/wp-json\/wp\/v2\/posts"}],"about":[{"href":"https:\/\/www.greenpeace.org\/brasil\/wp-json\/wp\/v2\/types\/post"}],"author":[{"embeddable":true,"href":"https:\/\/www.greenpeace.org\/brasil\/wp-json\/wp\/v2\/users\/28"}],"replies":[{"embeddable":true,"href":"https:\/\/www.greenpeace.org\/brasil\/wp-json\/wp\/v2\/comments?post=52619"}],"version-history":[{"count":3,"href":"https:\/\/www.greenpeace.org\/brasil\/wp-json\/wp\/v2\/posts\/52619\/revisions"}],"predecessor-version":[{"id":52638,"href":"https:\/\/www.greenpeace.org\/brasil\/wp-json\/wp\/v2\/posts\/52619\/revisions\/52638"}],"wp:featuredmedia":[{"embeddable":true,"href":"https:\/\/www.greenpeace.org\/brasil\/wp-json\/wp\/v2\/media\/52621"}],"wp:attachment":[{"href":"https:\/\/www.greenpeace.org\/brasil\/wp-json\/wp\/v2\/media?parent=52619"}],"wp:term":[{"taxonomy":"category","embeddable":true,"href":"https:\/\/www.greenpeace.org\/brasil\/wp-json\/wp\/v2\/categories?post=52619"},{"taxonomy":"post_tag","embeddable":true,"href":"https:\/\/www.greenpeace.org\/brasil\/wp-json\/wp\/v2\/tags?post=52619"},{"taxonomy":"p4-page-type","embeddable":true,"href":"https:\/\/www.greenpeace.org\/brasil\/wp-json\/wp\/v2\/p4-page-type?post=52619"}],"curies":[{"name":"wp","href":"https:\/\/api.w.org\/{rel}","templated":true}]}}