{"id":52707,"date":"2024-05-10T11:48:17","date_gmt":"2024-05-10T14:48:17","guid":{"rendered":"https:\/\/www.greenpeace.org\/brasil\/?p=52707"},"modified":"2024-06-06T12:01:30","modified_gmt":"2024-06-06T15:01:30","slug":"orcamento-da-defesa-civil-no-rs-para-acoes-como-prevencao-e-emergencia-e-de-0009-da-receita-do-estado","status":"publish","type":"post","link":"https:\/\/www.greenpeace.org\/brasil\/blog\/orcamento-da-defesa-civil-no-rs-para-acoes-como-prevencao-e-emergencia-e-de-0009-da-receita-do-estado\/","title":{"rendered":"Or\u00e7amento da Defesa Civil no RS para a\u00e7\u00f5es como preven\u00e7\u00e3o e emerg\u00eancia \u00e9 de 0,009% da receita do estado"},"content":{"rendered":"\n<p><em>Dados da Lei Or\u00e7ament\u00e1ria Anual (LOA) consultados pelo Greenpeace Brasil mostram que or\u00e7amento da Defesa Civil do RS para 2024 \u00e9 de apenas R$0,70 por habitante. Basta! O Brasil precisa se desacostumar a agir somente durante a emerg\u00eancia!  <\/em><\/p>\n\n<figure class=\"wp-block-image size-large\"><img loading=\"lazy\" decoding=\"async\" width=\"1024\" height=\"683\" src=\"https:\/\/www.greenpeace.org\/static\/planet4-brasil-stateless\/2024\/05\/411277a8-image00027_cprt_reduced-1024x683.jpg\" alt=\"\" class=\"wp-image-52705\" srcset=\"https:\/\/www.greenpeace.org\/static\/planet4-brasil-stateless\/2024\/05\/411277a8-image00027_cprt_reduced-1024x683.jpg 1024w, https:\/\/www.greenpeace.org\/static\/planet4-brasil-stateless\/2024\/05\/411277a8-image00027_cprt_reduced-300x200.jpg 300w, https:\/\/www.greenpeace.org\/static\/planet4-brasil-stateless\/2024\/05\/411277a8-image00027_cprt_reduced-768x512.jpg 768w, https:\/\/www.greenpeace.org\/static\/planet4-brasil-stateless\/2024\/05\/411277a8-image00027_cprt_reduced-510x340.jpg 510w, https:\/\/www.greenpeace.org\/static\/planet4-brasil-stateless\/2024\/05\/411277a8-image00027_cprt_reduced.jpg 1300w\" sizes=\"auto, (max-width: 1024px) 100vw, 1024px\" \/><\/figure>\n\n<p>Segundo <a href=\"https:\/\/planejamento.rs.gov.br\/upload\/arquivos\/202312\/11173817-volume-i-2024.pdf\">dados da Lei Or\u00e7ament\u00e1ria Anual (LOA) em 2024<\/a>, consultados pelo Greenpeace Brasil, somente <strong>R$7.6 milh\u00f5es<\/strong> da LOA do <strong>Rio Grande do Sul<\/strong>, de um or\u00e7amento total de mais de mais de R$80 bilh\u00f5es [valor exato \u00e9 de R$80.348.211.551,00], foram destinados para a\u00e7\u00f5es da Defesa Civil &#8211; o equivalente a <strong>apenas 0,009% da receita total <\/strong>do estado. <\/p>\n\n<p>Se considerarmos somente o dinheiro da LOA destinado \u00e0s a\u00e7\u00f5es da Defesa Civil de preven\u00e7\u00e3o, resposta, emerg\u00eancia e reconstru\u00e7\u00e3o no RS, o valor \u00e9 ainda menor, de R$ 5.079.000,00 [cinco milh\u00f5es e setenta e nove mil reais].<\/p>\n\n<p>Colocando o problema em outra perspectiva, o alerta \u00e9 ainda pior: se considermos o tamanho da popula\u00e7\u00e3o do RS, de 10.882.965 de pessoas (Censo de 2022), o <strong>valor previsto em 2024 para a Defesa Civil do estado \u00e9 de R$0,70 [setenta centavos] por habitante.<\/strong> Agora, se considerarmos somente a\u00e7\u00f5es de <strong>preven\u00e7\u00e3o, resposta, emerg\u00eancia e reconstru\u00e7\u00e3o, esse valor cai para R$0,47 [quarenta e sete centavos] por habitante. <\/strong>Isso mesmo, voc\u00ea n\u00e3o leu errado, estamos falando de centavos.<\/p>\n\n<div class=\"wp-block-buttons is-layout-flex wp-block-buttons-is-layout-flex\">\n<div class=\"wp-block-button\"><a class=\"wp-block-button__link wp-element-button\" href=\"https:\/\/doe.greenpeace.org.br\/emergencia-rio-grande-do-sul\/p?appeal=22424&amp;entrypoint=p4_banner&amp;_ga=2.247282311.287892353.1715201033-514098518.1700838156\" target=\"_blank\" rel=\"noreferrer noopener\">DOE para nossa campanha de arrecada\u00e7\u00e3o para levar comida e \u00e1gua para o RS!<\/a><\/div>\n<\/div>\n\n<p>Para entender a gravidade desse valor, os R$7.6 milh\u00f5es previstos para Defesa Civil em 2024 na LOA devem contemplar as seguintes a\u00e7\u00f5es (informa\u00e7\u00f5es retiradas de documentos p\u00fablicos or\u00e7ament\u00e1rios do estado):<\/p>\n\n<ul class=\"wp-block-list\">\n<li>Atender as comunidades atingidas por eventos adversos em 2024, atrav\u00e9s de a\u00e7\u00f5es de recupera\u00e7\u00e3o, assist\u00eancia e socorro; assim como adquirir equipamentos e materiais de constru\u00e7\u00e3o, alimentos, medicamentos, roupas, etc.<\/li>\n\n\n\n<li>Ampliar o Centro de Opera\u00e7\u00f5es da Defesa Civil, objetivando atua\u00e7\u00e3o preventiva; Equipar o Centro de Opera\u00e7\u00f5es com materiais e instalar os equipamentos necess\u00e1rios para o desenvolvimento satisfat\u00f3rio dos projetos; Adequar o espa\u00e7o f\u00edsico do Centro de Opera\u00e7\u00f5es;<\/li>\n<\/ul>\n\n<ul class=\"wp-block-list\">\n<li>Aparelhar a Defesa Civil com equipamentos necess\u00e1rios para atua\u00e7\u00e3o preventiva e de resposta em situa\u00e7\u00f5es de emerg\u00eancia;<\/li>\n<\/ul>\n\n<ul class=\"wp-block-list\">\n<li>Desenvolver a\u00e7\u00f5es relativas \u00e0 atualiza\u00e7\u00e3o do Sistema Estadual de Gest\u00e3o Integrada de Riscos e Desastres (SEGIRD), do Levantamento de Locais de Risco;<\/li>\n<\/ul>\n\n<ul class=\"wp-block-list\">\n<li>Recebimento de Planos de Conting\u00eancia e da atualiza\u00e7\u00e3o da Pol\u00edtica Estadual de Gest\u00e3o Integrada de Riscos e Desastres;<\/li>\n<\/ul>\n\n<ul class=\"wp-block-list\">\n<li>Minimizar os efeitos da estiagem passada, maior desastre natural que tem afetado o Estado do Rio Grande do Sul nos \u00faltimos anos. Evento ainda demanda a\u00e7\u00f5es preliminares voltadas \u00e0 mitiga\u00e7\u00e3o de seus efeitos;<\/li>\n<\/ul>\n\n<ul class=\"wp-block-list\">\n<li>Implementar um local que busque minimizar os desastres naturais ou tecnol\u00f3gicos que fazem parte da rotina do estado do RS.<\/li>\n<\/ul>\n\n<p>Basta! O pa\u00eds precisa se desacostumar a agir somente durante a emerg\u00eancia clim\u00e1tica. Precisamos para ontem de planos, a\u00e7\u00f5es e or\u00e7amentos respons\u00e1veis para a preven\u00e7\u00e3o e adapta\u00e7\u00e3o de desastres relacionados ao clima.   <\/p>\n\n<p><strong>&#8220;Valor escandaloso&#8221; para uma trag\u00e9dia anunciada<\/strong><\/p>\n\n<p>Para o coordenador de Justi\u00e7a Clim\u00e1tica do Greenpeace Brasil, Igor Travassos, o valor destinado pelo estado para o funcionamento, a\u00e7\u00f5es e opera\u00e7\u00f5es da Defesa Civil \u00e9 \u201cescandaloso\u201d e reflete um comportamento comum nas pol\u00edticas p\u00fablicas relacionadas ao clima no pa\u00eds: ignorar a\u00e7\u00f5es preventivas e agir apenas quando a emerg\u00eancia j\u00e1 est\u00e1 em curso.<\/p>\n\n<p>\u201cApesar de devastador, o cen\u00e1rio que estamos vivendo no Rio Grande do Sul n\u00e3o \u00e9 algo novo ou inesperado para os governos! Essas previs\u00f5es deveriam ter se refletido em a\u00e7\u00f5es de preven\u00e7\u00e3o e adapta\u00e7\u00e3o e or\u00e7amento para execut\u00e1-las. Ao contr\u00e1rio disso, por\u00e9m, vemos que foi destinado nem mesmo 0,01% do or\u00e7amento anual do estado para a\u00e7\u00f5es da Defesa Civi. O valor \u00e9 escandaloso! Precisamos entender que eventos clim\u00e1ticos extremos ficar\u00e3o cada vez mais frequentes e intensos devido \u00e0 acelera\u00e7\u00e3o das mudan\u00e7as clim\u00e1ticas\u201d, finaliza Travessos.&nbsp;<\/p>\n\n<p><strong>DOE e nos ajuda a levar comida e \u00e1gua para o Sul!<\/strong><\/p>\n\n<p>O Greenpeace Brasil lan\u00e7ou esta semana uma campanha emergencial para levar comida, \u00e1gua, produtos de limpeza e higiene pessoal para as popula\u00e7\u00f5es atingidas do Rio Grande do Sul. Tamb\u00e9m estamos apoiando cozinhas solid\u00e1rias locais para distribui\u00e7\u00e3o de marmitas \u00e0 popula\u00e7\u00e3o do Sul. <\/p>\n\n<p>Com seu apoio, vamos levar alimentos e \u00e1gua pot\u00e1vel diretamente para comunidades ind\u00edgenas e outras popula\u00e7\u00f5es mais impactadas das enchentes no RS.<\/p>\n\n<div class=\"wp-block-buttons is-layout-flex wp-block-buttons-is-layout-flex\">\n<div class=\"wp-block-button\"><a class=\"wp-block-button__link wp-element-button\" href=\"https:\/\/doe.greenpeace.org.br\/emergencia-rio-grande-do-sul\/p?appeal=22424&amp;entrypoint=p4_banner&amp;_ga=2.247282311.287892353.1715201033-514098518.1700838156\" target=\"_blank\" rel=\"noreferrer noopener\">DOE para nossa campanha de arrecada\u00e7\u00e3o para levar comida e \u00e1gua para o RS!<\/a><\/div>\n<\/div>\n","protected":false},"excerpt":{"rendered":"<p>Dados da Lei Or\u00e7ament\u00e1ria Anual (LOA) consultados pelo Greenpeace Brasil mostram que or\u00e7amento da Defesa Civil do RS para 2024 \u00e9 de apenas R$0,70 por habitante. Valor \u00e9 escandaloso!<\/p>\n","protected":false},"author":121,"featured_media":52705,"comment_status":"open","ping_status":"closed","sticky":false,"template":"","format":"standard","meta":{"ep_exclude_from_search":false,"p4_og_title":"","p4_og_description":"","p4_og_image":"","p4_og_image_id":"","p4_seo_canonical_url":"","p4_campaign_name":"","p4_local_project":"","p4_basket_name":"","p4_department":"","footnotes":""},"categories":[71,5,48],"tags":[62,20,55],"p4-page-type":[16],"class_list":["post-52707","post","type-post","status-publish","format-standard","has-post-thumbnail","hentry","category-eventos-extremos","category-greenpeace","category-justica-climatica","tag-adaptacao-climatica","tag-cidades","tag-imprensa","p4-page-type-blog"],"_links":{"self":[{"href":"https:\/\/www.greenpeace.org\/brasil\/wp-json\/wp\/v2\/posts\/52707","targetHints":{"allow":["GET"]}}],"collection":[{"href":"https:\/\/www.greenpeace.org\/brasil\/wp-json\/wp\/v2\/posts"}],"about":[{"href":"https:\/\/www.greenpeace.org\/brasil\/wp-json\/wp\/v2\/types\/post"}],"author":[{"embeddable":true,"href":"https:\/\/www.greenpeace.org\/brasil\/wp-json\/wp\/v2\/users\/121"}],"replies":[{"embeddable":true,"href":"https:\/\/www.greenpeace.org\/brasil\/wp-json\/wp\/v2\/comments?post=52707"}],"version-history":[{"count":6,"href":"https:\/\/www.greenpeace.org\/brasil\/wp-json\/wp\/v2\/posts\/52707\/revisions"}],"predecessor-version":[{"id":53280,"href":"https:\/\/www.greenpeace.org\/brasil\/wp-json\/wp\/v2\/posts\/52707\/revisions\/53280"}],"wp:featuredmedia":[{"embeddable":true,"href":"https:\/\/www.greenpeace.org\/brasil\/wp-json\/wp\/v2\/media\/52705"}],"wp:attachment":[{"href":"https:\/\/www.greenpeace.org\/brasil\/wp-json\/wp\/v2\/media?parent=52707"}],"wp:term":[{"taxonomy":"category","embeddable":true,"href":"https:\/\/www.greenpeace.org\/brasil\/wp-json\/wp\/v2\/categories?post=52707"},{"taxonomy":"post_tag","embeddable":true,"href":"https:\/\/www.greenpeace.org\/brasil\/wp-json\/wp\/v2\/tags?post=52707"},{"taxonomy":"p4-page-type","embeddable":true,"href":"https:\/\/www.greenpeace.org\/brasil\/wp-json\/wp\/v2\/p4-page-type?post=52707"}],"curies":[{"name":"wp","href":"https:\/\/api.w.org\/{rel}","templated":true}]}}