{"id":52933,"date":"2024-05-24T14:55:47","date_gmt":"2024-05-24T17:55:47","guid":{"rendered":"https:\/\/www.greenpeace.org\/brasil\/?p=52933"},"modified":"2024-05-24T15:41:09","modified_gmt":"2024-05-24T18:41:09","slug":"colonizacao-da-amazonia","status":"publish","type":"post","link":"https:\/\/www.greenpeace.org\/brasil\/blog\/colonizacao-da-amazonia\/","title":{"rendered":"Hist\u00f3ria da coloniza\u00e7\u00e3o da Amaz\u00f4nia"},"content":{"rendered":"\n<h4 class=\"wp-block-heading\"><strong>Desvende a hist\u00f3ria da coloniza\u00e7\u00e3o na Amaz\u00f4nia, suas complexidades e impactos.<\/strong><\/h4>\n\n<figure class=\"wp-block-image size-large is-resized\"><img loading=\"lazy\" decoding=\"async\" width=\"1024\" height=\"768\" src=\"https:\/\/www.greenpeace.org\/static\/planet4-brasil-stateless\/2024\/05\/d2edc3a8-colonizacao-da-amazonia-1024x768.jpg\" title=\"Coloniza\u00e7\u00e3o na amaz\u00f4nia\" alt=\"Coloniza\u00e7\u00e3o na amaz\u00f4nia\" class=\"wp-image-52942\" style=\"width:757px;height:auto\" srcset=\"https:\/\/www.greenpeace.org\/static\/planet4-brasil-stateless\/2024\/05\/d2edc3a8-colonizacao-da-amazonia-1024x768.jpg 1024w, https:\/\/www.greenpeace.org\/static\/planet4-brasil-stateless\/2024\/05\/d2edc3a8-colonizacao-da-amazonia-300x225.jpg 300w, https:\/\/www.greenpeace.org\/static\/planet4-brasil-stateless\/2024\/05\/d2edc3a8-colonizacao-da-amazonia-768x576.jpg 768w, https:\/\/www.greenpeace.org\/static\/planet4-brasil-stateless\/2024\/05\/d2edc3a8-colonizacao-da-amazonia-453x340.jpg 453w, https:\/\/www.greenpeace.org\/static\/planet4-brasil-stateless\/2024\/05\/d2edc3a8-colonizacao-da-amazonia.jpg 1183w\" sizes=\"auto, (max-width: 1024px) 100vw, 1024px\" \/><\/figure>\n<p><span style=\"font-weight: 400;\">A Amaz\u00f4nia, uma regi\u00e3o de incompar\u00e1vel <\/span><a href=\"https:\/\/www.greenpeace.org\/brasil\/blog\/o-que-e-biodiversidade-entenda-a-importancia-de-preservar-a-natureza\/\"><span style=\"font-weight: 400;\">biodiversidade<\/span><\/a><span style=\"font-weight: 400;\"> e complexidade, tem sido o lar de civiliza\u00e7\u00f5es muito antes da chegada dos europeus \u00e0s suas margens. Logo, a <\/span><b>coloniza\u00e7\u00e3o da Amaz\u00f4nia<\/b><span style=\"font-weight: 400;\"> representa apenas uma fra\u00e7\u00e3o de um longo per\u00edodo de exist\u00eancia e ocupa\u00e7\u00e3o humana.\u00a0<\/span><\/p>\n<p><span style=\"font-weight: 400;\">Essa hist\u00f3ria \u00e9 multifacetada e se inicia no per\u00edodo pr\u00e9-colombiano, ou seja, antes da chegada de Crist\u00f3v\u00e3o Colombo, marcado por sociedades complexas e em harmonia com o ambiente. Hoje, h\u00e1 os desafios contempor\u00e2neos, envolvendo conserva\u00e7\u00e3o, desenvolvimento sustent\u00e1vel e direitos ind\u00edgenas.<\/span><\/p>\n<p><span style=\"font-weight: 400;\">Continue a leitura e saiba mais sobre a hist\u00f3ria da coloniza\u00e7\u00e3o da Amaz\u00f4nia!<\/span><\/p>\n<h2><span style=\"font-weight: 400;\">A Amaz\u00f4nia pr\u00e9-colombiana<\/span><\/h2>\n<p><b>Antes da chegada dos europeus, a <\/b><a href=\"https:\/\/www.greenpeace.org\/brasil\/blog\/amazonia\/\"><b>Amaz\u00f4nia<\/b><\/a><b> era uma regi\u00e3o de grande diversidade cultural e ecol\u00f3gica<\/b><span style=\"font-weight: 400;\">. A \u00e1rea era habitada por povos ind\u00edgenas que desenvolveram modos de vida profundamente integrados ao seu ambiente.<\/span><\/p>\n<p><span style=\"font-weight: 400;\">Essas sociedades pr\u00e9-colombianas, espalhadas por toda a bacia amaz\u00f4nica, variavam de pequenas comunidades n\u00f4mades a complexas sociedades agr\u00edcolas e urbanas.<\/span><\/p>\n<h3><span style=\"font-weight: 400;\">Geografia e ecologia<\/span><\/h3>\n<p><span style=\"font-weight: 400;\">A Amaz\u00f4nia pr\u00e9-colonial era conhecida por sua vasta floresta tropical, rios sinuosos e biodiversidade excepcional. Essa composi\u00e7\u00e3o formava um mosaico ecol\u00f3gico que sustentava uma rica variedade de plantas e animais.<\/span><\/p>\n<p><span style=\"font-weight: 400;\">Esse ambiente proporcionava uma base abundante para a ca\u00e7a, pesca, coleta e agricultura, elementos centrais para a subsist\u00eancia das comunidades ind\u00edgenas.<\/span><\/p>\n<h3><span style=\"font-weight: 400;\">Origens da humanidade na Amaz\u00f4nia<\/span><\/h3>\n<p><span style=\"font-weight: 400;\">As origens dos habitantes da Amaz\u00f4nia remontam a milhares de anos. Evid\u00eancias arqueol\u00f3gicas sugerem a presen\u00e7a humana na regi\u00e3o desde pelo menos 10.000 a.C.<\/span><\/p>\n<p><span style=\"font-weight: 400;\">Descobertas cient\u00edficas mostram que esses povos origin\u00e1rios adaptaram-se de maneiras inovadoras ao seu ambiente, desenvolvendo t\u00e9cnicas agr\u00edcolas, como a \u201cterra preta\u201d. Esse era um solo f\u00e9rtil artificialmente enriquecido que permitia a agricultura intensiva em uma regi\u00e3o de solos naturalmente pobres.<\/span><\/p>\n<h3><span style=\"font-weight: 400;\">Sociedades complexas<\/span><\/h3>\n<p><span style=\"font-weight: 400;\">Contrariamente \u00e0 cren\u00e7a popular, a Amaz\u00f4nia n\u00e3o era uma \u201cterra sem hist\u00f3ria\u201d, habitada por sociedades simples e dispersas. Pesquisas recentes revelam a exist\u00eancia de sociedades complexas na regi\u00e3o h\u00e1 muitos s\u00e9culos.<\/span><\/p>\n<p><span style=\"font-weight: 400;\">Estas sociedades praticavam a agricultura em larga escala, gerenciavam recursos de forma sustent\u00e1vel e constru\u00edam estruturas monumentais. Entre eles, estavam os geoglifos \u2014 grandes figuras geom\u00e9tricas esculpidas no solo, vis\u00edveis apenas do ar.<\/span><\/p>\n<p><span style=\"font-weight: 400;\">Essas descobertas desafiam as narrativas anteriores sobre a Amaz\u00f4nia pr\u00e9-colombiana, mostrando uma regi\u00e3o vibrante em cultura e hist\u00f3rica. A compreens\u00e3o dessas sociedades e sua rela\u00e7\u00e3o com o ambiente oferece li\u00e7\u00f5es sobre sustentabilidade e gest\u00e3o de recursos.<\/span><\/p>\n<h2><span style=\"font-weight: 400;\">A chegada dos europeus e o in\u00edcio da coloniza\u00e7\u00e3o<\/span><\/h2>\n<p><span style=\"font-weight: 400;\">No in\u00edcio do s\u00e9culo XVI, <\/span><b>a chegada dos europeus \u00e0 Amaz\u00f4nia marcou o in\u00edcio de uma era de profundas transforma\u00e7\u00f5es <\/b><span style=\"font-weight: 400;\">para a regi\u00e3o e seus habitantes. Este per\u00edodo n\u00e3o apenas alterou a din\u00e2mica socioecon\u00f4mica e ambiental do local.<\/span><\/p>\n<p><span style=\"font-weight: 400;\">Ele tamb\u00e9m deu in\u00edcio a um longo processo de intera\u00e7\u00e3o, conflito e mudan\u00e7a cultural entre os povos ind\u00edgenas e os rec\u00e9m-chegados.<\/span><\/p>\n<h3><span style=\"font-weight: 400;\">Primeiro contato<\/span><\/h3>\n<p><span style=\"font-weight: 400;\">O primeiro contato entre europeus e povos ind\u00edgenas amaz\u00f4nicos ocorreu durante as expedi\u00e7\u00f5es do s\u00e9culo XVI. Os exploradores espanh\u00f3is e portugueses, em busca de riquezas e novas terras para conquistar, encontraram uma regi\u00e3o de imensa riqueza natural e diversidade cultural.<\/span><\/p>\n<p><span style=\"font-weight: 400;\">Esses encontros iniciais foram muitas vezes marcados por curiosidade m\u00fatua, mas tamb\u00e9m por viol\u00eancia e explora\u00e7\u00e3o.<\/span><\/p>\n<h3><span style=\"font-weight: 400;\">Expedi\u00e7\u00f5es iniciais e estabelecimento de fortifica\u00e7\u00f5es<\/span><\/h3>\n<p><span style=\"font-weight: 400;\">Nos anos seguintes, os europeus estabeleceram uma s\u00e9rie de fortifica\u00e7\u00f5es ao longo dos principais rios da Amaz\u00f4nia. Essa era uma estrat\u00e9gia para controlar a regi\u00e3o e proteger suas rotas comerciais.<\/span><\/p>\n<p><span style=\"font-weight: 400;\">As fortifica\u00e7\u00f5es serviram como bases para a expans\u00e3o da coloniza\u00e7\u00e3o europeia, facilitando a explora\u00e7\u00e3o dos recursos naturais e a evangeliza\u00e7\u00e3o dos povos ind\u00edgenas.<\/span><\/p>\n<h3><span style=\"font-weight: 400;\">Impactos na popula\u00e7\u00e3o ind\u00edgena<\/span><\/h3>\n<p><span style=\"font-weight: 400;\">A chegada dos europeus teve um impacto devastador para as popula\u00e7\u00f5es ind\u00edgenas da Amaz\u00f4nia. Doen\u00e7as trazidas pelos colonizadores, contra as quais os ind\u00edgenas n\u00e3o tinham imunidade, causaram mortes em larga escala.<\/span><\/p>\n<p><span style=\"font-weight: 400;\">Al\u00e9m disso, a escraviza\u00e7\u00e3o, as guerras e as mudan\u00e7as for\u00e7adas em seus modos de vida tradicionais levaram a um decl\u00ednio significativo das popula\u00e7\u00f5es ind\u00edgenas. Consequentemente, ocorreram perdas importantes na diversidade cultural da regi\u00e3o.<\/span><\/p>\n<p><span style=\"font-weight: 400;\">A coloniza\u00e7\u00e3o europeia da Amaz\u00f4nia n\u00e3o foi apenas um processo de conquista territorial, mas tamb\u00e9m uma complexa intera\u00e7\u00e3o de trocas culturais, resist\u00eancia ind\u00edgena e transforma\u00e7\u00f5es ambientais.<\/span><\/p>\n<p><span style=\"font-weight: 400;\">A hist\u00f3ria deste per\u00edodo \u00e9 marcado por narrativas de explora\u00e7\u00e3o e viol\u00eancia, mas tamb\u00e9m por resist\u00eancia e sobreviv\u00eancia dos povos ind\u00edgenas da Amaz\u00f4nia.<\/span><\/p>\n<h2><span style=\"font-weight: 400;\">O Ciclo da borracha e transforma\u00e7\u00f5es econ\u00f4micas<\/span><\/h2>\n<p><span style=\"font-weight: 400;\">O ciclo da borracha, entre o final do s\u00e9culo XIX e as primeiras d\u00e9cadas do s\u00e9culo XX, representou um <\/span><b>per\u00edodo de intenso desenvolvimento econ\u00f4mico e transforma\u00e7\u00f5es sociais na Amaz\u00f4nia<\/b><span style=\"font-weight: 400;\">. O motivo foi a demanda crescente por borracha natural, impulsionada pela revolu\u00e7\u00e3o industrial e pela inven\u00e7\u00e3o do pneu automotivo.<\/span><\/p>\n<p><span style=\"font-weight: 400;\">Esse movimento colocou a Amaz\u00f4nia no centro de um <\/span><i><span style=\"font-weight: 400;\">boom <\/span><\/i><span style=\"font-weight: 400;\">econ\u00f4mico que atraiu investimentos, trabalhadores e a aten\u00e7\u00e3o global.<\/span><\/p>\n<h3><span style=\"font-weight: 400;\">A descoberta da borracha e seu impacto<\/span><\/h3>\n<p><span style=\"font-weight: 400;\">A extra\u00e7\u00e3o da borracha na Amaz\u00f4nia n\u00e3o era uma atividade nova, pois povos ind\u00edgenas j\u00e1 a utilizavam s\u00e9culos antes da chegada dos europeus. No entanto, foi somente com a crescente demanda industrial que a explora\u00e7\u00e3o da borracha se intensificou, transformando radicalmente a economia e a sociedade amaz\u00f4nica.<\/span><\/p>\n<p><span style=\"font-weight: 400;\">Cidades como Manaus e Bel\u00e9m experimentaram um r\u00e1pido crescimento, tornando-se centros de opul\u00eancia e cultura. Isso foi evidenciado pela constru\u00e7\u00e3o de teatros, pal\u00e1cios e infraestrutura urbana moderna.<\/span><\/p>\n<h3><span style=\"font-weight: 400;\">O boom da borracha e as transforma\u00e7\u00f5es sociais e econ\u00f4micas<\/span><\/h3>\n<p><span style=\"font-weight: 400;\">Durante o auge do ciclo da borracha, a Amaz\u00f4nia atraiu imigrantes de diversas partes do Brasil e do mundo, buscando oportunidades de trabalho e riqueza. Foi um per\u00edodo marcado por hist\u00f3rias de fortunas feitas da noite para o dia. Por\u00e9m, tamb\u00e9m h\u00e1 relatos de explora\u00e7\u00e3o desumana e condi\u00e7\u00f5es de trabalho prec\u00e1rias para os seringueiros. Muitas vezes endividados, eles eram submetidos a um regime de trabalho quase escravo.<\/span><\/p>\n<h3><span style=\"font-weight: 400;\">Decl\u00ednio da era da borracha e consequ\u00eancias<\/span><\/h3>\n<p><span style=\"font-weight: 400;\">O ciclo da borracha entrou em decl\u00ednio com o desenvolvimento de planta\u00e7\u00f5es de seringueiras no Sudeste Asi\u00e1tico. Ali, condi\u00e7\u00f5es controladas e t\u00e9cnicas avan\u00e7adas permitiam uma produ\u00e7\u00e3o mais eficiente e barata.\u00a0<\/span><\/p>\n<p><span style=\"font-weight: 400;\">O impacto desse decl\u00ednio foi devastador para a economia amaz\u00f4nica. O resultado foi uma profunda crise econ\u00f4mica e social que persistiu por d\u00e9cadas.<\/span><\/p>\n<p><span style=\"font-weight: 400;\">O legado do ciclo da borracha na Amaz\u00f4nia \u00e9 amb\u00edguo. Por um lado, contribuiu para o desenvolvimento urbano e a integra\u00e7\u00e3o da regi\u00e3o \u00e0 economia global. Por outro, o movimento econ\u00f4mico resultou em severas consequ\u00eancias socioambientais. Entre elas, est\u00e3o deslocamento de popula\u00e7\u00f5es ind\u00edgenas, desmatamento e altera\u00e7\u00f5es profundas no tecido social e econ\u00f4mico da regi\u00e3o.<\/span><\/p>\n<h2><span style=\"font-weight: 400;\">Movimentos sociais e culturais<\/span><\/h2>\n<p><span style=\"font-weight: 400;\">A <\/span><b>hist\u00f3ria da coloniza\u00e7\u00e3o da Amaz\u00f4nia<\/b><span style=\"font-weight: 400;\"> \u00e9 profundamente marcada por movimentos sociais e culturais. Elas refletem a resist\u00eancia, a resili\u00eancia e a riqueza das culturas que comp\u00f5em a regi\u00e3o.<\/span><\/p>\n<p><span style=\"font-weight: 400;\">Desde os tempos coloniais at\u00e9 os dias atuais, a Amaz\u00f4nia tem sido um palco de encontros culturais, conflitos e sincretismos que moldaram sua identidade \u00fanica.<\/span><\/p>\n<h3><span style=\"font-weight: 400;\">A influ\u00eancia dos movimentos ind\u00edgenas<\/span><\/h3>\n<p><span style=\"font-weight: 400;\">Os movimentos ind\u00edgenas na Amaz\u00f4nia t\u00eam desempenhado um papel crucial na<\/span><b> luta pelos direitos \u00e0 terra, pela preserva\u00e7\u00e3o da <\/b><a href=\"https:\/\/www.greenpeace.org\/brasil\/blog\/cultura-amazonica\/\"><b>cultura amaz\u00f4nica<\/b><\/a><b> e pelo reconhecimento de sua soberania<\/b><span style=\"font-weight: 400;\">. Em resposta \u00e0s amea\u00e7as representadas pela explora\u00e7\u00e3o desenfreada dos recursos naturais e pela coloniza\u00e7\u00e3o, esses movimentos se fortaleceram nas \u00faltimas d\u00e9cadas.<\/span><\/p>\n<p><span style=\"font-weight: 400;\">O foco est\u00e1 em garantir a sustentabilidade e a autodetermina\u00e7\u00e3o das comunidades ind\u00edgenas. Eles t\u00eam sido fundamentais na promo\u00e7\u00e3o de leis e pol\u00edticas voltadas para a conserva\u00e7\u00e3o ambiental e o reconhecimento dos direitos ind\u00edgenas.<\/span><\/p>\n<h3><span style=\"font-weight: 400;\">Presen\u00e7a de miss\u00f5es religiosas e impacto cultural<\/span><\/h3>\n<p><span style=\"font-weight: 400;\">As miss\u00f5es religiosas, especialmente durante o per\u00edodo colonial, tiveram um impacto significativo na Amaz\u00f4nia. Com elas, foram introduzidos o cristianismo e novas pr\u00e1ticas culturais.<\/span><\/p>\n<p><span style=\"font-weight: 400;\">Embora algumas dessas miss\u00f5es tenham contribu\u00eddo para a prote\u00e7\u00e3o de comunidades ind\u00edgenas contra a escravid\u00e3o, elas tamb\u00e9m <\/span><b>foram instrumentos de assimila\u00e7\u00e3o cultural e desestrutura\u00e7\u00e3o de pr\u00e1ticas tradicionais<\/b><span style=\"font-weight: 400;\">. Por isso, a rela\u00e7\u00e3o entre as miss\u00f5es religiosas e as comunidades ind\u00edgenas \u00e9 um aspecto importante da hist\u00f3ria social da Amaz\u00f4nia.<\/span><\/p>\n<h2><span style=\"font-weight: 400;\">Desafios contempor\u00e2neos e conserva\u00e7\u00e3o<\/span><\/h2>\n<p><span style=\"font-weight: 400;\">A <\/span><b>regi\u00e3o enfrenta hoje uma s\u00e9rie de desafios que amea\u00e7am sua biodiversidade, seus ecossistemas e as comunidades<\/b><span style=\"font-weight: 400;\"> que dela dependem. O <\/span><a href=\"https:\/\/www.greenpeace.org\/brasil\/blog\/desmatamento-na-amazonia\"><span style=\"font-weight: 400;\">desmatamento na Amaz\u00f4nia<\/span><\/a><span style=\"font-weight: 400;\">, a explora\u00e7\u00e3o ilegal de recursos, as mudan\u00e7as clim\u00e1ticas e o desenvolvimento insustent\u00e1vel representam riscos significativos para a \u00e1rea.<\/span><\/p>\n<p><span style=\"font-weight: 400;\">A resposta a esses desafios requer uma abordagem multifacetada. \u00c9 essencial equilibrar as necessidades econ\u00f4micas e <\/span><b>priorizar a preserva\u00e7\u00e3o ambiental e o respeito pelos direitos das comunidades ind\u00edgenas<\/b><span style=\"font-weight: 400;\">.<\/span><\/p>\n<h3><span style=\"font-weight: 400;\">O desmatamento e a luta pela conserva\u00e7\u00e3o<\/span><\/h3>\n<p><span style=\"font-weight: 400;\">O desmatamento na Amaz\u00f4nia \u00e9 impulsionado por atividades como a agricultura de larga escala, a pecu\u00e1ria, a minera\u00e7\u00e3o e a extra\u00e7\u00e3o ilegal de madeira. Elas destroem habitats cr\u00edticos e contribuem para as mudan\u00e7as clim\u00e1ticas globais, liberando enormes quantidades de carbono armazenado na floresta.<\/span><\/p>\n<p><span style=\"font-weight: 400;\">A luta pela conserva\u00e7\u00e3o da Amaz\u00f4nia envolve esfor\u00e7os governamentais, n\u00e3o governamentais e comunit\u00e1rios. O objetivo deve ser implementar pol\u00edticas de uso sustent\u00e1vel da terra, promover pr\u00e1ticas agr\u00edcolas que respeitem a biodiversidade e fortalecer a fiscaliza\u00e7\u00e3o contra atividades ilegais.<\/span><\/p>\n<h3><span style=\"font-weight: 400;\">Desenvolvimento sustent\u00e1vel e o futuro da amaz\u00f4nia<\/span><\/h3>\n<p><span style=\"font-weight: 400;\">O desenvolvimento sustent\u00e1vel \u00e9 fundamental para garantir a preserva\u00e7\u00e3o do meio ambiente. Ao mesmo tempo, promove-se o bem-estar econ\u00f4mico e social das popula\u00e7\u00f5es locais.\u00a0<\/span><\/p>\n<p><span style=\"font-weight: 400;\">Iniciativas como o manejo <\/span><b>florestal sustent\u00e1vel, a bioeconomia, o turismo ecol\u00f3gico e a valoriza\u00e7\u00e3o dos produtos da floresta<\/b><span style=\"font-weight: 400;\"> ajudam a criar alternativas econ\u00f4micas que n\u00e3o dependem da destrui\u00e7\u00e3o ambiental. Essas iniciativas tamb\u00e9m valorizam e protegem o conhecimento tradicional das comunidades ind\u00edgenas e locais.<\/span><\/p>\n<h3><span style=\"font-weight: 400;\">O papel da amaz\u00f4nia no combate \u00e0s mudan\u00e7as clim\u00e1ticas<\/span><\/h3>\n<p><span style=\"font-weight: 400;\">A Amaz\u00f4nia \u00e9 vital para a regula\u00e7\u00e3o do clima global atrav\u00e9s da absor\u00e7\u00e3o de di\u00f3xido de carbono e da produ\u00e7\u00e3o de oxig\u00eanio. A <\/span><a href=\"https:\/\/www.greenpeace.org\/brasil\/blog\/preservacao-da-amazonia\/\"><span style=\"font-weight: 400;\">preserva\u00e7\u00e3o na Amaz\u00f4nia<\/span><\/a><span style=\"font-weight: 400;\"> \u00e9, portanto, um componente cr\u00edtico na luta contra as mudan\u00e7as clim\u00e1ticas.<\/span><\/p>\n<p><span style=\"font-weight: 400;\">A coopera\u00e7\u00e3o internacional e o compromisso com acordos ambientais ajudam a mobilizar recursos e apoio para a conserva\u00e7\u00e3o da Amaz\u00f4nia. Afinal, \u00e9 poss\u00edvel reconhecer sua import\u00e2ncia como um bem comum global.<\/span><\/p>\n<p><span style=\"font-weight: 400;\">A coloniza\u00e7\u00e3o da Amaz\u00f4nia \u00e9 uma hist\u00f3ria complexa de intera\u00e7\u00f5es humanas, conflitos e explora\u00e7\u00f5es econ\u00f4micas. Mesmo diante dos desafios para unir conserva\u00e7\u00e3o e desenvolvimento, \u00e9 essencial preservar a Amaz\u00f4nia, valorizar suas culturas e proteger a biodiversidade.<\/span><\/p>\n<p><span style=\"font-weight: 400;\">Voc\u00ea pode fazer parte desse movimento junto do <\/span><a href=\"https:\/\/www.greenpeace.org\/\"><span style=\"font-weight: 400;\">Greenpeace<\/span><\/a><span style=\"font-weight: 400;\">, fortalecendo projetos importantes e s\u00e9rios de preserva\u00e7\u00e3o ambiental da floresta. <\/span><a href=\"https:\/\/doe.greenpeace.org.br\/doar\/p\"><span style=\"font-weight: 400;\">Doe e ajude a proteger a Amaz\u00f4nia<\/span><\/a><span style=\"font-weight: 400;\">!<\/span><\/p>\n<p><span style=\"font-weight: 400;\">Achou essas informa\u00e7\u00f5es interessantes? Compartilhe este post nas redes sociais e espalhe o conhecimento!<\/span><\/p>\n","protected":false},"excerpt":{"rendered":"<p>Desvende a hist\u00f3ria da coloniza\u00e7\u00e3o na Amaz\u00f4nia, suas complexidades e impactos. Saiba como essa regi\u00e3o remota foi moldada ao longo dos s\u00e9culos.<\/p>\n","protected":false},"author":28,"featured_media":52942,"comment_status":"open","ping_status":"closed","sticky":false,"template":"","format":"standard","meta":{"ep_exclude_from_search":false,"p4_og_title":"Coloniza\u00e7\u00e3o da Amaz\u00f4nia: entenda o processo","p4_og_description":"","p4_og_image":"","p4_og_image_id":"","p4_seo_canonical_url":"","p4_campaign_name":"","p4_local_project":"","p4_basket_name":"","p4_department":"","footnotes":""},"categories":[49],"tags":[],"p4-page-type":[16],"class_list":["post-52933","post","type-post","status-publish","format-standard","has-post-thumbnail","hentry","category-amazonia","p4-page-type-blog"],"_links":{"self":[{"href":"https:\/\/www.greenpeace.org\/brasil\/wp-json\/wp\/v2\/posts\/52933","targetHints":{"allow":["GET"]}}],"collection":[{"href":"https:\/\/www.greenpeace.org\/brasil\/wp-json\/wp\/v2\/posts"}],"about":[{"href":"https:\/\/www.greenpeace.org\/brasil\/wp-json\/wp\/v2\/types\/post"}],"author":[{"embeddable":true,"href":"https:\/\/www.greenpeace.org\/brasil\/wp-json\/wp\/v2\/users\/28"}],"replies":[{"embeddable":true,"href":"https:\/\/www.greenpeace.org\/brasil\/wp-json\/wp\/v2\/comments?post=52933"}],"version-history":[{"count":3,"href":"https:\/\/www.greenpeace.org\/brasil\/wp-json\/wp\/v2\/posts\/52933\/revisions"}],"predecessor-version":[{"id":52947,"href":"https:\/\/www.greenpeace.org\/brasil\/wp-json\/wp\/v2\/posts\/52933\/revisions\/52947"}],"wp:featuredmedia":[{"embeddable":true,"href":"https:\/\/www.greenpeace.org\/brasil\/wp-json\/wp\/v2\/media\/52942"}],"wp:attachment":[{"href":"https:\/\/www.greenpeace.org\/brasil\/wp-json\/wp\/v2\/media?parent=52933"}],"wp:term":[{"taxonomy":"category","embeddable":true,"href":"https:\/\/www.greenpeace.org\/brasil\/wp-json\/wp\/v2\/categories?post=52933"},{"taxonomy":"post_tag","embeddable":true,"href":"https:\/\/www.greenpeace.org\/brasil\/wp-json\/wp\/v2\/tags?post=52933"},{"taxonomy":"p4-page-type","embeddable":true,"href":"https:\/\/www.greenpeace.org\/brasil\/wp-json\/wp\/v2\/p4-page-type?post=52933"}],"curies":[{"name":"wp","href":"https:\/\/api.w.org\/{rel}","templated":true}]}}