{"id":52954,"date":"2024-05-24T15:06:24","date_gmt":"2024-05-24T18:06:24","guid":{"rendered":"https:\/\/www.greenpeace.org\/brasil\/?p=52954"},"modified":"2024-05-24T15:42:22","modified_gmt":"2024-05-24T18:42:22","slug":"curiosidades-da-amazonia","status":"publish","type":"post","link":"https:\/\/www.greenpeace.org\/brasil\/blog\/curiosidades-da-amazonia\/","title":{"rendered":"3 Curiosidades sobre a Amaz\u00f4nia: descubra agora"},"content":{"rendered":"\n<h4 class=\"wp-block-heading\">A Amaz\u00f4nia \u00e9 uma das regi\u00f5es mais importantes para o clima e para a vida no planeta. <\/h4>\n\n<figure class=\"wp-block-image size-large\"><img loading=\"lazy\" decoding=\"async\" width=\"1024\" height=\"683\" src=\"https:\/\/www.greenpeace.org\/static\/planet4-brasil-stateless\/2024\/05\/121871dd-rio-amazonas-1024x683.jpg\" title=\"Rio amazonas\" alt=\"Rio amazonas\" class=\"wp-image-52956\" srcset=\"https:\/\/www.greenpeace.org\/static\/planet4-brasil-stateless\/2024\/05\/121871dd-rio-amazonas-1024x683.jpg 1024w, https:\/\/www.greenpeace.org\/static\/planet4-brasil-stateless\/2024\/05\/121871dd-rio-amazonas-300x200.jpg 300w, https:\/\/www.greenpeace.org\/static\/planet4-brasil-stateless\/2024\/05\/121871dd-rio-amazonas-768x512.jpg 768w, https:\/\/www.greenpeace.org\/static\/planet4-brasil-stateless\/2024\/05\/121871dd-rio-amazonas-510x340.jpg 510w, https:\/\/www.greenpeace.org\/static\/planet4-brasil-stateless\/2024\/05\/121871dd-rio-amazonas.jpg 1254w\" sizes=\"auto, (max-width: 1024px) 100vw, 1024px\" \/><\/figure>\n\n<p>Uma das formas de compreender de modo mais profundo a relev\u00e2ncia dessa \u00e1rea envolve conhecer as <strong>curiosidades sobre a Amaz\u00f4nia<\/strong>.<\/p>\n\n<p>Isso significa entender como ela \u00e9 composta e quais s\u00e3o os impactos que ela gera na biodiversidade, no clima e nas culturas. Assim tamb\u00e9m ficar\u00e1 mais evidente por que \u00e9 t\u00e3o necess\u00e1rio cuidar e preservar essa regi\u00e3o e suas caracter\u00edsticas.<\/p>\n\n<p>Neste artigo, voc\u00ea conhecer\u00e1 3 curiosidades sobre a Amaz\u00f4nia e a vida na regi\u00e3o. Continue a leitura e saiba mais!<\/p>\n\n<h2 class=\"wp-block-heading\">1. A biodiversidade da Amaz\u00f4nia \u00e9 singular<\/h2>\n\n<p>A Amaz\u00f4nia \u00e9 um reservat\u00f3rio de vida na Terra, abrigando uma <a href=\"https:\/\/www.greenpeace.org\/brasil\/blog\/o-que-e-biodiversidade-entenda-a-importancia-de-preservar-a-natureza\/\">biodiversidade<\/a> sem paralelo. Confira as curiosidades espec\u00edficas sobre as ricas <a href=\"https:\/\/www.greenpeace.org\/brasil\/blog\/flora-da-amazonia\/\">fauna e flora da Amaz\u00f4nia<\/a> e os ecossistemas aqu\u00e1ticos que comp\u00f5em este bioma extraordin\u00e1rio.<\/p>\n\n<h3 class=\"wp-block-heading\">Flora<\/h3>\n\n<p><strong>A floresta amaz\u00f4nica abrange mais de 390 bilh\u00f5es de \u00e1rvores individuais<\/strong>, divididas em cerca de 16.000 esp\u00e9cies. Entre estas, v\u00e1rias s\u00e3o end\u00eamicas, o que significa que n\u00e3o s\u00e3o encontradas em nenhum outro lugar do planeta.<\/p>\n\n<p>A diversidade de plantas na Amaz\u00f4nia \u00e9 t\u00e3o vasta que cientistas estimam que um \u00fanico hectare de floresta pode abrigar mais de 750 tipos de \u00e1rvores. E podem haver ainda 1.500 esp\u00e9cies de plantas superiores.<\/p>\n\n<p>Al\u00e9m disso, muitas destas plantas possuem propriedades medicinais, algumas das quais s\u00e3o utilizadas na fabrica\u00e7\u00e3o de rem\u00e9dios modernos. Essas caracter\u00edsticas destacam a import\u00e2ncia da Amaz\u00f4nia para a sa\u00fade humana e a ci\u00eancia m\u00e9dica.<\/p>\n\n<h3 class=\"wp-block-heading\">Fauna<\/h3>\n\n<p>Quando se trata da fauna, a <a href=\"https:\/\/www.greenpeace.org\/brasil\/blog\/amazonia\/\">Amaz\u00f4nia<\/a> \u00e9 igualmente impressionante. Esse \u00e9 lar de aproximadamente:<\/p>\n\n<ul class=\"wp-block-list\">\n<li>2,5 milh\u00f5es de esp\u00e9cies de insetos;<\/li>\n\n\n\n<li>Mais de 2.200 esp\u00e9cies de peixes;<\/li>\n\n\n\n<li>1.294 aves;<\/li>\n\n\n\n<li>427 mam\u00edferos;<\/li>\n\n\n\n<li>428 anf\u00edbios;<\/li>\n\n\n\n<li>378 r\u00e9pteis.<\/li>\n<\/ul>\n\n<p>Entre os habitantes mais emblem\u00e1ticos est\u00e3o o jaguar, a on\u00e7a-pintada, o boto-cor-de-rosa, a pregui\u00e7a e a arara-azul-grande. Muitas destas esp\u00e9cies s\u00e3o \u00fanicas da regi\u00e3o e algumas est\u00e3o em perigo de extin\u00e7\u00e3o, o que ressalta a urg\u00eancia em conservar seus habitats naturais.<\/p>\n\n<h3 class=\"wp-block-heading\">Rios e ecossistemas aqu\u00e1ticos<\/h3>\n\n<p>Os <a href=\"https:\/\/www.greenpeace.org\/brasil\/blog\/rios-da-amazonia\/\">rios da Amaz\u00f4nia<\/a> formam <strong>a maior bacia hidrogr\u00e1fica do mundo<\/strong>, com o Rio Amazonas sendo o rio mais largo e um dos mais longos. Ao total, ele se estende por aproximadamente 6.400 km.<\/p>\n\n<p>Os ecossistemas aqu\u00e1ticos da Amaz\u00f4nia s\u00e3o t\u00e3o biodiversos quanto suas florestas, abrigando esp\u00e9cies \u00fanicas. Entre elas, est\u00e3o peixe-boi amaz\u00f4nico, pirarucu (um dos maiores peixes de \u00e1gua doce do mundo) e v\u00e1rias esp\u00e9cies de piranhas.&nbsp;<\/p>\n\n<p>Estes rios e lagos s\u00e3o vitais n\u00e3o s\u00f3 para a manuten\u00e7\u00e3o da biodiversidade, mas tamb\u00e9m para as comunidades locais que dependem deles para transporte, alimenta\u00e7\u00e3o e economia.<\/p>\n\n<h2 class=\"wp-block-heading\">2. A regi\u00e3o tem fen\u00f4menos naturais incr\u00edveis<\/h2>\n\n<p>A Amaz\u00f4nia \u00e9 palco de fen\u00f4menos naturais que capturam a imagina\u00e7\u00e3o de cientistas e leigos igualmente. Veja a seguir:<\/p>\n\n<h3 class=\"wp-block-heading\">Encontro das \u00e1guas<\/h3>\n\n<p>Um dos espet\u00e1culos mais fascinantes \u00e9 o <strong>encontro das \u00e1guas<\/strong>. Nele, o Rio Negro, de \u00e1guas escuras, encontra o Rio Solim\u00f5es, de \u00e1guas barrentas, em Manaus. Por quil\u00f4metros, as \u00e1guas de ambos os rios correm lado a lado, n\u00edtidas, sem se misturar.<\/p>\n\n<p>Esse \u00e9 um fen\u00f4meno<strong> causado pelas diferen\u00e7as em temperatura, velocidade e densidade da \u00e1gua<\/strong>. Al\u00e9m de ser uma maravilha visual, o evento desempenha um papel importante na biodiversidade aqu\u00e1tica da regi\u00e3o.<\/p>\n\n<h3 class=\"wp-block-heading\">Floresta alagada<\/h3>\n\n<p>Durante a esta\u00e7\u00e3o chuvosa, uma parte significativa da Amaz\u00f4nia se transforma em uma vasta floresta alagada. Este fen\u00f4meno, conhecido como <strong>pulso de inunda\u00e7\u00e3o<\/strong>, permite que a floresta absorva uma quantidade enorme de \u00e1gua, criando um habitat \u00fanico para a vida aqu\u00e1tica e influenciando o ciclo de vida de muitas esp\u00e9cies de plantas e animais.<\/p>\n\n<p>A floresta alagada \u00e9 um exemplo incr\u00edvel da adapta\u00e7\u00e3o da natureza \u00e0s condi\u00e7\u00f5es ambientais. Ela ainda oferece uma vis\u00e3o \u00fanica sobre a interconex\u00e3o entre terra e \u00e1gua na Amaz\u00f4nia.<\/p>\n\n<h2 class=\"wp-block-heading\">3. As comunidades locais t\u00eam aspectos culturais \u00fanicos<\/h2>\n\n<p>Al\u00e9m de sua riqueza natural, as <strong>curiosidades sobre a floresta amaz\u00f4nica <\/strong>e sua regi\u00e3o tamb\u00e9m se relacionam ao fato de ela ser um caldeir\u00e3o de culturas. No local, h\u00e1 centenas de comunidades ind\u00edgenas que mant\u00eam suas tradi\u00e7\u00f5es h\u00e1 s\u00e9culos. Conhe\u00e7a mais!<\/p>\n\n<h3 class=\"wp-block-heading\">Povos ind\u00edgenas<\/h3>\n\n<p>A regi\u00e3o amaz\u00f4nica \u00e9 habitada por <strong>mais de 350 diferentes povos ind\u00edgenas, falando aproximadamente 400 l\u00ednguas distintas<\/strong>. Estas comunidades vivem de maneiras que est\u00e3o profundamente entrela\u00e7adas com a floresta, utilizando seu conhecimento tradicional para sustentar suas culturas e economias.<\/p>\n\n<p>A diversidade cultural entre esses povos \u00e9 t\u00e3o vasta quanto a biodiversidade da pr\u00f3pria floresta. Assim, cada comunidade ind\u00edgena possui suas pr\u00f3prias tradi\u00e7\u00f5es, rituais e modos de vida.<\/p>\n\n<h3 class=\"wp-block-heading\">Modo de vida<\/h3>\n\n<p>As comunidades locais da Amaz\u00f4nia adaptaram-se de forma \u00fanica ao seu ambiente. Muitos dependem da pesca, da ca\u00e7a e da coleta de frutos para sua subsist\u00eancia. A agricultura itinerante, <strong>praticada de forma sustent\u00e1vel<\/strong>, \u00e9 uma t\u00e9cnica comum.<\/p>\n\n<p>Tamb\u00e9m h\u00e1 o uso de plantas medicinais, um conhecimento passado de gera\u00e7\u00e3o em gera\u00e7\u00e3o. Essas pr\u00e1ticas n\u00e3o apenas sustentam as comunidades, mas tamb\u00e9m protegem e preservam a floresta.<\/p>\n\n<h3 class=\"wp-block-heading\">Festivais e celebra\u00e7\u00f5es<\/h3>\n\n<p>Os festivais s\u00e3o uma express\u00e3o vibrante da rica <a href=\"https:\/\/www.greenpeace.org\/brasil\/blog\/cultura-amazonica\/\">cultura amaz\u00f4nica<\/a>, muitos dos quais s\u00e3o influenciados pela abund\u00e2ncia da natureza. H\u00e1 desde celebra\u00e7\u00f5es que marcam o ciclo das esta\u00e7\u00f5es at\u00e9 festivais religiosos e rituais ind\u00edgenas.<\/p>\n\n<p>Essas ocasi\u00f5es s\u00e3o <strong>momentos de comunh\u00e3o, express\u00e3o cultural e gratid\u00e3o pela terra que sustenta suas vidas<\/strong>.<\/p>\n\n<p>Conhecendo essas curiosidades sobre a Amaz\u00f4nia, fica claro que ela \u00e9 uma regi\u00e3o de maravilhas inestim\u00e1veis. Cada aspecto da Amaz\u00f4nia, desde suas esp\u00e9cies \u00fanicas at\u00e9 seus fen\u00f4menos naturais e tradi\u00e7\u00f5es culturais, demonstra a import\u00e2ncia desta regi\u00e3o para a sa\u00fade e sobreviv\u00eancia do nosso planeta.&nbsp;<\/p>\n\n<p>Voc\u00ea pode fazer parte do cuidado com essa \u00e1rea t\u00e3o importante junto ao <a href=\"https:\/\/www.greenpeace.org\/\">Greenpeace<\/a>. Aproveite para deixar mais pessoas cientes sobre as curiosidades da regi\u00e3o. Compartilhe este conte\u00fado nas suas redes!&nbsp;<\/p>\n\n<div class=\"wp-block-buttons is-layout-flex wp-block-buttons-is-layout-flex\">\n<div class=\"wp-block-button has-custom-width wp-block-button__width-50\"><a class=\"wp-block-button__link has-grey-900-color has-action-yellow-background-color has-text-color has-background has-link-color has-text-align-center wp-element-button\" href=\"https:\/\/doe.greenpeace.org.br\/doar\/p\" target=\"_blank\" rel=\"noreferrer noopener\">Doe e ajude a proteger a Amaz\u00f4nia!<\/a><\/div>\n<\/div>\n","protected":false},"excerpt":{"rendered":"<p>Descubra curiosidades surpreendentes sobre a Amaz\u00f4nia, sua fauna, flora e desafios atuais. Envolva-se pela preserva\u00e7\u00e3o ambiental!<\/p>\n","protected":false},"author":28,"featured_media":52956,"comment_status":"open","ping_status":"closed","sticky":false,"template":"","format":"standard","meta":{"ep_exclude_from_search":false,"p4_og_title":"3 curiosidades sobre a Amaz\u00f4nia","p4_og_description":"","p4_og_image":"","p4_og_image_id":"","p4_seo_canonical_url":"","p4_campaign_name":"","p4_local_project":"","p4_basket_name":"","p4_department":"","footnotes":""},"categories":[49],"tags":[],"p4-page-type":[16],"class_list":["post-52954","post","type-post","status-publish","format-standard","has-post-thumbnail","hentry","category-amazonia","p4-page-type-blog"],"_links":{"self":[{"href":"https:\/\/www.greenpeace.org\/brasil\/wp-json\/wp\/v2\/posts\/52954","targetHints":{"allow":["GET"]}}],"collection":[{"href":"https:\/\/www.greenpeace.org\/brasil\/wp-json\/wp\/v2\/posts"}],"about":[{"href":"https:\/\/www.greenpeace.org\/brasil\/wp-json\/wp\/v2\/types\/post"}],"author":[{"embeddable":true,"href":"https:\/\/www.greenpeace.org\/brasil\/wp-json\/wp\/v2\/users\/28"}],"replies":[{"embeddable":true,"href":"https:\/\/www.greenpeace.org\/brasil\/wp-json\/wp\/v2\/comments?post=52954"}],"version-history":[{"count":3,"href":"https:\/\/www.greenpeace.org\/brasil\/wp-json\/wp\/v2\/posts\/52954\/revisions"}],"predecessor-version":[{"id":52966,"href":"https:\/\/www.greenpeace.org\/brasil\/wp-json\/wp\/v2\/posts\/52954\/revisions\/52966"}],"wp:featuredmedia":[{"embeddable":true,"href":"https:\/\/www.greenpeace.org\/brasil\/wp-json\/wp\/v2\/media\/52956"}],"wp:attachment":[{"href":"https:\/\/www.greenpeace.org\/brasil\/wp-json\/wp\/v2\/media?parent=52954"}],"wp:term":[{"taxonomy":"category","embeddable":true,"href":"https:\/\/www.greenpeace.org\/brasil\/wp-json\/wp\/v2\/categories?post=52954"},{"taxonomy":"post_tag","embeddable":true,"href":"https:\/\/www.greenpeace.org\/brasil\/wp-json\/wp\/v2\/tags?post=52954"},{"taxonomy":"p4-page-type","embeddable":true,"href":"https:\/\/www.greenpeace.org\/brasil\/wp-json\/wp\/v2\/p4-page-type?post=52954"}],"curies":[{"name":"wp","href":"https:\/\/api.w.org\/{rel}","templated":true}]}}