{"id":53408,"date":"2024-06-14T11:50:19","date_gmt":"2024-06-14T14:50:19","guid":{"rendered":"https:\/\/www.greenpeace.org\/brasil\/?p=53408"},"modified":"2024-06-14T14:13:53","modified_gmt":"2024-06-14T17:13:53","slug":"rio-grande-do-sul-um-relato-de-quem-atuou-no-trabalho-de-ajuda-humanitaria","status":"publish","type":"post","link":"https:\/\/www.greenpeace.org\/brasil\/blog\/rio-grande-do-sul-um-relato-de-quem-atuou-no-trabalho-de-ajuda-humanitaria\/","title":{"rendered":"Rio Grande do Sul: um relato de quem atuou no trabalho de ajuda humanit\u00e1ria"},"content":{"rendered":"\n<p>&nbsp;Volunt\u00e1ria do Greenpeace Brasil conta como foram as a\u00e7\u00f5es nos momentos mais dif\u00edceis e relata como est\u00e1 a situa\u00e7\u00e3o agora<\/p>\n\n<figure class=\"wp-block-image size-large\"><img loading=\"lazy\" decoding=\"async\" width=\"1024\" height=\"683\" src=\"https:\/\/www.greenpeace.org\/static\/planet4-brasil-stateless\/2024\/06\/c8ea641a-gp0su0o5v_medium-res-1200px-1024x683.jpg\" alt=\"\" class=\"wp-image-53418\" srcset=\"https:\/\/www.greenpeace.org\/static\/planet4-brasil-stateless\/2024\/06\/c8ea641a-gp0su0o5v_medium-res-1200px-1024x683.jpg 1024w, https:\/\/www.greenpeace.org\/static\/planet4-brasil-stateless\/2024\/06\/c8ea641a-gp0su0o5v_medium-res-1200px-300x200.jpg 300w, https:\/\/www.greenpeace.org\/static\/planet4-brasil-stateless\/2024\/06\/c8ea641a-gp0su0o5v_medium-res-1200px-768x512.jpg 768w, https:\/\/www.greenpeace.org\/static\/planet4-brasil-stateless\/2024\/06\/c8ea641a-gp0su0o5v_medium-res-1200px-510x340.jpg 510w, https:\/\/www.greenpeace.org\/static\/planet4-brasil-stateless\/2024\/06\/c8ea641a-gp0su0o5v_medium-res-1200px.jpg 1200w\" sizes=\"auto, (max-width: 1024px) 100vw, 1024px\" \/><figcaption class=\"wp-element-caption\">Centro de triagem e distribui\u00e7\u00e3o de doa\u00e7\u00f5es da Cruz Vermelha no Rio Grande do Sul. \u00a9 Tuane Fernandes \/ Greenpeace<\/figcaption><\/figure>\n\n<p>Quantas pessoas que vivem longe do Rio Grande do Sul, neste \u00faltimo m\u00eas, entregaram seus pensamentos, seu cora\u00e7\u00e3o, suas l\u00e1grimas, recursos financeiros, roupas, gal\u00f5es de \u00e1gua, alimento e tudo o que estivesse ao seu alcance para contribuir com a grande rede de solidariedade que se formou? Isso pode ser mensurado de muitas maneiras, mas talvez o que mais importa para essas pessoas \u00e9 saber que a ajuda chegou e aliviou a situa\u00e7\u00e3o tr\u00e1gica pela qual centenas de milhares de ga\u00fachos passaram.<\/p>\n\n<p>Uma das pessoas que viveu, viu e segue acompanhando de perto as consequ\u00eancias do desastre quer dar um retorno, passar uma mensagem que re\u00fane agradecimento e um pedido, que a for\u00e7a que tornou poss\u00edvel a forma\u00e7\u00e3o dessa grande rede se mantenha viva.&nbsp;<\/p>\n\n<p><strong>Leia o relato de Nat\u00e1lia Campos, moradora da cidade de Imb\u00e9 (RS) e uma das integrantes do grupo de volunt\u00e1rios do Greenpeace Brasil no Litoral Norte do Rio Grande do Sul, que trabalhou incansavelmente por dias seguidos nas a\u00e7\u00f5es de ajuda humanit\u00e1ria<\/strong>:<\/p>\n\n<p><em>Meu nome \u00e9 Nat\u00e1lia, tenho 27 anos e sou facilitadora do grupo de volunt\u00e1rios. Eu moro aqui no Sul, mais especificamente na cidade de Imb\u00e9, onde desde os primeiros dias eu e outras pessoas do grupo de volunt\u00e1rios atuamos ajudando em resgates junto ao Corpo de Bombeiros, montando kits em diversas cidades do litoral a apoiando na log\u00edstica de triagem e distribui\u00e7\u00e3o das doa\u00e7\u00f5es.&nbsp;<\/em><\/p>\n\n<p><em>Uma experi\u00eancia marcante? A que eu vivi em Caxias do Sul, onde o Greenpeace nos apoiou junto \u00e0 atua\u00e7\u00e3o com a Cruz Vermelha. Foram dias&nbsp;intensos e gratificantes. Foi marcante ver tantas pessoas de perfis t\u00e3o diferentes unidas por uma causa maior; pessoas que n\u00e3o foram atingidas, pessoas com trabalhos considerados \u201cimportantes\u201d ou que n\u00e3o t\u00eam na sua rotina o esfor\u00e7o f\u00edsico como pr\u00e1tica, e que ainda assim toparam carregar peso, descarregar caminh\u00e3o, fazer tudo o que estivesse ao seu alcance para ser parte deste momento.<\/em><\/p>\n\n<p><em>\u00c9 importante dizer que o b\u00e1sico ainda segue sendo necess\u00e1rio, me refiro a itens como alimento, materiais de higiene, pois ainda h\u00e1 muitas pessoas fora de casa e sem perspectiva de retorno \u00e0 sua resid\u00eancia ou ao seu trabalho. A ajuda de volunt\u00e1rios para a limpeza das resid\u00eancias que resistiram \u00e0s enchentes e a doa\u00e7\u00e3o de produtos de limpeza segue sendo muito importante.<\/em><\/p>\n\n<p><em>Eu nem sei se tenho palavras para expressar o quanto foi importante a contribui\u00e7\u00e3o das pessoas nessa grande rede de solidariedade, pois h\u00e1 fam\u00edlias que perderam literalmente tudo, tudo mesmo, e cada doa\u00e7\u00e3o fez uma enorme diferen\u00e7a. <\/em><\/p>\n\n<p><em>O que eu vejo \u00e9 que os nossos governantes n\u00e3o est\u00e3o dando conta nem da metade dessa demanda, e sei que essa situa\u00e7\u00e3o ainda est\u00e1 longe de terminar, mas com a ajuda de todos acredito que podemos superar isso e trazer um m\u00ednimo de dignidade \u00e0 vida de quem j\u00e1 sofreu tanto.<\/em><\/p>\n\n<p><em>Eu tenho muito orgulho de fazer parte dessa frente de ajuda humanit\u00e1ria e vejo que o Greenpeace n\u00e3o mediu esfor\u00e7os para contribuir com o Rio Grande do Sul, pois <em>disponibilizou n\u00e3o s\u00f3 um link seguro para as doa\u00e7\u00f5es como tamb\u00e9m ajuda financeira para fazer parte dessa onda de boas a\u00e7\u00f5es, e principalmente, levou pessoas dispostas para nos ajudar nas mais diversas \u00e1reas de atua\u00e7\u00e3o. S\u00f3 temos a agradecer pelo apoio e por tudo que seguem fazendo por n\u00f3s.<\/em>&nbsp;<\/em><\/p>\n\n<p><strong>Medidas e pol\u00edticas p\u00fablicas de adapta\u00e7\u00e3o \u00e0 crise do clima, de preven\u00e7\u00e3o, enfrentamento aos desastres e valoriza\u00e7\u00e3o da vida continuar\u00e3o sendo monitoradas e cobradas pelo Greenpeace Brasil, pois ainda h\u00e1 muito a ser feito.<\/strong><\/p>\n\n<p class=\"has-white-color has-blue-green-800-background-color has-text-color has-background has-link-color wp-elements-c53dc5e54b0dad0021794831fd5d8cba\"><a href=\"https:\/\/www.instagram.com\/greenpeacebrasil\/reel\/C7T_TUTxgVQ\/\">Neste v\u00eddeo <\/a>gravado pela Dai\u00e9li Duarte, que tamb\u00e9m \u00e9 volunt\u00e1ria do Greenpeace Brasil, voc\u00ea pode ver um pouco mais das a\u00e7\u00f5es realizadas junto \u00e0 Cruz Vermelha.<\/p>\n","protected":false},"excerpt":{"rendered":"<p>\u00a0Volunt\u00e1ria do Greenpeace Brasil conta como foram as a\u00e7\u00f5es nos momentos mais dif\u00edceis e relata como est\u00e1 a situa\u00e7\u00e3o agora<\/p>\n","protected":false},"author":67,"featured_media":53418,"comment_status":"open","ping_status":"closed","sticky":false,"template":"","format":"standard","meta":{"ep_exclude_from_search":false,"p4_og_title":"","p4_og_description":"","p4_og_image":"","p4_og_image_id":"","p4_seo_canonical_url":"","p4_campaign_name":"","p4_local_project":"","p4_basket_name":"","p4_department":"","footnotes":""},"categories":[71,48],"tags":[62,20,6,42],"p4-page-type":[16],"class_list":["post-53408","post","type-post","status-publish","format-standard","has-post-thumbnail","hentry","category-eventos-extremos","category-justica-climatica","tag-adaptacao-climatica","tag-cidades","tag-clima","tag-justica-climatica","p4-page-type-blog"],"_links":{"self":[{"href":"https:\/\/www.greenpeace.org\/brasil\/wp-json\/wp\/v2\/posts\/53408","targetHints":{"allow":["GET"]}}],"collection":[{"href":"https:\/\/www.greenpeace.org\/brasil\/wp-json\/wp\/v2\/posts"}],"about":[{"href":"https:\/\/www.greenpeace.org\/brasil\/wp-json\/wp\/v2\/types\/post"}],"author":[{"embeddable":true,"href":"https:\/\/www.greenpeace.org\/brasil\/wp-json\/wp\/v2\/users\/67"}],"replies":[{"embeddable":true,"href":"https:\/\/www.greenpeace.org\/brasil\/wp-json\/wp\/v2\/comments?post=53408"}],"version-history":[{"count":20,"href":"https:\/\/www.greenpeace.org\/brasil\/wp-json\/wp\/v2\/posts\/53408\/revisions"}],"predecessor-version":[{"id":53453,"href":"https:\/\/www.greenpeace.org\/brasil\/wp-json\/wp\/v2\/posts\/53408\/revisions\/53453"}],"wp:featuredmedia":[{"embeddable":true,"href":"https:\/\/www.greenpeace.org\/brasil\/wp-json\/wp\/v2\/media\/53418"}],"wp:attachment":[{"href":"https:\/\/www.greenpeace.org\/brasil\/wp-json\/wp\/v2\/media?parent=53408"}],"wp:term":[{"taxonomy":"category","embeddable":true,"href":"https:\/\/www.greenpeace.org\/brasil\/wp-json\/wp\/v2\/categories?post=53408"},{"taxonomy":"post_tag","embeddable":true,"href":"https:\/\/www.greenpeace.org\/brasil\/wp-json\/wp\/v2\/tags?post=53408"},{"taxonomy":"p4-page-type","embeddable":true,"href":"https:\/\/www.greenpeace.org\/brasil\/wp-json\/wp\/v2\/p4-page-type?post=53408"}],"curies":[{"name":"wp","href":"https:\/\/api.w.org\/{rel}","templated":true}]}}