{"id":537,"date":"2014-11-03T00:00:00","date_gmt":"2014-11-03T00:00:00","guid":{"rendered":"https:\/\/www.greenpeace.org\/brasil\/blog\/sem-floresta-nao-tem-agua\/"},"modified":"2019-11-06T05:21:28","modified_gmt":"2019-11-06T08:21:28","slug":"sem-floresta-nao-tem-agua","status":"publish","type":"post","link":"https:\/\/www.greenpeace.org\/brasil\/blog\/sem-floresta-nao-tem-agua\/","title":{"rendered":"Sem floresta n\u00e3o tem \u00e1gua"},"content":{"rendered":"<h4 class=\"leader\"><em>Estudo refor\u00e7a a rela\u00e7\u00e3o do desmatamento da Amaz\u00f4nia com os epis\u00f3dios de seca do pa\u00eds e aponta como solu\u00e7\u00e3o zerar o desmatamento para ontem e replantar florestas.<\/em><\/h4>\n<div>\n<p><img loading=\"lazy\" decoding=\"async\" class=\"alignnone  wp-image-539 alignright\" src=\"https:\/\/www.greenpeace.org\/static\/planet4-brasil-stateless\/2018\/07\/14111520967_7d07d5f44a_z.jpg\" alt=\"\" width=\"272\" height=\"181\" \/>Nos \u00faltimos quatro meses o pesquisador Ant\u00f4nio Donato Nobre, do Instituto Nacional de Pesquisas Espaciais (Inpe), analisou aproximadamente 200 artigos cient\u00edficos lan\u00e7ados recentemente sobre a liga\u00e7\u00e3o da floresta amaz\u00f4nica e o servi\u00e7o de regula\u00e7\u00e3o do clima do planeta. A conclus\u00e3o da an\u00e1lise foi lan\u00e7ada na \u00faltima quinta-feira e, segundo o especialista, do ponto que estamos, n\u00e3o adianta mais simplesmente parar de desmatar &#8211; tarefa em que j\u00e1 estamos atrasados. Se quisermos ter alguma chance de fugir da desertifica\u00e7\u00e3o ser\u00e1 preciso replantar florestas.<\/p>\n<h4><a href=\"https:\/\/www.greenpeace.org\/static\/planet4-brasil-stateless\/2018\/07\/Futuro-Climatico-da-Amazonia.pdf\">Leia o estudo na \u00edntegra.<\/a><\/h4>\n<p>O relat\u00f3rio, &#8220;O Futuro Clim\u00e1tico da Amaz\u00f4nia\u201d, foi encomendado pela Articulaci\u00f3n Regional Amaz\u00f3nica (ARA), grupo que re\u00fane entidades da sociedade civil dos nove pa\u00edses que compartilham o bioma. De acordo com Nobre, ao longo dos anos o Brasil pareceu passar imune pela destrui\u00e7\u00e3o da Mata Atl\u00e2ntica, que teve 90% de sua extens\u00e3o dizimada, pois a Amaz\u00f4nia vinha compensando os servi\u00e7os florestais perdidos. Mas nos \u00faltimos 40 anos, com a intensifica\u00e7\u00e3o da degrada\u00e7\u00e3o e do desmatamento na regi\u00e3o, a floresta vem perdendo sua capacidade de captar e transportar umidade para o resto do Pa\u00eds e as consequ\u00eancias disso j\u00e1 est\u00e3o sendo sentidas.<\/p>\n<div class=\"events-box small-box right\">\n<div class=\"frame\">\n<div style=\"width: 205px\" class=\"wp-caption alignright\"><a class=\"open-img EnlargeImage\" href=\"https:\/\/www.greenpeace.org\/static\/planet4-brasil-stateless\/2018\/07\/14111520967_7d07d5f44a_z.jpg\"><img loading=\"lazy\" decoding=\"async\" id=\"ctl00_cphContentArea_Property3_ctl00_ctl02_Image1\" class=\"Thumbnail\" style=\"border-width: 0px;\" src=\"https:\/\/www.greenpeace.org\/static\/planet4-brasil-stateless\/2018\/07\/14111520967_7d07d5f44a_z.jpg\" alt=\"\" width=\"195\" height=\"130\" \/><\/a><p class=\"wp-caption-text\">Ativistas do Greenpeace realizam a\u00e7\u00e3o em S\u00e3o Paulo para alertar sobre a falta de \u00e1gua. (\u00a9 Greenpeace)<\/p><\/div>\n<p>\u201cO desmatamento sem limite encontrou no clima um juiz que conta \u00e1rvores, n\u00e3o esquece e n\u00e3o perdoa\u201d, disse o pesquisador em entrevista ao jornal Valor Econ\u00f4mico. Em seu estudo o especialista, que tamb\u00e9m \u00e9 pesquisador s\u00eanior do Instituto Nacional de Pesquisas da Amaz\u00f4nia (Inpa), afirma que as \u00e1rvores da Amaz\u00f4nia colocam aproximadamente 20 bilh\u00f5es de toneladas de \u00e1gua por dia na atmosfera. E \u00e9 esta \u00e1gua que \u00e9 levada para o sul do continente, pelas correntes de ar, e se transforma em chuva.<\/p>\n<\/div>\n<\/div>\n<p>Com o avan\u00e7o do desmatamento esta capacidade fica seriamente comprometida e seus efeitos j\u00e1 podem ser sentidos como, por exemplo, na falta de chuva que atinge as regi\u00f5es centro-oeste e sudeste do Brasil. Sem a floresta amaz\u00f4nica a regi\u00e3o que vai de Cuiab\u00e1 a Buenos Aires, ao Sul, e de S\u00e3o Paulo aos Andes, que produz 70% do PIB da Am\u00e9rica do Sul, seria igual aos seus equivalentes latitudinais. Se tra\u00e7armos uma linha no Mapa Mundi, a partir de Bras\u00edlia, encontraremos quatro dos maiores desertos do mundo:\u00a0o Atacama, o Kalahari, o deserto da Nam\u00edbia e o da Austr\u00e1lia. Isso acontece porque a floresta amaz\u00f4nica exporta \u201crios a\u00e9reos\u201d de vapor que transportam \u00e1gua para as chuvas fartas que irrigam regi\u00f5es distantes<\/p>\n<p>&#8220;Estamos perdendo um servi\u00e7o que era gratuito, que trazia conforto, que fornecia \u00e1gua doce e estabilidade clim\u00e1tica\u201d, diz o cientista. De acordo com Nobre, se a situa\u00e7\u00e3o n\u00e3o mudar radicalmente e agora, ficaremos cada vez mais pr\u00f3ximos de um ponto de n\u00e3o retorno, de onde se seguir\u00e1 uma irrefre\u00e1vel rea\u00e7\u00e3o em cadeia que ir\u00e1 afetar n\u00e3o apenas o Brasil, mas todo o planeta.<\/p>\n<div class=\"events-box big-box left\">\n<div class=\"frame\">\n<div style=\"width: 610px\" class=\"wp-caption alignnone\"><a class=\"open-img EnlargeImage\" href=\"https:\/\/www.greenpeace.org\/static\/planet4-brasil-stateless\/2018\/07\/GP027SL.jpg\"><img loading=\"lazy\" decoding=\"async\" id=\"ctl00_cphContentArea_Property3_ctl00_ctl04_Image1\" class=\"Thumbnail\" style=\"border-width: 0px;\" src=\"https:\/\/www.greenpeace.org\/static\/planet4-brasil-stateless\/2018\/07\/GP027SL.jpg\" alt=\"\" width=\"600\" height=\"400\" \/><\/a><p class=\"wp-caption-text\">Barcos ficaram encalhados em praia de Tef\u00e9, no Amazonas, durante a seca recorde que atingiu a regi\u00e3o em 2010. Este ano S\u00e3o Paulo vem sentindo os efeitos do desmatamento nas torneiras. Sem chuva diversas cidades ficaram sem \u00e1gua. (\u00a9 Rodrigo Bal\u00e9ia\/Greenpeace)<\/p><\/div>\n<h4><strong>Desmatamento Zero e imediato<\/strong><\/h4>\n<\/div>\n<\/div>\n<p>A floresta tropical amaz\u00f4nica tem um papel fundamental para a regula\u00e7\u00e3o do clima no Mundo. Mas mesmo com este conhecimento, ela continua a ser violentamente destru\u00edda.<\/p>\n<p>Alguns dos principais fatores que promovem o desmatamento do bioma s\u00e3o a atividade <a href=\"http:\/\/www.chegademadeirailegal.org.br\/?utm_source=site_P3&amp;utm_medium=sidebar&amp;utm_campaign=Timber&amp;utm_content=15_10_2014\">madeireira ilegal<\/a>, a <a href=\"http:\/\/www.greenpeace.org\/brasil\/pt\/Noticias\/Acordo-de-Gado-dando-nome-aos-bois\/\">pecu\u00e1ria<\/a> e a <a href=\"http:\/\/www.greenpeace.org\/brasil\/pt\/Noticias\/Reconhecimento-internacional-\/\">cultura de soja<\/a>. Temas que se tornaram centrais em campanhas do Greenpeace Brasil para salvar a floresta.<\/p>\n<p>Nos \u00faltimos dez anos v\u00e1rias iniciativas ajudaram a manter em queda os n\u00edveis de desmatamento na Amaz\u00f4nia Legal. Conquista que, infelizmente, est\u00e1 em risco. Apenas um ano depois da assinatura do novo C\u00f3digo Florestal, que trouxe anistia \u00e0queles que cortaram floresta ilegalmente, o desmatamento subiu 29%. Enquanto o Congresso se esfor\u00e7a para aprovar leis que comprometem a demarca\u00e7\u00e3o de novas terras ind\u00edgenas e unidades de conserva\u00e7\u00e3o \u2013 instrumentos eficazes de conserva\u00e7\u00e3o da floresta, o tema esteve simplesmente ausente nas elei\u00e7\u00f5es deste ano. H\u00e1 alguns meses <a href=\"http:\/\/www.greenpeace.org\/brasil\/pt\/Noticias\/O-mundo-todo-esta-errado\/\">Dilma Rousseff negou-se a assinar a declara\u00e7\u00e3o de Nova York<\/a>, que visa zerar o desmatamento at\u00e9 2030.<\/p>\n<p>Mas podemos e devemos virar este jogo. O projeto de Lei do Desmatamento Zero alinha-se\u00a0 \u00e0s considera\u00e7\u00f5es de Nobre. Lan\u00e7ado em 2012, ele prev\u00ea o fim da emiss\u00e3o de licen\u00e7as de desmatamento em florestas nativas, ou seja, mesmo a porcentagem permitida por lei n\u00e3o poder\u00e1 mais ser desmatada \u00a0A iniciativa j\u00e1 conta com o apoio de mais de 1 milh\u00e3o de brasileiros. <a href=\"http:\/\/www.desmatamentozero.org.br\/\">Fa\u00e7a parte deste movimento, assine a peti\u00e7\u00e3o.<\/a><\/p>\n<p><iframe loading=\"lazy\" style=\"display: block; margin-left: auto; margin-right: auto;\" src=\"https:\/\/www.youtube.com\/embed\/MXWQYKhSqRA\" width=\"425\" height=\"350\" frameborder=\"0\"><\/iframe><\/p>\n<\/div>\n","protected":false},"excerpt":{"rendered":"<p>Estudo refor\u00e7a a rela\u00e7\u00e3o do desmatamento da Amaz\u00f4nia com os epis\u00f3dios de seca do pa\u00eds e aponta como solu\u00e7\u00e3o zerar o desmatamento para ontem e replantar florestas.<\/p>\n","protected":false},"author":28,"featured_media":539,"comment_status":"open","ping_status":"open","sticky":false,"template":"","format":"standard","meta":{"ep_exclude_from_search":false,"p4_og_title":"","p4_og_description":"","p4_og_image":"","p4_og_image_id":"","p4_seo_canonical_url":"","p4_campaign_name":"","p4_local_project":"","p4_basket_name":"","p4_department":"","footnotes":""},"categories":[3],"tags":[22,6],"p4-page-type":[16],"class_list":["post-537","post","type-post","status-publish","format-standard","has-post-thumbnail","hentry","category-proteja-a-natureza","tag-florestas","tag-clima","p4-page-type-blog"],"_links":{"self":[{"href":"https:\/\/www.greenpeace.org\/brasil\/wp-json\/wp\/v2\/posts\/537","targetHints":{"allow":["GET"]}}],"collection":[{"href":"https:\/\/www.greenpeace.org\/brasil\/wp-json\/wp\/v2\/posts"}],"about":[{"href":"https:\/\/www.greenpeace.org\/brasil\/wp-json\/wp\/v2\/types\/post"}],"author":[{"embeddable":true,"href":"https:\/\/www.greenpeace.org\/brasil\/wp-json\/wp\/v2\/users\/28"}],"replies":[{"embeddable":true,"href":"https:\/\/www.greenpeace.org\/brasil\/wp-json\/wp\/v2\/comments?post=537"}],"version-history":[{"count":5,"href":"https:\/\/www.greenpeace.org\/brasil\/wp-json\/wp\/v2\/posts\/537\/revisions"}],"predecessor-version":[{"id":3432,"href":"https:\/\/www.greenpeace.org\/brasil\/wp-json\/wp\/v2\/posts\/537\/revisions\/3432"}],"wp:featuredmedia":[{"embeddable":true,"href":"https:\/\/www.greenpeace.org\/brasil\/wp-json\/wp\/v2\/media\/539"}],"wp:attachment":[{"href":"https:\/\/www.greenpeace.org\/brasil\/wp-json\/wp\/v2\/media?parent=537"}],"wp:term":[{"taxonomy":"category","embeddable":true,"href":"https:\/\/www.greenpeace.org\/brasil\/wp-json\/wp\/v2\/categories?post=537"},{"taxonomy":"post_tag","embeddable":true,"href":"https:\/\/www.greenpeace.org\/brasil\/wp-json\/wp\/v2\/tags?post=537"},{"taxonomy":"p4-page-type","embeddable":true,"href":"https:\/\/www.greenpeace.org\/brasil\/wp-json\/wp\/v2\/p4-page-type?post=537"}],"curies":[{"name":"wp","href":"https:\/\/api.w.org\/{rel}","templated":true}]}}