{"id":53732,"date":"2024-04-23T16:35:00","date_gmt":"2024-04-23T19:35:00","guid":{"rendered":"https:\/\/www.greenpeace.org\/brasil\/?p=53732"},"modified":"2024-07-11T16:52:18","modified_gmt":"2024-07-11T19:52:18","slug":"greenpeace-brasil-organiza-mostra-que-retrata-20-anos-da-luta-indigena","status":"publish","type":"post","link":"https:\/\/www.greenpeace.org\/brasil\/imprensa\/greenpeace-brasil-organiza-mostra-que-retrata-20-anos-da-luta-indigena\/","title":{"rendered":"Greenpeace Brasil organiza mostra que retrata 20 anos da luta ind\u00edgena"},"content":{"rendered":"\n<p class=\"has-text-align-center\"><em>Exposi\u00e7\u00e3o com curadoria do Greenpeace Brasil ser\u00e1 aberta nesta quarta-feira (23), no Complexo Funarte, em Bras\u00edlia; s\u00e3o 45 imagens de 13 fot\u00f3grafos que acompanharam as duas d\u00e9cadas do Acampamento Terra Livre em Bras\u00edlia<\/em><\/p>\n\n<p class=\"has-text-align-center\"><em>O p\u00fablico poder\u00e1 participar do abaixo-assinado online contra a inviabiliza\u00e7\u00e3o da vida dos povos origin\u00e1rios<\/em><\/p>\n\n<figure class=\"wp-block-image aligncenter size-large\"><img loading=\"lazy\" decoding=\"async\" width=\"1024\" height=\"683\" src=\"https:\/\/www.greenpeace.org\/static\/planet4-brasil-stateless\/2024\/07\/cfd68c4d-29.2021__green_foto3_tuane-fernandes-1024x683.jpg\" alt=\"\" class=\"wp-image-53718\" srcset=\"https:\/\/www.greenpeace.org\/static\/planet4-brasil-stateless\/2024\/07\/cfd68c4d-29.2021__green_foto3_tuane-fernandes-1024x683.jpg 1024w, https:\/\/www.greenpeace.org\/static\/planet4-brasil-stateless\/2024\/07\/cfd68c4d-29.2021__green_foto3_tuane-fernandes-300x200.jpg 300w, https:\/\/www.greenpeace.org\/static\/planet4-brasil-stateless\/2024\/07\/cfd68c4d-29.2021__green_foto3_tuane-fernandes-768x512.jpg 768w, https:\/\/www.greenpeace.org\/static\/planet4-brasil-stateless\/2024\/07\/cfd68c4d-29.2021__green_foto3_tuane-fernandes-1536x1024.jpg 1536w, https:\/\/www.greenpeace.org\/static\/planet4-brasil-stateless\/2024\/07\/cfd68c4d-29.2021__green_foto3_tuane-fernandes-2048x1366.jpg 2048w, https:\/\/www.greenpeace.org\/static\/planet4-brasil-stateless\/2024\/07\/cfd68c4d-29.2021__green_foto3_tuane-fernandes-510x340.jpg 510w\" sizes=\"auto, (max-width: 1024px) 100vw, 1024px\" \/><figcaption class=\"wp-element-caption\"><em>Foto: Tuane Fernandes (Greenpeace Brasil)<\/em><\/figcaption><\/figure>\n\n<p>Registros fotogr\u00e1ficos e hist\u00f3ricos dos 20 anos&nbsp; da maior mobiliza\u00e7\u00e3o dos povos ind\u00edgenas da Am\u00e9rica Latina, o Acampamento Terra Livre (ATL), ser\u00e3o apresentados a partir da pr\u00f3xima segunda-feira (22.04), no Complexo da Funarte. Com curadoria do Greenpeace Brasil, a exposi\u00e7\u00e3o fotogr\u00e1fica pode ser conferida at\u00e9 sexta-feira (26).&nbsp;<\/p>\n\n<p>Sob o tema \u201cNosso Marco \u00e9 Ancestral: sempre estivemos aqui\u201d, a mostra sobre os <strong>20 Anos do Acampamento Terra Livre<\/strong> re\u00fane 45 imagens ampliadas (53 cm x 80 cm) e expostas em um corredor imersivo com quase 25 metros de extens\u00e3o. S\u00e3o imagens produzidas por 13 fot\u00f3grafos, entre eles profissionais que colaboram com o Greenpeace Brasil ao longo dessas duas d\u00e9cadas, (<em>confira rela\u00e7\u00e3o completa abaixo<\/em>), fotojornalistas do portal M\u00eddia Ninja e do ativista Egon Heck, assessor do secretariado do Conselho Indigenista Mission\u00e1rio (CIMI). Heck \u00e9 ex-padre e ativista da causa ind\u00edgena h\u00e1 mais de 50 anos.&nbsp;&nbsp;<\/p>\n\n<p>Durante a mostra, o p\u00fablico poder\u00e1 deixar mensagens em um painel<\/p>\n\n<figure class=\"wp-block-image aligncenter size-large\"><img loading=\"lazy\" decoding=\"async\" width=\"1024\" height=\"683\" src=\"https:\/\/www.greenpeace.org\/static\/planet4-brasil-stateless\/2024\/07\/863c5465-15.2014-mobilizacao-nacional-indigena-_-foto-rafael-vilela-_-midia-ninja-1024x683.jpg\" alt=\"\" class=\"wp-image-53733\" srcset=\"https:\/\/www.greenpeace.org\/static\/planet4-brasil-stateless\/2024\/07\/863c5465-15.2014-mobilizacao-nacional-indigena-_-foto-rafael-vilela-_-midia-ninja-1024x683.jpg 1024w, https:\/\/www.greenpeace.org\/static\/planet4-brasil-stateless\/2024\/07\/863c5465-15.2014-mobilizacao-nacional-indigena-_-foto-rafael-vilela-_-midia-ninja-300x200.jpg 300w, https:\/\/www.greenpeace.org\/static\/planet4-brasil-stateless\/2024\/07\/863c5465-15.2014-mobilizacao-nacional-indigena-_-foto-rafael-vilela-_-midia-ninja-768x512.jpg 768w, https:\/\/www.greenpeace.org\/static\/planet4-brasil-stateless\/2024\/07\/863c5465-15.2014-mobilizacao-nacional-indigena-_-foto-rafael-vilela-_-midia-ninja-1536x1024.jpg 1536w, https:\/\/www.greenpeace.org\/static\/planet4-brasil-stateless\/2024\/07\/863c5465-15.2014-mobilizacao-nacional-indigena-_-foto-rafael-vilela-_-midia-ninja-2048x1366.jpg 2048w, https:\/\/www.greenpeace.org\/static\/planet4-brasil-stateless\/2024\/07\/863c5465-15.2014-mobilizacao-nacional-indigena-_-foto-rafael-vilela-_-midia-ninja-510x340.jpg 510w\" sizes=\"auto, (max-width: 1024px) 100vw, 1024px\" \/><figcaption class=\"wp-element-caption\"><em>Foto: Rafael Vilela (M\u00eddia Ninja)<\/em><\/figcaption><\/figure>\n\n<p>De acordo com Carolina Pasquali, diretora-executiva do Greenpeace Brasil, \u201ca exposi\u00e7\u00e3o mostra como o Acampamento Terra Livre (ATL) \u00e9 uma celebra\u00e7\u00e3o cultural potente e diversa, al\u00e9m de ser uma important\u00edssima manifesta\u00e7\u00e3o da democracia brasileira. Nessas 45 fotos, vemos, por exemplo, v\u00e1rios momentos hist\u00f3ricos do pa\u00eds, como a luta dos povos ind\u00edgenas pela homologa\u00e7\u00e3o da TI Raposa Serra do Sol, no ATL 2004, e pela prote\u00e7\u00e3o do rio Xingu, no ATL de 2006, passando pelos anos violentos do governo Bolsonaro e at\u00e9 pela pandemia do coronav\u00edrus. \u00c9 uma exposi\u00e7\u00e3o linda, para aprender e relembrar, mas tamb\u00e9m para inspirar um olhar para o futuro e para os muitos desafios que ainda existem em nosso pa\u00eds\u201d.<\/p>\n\n<figure class=\"wp-block-image aligncenter size-large is-resized\"><img loading=\"lazy\" decoding=\"async\" width=\"1024\" height=\"773\" src=\"https:\/\/www.greenpeace.org\/static\/planet4-brasil-stateless\/2024\/07\/25368ee6-8.2006_cimi_jarno_br00002a-44.1-23-1024x773.jpg\" alt=\"\" class=\"wp-image-53734\" style=\"width:736px;height:auto\" srcset=\"https:\/\/www.greenpeace.org\/static\/planet4-brasil-stateless\/2024\/07\/25368ee6-8.2006_cimi_jarno_br00002a-44.1-23-1024x773.jpg 1024w, https:\/\/www.greenpeace.org\/static\/planet4-brasil-stateless\/2024\/07\/25368ee6-8.2006_cimi_jarno_br00002a-44.1-23-300x227.jpg 300w, https:\/\/www.greenpeace.org\/static\/planet4-brasil-stateless\/2024\/07\/25368ee6-8.2006_cimi_jarno_br00002a-44.1-23-768x580.jpg 768w, https:\/\/www.greenpeace.org\/static\/planet4-brasil-stateless\/2024\/07\/25368ee6-8.2006_cimi_jarno_br00002a-44.1-23-1536x1160.jpg 1536w, https:\/\/www.greenpeace.org\/static\/planet4-brasil-stateless\/2024\/07\/25368ee6-8.2006_cimi_jarno_br00002a-44.1-23-2048x1547.jpg 2048w, https:\/\/www.greenpeace.org\/static\/planet4-brasil-stateless\/2024\/07\/25368ee6-8.2006_cimi_jarno_br00002a-44.1-23-1809x1366.jpg 1809w, https:\/\/www.greenpeace.org\/static\/planet4-brasil-stateless\/2024\/07\/25368ee6-8.2006_cimi_jarno_br00002a-44.1-23-450x340.jpg 450w\" sizes=\"auto, (max-width: 1024px) 100vw, 1024px\" \/><figcaption class=\"wp-element-caption\"><em>Foto: Cimi Jarno<\/em><\/figcaption><\/figure>\n\n<p>Al\u00e9m das fotografias, a exposi\u00e7\u00e3o apresenta artesanatos, descritivos e um QR Code para acessar o <a href=\"https:\/\/www.greenpeace.org\/brasil\/apoie\/marco-temporal-nao\/?utm_source=linkedin&amp;utm_medium=social&amp;utm_campaign=florestas&amp;utm_content=en_20240423_artigo\">abaixo-assinado<\/a>, uma iniciativa contra a tese do Marco Temporal que limita e ataca os direitos \u00e0 terra pelos povos origin\u00e1rios<\/p>\n\n<p><strong>Confira os fot\u00f3grafos da exposi\u00e7\u00e3o:<\/strong><\/p>\n\n<p>\u00b7 \u00a0 \u00a0 \u00a0 Egon Heck<br>\u00b7 \u00a0 \u00a0 \u00a0 Victor Bravo\u00a0<br>\u00b7 \u00a0 \u00a0 \u00a0 Tuane Fernandes<br>\u00b7 \u00a0 \u00a0 \u00a0 Fernanda Ligabue<br>\u00b7 \u00a0 \u00a0 \u00a0 Rog\u00e9rio Assis<br>\u00b7 \u00a0 \u00a0 \u00a0 Cristian Braga<br>\u00b7\u00a0 \u00a0 \u00a0 \u00a0 Valentina Ricardo<br>\u00b7\u00a0 \u00a0 \u00a0 Adriano Machado<br>\u00b7 \u00a0 \u00a0 \u00a0 Diego Baravelli<br>\u00b7 \u00a0 \u00a0 \u00a0 Rafael Vilela<br>\u00b7 \u00a0 \u00a0 \u00a0 Matheus Alves<br>\u00b7 \u00a0 \u00a0 \u00a0 Gian Martins<br>\u00b7 \u00a0 \u00a0 \u00a0 Oliver Kornblihtt<\/p>\n","protected":false},"excerpt":{"rendered":"<p>Registros fotogr\u00e1ficos e hist\u00f3ricos dos 20 anos&nbsp; da maior mobiliza\u00e7\u00e3o dos povos ind\u00edgenas da Am\u00e9rica Latina, o Acampamento Terra Livre (ATL), ser\u00e3o apresentados a partir da pr\u00f3xima segunda-feira (22.04), no&hellip;<\/p>\n","protected":false},"author":116,"featured_media":53718,"comment_status":"closed","ping_status":"closed","sticky":false,"template":"","format":"standard","meta":{"ep_exclude_from_search":false,"p4_og_title":"","p4_og_description":"","p4_og_image":"","p4_og_image_id":"","p4_seo_canonical_url":"","p4_campaign_name":"","p4_local_project":"","p4_basket_name":"","p4_department":"","footnotes":""},"categories":[68],"tags":[43],"p4-page-type":[14],"class_list":["post-53732","post","type-post","status-publish","format-standard","has-post-thumbnail","hentry","category-povos-e-territorios","tag-povos-e-territorios","p4-page-type-imprensa"],"_links":{"self":[{"href":"https:\/\/www.greenpeace.org\/brasil\/wp-json\/wp\/v2\/posts\/53732","targetHints":{"allow":["GET"]}}],"collection":[{"href":"https:\/\/www.greenpeace.org\/brasil\/wp-json\/wp\/v2\/posts"}],"about":[{"href":"https:\/\/www.greenpeace.org\/brasil\/wp-json\/wp\/v2\/types\/post"}],"author":[{"embeddable":true,"href":"https:\/\/www.greenpeace.org\/brasil\/wp-json\/wp\/v2\/users\/116"}],"replies":[{"embeddable":true,"href":"https:\/\/www.greenpeace.org\/brasil\/wp-json\/wp\/v2\/comments?post=53732"}],"version-history":[{"count":1,"href":"https:\/\/www.greenpeace.org\/brasil\/wp-json\/wp\/v2\/posts\/53732\/revisions"}],"predecessor-version":[{"id":53735,"href":"https:\/\/www.greenpeace.org\/brasil\/wp-json\/wp\/v2\/posts\/53732\/revisions\/53735"}],"wp:featuredmedia":[{"embeddable":true,"href":"https:\/\/www.greenpeace.org\/brasil\/wp-json\/wp\/v2\/media\/53718"}],"wp:attachment":[{"href":"https:\/\/www.greenpeace.org\/brasil\/wp-json\/wp\/v2\/media?parent=53732"}],"wp:term":[{"taxonomy":"category","embeddable":true,"href":"https:\/\/www.greenpeace.org\/brasil\/wp-json\/wp\/v2\/categories?post=53732"},{"taxonomy":"post_tag","embeddable":true,"href":"https:\/\/www.greenpeace.org\/brasil\/wp-json\/wp\/v2\/tags?post=53732"},{"taxonomy":"p4-page-type","embeddable":true,"href":"https:\/\/www.greenpeace.org\/brasil\/wp-json\/wp\/v2\/p4-page-type?post=53732"}],"curies":[{"name":"wp","href":"https:\/\/api.w.org\/{rel}","templated":true}]}}