{"id":53737,"date":"2024-07-03T17:17:15","date_gmt":"2024-07-03T20:17:15","guid":{"rendered":"https:\/\/www.greenpeace.org\/brasil\/?p=53737"},"modified":"2024-07-11T17:24:24","modified_gmt":"2024-07-11T20:24:24","slug":"plano-safra-valor-destinado-a-agricultura-familiar-ainda-e-muito-abaixo-do-necessario","status":"publish","type":"post","link":"https:\/\/www.greenpeace.org\/brasil\/imprensa\/plano-safra-valor-destinado-a-agricultura-familiar-ainda-e-muito-abaixo-do-necessario\/","title":{"rendered":"Plano Safra: valor destinado \u00e0 agricultura familiar ainda \u00e9 muito abaixo do necess\u00e1rio"},"content":{"rendered":"\n<p class=\"has-text-align-center\"><em>Greenpeace Brasil alerta que o programa precisa garantir um fluxo relevante de recursos para a produ\u00e7\u00e3o de alimentos e a inclus\u00e3o de produtores rurais familiares e agroecol\u00f3gicos que hoje n\u00e3o conseguem acessar cr\u00e9ditos<\/em><\/p>\n\n<figure class=\"wp-block-image aligncenter size-full\"><img loading=\"lazy\" decoding=\"async\" width=\"936\" height=\"523\" src=\"https:\/\/www.greenpeace.org\/static\/planet4-brasil-stateless\/2024\/07\/dcc5487f-antes-do-prato.webp\" alt=\"\" class=\"wp-image-53738\" srcset=\"https:\/\/www.greenpeace.org\/static\/planet4-brasil-stateless\/2024\/07\/dcc5487f-antes-do-prato.webp 936w, https:\/\/www.greenpeace.org\/static\/planet4-brasil-stateless\/2024\/07\/dcc5487f-antes-do-prato-300x168.webp 300w, https:\/\/www.greenpeace.org\/static\/planet4-brasil-stateless\/2024\/07\/dcc5487f-antes-do-prato-768x429.webp 768w, https:\/\/www.greenpeace.org\/static\/planet4-brasil-stateless\/2024\/07\/dcc5487f-antes-do-prato-510x285.webp 510w\" sizes=\"auto, (max-width: 936px) 100vw, 936px\" \/><figcaption class=\"wp-element-caption\">Foto do document\u00e1rio &#8220;Antes do Prato&#8221;<\/figcaption><\/figure>\n\n<p>O governo federal anunciou o novo Plano Safra, programa do governo federal de apoio \u00e0 produ\u00e7\u00e3o agropecu\u00e1ria no Brasil para o ciclo de 2024\/2025. Apesar de um aumento de cerca de 6% no valor destinado \u00e0 agricultura familiar, o cr\u00e9dito ainda \u00e9 insuficiente e muito inferior ao do agroneg\u00f3cio, que concentra em torno de 85% do cr\u00e9dito total.&nbsp;<\/p>\n\n<p>A coordenadora de Agroecologia do Greenpeace Brasil, Mariana Campos, afirma que o Plano Safra precisa garantir um fluxo relevante de recursos e ampliar sua cobertura para garantir a inclus\u00e3o de produtores rurais familiares e agroecol\u00f3gicos que hoje n\u00e3o conseguem acessar o programa.&nbsp;<\/p>\n\n<p>\u201cPara surpresa de ningu\u00e9m, o volume destinado \u00e0 agricultura familiar no Plano Safra 24\/25 continua gigantescamente desigual ao destinado ao agroneg\u00f3cio. Se \u00e9 a agricultura familiar quem gera emprego e renda no campo e garante a produ\u00e7\u00e3o de comida saud\u00e1vel e sustent\u00e1vel para a popula\u00e7\u00e3o brasileira, por que a atividade s\u00f3 recebe cerca de 15% do financiamento da produ\u00e7\u00e3o agr\u00edcola? N\u00e3o \u00e9 justo\u201d, diz Campos.&nbsp;<\/p>\n\n<p>Recursos totais do Plano Safra 2024\/2025:<\/p>\n\n<ul class=\"wp-block-list\">\n<li><strong>Plano Safra da agricultura empresarial: previs\u00e3o de R$400,58<\/strong> <strong>bilh\u00f5es de cr\u00e9dito (<\/strong>R$293,88 bi para custeio e comercializa\u00e7\u00e3o e R$ 106,7 bi para investimentos), uma alta de 9,98% em rela\u00e7\u00e3o ao ciclo 23\/24 (364,22 bilh\u00f5es) &#8211; o valor foi adiantado pelo ministro Carlos F\u00e1varo;<\/li>\n<\/ul>\n\n<ul class=\"wp-block-list\">\n<li><strong>Plano Safra da agricultura familiar: R$ 76 bilh\u00f5es de cr\u00e9dito<\/strong>, uma alta de 6,14% comparados ao ciclo 23\/24 (R$ 71,6 bi).<\/li>\n<\/ul>\n\n<p><strong>Ampliar o alcance&nbsp;<\/strong><\/p>\n\n<p>A agricultura familiar corresponde a mais de 75% dos estabelecimentos rurais do Brasil e representa quase um quarto da produ\u00e7\u00e3o agropecu\u00e1ria nacional (dados do \u00faltimo Censo Agropecu\u00e1rio do IBGE), mas apenas 15% dos agricultores familiares obt\u00eam cr\u00e9dito rural.<\/p>\n\n<p>\u201cO Plano Safra \u00e9 essencial para investir na agricultura familiar e \u00e9 uma forma de incentivar a cria\u00e7\u00e3o de oportunidades de trabalho, de apropria\u00e7\u00e3o de renda \u00e0s fam\u00edlias envolvidas e de estimular o protagonismo feminino. No entanto, apenas <a href=\"https:\/\/www.climatepolicyinitiative.org\/pt-br\/publication\/agricultura-familiar-brasileira-desigualdades-no-acesso-ao-credito\/\">15% dos agricultores e agricultoras familiares<\/a> acessam cr\u00e9dito no Brasil por causa de entraves ao acessar o programa, seja pela morosidade na contrata\u00e7\u00e3o de cr\u00e9dito rural, na libera\u00e7\u00e3o do recurso, no excesso de documentos e garantias exigidas, no desconhecimento das normas do programa, entre outros problemas. Isso desestimula a agricultura familiar que, geralmente, j\u00e1 enfrenta muitas dificuldades\u201d, explica Campos.<\/p>\n\n<p>Al\u00e9m de contarem com menos recursos e terem acesso mais restrito a servi\u00e7os financeiros, os produtores familiares s\u00e3o tamb\u00e9m os mais vulner\u00e1veis \u00e0s mudan\u00e7as clim\u00e1ticas e aos eventos extremos, cada vez mais frequentes no Brasil.&nbsp;<\/p>\n\n<p><strong>Cr\u00e9dito Rural precisa de maior rigor<\/strong><\/p>\n\n<p>Um dos instrumentos do Plano Safra \u00e9 o cr\u00e9dito rural, uma linha de cr\u00e9dito em que bancos p\u00fablicos e privados emprestam dinheiro ao setor agropecu\u00e1rio com uma taxa reduzida.&nbsp;<\/p>\n\n<p>A coordenadora da frente de Desmatamento do Greenpeace Brasil, Cristiane Mazzetti, explica que o cr\u00e9dito rural pode ser uma importante ferramenta de fomento \u00e0 produ\u00e7\u00e3o de alimentos e para incentivar melhorias na agricultura de maneira a reduzir seu impacto ambiental, mas \u00e9 preciso aumentar o rigor nas normas de concess\u00e3o do cr\u00e9dito rural para separar agricultores de criminosos ambientais.<br><br>\u201cA forma como os recursos do Plano Safra s\u00e3o usados \u00e9 assunto de interesse de todos n\u00f3s, j\u00e1 que o dinheiro vem do or\u00e7amento p\u00fablico, ou seja, dos impostos que pagamos e de recursos que os bancos devem obrigatoriamente destinar \u00e0 agropecu\u00e1ria como cr\u00e9dito rural. Em <a href=\"https:\/\/www.greenpeace.org\/brasil\/apoie\/relatorio-bancando-a-extincao\/\">estudo recente, o Greenpeace Brasil mostrou que o cr\u00e9dito rural<\/a>, instrumento do Plano Safra, tem financiado im\u00f3veis rurais envolvidos com desmatamento, grilagem e outras irregularidades. Esses recursos n\u00e3o podem chegar a desmatadores; eles precisam financiar quem produz comida de verdade e quem adota pr\u00e1ticas realmente sustent\u00e1veis de produ\u00e7\u00e3o\u201d, alerta Mazzetti.<br><br>Acesse aqui o relat\u00f3rio<a href=\"https:\/\/www.greenpeace.org\/static\/planet4-brasil-stateless\/2024\/04\/c9bc8bff-bancando-a-extincao-digital-10_4-24.pdf\"> \u201cBancando a Extin\u00e7\u00e3o: bancos e investidores como s\u00f3cios do desmatamento\u201d<\/a>, que apresenta casos em que o cr\u00e9dito rural foi destinado para \u00e1reas com irregularidades na Amaz\u00f4nia.<\/p>\n","protected":false},"excerpt":{"rendered":"<p>Greenpeace Brasil alerta que o programa precisa garantir um fluxo relevante de recursos para a produ\u00e7\u00e3o de alimentos e a inclus\u00e3o de produtores rurais familiares e agroecol\u00f3gicos que hoje n\u00e3o&hellip;<\/p>\n","protected":false},"author":116,"featured_media":53738,"comment_status":"closed","ping_status":"closed","sticky":false,"template":"","format":"standard","meta":{"ep_exclude_from_search":false,"p4_og_title":"","p4_og_description":"","p4_og_image":"","p4_og_image_id":"","p4_seo_canonical_url":"","p4_campaign_name":"","p4_local_project":"","p4_basket_name":"","p4_department":"","footnotes":""},"categories":[69],"tags":[18],"p4-page-type":[14],"class_list":["post-53737","post","type-post","status-publish","format-standard","has-post-thumbnail","hentry","category-agroecologia","tag-agroecologia","p4-page-type-imprensa"],"_links":{"self":[{"href":"https:\/\/www.greenpeace.org\/brasil\/wp-json\/wp\/v2\/posts\/53737","targetHints":{"allow":["GET"]}}],"collection":[{"href":"https:\/\/www.greenpeace.org\/brasil\/wp-json\/wp\/v2\/posts"}],"about":[{"href":"https:\/\/www.greenpeace.org\/brasil\/wp-json\/wp\/v2\/types\/post"}],"author":[{"embeddable":true,"href":"https:\/\/www.greenpeace.org\/brasil\/wp-json\/wp\/v2\/users\/116"}],"replies":[{"embeddable":true,"href":"https:\/\/www.greenpeace.org\/brasil\/wp-json\/wp\/v2\/comments?post=53737"}],"version-history":[{"count":1,"href":"https:\/\/www.greenpeace.org\/brasil\/wp-json\/wp\/v2\/posts\/53737\/revisions"}],"predecessor-version":[{"id":53739,"href":"https:\/\/www.greenpeace.org\/brasil\/wp-json\/wp\/v2\/posts\/53737\/revisions\/53739"}],"wp:featuredmedia":[{"embeddable":true,"href":"https:\/\/www.greenpeace.org\/brasil\/wp-json\/wp\/v2\/media\/53738"}],"wp:attachment":[{"href":"https:\/\/www.greenpeace.org\/brasil\/wp-json\/wp\/v2\/media?parent=53737"}],"wp:term":[{"taxonomy":"category","embeddable":true,"href":"https:\/\/www.greenpeace.org\/brasil\/wp-json\/wp\/v2\/categories?post=53737"},{"taxonomy":"post_tag","embeddable":true,"href":"https:\/\/www.greenpeace.org\/brasil\/wp-json\/wp\/v2\/tags?post=53737"},{"taxonomy":"p4-page-type","embeddable":true,"href":"https:\/\/www.greenpeace.org\/brasil\/wp-json\/wp\/v2\/p4-page-type?post=53737"}],"curies":[{"name":"wp","href":"https:\/\/api.w.org\/{rel}","templated":true}]}}