{"id":5383,"date":"2018-10-19T10:33:44","date_gmt":"2018-10-19T13:33:44","guid":{"rendered":"https:\/\/www.greenpeace.org\/brasil\/?p=5383"},"modified":"2024-05-24T14:57:18","modified_gmt":"2024-05-24T17:57:18","slug":"as-arvores-somos-nozes-03-eleicoes-2018-o-que-e-ativismo-pra-voce","status":"publish","type":"post","link":"https:\/\/www.greenpeace.org\/brasil\/podcast\/as-arvores-somos-nozes-03-eleicoes-2018-o-que-e-ativismo-pra-voce\/","title":{"rendered":"As \u00c1rvores Somos Nozes 03 &#8211; Elei\u00e7\u00f5es 2018: O que \u00e9 ativismo pra voc\u00ea?"},"content":{"rendered":"\n<iframe loading=\"lazy\" src=\"https:\/\/anchor.fm\/as-arvores\/embed\/episodes\/03---Eleies-2018-O-que--ativismo-pra-voc-ep7s36\" height=\"120px\" width=\"700px\" frameborder=\"0\" scrolling=\"no\"><\/iframe>\n\n<p><a href=\"https:\/\/api.soundcloud.com\/tracks\/516685806\/download?client_id=LBCcHmRB8XSStWL6wKH2HPACspQlXg2P\">Baixe o epis\u00f3dio<\/a> | <a href=\"http:\/\/feeds.feedburner.com\/asarvores\">Assine o feed<\/a> | <a href=\"https:\/\/open.spotify.com\/show\/51FYxkzZ0DPPUtd87T01ny\">Ou\u00e7a no Spotify<\/a> | <a href=\"https:\/\/itunes.apple.com\/br\/podcast\/as-%C3%A1rvores-somos-nozes\/id1436750884?mt=2#\">Ou\u00e7a no iOS<\/a> | <a href=\"https:\/\/subscribeonandroid.com\/feeds.feedburner.com\/asarvores\">Ou\u00e7a no Android<\/a><\/p>\n\n<p>O Greenpeace est\u00e1 h\u00e1 26 anos no Brasil fazendo ativismo para proteger o meio ambiente, acabar com o desmatamento, incentivar energias renov\u00e1veis e reduzir a quantidade de veneno na nossa comida. Se voc\u00ea se mobiliza para construir um mundo melhor, voc\u00ea tamb\u00e9m \u00e9 ativista! \ud83d\ude42<\/p>\n\n<p>Mas afinal, o que \u00e9 ativismo? O que \u00e9 ser ativista? Qual \u00e9 a import\u00e2ncia do ativismo para a democracia e para a constru\u00e7\u00e3o de um mundo melhor? E o ativismo nestas elei\u00e7\u00f5es? Qual \u00e9 o impacto das mobiliza\u00e7\u00f5es nas ruas e nas redes?<\/p>\n\n<p>Discutimos essas e outras quest\u00f5es no terceiro epis\u00f3dio do nosso podcast, &#8220;As \u00c1rvores Somos Nozes&#8221;, um bate papo em \u00e1udio que voc\u00ea pode ouvir quando quiser. Nossos convidados s\u00e3o <strong>Bruno Torturra<\/strong>, jornalista e ativista, e <strong>Carolina Mar\u00e7al<\/strong>, da campanha da Amaz\u00f4nia do Greenpeace Brasil.<\/p>\n\n<p>Cr\u00e9ditos:<\/p>\n\n<ul class=\"wp-block-list\"><li>Apresenta\u00e7\u00e3o: Paulina Chamorro<\/li><li>Produ\u00e7\u00e3o: Camila Doretto<\/li><li>Sound Design e edi\u00e7\u00e3o: Compasso Coolab<\/li><li>Trilha original: Marcellus Meirelles e Alexandre Luppi<\/li><li>Coordena\u00e7\u00e3o art\u00edstica: Raquel Zorzi<\/li><\/ul>\n\n<p><a href=\"https:\/\/www.greenpeace.org\/brasil\/podcast\/as-arvores-somos-nozes-02-eleicoes-2018-os-ruralistas-sao-agrotoxicos\/\">&lt;&lt; Ou\u00e7a o epis\u00f3dio anterior<\/a><\/p>\n\n<p><a href=\"https:\/\/www.greenpeace.org\/brasil\/podcast\/as-arvores-somos-nozes-04-eleicoes-2018-como-lidar-com-boatos-fake-news-e-desinformacao\/\">Ou\u00e7a o pr\u00f3ximo epis\u00f3dio &gt;&gt;<\/a><\/p>\n","protected":false},"excerpt":{"rendered":"<p>Mas afinal, o que \u00e9 ativismo? O que \u00e9 ser ativista? Qual \u00e9 a import\u00e2ncia do ativismo para a democracia e para a constru\u00e7\u00e3o de um mundo melhor? <\/p>\n","protected":false},"author":28,"featured_media":5386,"comment_status":"open","ping_status":"closed","sticky":false,"template":"","format":"standard","meta":{"ep_exclude_from_search":false,"p4_og_title":"","p4_og_description":"","p4_og_image":"","p4_og_image_id":"","p4_seo_canonical_url":"","p4_campaign_name":"not set","p4_local_project":"not set","p4_basket_name":"not set","p4_department":"","footnotes":""},"categories":[5],"tags":[8,23],"p4-page-type":[28],"class_list":["post-5383","post","type-post","status-publish","format-standard","has-post-thumbnail","hentry","category-greenpeace","tag-resista","tag-mobilizacao","p4-page-type-podcast"],"_links":{"self":[{"href":"https:\/\/www.greenpeace.org\/brasil\/wp-json\/wp\/v2\/posts\/5383","targetHints":{"allow":["GET"]}}],"collection":[{"href":"https:\/\/www.greenpeace.org\/brasil\/wp-json\/wp\/v2\/posts"}],"about":[{"href":"https:\/\/www.greenpeace.org\/brasil\/wp-json\/wp\/v2\/types\/post"}],"author":[{"embeddable":true,"href":"https:\/\/www.greenpeace.org\/brasil\/wp-json\/wp\/v2\/users\/28"}],"replies":[{"embeddable":true,"href":"https:\/\/www.greenpeace.org\/brasil\/wp-json\/wp\/v2\/comments?post=5383"}],"version-history":[{"count":10,"href":"https:\/\/www.greenpeace.org\/brasil\/wp-json\/wp\/v2\/posts\/5383\/revisions"}],"predecessor-version":[{"id":52949,"href":"https:\/\/www.greenpeace.org\/brasil\/wp-json\/wp\/v2\/posts\/5383\/revisions\/52949"}],"wp:featuredmedia":[{"embeddable":true,"href":"https:\/\/www.greenpeace.org\/brasil\/wp-json\/wp\/v2\/media\/5386"}],"wp:attachment":[{"href":"https:\/\/www.greenpeace.org\/brasil\/wp-json\/wp\/v2\/media?parent=5383"}],"wp:term":[{"taxonomy":"category","embeddable":true,"href":"https:\/\/www.greenpeace.org\/brasil\/wp-json\/wp\/v2\/categories?post=5383"},{"taxonomy":"post_tag","embeddable":true,"href":"https:\/\/www.greenpeace.org\/brasil\/wp-json\/wp\/v2\/tags?post=5383"},{"taxonomy":"p4-page-type","embeddable":true,"href":"https:\/\/www.greenpeace.org\/brasil\/wp-json\/wp\/v2\/p4-page-type?post=5383"}],"curies":[{"name":"wp","href":"https:\/\/api.w.org\/{rel}","templated":true}]}}