{"id":53993,"date":"2024-08-09T17:12:23","date_gmt":"2024-08-09T20:12:23","guid":{"rendered":"https:\/\/www.greenpeace.org\/brasil\/?p=53993"},"modified":"2024-08-16T15:20:53","modified_gmt":"2024-08-16T18:20:53","slug":"dia-do-fogo-completa-cinco-anos-e-propriedades-que-receberam-financiamento-seguem-impunes","status":"publish","type":"post","link":"https:\/\/www.greenpeace.org\/brasil\/blog\/dia-do-fogo-completa-cinco-anos-e-propriedades-que-receberam-financiamento-seguem-impunes\/","title":{"rendered":"Dia do Fogo completa cinco anos e propriedades que receberam financiamento seguem impunes"},"content":{"rendered":"\n<p>Greenpeace Brasil revisitou as 478 propriedades onde foram identificados focos de fogo durante os dias 10 e 11 de agosto de 2019.<\/p>\n\n<figure class=\"wp-block-image size-large\"><img loading=\"lazy\" decoding=\"async\" width=\"1024\" height=\"684\" src=\"https:\/\/www.greenpeace.org\/static\/planet4-brasil-stateless\/2024\/08\/ded573b8-gp1suaph_medium-res-with-credit-line-1200px-1024x684.jpg\" alt=\"\" class=\"wp-image-53994\" srcset=\"https:\/\/www.greenpeace.org\/static\/planet4-brasil-stateless\/2024\/08\/ded573b8-gp1suaph_medium-res-with-credit-line-1200px-1024x684.jpg 1024w, https:\/\/www.greenpeace.org\/static\/planet4-brasil-stateless\/2024\/08\/ded573b8-gp1suaph_medium-res-with-credit-line-1200px-300x200.jpg 300w, https:\/\/www.greenpeace.org\/static\/planet4-brasil-stateless\/2024\/08\/ded573b8-gp1suaph_medium-res-with-credit-line-1200px-768x513.jpg 768w, https:\/\/www.greenpeace.org\/static\/planet4-brasil-stateless\/2024\/08\/ded573b8-gp1suaph_medium-res-with-credit-line-1200px-510x340.jpg 510w, https:\/\/www.greenpeace.org\/static\/planet4-brasil-stateless\/2024\/08\/ded573b8-gp1suaph_medium-res-with-credit-line-1200px.jpg 1200w\" sizes=\"auto, (max-width: 1024px) 100vw, 1024px\" \/><figcaption class=\"wp-element-caption\">Localizada em Altamira (PA), a fazenda Bacuri apresentou focos de calor entre os dias 10 e 29 de agosto de 2019. <br>\u00a9 Christian Braga \/ Greenpeace<\/figcaption><\/figure>\n\n<p>Era agosto de 2019 e a Amaz\u00f4nia enfrentava um n\u00famero recorde de queimadas. O Brasil e o mundo estavam prestes a testemunhar, no estado do Par\u00e1, um evento supostamente organizado por fazendeiros locais e propriet\u00e1rios de terra que ficou conhecido como o \u201cDia do Fogo\u201d. A a\u00e7\u00e3o criminosa contou com um grande n\u00famero intencional de queimadas na regi\u00e3o, em meio \u00e0 um contexto, na \u00e9poca, de enfraquecimento da gest\u00e3o ambiental no pa\u00eds.<\/p>\n\n<p>As autoridades brasileiras buscaram a identifica\u00e7\u00e3o dos supostos respons\u00e1veis por esses inc\u00eandios criminosos, mas as investiga\u00e7\u00f5es n\u00e3o resultaram em pris\u00f5es at\u00e9 hoje. Em 2020, o Greenpeace Brasil elaborou o estudo de caso \u201c<a href=\"https:\/\/www.greenpeace.org\/brasil\/florestas\/dia-do-fogo-completa-um-ano-com-legado-de-impunidade\/#:~:text=Durante%20os%20dias%2010%20e,para%20atear%20fogo%20na%20Amaz%C3%B4nia\"><strong>O Dia do Fogo: Um ano depois!<\/strong><\/a>\u201d trazendo um levantamento sobre \u00e1reas de cadastros ambientais rurais e \u00e1reas embargadas envolvidas no evento.<\/p>\n\n<figure class=\"wp-block-image size-large\"><img loading=\"lazy\" decoding=\"async\" width=\"723\" height=\"1024\" src=\"https:\/\/www.greenpeace.org\/static\/planet4-brasil-stateless\/2024\/08\/09b1b39a-mapa_01_v4_reduced-723x1024.jpg\" alt=\"\" class=\"wp-image-54143\" srcset=\"https:\/\/www.greenpeace.org\/static\/planet4-brasil-stateless\/2024\/08\/09b1b39a-mapa_01_v4_reduced-723x1024.jpg 723w, https:\/\/www.greenpeace.org\/static\/planet4-brasil-stateless\/2024\/08\/09b1b39a-mapa_01_v4_reduced-212x300.jpg 212w, https:\/\/www.greenpeace.org\/static\/planet4-brasil-stateless\/2024\/08\/09b1b39a-mapa_01_v4_reduced-768x1088.jpg 768w, https:\/\/www.greenpeace.org\/static\/planet4-brasil-stateless\/2024\/08\/09b1b39a-mapa_01_v4_reduced-964x1366.jpg 964w, https:\/\/www.greenpeace.org\/static\/planet4-brasil-stateless\/2024\/08\/09b1b39a-mapa_01_v4_reduced-240x340.jpg 240w, https:\/\/www.greenpeace.org\/static\/planet4-brasil-stateless\/2024\/08\/09b1b39a-mapa_01_v4_reduced.jpg 1059w\" sizes=\"auto, (max-width: 723px) 100vw, 723px\" \/><\/figure>\n\n<p>Ao longo desses anos, um sentimento pairou em todos n\u00f3s de que existe uma carta branca da impunidade para os supostos respons\u00e1veis por essa mobiliza\u00e7\u00e3o. No documento\u00a0<a href=\"https:\/\/www.greenpeace.org\/static\/planet4-brasil-stateless\/2024\/08\/05310857-greenpeace-brasil-dia-do-fogo_-anos-mais-tarde-2024-ext.pdf\" target=\"_blank\" rel=\"noreferrer noopener\">\u201cDia do Fogo: Cinco anos mais tarde!\u201d<\/a>, o Greenpeace Brasil revisitou as 478 propriedades onde foram identificados focos de fogo durante os dias 10 e 11 de agosto de 2019 e constatou que essas fazendas seguem com altos \u00edndices de desmatamento e queimadas recorrentes, al\u00e9m de algumas delas terem obtido recursos do cr\u00e9dito rural, instrumento da pol\u00edtica agr\u00edcola brasileira.<\/p>\n\n<h2 class=\"wp-block-heading\" style=\"font-size:24px\"><strong>Alguns fatos que merecem nossa aten\u00e7\u00e3o<\/strong><\/h2>\n\n<p>Nos 478 im\u00f3veis analisados:<\/p>\n\n<div class=\"wp-block-columns force-no-lightbox is-layout-flex wp-container-core-columns-is-layout-9d6595d7 wp-block-columns-is-layout-flex\">\n<div class=\"wp-block-column force-no-lightbox is-layout-flow wp-block-column-is-layout-flow\" style=\"flex-basis:25%\">\n<figure class=\"wp-block-image alignright size-full is-resized force-no-lightbox\"><img loading=\"lazy\" decoding=\"async\" width=\"658\" height=\"469\" src=\"https:\/\/www.greenpeace.org\/static\/planet4-brasil-stateless\/2024\/04\/48ab9f10-2_dinheiro.png\" title=\"\u00edcone - dinheiro\" alt=\"\u00edcone - dinheiro\" class=\"wp-image-52215\" style=\"width:171px;height:auto\" srcset=\"https:\/\/www.greenpeace.org\/static\/planet4-brasil-stateless\/2024\/04\/48ab9f10-2_dinheiro.png 658w, https:\/\/www.greenpeace.org\/static\/planet4-brasil-stateless\/2024\/04\/48ab9f10-2_dinheiro-300x214.png 300w, https:\/\/www.greenpeace.org\/static\/planet4-brasil-stateless\/2024\/04\/48ab9f10-2_dinheiro-477x340.png 477w\" sizes=\"auto, (max-width: 658px) 100vw, 658px\" \/><\/figure>\n<\/div>\n\n\n\n<div class=\"wp-block-column is-layout-flow wp-block-column-is-layout-flow\" style=\"flex-basis:66.66%\">\n<p>65,2% dos im\u00f3veis foram embargados por diversas infra\u00e7\u00f5es, mas apenas 10,47% por uso ilegal do fogo, o que demonstra uma subnotifica\u00e7\u00e3o neste caso. Tamb\u00e9m, foram identificadas 662 multas que totalizam R$ 1.277.113.955,90, onde apenas R$ 41.380,00 foram pagas, denotando a impunidade que perpassa esses crimes ambientais.<\/p>\n<\/div>\n<\/div>\n\n<div class=\"wp-block-columns is-layout-flex wp-container-core-columns-is-layout-9d6595d7 wp-block-columns-is-layout-flex\">\n<div class=\"wp-block-column is-layout-flow wp-block-column-is-layout-flow\" style=\"flex-basis:66.66%\">\n<p>Foram registrados 206.083 mil hectares de desmatamento entre os anos de 2008 e 2023 da s\u00e9rie hist\u00f3rica de desmatamento do PRODES, sendo que o \u00e1pice do desmatamento foi justamente o ano de 2019. Os 478 im\u00f3veis analisados queimaram e continuaram registrando focos de calor e cicatrizes de \u00e1rea queimada ao longo dos \u00faltimos anos.<\/p>\n<\/div>\n\n\n\n<div class=\"wp-block-column is-layout-flow wp-block-column-is-layout-flow\" style=\"flex-basis:25%\">\n<figure class=\"wp-block-image alignleft size-full is-resized force-no-lightbox\"><img loading=\"lazy\" decoding=\"async\" width=\"581\" height=\"618\" src=\"https:\/\/www.greenpeace.org\/static\/planet4-brasil-stateless\/2024\/04\/c4859e6c-3_data.png\" title=\"\u00edcone - per\u00edodo\" alt=\"\u00edcone - per\u00edodo\" class=\"wp-image-52216\" style=\"width:137px;height:auto\" srcset=\"https:\/\/www.greenpeace.org\/static\/planet4-brasil-stateless\/2024\/04\/c4859e6c-3_data.png 581w, https:\/\/www.greenpeace.org\/static\/planet4-brasil-stateless\/2024\/04\/c4859e6c-3_data-282x300.png 282w, https:\/\/www.greenpeace.org\/static\/planet4-brasil-stateless\/2024\/04\/c4859e6c-3_data-320x340.png 320w\" sizes=\"auto, (max-width: 581px) 100vw, 581px\" \/><\/figure>\n<\/div>\n<\/div>\n\n<h2 class=\"wp-block-heading\" style=\"font-size:32px\">Cicatrizes de fogo em im\u00f3veis rurais analisados<\/h2>\n\n<div style=\"min-height:388px\" id=\"datawrapper-vis-J1XHj\"><script type=\"text\/javascript\" defer src=\"https:\/\/datawrapper.dwcdn.net\/J1XHj\/embed.js\" charset=\"utf-8\" data-target=\"#datawrapper-vis-J1XHj\"><\/script><noscript><img decoding=\"async\" src=\"https:\/\/datawrapper.dwcdn.net\/J1XHj\/full.png\" alt=\"\" \/><\/noscript><\/div>\n\n<div style=\"height:60px\" aria-hidden=\"true\" class=\"wp-block-spacer\"><\/div>\n\n<div class=\"wp-block-columns force-no-lightbox is-layout-flex wp-container-core-columns-is-layout-9d6595d7 wp-block-columns-is-layout-flex\">\n<div class=\"wp-block-column is-layout-flow wp-block-column-is-layout-flow\" style=\"flex-basis:25%\">\n<figure class=\"wp-block-image alignright size-full is-resized force-no-lightbox\"><img loading=\"lazy\" decoding=\"async\" width=\"704\" height=\"598\" src=\"https:\/\/www.greenpeace.org\/static\/planet4-brasil-stateless\/2024\/04\/4cd2cc19-4_animais.png\" alt=\"\" class=\"wp-image-52217\" style=\"width:145px;height:auto\" srcset=\"https:\/\/www.greenpeace.org\/static\/planet4-brasil-stateless\/2024\/04\/4cd2cc19-4_animais.png 704w, https:\/\/www.greenpeace.org\/static\/planet4-brasil-stateless\/2024\/04\/4cd2cc19-4_animais-300x255.png 300w, https:\/\/www.greenpeace.org\/static\/planet4-brasil-stateless\/2024\/04\/4cd2cc19-4_animais-400x340.png 400w\" sizes=\"auto, (max-width: 704px) 100vw, 704px\" \/><\/figure>\n<\/div>\n\n\n\n<div class=\"wp-block-column is-layout-flow wp-block-column-is-layout-flow\" style=\"flex-basis:66.66%\">\n<p>Houve uma r\u00e1pida expans\u00e3o da agropecu\u00e1ria entre 2018-2022. A \u00e1rea de pastagem cresceu 30,8% enquanto a de agricultura quase 55%.&nbsp;<\/p>\n<\/div>\n<\/div>\n\n<div class=\"wp-block-columns force-no-lightbox is-layout-flex wp-container-core-columns-is-layout-9d6595d7 wp-block-columns-is-layout-flex\">\n<div class=\"wp-block-column is-layout-flow wp-block-column-is-layout-flow\" style=\"flex-basis:66.66%\">\n<p>Existem 106.594 mil hectares sobrepostos a \u00e1reas de Florestas P\u00fablicas N\u00e3o Destinadas (FPND), que s\u00e3o aquelas pertencentes \u00e0 Uni\u00e3o ou aos estados, mas ainda n\u00e3o destinadas para conserva\u00e7\u00e3o ou uso sustent\u00e1vel. A sobreposi\u00e7\u00e3o entre os Cadastros Ambientais Rurais (CAR) dessas propriedades e FPND \u00e9 um primeiro ind\u00edcio de grilagem de terras. Nessas \u00e1reas de FPND, entre agosto de 2018 e julho de 2023 uma extens\u00e3o maior que a \u00e1rea urbanizada de Bel\u00e9m-PA foi desmatada.<\/p>\n<\/div>\n\n\n\n<div class=\"wp-block-column is-layout-flow wp-block-column-is-layout-flow\" style=\"flex-basis:25%\">\n<figure class=\"wp-block-image alignleft size-full is-resized force-no-lightbox\"><img loading=\"lazy\" decoding=\"async\" width=\"617\" height=\"729\" src=\"https:\/\/www.greenpeace.org\/static\/planet4-brasil-stateless\/2024\/04\/25988d1b-6_lavoura.png\" title=\"\u00edcone - plantio\" alt=\"\u00edcone - plantio\" class=\"wp-image-52239\" style=\"width:121px;height:auto\" srcset=\"https:\/\/www.greenpeace.org\/static\/planet4-brasil-stateless\/2024\/04\/25988d1b-6_lavoura.png 617w, https:\/\/www.greenpeace.org\/static\/planet4-brasil-stateless\/2024\/04\/25988d1b-6_lavoura-254x300.png 254w, https:\/\/www.greenpeace.org\/static\/planet4-brasil-stateless\/2024\/04\/25988d1b-6_lavoura-288x340.png 288w\" sizes=\"auto, (max-width: 617px) 100vw, 617px\" \/><\/figure>\n<\/div>\n<\/div>\n\n<figure class=\"wp-block-image size-large\"><img loading=\"lazy\" decoding=\"async\" width=\"1024\" height=\"576\" src=\"https:\/\/www.greenpeace.org\/static\/planet4-brasil-stateless\/2024\/08\/7d6fd9a6-fpnd_diadofogo_planet-1024x576.jpg\" title=\"Propriedade relacionada ao Dia do Fogo: Floresta P\u00fablica N\u00e3o Destinada com desmatamento e fogo. Fonte: Elaborado por Greenpeace Brasil (2024) com base nas informa\u00e7\u00f5es de Planet (2022); SICAR (2020); SFB (2022).\" alt=\"Propriedade relacionada ao Dia do Fogo: Floresta P\u00fablica N\u00e3o Destinada com desmatamento e fogo. Fonte: Elaborado por Greenpeace Brasil (2024) com base nas informa\u00e7\u00f5es de Planet (2022); SICAR (2020); SFB (2022).\" class=\"wp-image-54140\" srcset=\"https:\/\/www.greenpeace.org\/static\/planet4-brasil-stateless\/2024\/08\/7d6fd9a6-fpnd_diadofogo_planet-1024x576.jpg 1024w, https:\/\/www.greenpeace.org\/static\/planet4-brasil-stateless\/2024\/08\/7d6fd9a6-fpnd_diadofogo_planet-300x169.jpg 300w, https:\/\/www.greenpeace.org\/static\/planet4-brasil-stateless\/2024\/08\/7d6fd9a6-fpnd_diadofogo_planet-768x432.jpg 768w, https:\/\/www.greenpeace.org\/static\/planet4-brasil-stateless\/2024\/08\/7d6fd9a6-fpnd_diadofogo_planet-510x287.jpg 510w, https:\/\/www.greenpeace.org\/static\/planet4-brasil-stateless\/2024\/08\/7d6fd9a6-fpnd_diadofogo_planet.jpg 1280w\" sizes=\"auto, (max-width: 1024px) 100vw, 1024px\" \/><figcaption class=\"wp-element-caption\">Propriedade relacionada ao Dia do Fogo: Floresta P\u00fablica N\u00e3o Destinada com desmatamento e fogo. Fonte: Elaborado por Greenpeace Brasil (2024) com base nas informa\u00e7\u00f5es de Planet (2022); SICAR (2020); SFB (2022).<\/figcaption><\/figure>\n\n<div class=\"wp-block-columns force-no-lightbox is-layout-flex wp-container-core-columns-is-layout-9d6595d7 wp-block-columns-is-layout-flex\">\n<div class=\"wp-block-column is-layout-flow wp-block-column-is-layout-flow\" style=\"flex-basis:100%\">\n<p>29 propriedades acessaram recursos do cr\u00e9dito rural, totalizando 127 transa\u00e7\u00f5es e um montante de R$ 201.418.002,16. A maior parte dessas opera\u00e7\u00f5es, 74%, tiveram a finalidade de aquisi\u00e7\u00e3o, cria\u00e7\u00e3o e manuten\u00e7\u00e3o de bovinos, uma soma de R$ 134.473.688,80. Isso sinaliza a necessidade de maior controle na concess\u00e3o de cr\u00e9dito para a atividade pecu\u00e1ria.<\/p>\n<\/div>\n<\/div>\n\n<p class=\"has-action-yellow-background-color has-background\"><strong><strong>Bancos podem estar emprestando o seu dinheiro para financiar atividades que desmatam e queimam a Amaz\u00f4nia. As institui\u00e7\u00f5es financeiras tamb\u00e9m s\u00e3o parte do problema! Elas precisam aumentar o rigor das regras na concess\u00e3o de cr\u00e9dito e estabelecer o monitoramento cont\u00ednuo das \u00e1reas financiadas para garantir que os recursos n\u00e3o estejam contribuindo para o dano ambiental.<\/strong><\/strong><\/p>\n\n<p>\u201c<em>\u00c9 injusto que propriet\u00e1rios que desmataram e queimaram enormes \u00e1reas, inclusive florestas p\u00fablicas, tenham acessado recursos do cr\u00e9dito rural, que conta com o nosso dinheiro, enquanto, em alguns casos, devem grandes montantes em multas ambientais. \u00c9 necess\u00e1rio que os bancos neguem cr\u00e9dito para o agroneg\u00f3cio que fez uso do fogo de maneira criminosa, como o visto do Dia do Fogo<\/em>\u201d, comenta Thais Bannwart, porta-voz de Florestas do Greenpeace Brasil.<\/p>\n\n<p>No relat\u00f3rio <a href=\"https:\/\/www.greenpeace.org\/brasil\/apoie\/relatorio-bancando-a-extincao\/\">\u201c<strong>Bancando a Extin\u00e7\u00e3o<\/strong>\u201d<\/a>, o Greenpeace apresentou uma s\u00e9rie de demandas \u00e0s institui\u00e7\u00f5es financeiras, incluindo o Banco do Brasil, e a situa\u00e7\u00e3o acima refor\u00e7a a import\u00e2ncia da r\u00e1pida ado\u00e7\u00e3o das demandas, com destaque para:&nbsp;<\/p>\n\n<ul class=\"wp-block-list\">\n<li style=\"font-size:18px\">Os bancos devem verificar antes da concess\u00e3o do cr\u00e9dito e periodicamente o cumprimento dos crit\u00e9rios socioambientais e se, constatado descumprimento, suspender a concess\u00e3o e\/ou liquidar antecipadamente a opera\u00e7\u00e3o;<\/li>\n\n\n\n<li style=\"font-size:18px\">Vedar a concess\u00e3o de cr\u00e9dito para im\u00f3veis rurais que tenham usado fogo de maneira ilegal e solicitar a rastreabilidade da pecu\u00e1ria e apresenta\u00e7\u00e3o da Autoriza\u00e7\u00e3o para Supress\u00e3o de Vegeta\u00e7\u00e3o (ASV) caso haja desmatamento ap\u00f3s julho de 2008.<\/li>\n<\/ul>\n\n<p>Ao completar cinco anos do Dia do Fogo dentro de um legado de impunidade, \u00e9 importante que a sociedade civil se mobilize para deixar o seu recado:<\/p>\n\n<a href=\"https:\/\/www.greenpeace.org\/brasil\/apoie\/relatorio-bancando-a-extincao\/\" class=\"has-text-align-center wp-block-heading\" style=\"width:80%; font-size:2.5rem; text-transform:uppercase; font-family:'Roboto'; font-weight: 600; background-color:#fff14a; color:#000; padding:2rem; width:100%; margin: 1rem 0 1rem; display:block;\">Fogo criminoso com nosso dinheiro, n\u00e3o!<\/a>\n\n<p><a href=\"https:\/\/www.greenpeace.org\/brasil\/apoie\/relatorio-bancando-a-extincao\/\"><strong>Assine a peti\u00e7\u00e3o<\/strong><\/a> e participe da campanha Bancando a Extin\u00e7\u00e3o que exige que os bancos parem de financiar desmatadores.<\/p>\n\n<p><strong>SPOILER: em breve iremos falar mais sobre o caso do fazendeiro que recebeu um financiamento de quase um milh\u00e3o de reais mesmo ap\u00f3s ter sido multado pelo IBAMA por infra\u00e7\u00e3o \u00e0 flora.<\/strong><\/p>\n","protected":false},"excerpt":{"rendered":"<p>Greenpeace Brasil revisitou as 478 propriedades onde foram identificados focos de fogo durante os dias 10 e 11 de agosto de 2019.<\/p>\n","protected":false},"author":28,"featured_media":53994,"comment_status":"open","ping_status":"closed","sticky":false,"template":"","format":"standard","meta":{"ep_exclude_from_search":false,"p4_og_title":"","p4_og_description":"","p4_og_image":"","p4_og_image_id":"","p4_seo_canonical_url":"","p4_campaign_name":"","p4_local_project":"","p4_basket_name":"","p4_department":"","footnotes":""},"categories":[49],"tags":[],"p4-page-type":[16],"class_list":["post-53993","post","type-post","status-publish","format-standard","has-post-thumbnail","hentry","category-amazonia","p4-page-type-blog"],"_links":{"self":[{"href":"https:\/\/www.greenpeace.org\/brasil\/wp-json\/wp\/v2\/posts\/53993","targetHints":{"allow":["GET"]}}],"collection":[{"href":"https:\/\/www.greenpeace.org\/brasil\/wp-json\/wp\/v2\/posts"}],"about":[{"href":"https:\/\/www.greenpeace.org\/brasil\/wp-json\/wp\/v2\/types\/post"}],"author":[{"embeddable":true,"href":"https:\/\/www.greenpeace.org\/brasil\/wp-json\/wp\/v2\/users\/28"}],"replies":[{"embeddable":true,"href":"https:\/\/www.greenpeace.org\/brasil\/wp-json\/wp\/v2\/comments?post=53993"}],"version-history":[{"count":20,"href":"https:\/\/www.greenpeace.org\/brasil\/wp-json\/wp\/v2\/posts\/53993\/revisions"}],"predecessor-version":[{"id":54154,"href":"https:\/\/www.greenpeace.org\/brasil\/wp-json\/wp\/v2\/posts\/53993\/revisions\/54154"}],"wp:featuredmedia":[{"embeddable":true,"href":"https:\/\/www.greenpeace.org\/brasil\/wp-json\/wp\/v2\/media\/53994"}],"wp:attachment":[{"href":"https:\/\/www.greenpeace.org\/brasil\/wp-json\/wp\/v2\/media?parent=53993"}],"wp:term":[{"taxonomy":"category","embeddable":true,"href":"https:\/\/www.greenpeace.org\/brasil\/wp-json\/wp\/v2\/categories?post=53993"},{"taxonomy":"post_tag","embeddable":true,"href":"https:\/\/www.greenpeace.org\/brasil\/wp-json\/wp\/v2\/tags?post=53993"},{"taxonomy":"p4-page-type","embeddable":true,"href":"https:\/\/www.greenpeace.org\/brasil\/wp-json\/wp\/v2\/p4-page-type?post=53993"}],"curies":[{"name":"wp","href":"https:\/\/api.w.org\/{rel}","templated":true}]}}