{"id":54054,"date":"2024-08-14T14:10:57","date_gmt":"2024-08-14T17:10:57","guid":{"rendered":"https:\/\/www.greenpeace.org\/brasil\/?p=54054"},"modified":"2024-08-21T13:15:11","modified_gmt":"2024-08-21T16:15:11","slug":"participe-do-novo-plano-clima-do-brasil","status":"publish","type":"post","link":"https:\/\/www.greenpeace.org\/brasil\/blog\/participe-do-novo-plano-clima-do-brasil\/","title":{"rendered":"Participe do novo Plano Clima!\u00a0"},"content":{"rendered":"\n<h4 class=\"wp-block-heading\">At\u00e9 26 de agosto, o povo brasileiro pode sugerir e votar em propostas para a principal pol\u00edtica de mudan\u00e7as clim\u00e1ticas do pa\u00eds<\/h4>\n\n<figure class=\"wp-block-image size-large\"><img loading=\"lazy\" decoding=\"async\" width=\"1024\" height=\"683\" src=\"https:\/\/www.greenpeace.org\/static\/planet4-brasil-stateless\/2024\/08\/5a256d57-gp0stty0k-1024x683.jpg\" title=\"Global Climate Strike in S\u00e3o Paulo, Brazil. \u00a9 Barbara Veiga \/ Greenpeace\" alt=\"Global Climate Strike in S\u00e3o Paulo, Brazil. \u00a9 Barbara Veiga \/ Greenpeace\" class=\"wp-image-54055\" srcset=\"https:\/\/www.greenpeace.org\/static\/planet4-brasil-stateless\/2024\/08\/5a256d57-gp0stty0k-1024x683.jpg 1024w, https:\/\/www.greenpeace.org\/static\/planet4-brasil-stateless\/2024\/08\/5a256d57-gp0stty0k-300x200.jpg 300w, https:\/\/www.greenpeace.org\/static\/planet4-brasil-stateless\/2024\/08\/5a256d57-gp0stty0k-768x512.jpg 768w, https:\/\/www.greenpeace.org\/static\/planet4-brasil-stateless\/2024\/08\/5a256d57-gp0stty0k-510x340.jpg 510w, https:\/\/www.greenpeace.org\/static\/planet4-brasil-stateless\/2024\/08\/5a256d57-gp0stty0k.jpg 1200w\" sizes=\"auto, (max-width: 1024px) 100vw, 1024px\" \/><figcaption class=\"wp-element-caption\">Marcha pelo Clima<div class=\"credit icon-left\"> \u00a9 Barbara Veiga \/ Greenpeace<\/div><\/figcaption><\/figure>\n\n<p><strong>A emerg\u00eancia clim\u00e1tica \u00e9 a nossa nova realidade e precisamos nos preparar.<\/strong> De norte a sul do pa\u00eds, j\u00e1 sentimos os danos se intensificando a cada dia, como as <a href=\"https:\/\/www.greenpeace.org\/brasil\/blog\/chuvas-no-rio-grande-do-sul-quantas-pessoas-mais-precisarao-morrer\/\" target=\"_blank\" rel=\"noreferrer noopener\">enchentes devastadoras no Rio Grande do Sul<\/a>, as <a href=\"https:\/\/www.greenpeace.org\/brasil\/blog\/chuvas-no-sul-e-seca-na-amazonia\/\" target=\"_blank\" rel=\"noreferrer noopener\">secas longas na Amaz\u00f4nia<\/a> e os <a href=\"https:\/\/www.greenpeace.org\/brasil\/blog\/mais-uma-vez-pantanal-e-consumido-pelo-fogo\/\" target=\"_blank\" rel=\"noreferrer noopener\">inc\u00eandios persistentes no Pantanal<\/a>. Mas ainda d\u00e1 tempo de mudar isso juntos, tornando o nosso pa\u00eds mais firme no enfrentamento e na redu\u00e7\u00e3o dos impactos das mudan\u00e7as no clima.&nbsp;<\/p>\n\n<p>Neste momento, o governo brasileiro chama a sociedade para participar do novo <strong><a href=\"https:\/\/www.greenpeace.org\/brasil\/imprensa\/greenpeace-brasil-alerta-para-necessidade-de-participacao-social-na-elaboracao-do-plano-clima\/\">Plano Clima \u2013 Plano Nacional sobre Mudan\u00e7a Clim\u00e1ticas<\/a><\/strong>, <strong>que ser\u00e1 o guia da pol\u00edtica clim\u00e1tica brasileira at\u00e9 2035 <\/strong>e \u00e9 centrado em dois pilares: <strong>mitiga\u00e7\u00e3o<\/strong>, para reduzir emiss\u00f5es de gases de efeito estufa; e <strong>adapta\u00e7\u00e3o<\/strong>, para diminuir a vulnerabilidade nos territ\u00f3rios.<\/p>\n\n<p><strong>Sua opini\u00e3o \u00e9 fundamental!<\/strong> At\u00e9 26 de agosto, <a href=\"https:\/\/brasilparticipativo.presidencia.gov.br\/processes\/planoclima\" target=\"_blank\" rel=\"noreferrer noopener\">voc\u00ea pode sugerir e votar em propostas<\/a> para tornar as cidades e estados brasileiros mais seguros e resilientes. \u00c9 a chance do povo brasileiro poder fortalecer a democracia e influenciar na cria\u00e7\u00e3o de pol\u00edticas p\u00fablicas que v\u00e3o proteger vidas e evitar trag\u00e9dias.<\/p>\n\n<p>\u201cEspa\u00e7os e canais de participa\u00e7\u00e3o social s\u00e3o fundamentais para o fortalecimento da democracia brasileira\u201d, explica Gabriela Nepomuceno, porta-voz do Greenpeace Brasil. \u201cA plataforma Brasil Participativo \u00e9 um instrumento importante de reconhecimento da soberania popular e uma a\u00e7\u00e3o-chave para que as demandas e sugest\u00f5es dos territ\u00f3rios e popula\u00e7\u00f5es sejam incorporadas como estrat\u00e9gia ao enfrentamento da emerg\u00eancia clim\u00e1tica\u201d.&nbsp;<\/p>\n\n<p>Lembre-se: <strong>nosso pa\u00eds \u00e9 rico em diversidade e as solu\u00e7\u00f5es tamb\u00e9m devem ser<\/strong>. Valorizemos os saberes ancestrais e populares, bem como a experi\u00eancia de quem j\u00e1 foi atingido. As popula\u00e7\u00f5es perif\u00e9ricas, ind\u00edgenas e tradicionais s\u00e3o mais vulner\u00e1veis aos eventos extremos devido a desigualdades hist\u00f3ricas, e s\u00e3o as que menos contribuem para a crise no clima.&nbsp;<\/p>\n\n<p><strong>Participe do Plano Clima<\/strong><\/p>\n\n<p>J\u00e1 pensou em como ajudar a proteger sua fam\u00edlia e a sua comunidade contra as mudan\u00e7as clim\u00e1ticas? O que voc\u00ea acha que o poder p\u00fablico precisa fazer? Essa \u00e9 a hora de dizer!&nbsp;<\/p>\n\n<p class=\"has-action-yellow-background-color has-background\">Passo a passo para participar:\u00a0<br>1) acesse o <a href=\"https:\/\/brasilparticipativo.presidencia.gov.br\/processes\/planoclima\" target=\"_blank\" rel=\"noreferrer noopener\">portal do governo<\/a> at\u00e9 26 de agosto;<br>2) deixe at\u00e9 3 propostas* e\/ou vote em 10 \u2013 as 10 mais votadas de cada tema ser\u00e3o analisadas e podem ser incorporadas.<br><em><br>*cria\u00e7\u00e3o de propostas podem ser feitas todos os dias, das 8h \u00e0s 22h<\/em><\/p>\n\n<p><br><strong>Caso voc\u00ea n\u00e3o tenha propostas, n\u00e3o se preocupe! <\/strong>Voc\u00ea pode s\u00f3 votar e j\u00e1 tem v\u00e1rias op\u00e7\u00f5es, inclusive as do Greenpeace Brasil.<br><\/p>\n\n<p class=\"has-text-align-center has-green-500-background-color has-background\"><strong>Propostas do Greenpeace Brasil<\/strong><br>Para o Plano Clima, o Greenpeace sugere a inclus\u00e3o de 10 propostas:&nbsp;<br><br><strong><a href=\"https:\/\/brasilparticipativo.presidencia.gov.br\/processes\/planoclima\/f\/85\/proposals\/19485\" target=\"_blank\" rel=\"noreferrer noopener\">Desmatamento zero em todos os biomas at\u00e9 2030&nbsp;<\/a><\/strong><br><em>Por meio de um modelo de desenvolvimento socioecon\u00f4mico sustent\u00e1vel, zerar o desmatamento na Amaz\u00f4nia, Mata Atl\u00e2ntica, Caatinga, Cerrado, Pantanal e Pampa, impedindo que recursos financeiros cheguem a quem queima e desmata ilegalmente e apoiando atividades econ\u00f4micas sustent\u00e1veis como a agroecologia e manejo florestal comunit\u00e1rio. <\/em> <br><br><strong><a href=\"https:\/\/brasilparticipativo.presidencia.gov.br\/processes\/planoclima\/f\/85\/proposals\/19486\" target=\"_blank\" rel=\"noreferrer noopener\">Amaz\u00f4nia livre de petr\u00f3leo j\u00e1<\/a><\/strong><br><em>Bioma amaz\u00f4nico como zona de exclus\u00e3o para explora\u00e7\u00e3o de petr\u00f3leo onshore e offshore<\/em>.<br><br><strong><a href=\"https:\/\/brasilparticipativo.presidencia.gov.br\/processes\/planoclima\/f\/85\/proposals\/19487\" target=\"_blank\" rel=\"noreferrer noopener\">Transi\u00e7\u00e3o energ\u00e9tica justa e popular&nbsp;<\/a><\/strong><br><em>Conduzir processo participativo, transparente e inclusivo sobre os planos do governo para uma transi\u00e7\u00e3o energ\u00e9tica justa e popular, prevendo o fim dos combust\u00edveis f\u00f3sseis (incluindo petr\u00f3leo, g\u00e1s e carv\u00e3o) e nenhuma nova \u00e1rea de explora\u00e7\u00e3o, em linha com a meta de 1.5\u00b0C e as potencialidades brasileiras.<\/em><br><br><strong><a href=\"https:\/\/brasilparticipativo.presidencia.gov.br\/processes\/planoclima\/f\/85\/proposals\/19468\" target=\"_blank\" rel=\"noreferrer noopener\">Combate ao racismo ambiental: demarca\u00e7\u00e3o de territ\u00f3rios<\/a><\/strong><br><em>Liderar for\u00e7a tarefa para acelerar o processo de demarca\u00e7\u00e3o das Terras Ind\u00edgenas,&nbsp;titula\u00e7\u00e3o de territ\u00f3rios quilombolas e reconhecimento de outras demandas territoriais de comunidades tradicionais como pol\u00edtica clim\u00e1tica<\/em>.<br><br><strong><a href=\"https:\/\/brasilparticipativo.presidencia.gov.br\/processes\/planoclima\/f\/85\/proposals\/19469\" data-type=\"link\" data-id=\"https:\/\/brasilparticipativo.presidencia.gov.br\/processes\/planoclima\/f\/85\/proposals\/19469\" target=\"_blank\" rel=\"noreferrer noopener\">Fortalecer a gest\u00e3o territorial ind\u00edgena<\/a>&nbsp;<\/strong><br><em>Implementar os Planos de Gest\u00e3o Territorial e Ambiental das Terras Ind\u00edgenas com recursos do Fundo Amaz\u00f4nia e Fundo Clim<\/em>a.<br><br><strong><a href=\"https:\/\/brasilparticipativo.presidencia.gov.br\/processes\/planoclima\/f\/85\/proposals\/19470\" target=\"_blank\" rel=\"noreferrer noopener\">Sa\u00fade Mental para v\u00edtimas de trag\u00e9dias clim\u00e1ticas<\/a><\/strong><br><em>Capacita\u00e7\u00e3o do servi\u00e7o de assist\u00eancia social, com especial aten\u00e7\u00e3o ao servi\u00e7o de apoio psicossocial e como parte da preven\u00e7\u00e3o de risco e desastres clim\u00e1ticos<\/em>.<br><br><strong><a href=\"https:\/\/brasilparticipativo.presidencia.gov.br\/processes\/planoclima\/f\/85\/proposals\/19494\">Mais apoio financeiro \u00e0 agricultura familiar, em especial mulheres e jovens<\/a><\/strong><br><em>Ampliar o volume e reduzir a burocracia do cr\u00e9dito para agricultura familiar e agroecol\u00f3gica, em especial para mulheres, jovens, povos ind\u00edgenas e comunidades tradicionais<\/em>.<br><br><strong><a href=\"https:\/\/brasilparticipativo.presidencia.gov.br\/processes\/planoclima\/f\/85\/proposals\/19495\" target=\"_blank\" rel=\"noreferrer noopener\">Bancos de sementes crioulas regionais<\/a><\/strong><br><em>Criar e implementar bancos de sementes crioulas regionais, fortalecendo a produ\u00e7\u00e3o agroecol\u00f3gica, a adapta\u00e7\u00e3o ao clima, a autonomia de produtores familiares e a perpetua\u00e7\u00e3o de saberes tradicionais.<\/em><br><br><strong><a href=\"https:\/\/brasilparticipativo.presidencia.gov.br\/processes\/planoclima\/f\/85\/proposals\/19496\" target=\"_blank\" rel=\"noreferrer noopener\">Respeitar a consulta \u00e0s comunidades&nbsp;<\/a><\/strong><br><em>Fortalecimento dos mecanismos de apoio e capacita\u00e7\u00e3o \u00e0 Consulta Pr\u00e9via e Informada em conformidade com Conven\u00e7\u00e3o 169 da OIT<\/em>.<br><br><strong><a href=\"https:\/\/brasilparticipativo.presidencia.gov.br\/processes\/planoclima\/f\/85\/proposals\/19464\" target=\"_blank\" rel=\"noreferrer noopener\">Saberes populares e ancestrais no Fundo Clima<\/a><\/strong><br><em>Por meio de mecanismos como Fundo Clima, apoiar o financiamento de solu\u00e7\u00f5es de adapta\u00e7\u00e3o e mitiga\u00e7\u00e3o clim\u00e1tica a partir de conhecimentos tradicionais<\/em>.<\/p>\n\n<p><\/p>\n","protected":false},"excerpt":{"rendered":"<p>At\u00e9 26 de agosto, o povo brasileiro pode sugerir e votar em propostas para a principal pol\u00edtica de mudan\u00e7as clim\u00e1ticas do pa\u00eds<\/p>\n","protected":false},"author":107,"featured_media":54055,"comment_status":"open","ping_status":"closed","sticky":false,"template":"","format":"standard","meta":{"ep_exclude_from_search":false,"p4_og_title":"","p4_og_description":"","p4_og_image":"","p4_og_image_id":"","p4_seo_canonical_url":"","p4_campaign_name":"","p4_local_project":"","p4_basket_name":"","p4_department":"","footnotes":""},"categories":[71,48],"tags":[6,62,42],"p4-page-type":[16],"class_list":["post-54054","post","type-post","status-publish","format-standard","has-post-thumbnail","hentry","category-eventos-extremos","category-justica-climatica","tag-clima","tag-adaptacao-climatica","tag-justica-climatica","p4-page-type-blog"],"_links":{"self":[{"href":"https:\/\/www.greenpeace.org\/brasil\/wp-json\/wp\/v2\/posts\/54054","targetHints":{"allow":["GET"]}}],"collection":[{"href":"https:\/\/www.greenpeace.org\/brasil\/wp-json\/wp\/v2\/posts"}],"about":[{"href":"https:\/\/www.greenpeace.org\/brasil\/wp-json\/wp\/v2\/types\/post"}],"author":[{"embeddable":true,"href":"https:\/\/www.greenpeace.org\/brasil\/wp-json\/wp\/v2\/users\/107"}],"replies":[{"embeddable":true,"href":"https:\/\/www.greenpeace.org\/brasil\/wp-json\/wp\/v2\/comments?post=54054"}],"version-history":[{"count":10,"href":"https:\/\/www.greenpeace.org\/brasil\/wp-json\/wp\/v2\/posts\/54054\/revisions"}],"predecessor-version":[{"id":54203,"href":"https:\/\/www.greenpeace.org\/brasil\/wp-json\/wp\/v2\/posts\/54054\/revisions\/54203"}],"wp:featuredmedia":[{"embeddable":true,"href":"https:\/\/www.greenpeace.org\/brasil\/wp-json\/wp\/v2\/media\/54055"}],"wp:attachment":[{"href":"https:\/\/www.greenpeace.org\/brasil\/wp-json\/wp\/v2\/media?parent=54054"}],"wp:term":[{"taxonomy":"category","embeddable":true,"href":"https:\/\/www.greenpeace.org\/brasil\/wp-json\/wp\/v2\/categories?post=54054"},{"taxonomy":"post_tag","embeddable":true,"href":"https:\/\/www.greenpeace.org\/brasil\/wp-json\/wp\/v2\/tags?post=54054"},{"taxonomy":"p4-page-type","embeddable":true,"href":"https:\/\/www.greenpeace.org\/brasil\/wp-json\/wp\/v2\/p4-page-type?post=54054"}],"curies":[{"name":"wp","href":"https:\/\/api.w.org\/{rel}","templated":true}]}}