{"id":54489,"date":"2024-09-12T12:47:37","date_gmt":"2024-09-12T15:47:37","guid":{"rendered":"https:\/\/www.greenpeace.org\/brasil\/?p=54489"},"modified":"2025-07-02T04:20:36","modified_gmt":"2025-07-02T07:20:36","slug":"entre-fumaca-e-seca-na-amazonia-jovens-lutam-por-legado-de-chico-mendes","status":"publish","type":"post","link":"https:\/\/www.greenpeace.org\/brasil\/blog\/entre-fumaca-e-seca-na-amazonia-jovens-lutam-por-legado-de-chico-mendes\/","title":{"rendered":"Entre fuma\u00e7a e seca na Amaz\u00f4nia, jovens lutam por legado de Chico Mendes"},"content":{"rendered":"\n<p><strong>Com o avan\u00e7o das queimadas, Rio Branco \u00e9 a capital com pior qualidade do ar no Brasil \u2013 juventude acreana se mobiliza para mudar essa realidade<\/strong><\/p>\n\n<figure class=\"wp-block-image size-large\"><img loading=\"lazy\" decoding=\"async\" width=\"1024\" height=\"683\" src=\"https:\/\/www.greenpeace.org\/static\/planet4-brasil-stateless\/2024\/09\/aab017b0-empate-pela-amazonia-festival-jovens-do-futuro-1024x683.jpg\" alt=\"\" class=\"wp-image-54490\" srcset=\"https:\/\/www.greenpeace.org\/static\/planet4-brasil-stateless\/2024\/09\/aab017b0-empate-pela-amazonia-festival-jovens-do-futuro-1024x683.jpg 1024w, https:\/\/www.greenpeace.org\/static\/planet4-brasil-stateless\/2024\/09\/aab017b0-empate-pela-amazonia-festival-jovens-do-futuro-300x200.jpg 300w, https:\/\/www.greenpeace.org\/static\/planet4-brasil-stateless\/2024\/09\/aab017b0-empate-pela-amazonia-festival-jovens-do-futuro-768x512.jpg 768w, https:\/\/www.greenpeace.org\/static\/planet4-brasil-stateless\/2024\/09\/aab017b0-empate-pela-amazonia-festival-jovens-do-futuro-510x340.jpg 510w, https:\/\/www.greenpeace.org\/static\/planet4-brasil-stateless\/2024\/09\/aab017b0-empate-pela-amazonia-festival-jovens-do-futuro.jpg 1080w\" sizes=\"auto, (max-width: 1024px) 100vw, 1024px\" \/><figcaption class=\"wp-element-caption\">Em meio \u00e0s fuma\u00e7as, juventude faz Empate pela Amaz\u00f4nia, em Rio Branco, Acre, no dia 5 de setembro de 2024, dia da Amaz\u00f4nia<div class=\"credit icon-left\"> \u00a9 Hannah Lydia \/ Comit\u00ea Chico Mendes e Movimento Jovens do Futuro<\/div><\/figcaption><\/figure>\n\n<p>Desde o in\u00edcio de setembro, as fuma\u00e7as t\u00eam aumentado os risco \u00e0 sa\u00fade do povo brasileiro, especialmente na Amaz\u00f4nia. No Acre, terra do ativista Chico Mendes, todas as cidades est\u00e3o em alerta, variando entre n\u00edveis \u201cmuito insalubres\u201d e \u201cperigosos\u201d de qualidade do ar. Neste momento, <a href=\"https:\/\/g1.globo.com\/ac\/acre\/noticia\/2024\/09\/11\/com-indice-de-poluicao-muito-insalubre-rio-branco-e-a-capital-com-pior-qualidade-do-ar-no-pais.ghtml\" target=\"_blank\" rel=\"noreferrer noopener\">Rio Branco \u00e9 a capital do pa\u00eds com o pior \u00edndice de polui\u00e7\u00e3o<\/a>.&nbsp;<\/p>\n\n<p><em>\u201cA crise clim\u00e1tica \u00e9 evidente em Rio Branco.&nbsp;Muitas pessoas acham que j\u00e1 faz parte da normalidade, que todo ano tem seca, todo ano tem enchente<\/em><strong><em>. Mas esses eventos extremos est\u00e3o ficando cada vez piores, \u00e9 desesperador, ainda mais com a for\u00e7a da narrativa do agroneg\u00f3cio<\/em><\/strong><em>\u201d<\/em>, comenta Ana\u00eds Cordeiro, 31 anos, volunt\u00e1ria do Comit\u00ea Chico Mendes. <\/p>\n\n<p><em>\u201cMesmo sofrendo at\u00e9 para respirar, tem gente que n\u00e3o entende que o problema \u00e9 um sistema que impacta a nossa vida em busca de lucro. J\u00e1 existem solu\u00e7\u00f5es e alternativas, o que falta s\u00e3o investimentos.\u201d&nbsp;&nbsp;<\/em><\/p>\n\n<p>No in\u00edcio do ano, o Acre registrou <a href=\"https:\/\/agencia.ac.gov.br\/sistema-publico-de-comunicacao-do-acre-se-destaca-na-cobertura-do-maior-desastre-ambiental-do-estado\/\" data-type=\"link\" data-id=\"https:\/\/agencia.ac.gov.br\/sistema-publico-de-comunicacao-do-acre-se-destaca-na-cobertura-do-maior-desastre-ambiental-do-estado\/\" target=\"_blank\" rel=\"noreferrer noopener\">a maior enchente da hist\u00f3ria<\/a>, com inunda\u00e7\u00f5es de rios e igarap\u00e9s que deixou <a href=\"https:\/\/agencia.ac.gov.br\/enchente-atinge-mais-de-120-mil-pessoas-no-acre-e-ja-e-considerada-proporcionalmente-o-maior-desastre-ambiental-do-estado\/\" target=\"_blank\" rel=\"noreferrer noopener\">19 dos 22 munic\u00edpios em situa\u00e7\u00e3o de emerg\u00eancia<\/a>. Agora, o estado inteiro enfrenta uma seca severa e queimadas persistentes, alimentadas pelo <strong>avan\u00e7o da agropecu\u00e1ria, <\/strong>respons\u00e1vel por <a href=\"https:\/\/www.oc.eco.br\/producao-de-comida-responde-por-74-das-emissoes-do-brasil\/\" target=\"_blank\" rel=\"noreferrer noopener\">74% das emiss\u00f5es brasileiras de gases do efeito estufa<\/a>, principalmente pelo <strong>desmatamento<\/strong>.<\/p>\n\n<p>Para enfrentar essa emerg\u00eancia clim\u00e1tica e promover solu\u00e7\u00f5es, surge o <a href=\"https:\/\/www.comitechicomendes.org\/movimento-jovens-do-futuro\" target=\"_blank\" rel=\"noreferrer noopener\">Movimento Jovens do Futuro<\/a>, com apoio do Comit\u00ea Chico Mendes, que promove a <strong>forma\u00e7\u00e3o socioambiental de jovens acreanos nas cidades e nas florestas<\/strong>, fortalecendo sua atua\u00e7\u00e3o pol\u00edtica e valorizando a <a href=\"https:\/\/www.greenpeace.org\/brasil\/blog\/cultura-amazonica\/\" target=\"_blank\" rel=\"noreferrer noopener\">cultura amaz\u00f4nica<\/a>.&nbsp;&nbsp;<\/p>\n<div data-hydrate=\"planet4-blocks\/gallery\" data-attributes=\"{&quot;attributes&quot;:{&quot;multiple_image&quot;:&quot;54497,54498,54491,54499,54495,54494,54493,54492&quot;,&quot;gallery_block_focus_points&quot;:&quot;{\\&quot;54491\\&quot;:\\&quot;50% 50%\\&quot;,\\&quot;54492\\&quot;:\\&quot;50% 50%\\&quot;,\\&quot;54493\\&quot;:\\&quot;50% 50%\\&quot;,\\&quot;54494\\&quot;:\\&quot;50% 50%\\&quot;,\\&quot;54495\\&quot;:\\&quot;50% 50%\\&quot;,\\&quot;54497\\&quot;:\\&quot;42% 78%\\&quot;,\\&quot;54498\\&quot;:\\&quot;50% 50%\\&quot;,\\&quot;54499\\&quot;:\\&quot;50% 50%\\&quot;}&quot;,&quot;image_data&quot;:[{&quot;url&quot;:&quot;https:\\\/\\\/www.greenpeace.org\\\/static\\\/planet4-brasil-stateless\\\/2024\\\/09\\\/9fbff071-empate-pela-amazonia-festival-jovens-do-futuro-xii.jpg&quot;,&quot;focalPoint&quot;:{&quot;x&quot;:&quot;0.42&quot;,&quot;y&quot;:&quot;0.78&quot;},&quot;id&quot;:54497},{&quot;url&quot;:&quot;https:\\\/\\\/www.greenpeace.org\\\/static\\\/planet4-brasil-stateless\\\/2024\\\/09\\\/5cc103ce-empate-pela-amazonia-festival-jovens-do-futuro-xiv.jpg&quot;,&quot;focalPoint&quot;:{&quot;x&quot;:0.5,&quot;y&quot;:0.5},&quot;id&quot;:54498},{&quot;url&quot;:&quot;https:\\\/\\\/www.greenpeace.org\\\/static\\\/planet4-brasil-stateless\\\/2024\\\/09\\\/5b737203-empate-pela-amazonia-festival-jovens-do-futuro-ii.jpg&quot;,&quot;focalPoint&quot;:{&quot;x&quot;:0.5,&quot;y&quot;:0.5},&quot;id&quot;:54491},{&quot;url&quot;:&quot;https:\\\/\\\/www.greenpeace.org\\\/static\\\/planet4-brasil-stateless\\\/2024\\\/09\\\/9ff437fa-empate-pela-amazonia-festival-jovens-do-futuro-xv.jpg&quot;,&quot;focalPoint&quot;:{&quot;x&quot;:0.5,&quot;y&quot;:0.5},&quot;id&quot;:54499},{&quot;url&quot;:&quot;https:\\\/\\\/www.greenpeace.org\\\/static\\\/planet4-brasil-stateless\\\/2024\\\/09\\\/1eebe700-empate-pela-amazonia-festival-jovens-do-futuro-vii.jpg&quot;,&quot;focalPoint&quot;:{&quot;x&quot;:0.5,&quot;y&quot;:0.5},&quot;id&quot;:54495},{&quot;url&quot;:&quot;https:\\\/\\\/www.greenpeace.org\\\/static\\\/planet4-brasil-stateless\\\/2024\\\/09\\\/07819260-empate-pela-amazonia-festival-jovens-do-futuro-vi.jpg&quot;,&quot;focalPoint&quot;:{&quot;x&quot;:0.5,&quot;y&quot;:0.5},&quot;id&quot;:54494},{&quot;url&quot;:&quot;https:\\\/\\\/www.greenpeace.org\\\/static\\\/planet4-brasil-stateless\\\/2024\\\/09\\\/68715ddb-empate-pela-amazonia-festival-jovens-do-futuro-iv.jpg&quot;,&quot;focalPoint&quot;:{&quot;x&quot;:0.5,&quot;y&quot;:0.5},&quot;id&quot;:54493},{&quot;url&quot;:&quot;https:\\\/\\\/www.greenpeace.org\\\/static\\\/planet4-brasil-stateless\\\/2024\\\/09\\\/f0a6c2fb-empate-pela-amazonia-festival-jovens-do-futuro-iii.jpg&quot;,&quot;focalPoint&quot;:{&quot;x&quot;:0.5,&quot;y&quot;:0.5},&quot;id&quot;:54492}],&quot;gallery_block_style&quot;:0,&quot;gallery_block_title&quot;:&quot;&quot;,&quot;gallery_block_description&quot;:&quot;&quot;,&quot;images&quot;:[{&quot;image_src&quot;:&quot;https:\\\/\\\/www.greenpeace.org\\\/static\\\/planet4-brasil-stateless\\\/2024\\\/09\\\/9fbff071-empate-pela-amazonia-festival-jovens-do-futuro-xii.jpg&quot;,&quot;image_srcset&quot;:&quot;https:\\\/\\\/www.greenpeace.org\\\/static\\\/planet4-brasil-stateless\\\/2024\\\/09\\\/9fbff071-empate-pela-amazonia-festival-jovens-do-futuro-xii.jpg 1080w, https:\\\/\\\/www.greenpeace.org\\\/static\\\/planet4-brasil-stateless\\\/2024\\\/09\\\/9fbff071-empate-pela-amazonia-festival-jovens-do-futuro-xii-300x200.jpg 300w, https:\\\/\\\/www.greenpeace.org\\\/static\\\/planet4-brasil-stateless\\\/2024\\\/09\\\/9fbff071-empate-pela-amazonia-festival-jovens-do-futuro-xii-1024x683.jpg 1024w, https:\\\/\\\/www.greenpeace.org\\\/static\\\/planet4-brasil-stateless\\\/2024\\\/09\\\/9fbff071-empate-pela-amazonia-festival-jovens-do-futuro-xii-768x512.jpg 768w, https:\\\/\\\/www.greenpeace.org\\\/static\\\/planet4-brasil-stateless\\\/2024\\\/09\\\/9fbff071-empate-pela-amazonia-festival-jovens-do-futuro-xii-510x340.jpg 510w&quot;,&quot;image_sizes&quot;:false,&quot;alt_text&quot;:&quot;Em meio \\u00e0s fuma\\u00e7as, juventude faz Empate pela Amaz\\u00f4nia, em Rio Branco, Acre, no dia 5 de setembro de 2024, dia da Amaz\\u00f4nia&quot;,&quot;caption&quot;:&quot;Em meio \\u00e0s fuma\\u00e7as, juventude faz Empate pela Amaz\\u00f4nia, em Rio Branco, Acre, no dia 5 de setembro de 2024, dia da Amaz\\u00f4nia&quot;,&quot;focus_image&quot;:&quot;42% 78%&quot;,&quot;credits&quot;:&quot;\\u00a9 Hannah Lydia \\\/ Comit\\u00ea Chico Mendes e Movimento Jovens do Futuro&quot;},{&quot;image_src&quot;:&quot;https:\\\/\\\/www.greenpeace.org\\\/static\\\/planet4-brasil-stateless\\\/2024\\\/09\\\/5cc103ce-empate-pela-amazonia-festival-jovens-do-futuro-xiv.jpg&quot;,&quot;image_srcset&quot;:&quot;https:\\\/\\\/www.greenpeace.org\\\/static\\\/planet4-brasil-stateless\\\/2024\\\/09\\\/5cc103ce-empate-pela-amazonia-festival-jovens-do-futuro-xiv.jpg 1080w, https:\\\/\\\/www.greenpeace.org\\\/static\\\/planet4-brasil-stateless\\\/2024\\\/09\\\/5cc103ce-empate-pela-amazonia-festival-jovens-do-futuro-xiv-300x200.jpg 300w, https:\\\/\\\/www.greenpeace.org\\\/static\\\/planet4-brasil-stateless\\\/2024\\\/09\\\/5cc103ce-empate-pela-amazonia-festival-jovens-do-futuro-xiv-1024x683.jpg 1024w, https:\\\/\\\/www.greenpeace.org\\\/static\\\/planet4-brasil-stateless\\\/2024\\\/09\\\/5cc103ce-empate-pela-amazonia-festival-jovens-do-futuro-xiv-768x512.jpg 768w, https:\\\/\\\/www.greenpeace.org\\\/static\\\/planet4-brasil-stateless\\\/2024\\\/09\\\/5cc103ce-empate-pela-amazonia-festival-jovens-do-futuro-xiv-510x340.jpg 510w&quot;,&quot;image_sizes&quot;:false,&quot;alt_text&quot;:&quot;Em meio \\u00e0s fuma\\u00e7as, juventude faz Empate pela Amaz\\u00f4nia, em Rio Branco, Acre, no dia 5 de setembro de 2024, dia da Amaz\\u00f4nia&quot;,&quot;caption&quot;:&quot;Em meio \\u00e0s fuma\\u00e7as, juventude faz Empate pela Amaz\\u00f4nia, em Rio Branco, Acre, no dia 5 de setembro de 2024, dia da Amaz\\u00f4nia&quot;,&quot;focus_image&quot;:&quot;50% 50%&quot;,&quot;credits&quot;:&quot;\\u00a9 Hannah Lydia \\\/ Comit\\u00ea Chico Mendes e Movimento Jovens do Futuro&quot;},{&quot;image_src&quot;:&quot;https:\\\/\\\/www.greenpeace.org\\\/static\\\/planet4-brasil-stateless\\\/2024\\\/09\\\/5b737203-empate-pela-amazonia-festival-jovens-do-futuro-ii.jpg&quot;,&quot;image_srcset&quot;:&quot;https:\\\/\\\/www.greenpeace.org\\\/static\\\/planet4-brasil-stateless\\\/2024\\\/09\\\/5b737203-empate-pela-amazonia-festival-jovens-do-futuro-ii.jpg 1080w, https:\\\/\\\/www.greenpeace.org\\\/static\\\/planet4-brasil-stateless\\\/2024\\\/09\\\/5b737203-empate-pela-amazonia-festival-jovens-do-futuro-ii-300x200.jpg 300w, https:\\\/\\\/www.greenpeace.org\\\/static\\\/planet4-brasil-stateless\\\/2024\\\/09\\\/5b737203-empate-pela-amazonia-festival-jovens-do-futuro-ii-1024x683.jpg 1024w, https:\\\/\\\/www.greenpeace.org\\\/static\\\/planet4-brasil-stateless\\\/2024\\\/09\\\/5b737203-empate-pela-amazonia-festival-jovens-do-futuro-ii-768x512.jpg 768w, https:\\\/\\\/www.greenpeace.org\\\/static\\\/planet4-brasil-stateless\\\/2024\\\/09\\\/5b737203-empate-pela-amazonia-festival-jovens-do-futuro-ii-510x340.jpg 510w&quot;,&quot;image_sizes&quot;:false,&quot;alt_text&quot;:&quot;Em meio \\u00e0s fuma\\u00e7as, juventude faz Empate pela Amaz\\u00f4nia, em Rio Branco, Acre, no dia 5 de setembro de 2024, dia da Amaz\\u00f4nia&quot;,&quot;caption&quot;:&quot;Em meio \\u00e0s fuma\\u00e7as, juventude faz Empate pela Amaz\\u00f4nia, em Rio Branco, Acre, no dia 5 de setembro de 2024, dia da Amaz\\u00f4nia&quot;,&quot;focus_image&quot;:&quot;50% 50%&quot;,&quot;credits&quot;:&quot;\\u00a9 Hannah Lydia \\\/ Comit\\u00ea Chico Mendes e Movimento Jovens do Futuro&quot;},{&quot;image_src&quot;:&quot;https:\\\/\\\/www.greenpeace.org\\\/static\\\/planet4-brasil-stateless\\\/2024\\\/09\\\/9ff437fa-empate-pela-amazonia-festival-jovens-do-futuro-xv.jpg&quot;,&quot;image_srcset&quot;:&quot;https:\\\/\\\/www.greenpeace.org\\\/static\\\/planet4-brasil-stateless\\\/2024\\\/09\\\/9ff437fa-empate-pela-amazonia-festival-jovens-do-futuro-xv.jpg 1080w, https:\\\/\\\/www.greenpeace.org\\\/static\\\/planet4-brasil-stateless\\\/2024\\\/09\\\/9ff437fa-empate-pela-amazonia-festival-jovens-do-futuro-xv-300x200.jpg 300w, https:\\\/\\\/www.greenpeace.org\\\/static\\\/planet4-brasil-stateless\\\/2024\\\/09\\\/9ff437fa-empate-pela-amazonia-festival-jovens-do-futuro-xv-1024x683.jpg 1024w, https:\\\/\\\/www.greenpeace.org\\\/static\\\/planet4-brasil-stateless\\\/2024\\\/09\\\/9ff437fa-empate-pela-amazonia-festival-jovens-do-futuro-xv-768x512.jpg 768w, https:\\\/\\\/www.greenpeace.org\\\/static\\\/planet4-brasil-stateless\\\/2024\\\/09\\\/9ff437fa-empate-pela-amazonia-festival-jovens-do-futuro-xv-510x340.jpg 510w&quot;,&quot;image_sizes&quot;:false,&quot;alt_text&quot;:&quot;Em meio \\u00e0s fuma\\u00e7as, juventude faz Empate pela Amaz\\u00f4nia, em Rio Branco, Acre, no dia 5 de setembro de 2024, dia da Amaz\\u00f4nia&quot;,&quot;caption&quot;:&quot;Em meio \\u00e0s fuma\\u00e7as, juventude faz Empate pela Amaz\\u00f4nia, em Rio Branco, Acre, no dia 5 de setembro de 2024, dia da Amaz\\u00f4nia&quot;,&quot;focus_image&quot;:&quot;50% 50%&quot;,&quot;credits&quot;:&quot;\\u00a9 Hannah Lydia \\\/ Comit\\u00ea Chico Mendes e Movimento Jovens do Futuro&quot;},{&quot;image_src&quot;:&quot;https:\\\/\\\/www.greenpeace.org\\\/static\\\/planet4-brasil-stateless\\\/2024\\\/09\\\/1eebe700-empate-pela-amazonia-festival-jovens-do-futuro-vii.jpg&quot;,&quot;image_srcset&quot;:&quot;https:\\\/\\\/www.greenpeace.org\\\/static\\\/planet4-brasil-stateless\\\/2024\\\/09\\\/1eebe700-empate-pela-amazonia-festival-jovens-do-futuro-vii.jpg 1080w, https:\\\/\\\/www.greenpeace.org\\\/static\\\/planet4-brasil-stateless\\\/2024\\\/09\\\/1eebe700-empate-pela-amazonia-festival-jovens-do-futuro-vii-300x200.jpg 300w, https:\\\/\\\/www.greenpeace.org\\\/static\\\/planet4-brasil-stateless\\\/2024\\\/09\\\/1eebe700-empate-pela-amazonia-festival-jovens-do-futuro-vii-1024x683.jpg 1024w, https:\\\/\\\/www.greenpeace.org\\\/static\\\/planet4-brasil-stateless\\\/2024\\\/09\\\/1eebe700-empate-pela-amazonia-festival-jovens-do-futuro-vii-768x512.jpg 768w, https:\\\/\\\/www.greenpeace.org\\\/static\\\/planet4-brasil-stateless\\\/2024\\\/09\\\/1eebe700-empate-pela-amazonia-festival-jovens-do-futuro-vii-510x340.jpg 510w&quot;,&quot;image_sizes&quot;:false,&quot;alt_text&quot;:&quot;Em meio \\u00e0s fuma\\u00e7as, juventude faz Empate pela Amaz\\u00f4nia, em Rio Branco, Acre, no dia 5 de setembro de 2024, dia da Amaz\\u00f4nia&quot;,&quot;caption&quot;:&quot;Em meio \\u00e0s fuma\\u00e7as, juventude faz Empate pela Amaz\\u00f4nia, em Rio Branco, Acre, no dia 5 de setembro de 2024, dia da Amaz\\u00f4nia&quot;,&quot;focus_image&quot;:&quot;50% 50%&quot;,&quot;credits&quot;:&quot;\\u00a9 Hannah Lydia \\\/ Comit\\u00ea Chico Mendes e Movimento Jovens do Futuro&quot;},{&quot;image_src&quot;:&quot;https:\\\/\\\/www.greenpeace.org\\\/static\\\/planet4-brasil-stateless\\\/2024\\\/09\\\/07819260-empate-pela-amazonia-festival-jovens-do-futuro-vi.jpg&quot;,&quot;image_srcset&quot;:&quot;https:\\\/\\\/www.greenpeace.org\\\/static\\\/planet4-brasil-stateless\\\/2024\\\/09\\\/07819260-empate-pela-amazonia-festival-jovens-do-futuro-vi.jpg 1080w, https:\\\/\\\/www.greenpeace.org\\\/static\\\/planet4-brasil-stateless\\\/2024\\\/09\\\/07819260-empate-pela-amazonia-festival-jovens-do-futuro-vi-300x200.jpg 300w, https:\\\/\\\/www.greenpeace.org\\\/static\\\/planet4-brasil-stateless\\\/2024\\\/09\\\/07819260-empate-pela-amazonia-festival-jovens-do-futuro-vi-1024x683.jpg 1024w, https:\\\/\\\/www.greenpeace.org\\\/static\\\/planet4-brasil-stateless\\\/2024\\\/09\\\/07819260-empate-pela-amazonia-festival-jovens-do-futuro-vi-768x512.jpg 768w, https:\\\/\\\/www.greenpeace.org\\\/static\\\/planet4-brasil-stateless\\\/2024\\\/09\\\/07819260-empate-pela-amazonia-festival-jovens-do-futuro-vi-510x340.jpg 510w&quot;,&quot;image_sizes&quot;:false,&quot;alt_text&quot;:&quot;Em meio \\u00e0s fuma\\u00e7as, juventude faz Empate pela Amaz\\u00f4nia, em Rio Branco, Acre, no dia 5 de setembro de 2024, dia da Amaz\\u00f4nia&quot;,&quot;caption&quot;:&quot;Em meio \\u00e0s fuma\\u00e7as, juventude faz Empate pela Amaz\\u00f4nia, em Rio Branco, Acre, no dia 5 de setembro de 2024, dia da Amaz\\u00f4nia&quot;,&quot;focus_image&quot;:&quot;50% 50%&quot;,&quot;credits&quot;:&quot;\\u00a9 Hannah Lydia \\\/ Comit\\u00ea Chico Mendes e Movimento Jovens do Futuro&quot;},{&quot;image_src&quot;:&quot;https:\\\/\\\/www.greenpeace.org\\\/static\\\/planet4-brasil-stateless\\\/2024\\\/09\\\/68715ddb-empate-pela-amazonia-festival-jovens-do-futuro-iv.jpg&quot;,&quot;image_srcset&quot;:&quot;https:\\\/\\\/www.greenpeace.org\\\/static\\\/planet4-brasil-stateless\\\/2024\\\/09\\\/68715ddb-empate-pela-amazonia-festival-jovens-do-futuro-iv.jpg 1080w, https:\\\/\\\/www.greenpeace.org\\\/static\\\/planet4-brasil-stateless\\\/2024\\\/09\\\/68715ddb-empate-pela-amazonia-festival-jovens-do-futuro-iv-300x200.jpg 300w, https:\\\/\\\/www.greenpeace.org\\\/static\\\/planet4-brasil-stateless\\\/2024\\\/09\\\/68715ddb-empate-pela-amazonia-festival-jovens-do-futuro-iv-1024x683.jpg 1024w, https:\\\/\\\/www.greenpeace.org\\\/static\\\/planet4-brasil-stateless\\\/2024\\\/09\\\/68715ddb-empate-pela-amazonia-festival-jovens-do-futuro-iv-768x512.jpg 768w, https:\\\/\\\/www.greenpeace.org\\\/static\\\/planet4-brasil-stateless\\\/2024\\\/09\\\/68715ddb-empate-pela-amazonia-festival-jovens-do-futuro-iv-510x340.jpg 510w&quot;,&quot;image_sizes&quot;:false,&quot;alt_text&quot;:&quot;Em meio \\u00e0s fuma\\u00e7as, juventude faz Empate pela Amaz\\u00f4nia, em Rio Branco, Acre, no dia 5 de setembro de 2024, dia da Amaz\\u00f4nia&quot;,&quot;caption&quot;:&quot;Em meio \\u00e0s fuma\\u00e7as, juventude faz Empate pela Amaz\\u00f4nia, em Rio Branco, Acre, no dia 5 de setembro de 2024, dia da Amaz\\u00f4nia&quot;,&quot;focus_image&quot;:&quot;50% 50%&quot;,&quot;credits&quot;:&quot;\\u00a9 Hannah Lydia \\\/ Comit\\u00ea Chico Mendes e Movimento Jovens do Futuro&quot;},{&quot;image_src&quot;:&quot;https:\\\/\\\/www.greenpeace.org\\\/static\\\/planet4-brasil-stateless\\\/2024\\\/09\\\/f0a6c2fb-empate-pela-amazonia-festival-jovens-do-futuro-iii.jpg&quot;,&quot;image_srcset&quot;:&quot;https:\\\/\\\/www.greenpeace.org\\\/static\\\/planet4-brasil-stateless\\\/2024\\\/09\\\/f0a6c2fb-empate-pela-amazonia-festival-jovens-do-futuro-iii.jpg 1080w, https:\\\/\\\/www.greenpeace.org\\\/static\\\/planet4-brasil-stateless\\\/2024\\\/09\\\/f0a6c2fb-empate-pela-amazonia-festival-jovens-do-futuro-iii-300x200.jpg 300w, https:\\\/\\\/www.greenpeace.org\\\/static\\\/planet4-brasil-stateless\\\/2024\\\/09\\\/f0a6c2fb-empate-pela-amazonia-festival-jovens-do-futuro-iii-1024x683.jpg 1024w, https:\\\/\\\/www.greenpeace.org\\\/static\\\/planet4-brasil-stateless\\\/2024\\\/09\\\/f0a6c2fb-empate-pela-amazonia-festival-jovens-do-futuro-iii-768x512.jpg 768w, https:\\\/\\\/www.greenpeace.org\\\/static\\\/planet4-brasil-stateless\\\/2024\\\/09\\\/f0a6c2fb-empate-pela-amazonia-festival-jovens-do-futuro-iii-510x340.jpg 510w&quot;,&quot;image_sizes&quot;:false,&quot;alt_text&quot;:&quot;Em meio \\u00e0s fuma\\u00e7as, juventude faz Empate pela Amaz\\u00f4nia, em Rio Branco, Acre, no dia 5 de setembro de 2024, dia da Amaz\\u00f4nia&quot;,&quot;caption&quot;:&quot;Em meio \\u00e0s fuma\\u00e7as, juventude faz Empate pela Amaz\\u00f4nia, em Rio Branco, Acre, no dia 5 de setembro de 2024, dia da Amaz\\u00f4nia&quot;,&quot;focus_image&quot;:&quot;50% 50%&quot;,&quot;credits&quot;:&quot;\\u00a9 Hannah Lydia \\\/ Comit\\u00ea Chico Mendes e Movimento Jovens do Futuro&quot;}]}}\"><section class=\"block carousel-wrap \"><\/section><\/div>\n<p><strong>O Movimento e o Festival Jovens do Futuro<\/strong><\/p>\n\n<p>O Movimento Jovens do Futuro nasceu de uma carta para juventude escrita por Chico Mendes, assassinado h\u00e1 35 anos, e que virou seu testamento, deixando a sua luta de heran\u00e7a para os mais jovens.<strong> Todo ano, em setembro, o Festival Jovens do Futuro celebra esse legado, com atra\u00e7\u00f5es culturais que perpetuam sua mem\u00f3ria.&nbsp;<\/strong><\/p>\n\n<p>Este ano, o lema \u201cFuturo \u00e9 Agora\u201d chamou aten\u00e7\u00e3o para urg\u00eancia da crise no clima. O Greenpeace Brasil foi convidado a fazer parte da programa\u00e7\u00e3o, exibindo o filme \u2018<a href=\"https:\/\/antesdoprato.org.br\/\" target=\"_blank\" rel=\"noreferrer noopener\">Antes do Prato<\/a>\u2019 no hist\u00f3rico Cine Teatro Recreio, em Rio Branco.&nbsp;Devido \u00e0 fuma\u00e7a, as atividades ao ar livre foram canceladas, com exce\u00e7\u00e3o do &#8220;Empate pela Amaz\u00f4nia&#8221;, no Dia da Amaz\u00f4nia (5\/9), para denunciar a gravidade em curso.&nbsp;<\/p>\n\n<p><em>&nbsp;\u201cEssas iniciativas s\u00e3o muito importantes para as pessoas se conscientizarem do problema. O agroneg\u00f3cio est\u00e1 destruindo a Amaz\u00f4nia, \u00e9 um projeto de destrui\u00e7\u00e3o\u201d<\/em>, explica Beatriz Tayna, 28 anos, professora do estado do Acre, cujas aulas foram suspensas devido \u00e0s fuma\u00e7as.<\/p>\n\n<p>H\u00e1 poucos dias, quando as escolas ainda estavam abertas e ela ia trabalhar de bicicleta, relata que sentia dificuldade para pedalar e respirar; atividades comuns se tornaram cansativas. <em>\u201c<\/em><strong><em>Temos que acabar com esse modelo que visa o lucro e priorizar o senso de comunidade, a consci\u00eancia das nossas a\u00e7\u00f5es e escolhas.<\/em><\/strong><em>\u201d<\/em>&nbsp;<\/p>\n<div data-hydrate=\"planet4-blocks\/gallery\" data-attributes=\"{&quot;attributes&quot;:{&quot;multiple_image&quot;:&quot;54501,54500,54502,54496&quot;,&quot;image_data&quot;:[{&quot;url&quot;:&quot;https:\\\/\\\/www.greenpeace.org\\\/static\\\/planet4-brasil-stateless\\\/2024\\\/09\\\/65d49c9c-empate-pela-amazonia-festival-jovens-do-futuro-v.jpg&quot;,&quot;focalPoint&quot;:{&quot;x&quot;:0.5,&quot;y&quot;:0.5},&quot;id&quot;:54501},{&quot;url&quot;:&quot;https:\\\/\\\/www.greenpeace.org\\\/static\\\/planet4-brasil-stateless\\\/2024\\\/09\\\/8d1d8c67-empate-pela-amazonia-festival-jovens-do-futuro-xvii.jpg&quot;,&quot;focalPoint&quot;:{&quot;x&quot;:0.5,&quot;y&quot;:0.5},&quot;id&quot;:54500},{&quot;url&quot;:&quot;https:\\\/\\\/www.greenpeace.org\\\/static\\\/planet4-brasil-stateless\\\/2024\\\/09\\\/e8936f2f-empate-pela-amazonia-festival-jovens-do-futuro-viii.jpg&quot;,&quot;focalPoint&quot;:{&quot;x&quot;:0.5,&quot;y&quot;:0.5},&quot;id&quot;:54502},{&quot;url&quot;:&quot;https:\\\/\\\/www.greenpeace.org\\\/static\\\/planet4-brasil-stateless\\\/2024\\\/09\\\/133ee4e3-empate-pela-amazonia-festival-jovens-do-futuro-xi.jpg&quot;,&quot;focalPoint&quot;:{&quot;x&quot;:0.5,&quot;y&quot;:0.5},&quot;id&quot;:54496}],&quot;gallery_block_style&quot;:0,&quot;gallery_block_title&quot;:&quot;&quot;,&quot;gallery_block_description&quot;:&quot;&quot;,&quot;gallery_block_focus_points&quot;:&quot;&quot;,&quot;images&quot;:[{&quot;image_src&quot;:&quot;https:\\\/\\\/www.greenpeace.org\\\/static\\\/planet4-brasil-stateless\\\/2024\\\/09\\\/65d49c9c-empate-pela-amazonia-festival-jovens-do-futuro-v.jpg&quot;,&quot;image_srcset&quot;:&quot;https:\\\/\\\/www.greenpeace.org\\\/static\\\/planet4-brasil-stateless\\\/2024\\\/09\\\/65d49c9c-empate-pela-amazonia-festival-jovens-do-futuro-v.jpg 1080w, https:\\\/\\\/www.greenpeace.org\\\/static\\\/planet4-brasil-stateless\\\/2024\\\/09\\\/65d49c9c-empate-pela-amazonia-festival-jovens-do-futuro-v-300x200.jpg 300w, https:\\\/\\\/www.greenpeace.org\\\/static\\\/planet4-brasil-stateless\\\/2024\\\/09\\\/65d49c9c-empate-pela-amazonia-festival-jovens-do-futuro-v-1024x683.jpg 1024w, https:\\\/\\\/www.greenpeace.org\\\/static\\\/planet4-brasil-stateless\\\/2024\\\/09\\\/65d49c9c-empate-pela-amazonia-festival-jovens-do-futuro-v-768x512.jpg 768w, https:\\\/\\\/www.greenpeace.org\\\/static\\\/planet4-brasil-stateless\\\/2024\\\/09\\\/65d49c9c-empate-pela-amazonia-festival-jovens-do-futuro-v-510x340.jpg 510w&quot;,&quot;image_sizes&quot;:false,&quot;alt_text&quot;:&quot;Movimento Jovens do Futuro nasceu de uma carta de Chico Mendes que virou seu testamento, deixando a sua luta como heran\\u00e7a para os mais jovens.&quot;,&quot;caption&quot;:&quot;Movimento Jovens do Futuro nasceu de uma carta de Chico Mendes que virou seu testamento, deixando a sua luta como heran\\u00e7a para os mais jovens. &quot;,&quot;focus_image&quot;:&quot;&quot;,&quot;credits&quot;:&quot;\\u00a9 Hannah Lydia \\\/ Comit\\u00ea Chico Mendes e Movimento Jovens do Futuro&quot;},{&quot;image_src&quot;:&quot;https:\\\/\\\/www.greenpeace.org\\\/static\\\/planet4-brasil-stateless\\\/2024\\\/09\\\/8d1d8c67-empate-pela-amazonia-festival-jovens-do-futuro-xvii.jpg&quot;,&quot;image_srcset&quot;:&quot;https:\\\/\\\/www.greenpeace.org\\\/static\\\/planet4-brasil-stateless\\\/2024\\\/09\\\/8d1d8c67-empate-pela-amazonia-festival-jovens-do-futuro-xvii.jpg 1080w, https:\\\/\\\/www.greenpeace.org\\\/static\\\/planet4-brasil-stateless\\\/2024\\\/09\\\/8d1d8c67-empate-pela-amazonia-festival-jovens-do-futuro-xvii-300x200.jpg 300w, https:\\\/\\\/www.greenpeace.org\\\/static\\\/planet4-brasil-stateless\\\/2024\\\/09\\\/8d1d8c67-empate-pela-amazonia-festival-jovens-do-futuro-xvii-1024x683.jpg 1024w, https:\\\/\\\/www.greenpeace.org\\\/static\\\/planet4-brasil-stateless\\\/2024\\\/09\\\/8d1d8c67-empate-pela-amazonia-festival-jovens-do-futuro-xvii-768x512.jpg 768w, https:\\\/\\\/www.greenpeace.org\\\/static\\\/planet4-brasil-stateless\\\/2024\\\/09\\\/8d1d8c67-empate-pela-amazonia-festival-jovens-do-futuro-xvii-510x340.jpg 510w&quot;,&quot;image_sizes&quot;:false,&quot;alt_text&quot;:&quot;Movimento Jovens do Futuro nasceu de uma carta de Chico Mendes que virou seu testamento, deixando a sua luta como heran\\u00e7a para os mais jovens.&quot;,&quot;caption&quot;:&quot;Movimento Jovens do Futuro nasceu de uma carta de Chico Mendes que virou seu testamento, deixando a sua luta como heran\\u00e7a para os mais jovens. &quot;,&quot;focus_image&quot;:&quot;&quot;,&quot;credits&quot;:&quot;\\u00a9 Hannah Lydia \\\/ Comit\\u00ea Chico Mendes e Movimento Jovens do Futuro&quot;},{&quot;image_src&quot;:&quot;https:\\\/\\\/www.greenpeace.org\\\/static\\\/planet4-brasil-stateless\\\/2024\\\/09\\\/e8936f2f-empate-pela-amazonia-festival-jovens-do-futuro-viii.jpg&quot;,&quot;image_srcset&quot;:&quot;https:\\\/\\\/www.greenpeace.org\\\/static\\\/planet4-brasil-stateless\\\/2024\\\/09\\\/e8936f2f-empate-pela-amazonia-festival-jovens-do-futuro-viii.jpg 1080w, https:\\\/\\\/www.greenpeace.org\\\/static\\\/planet4-brasil-stateless\\\/2024\\\/09\\\/e8936f2f-empate-pela-amazonia-festival-jovens-do-futuro-viii-300x200.jpg 300w, https:\\\/\\\/www.greenpeace.org\\\/static\\\/planet4-brasil-stateless\\\/2024\\\/09\\\/e8936f2f-empate-pela-amazonia-festival-jovens-do-futuro-viii-1024x683.jpg 1024w, https:\\\/\\\/www.greenpeace.org\\\/static\\\/planet4-brasil-stateless\\\/2024\\\/09\\\/e8936f2f-empate-pela-amazonia-festival-jovens-do-futuro-viii-768x512.jpg 768w, https:\\\/\\\/www.greenpeace.org\\\/static\\\/planet4-brasil-stateless\\\/2024\\\/09\\\/e8936f2f-empate-pela-amazonia-festival-jovens-do-futuro-viii-510x340.jpg 510w&quot;,&quot;image_sizes&quot;:false,&quot;alt_text&quot;:&quot;Movimento Jovens do Futuro nasceu de uma carta de Chico Mendes que virou seu testamento, deixando a sua luta como heran\\u00e7a para os mais jovens.&quot;,&quot;caption&quot;:&quot;Movimento Jovens do Futuro nasceu de uma carta de Chico Mendes que virou seu testamento, deixando a sua luta como heran\\u00e7a para os mais jovens. &quot;,&quot;focus_image&quot;:&quot;&quot;,&quot;credits&quot;:&quot;\\u00a9 Hannah Lydia \\\/ Comit\\u00ea Chico Mendes e Movimento Jovens do Futuro&quot;},{&quot;image_src&quot;:&quot;https:\\\/\\\/www.greenpeace.org\\\/static\\\/planet4-brasil-stateless\\\/2024\\\/09\\\/133ee4e3-empate-pela-amazonia-festival-jovens-do-futuro-xi.jpg&quot;,&quot;image_srcset&quot;:&quot;https:\\\/\\\/www.greenpeace.org\\\/static\\\/planet4-brasil-stateless\\\/2024\\\/09\\\/133ee4e3-empate-pela-amazonia-festival-jovens-do-futuro-xi.jpg 1080w, https:\\\/\\\/www.greenpeace.org\\\/static\\\/planet4-brasil-stateless\\\/2024\\\/09\\\/133ee4e3-empate-pela-amazonia-festival-jovens-do-futuro-xi-300x200.jpg 300w, https:\\\/\\\/www.greenpeace.org\\\/static\\\/planet4-brasil-stateless\\\/2024\\\/09\\\/133ee4e3-empate-pela-amazonia-festival-jovens-do-futuro-xi-1024x683.jpg 1024w, https:\\\/\\\/www.greenpeace.org\\\/static\\\/planet4-brasil-stateless\\\/2024\\\/09\\\/133ee4e3-empate-pela-amazonia-festival-jovens-do-futuro-xi-768x512.jpg 768w, https:\\\/\\\/www.greenpeace.org\\\/static\\\/planet4-brasil-stateless\\\/2024\\\/09\\\/133ee4e3-empate-pela-amazonia-festival-jovens-do-futuro-xi-510x340.jpg 510w&quot;,&quot;image_sizes&quot;:false,&quot;alt_text&quot;:&quot;Movimento Jovens do Futuro nasceu de uma carta de Chico Mendes que virou seu testamento, deixando a sua luta como heran\\u00e7a para os mais jovens.&quot;,&quot;caption&quot;:&quot;Movimento Jovens do Futuro nasceu de uma carta de Chico Mendes que virou seu testamento, deixando a sua luta como heran\\u00e7a para os mais jovens. &quot;,&quot;focus_image&quot;:&quot;&quot;,&quot;credits&quot;:&quot;\\u00a9 Hannah Lydia \\\/ Comit\\u00ea Chico Mendes e Movimento Jovens do Futuro&quot;}]}}\"><section class=\"block carousel-wrap \"><\/section><\/div>\n<p><strong>Emerg\u00eancia Clim\u00e1tica na Amaz\u00f4nia<\/strong><\/p>\n\n<p>O agroneg\u00f3cio que avan\u00e7a sobre a maior floresta tropical do mundo agrava as mudan\u00e7as clim\u00e1ticas, reduz a produ\u00e7\u00e3o dos alimentos e aumenta os pre\u00e7os. <a href=\"https:\/\/g1.globo.com\/economia\/agronegocios\/noticia\/2024\/08\/31\/carne-feijao-laranja-maior-seca-dos-ultimos-44-anos-deve-encarecer-alimentos-dizem-especialistas.ghtml\" target=\"_blank\" rel=\"noreferrer noopener\">Carne, feij\u00e3o, laranja<\/a>, por exemplo, est\u00e3o mais caros devido \u00e0 seca, a pior em 44 anos.&nbsp;&nbsp;<\/p>\n\n<p>Os povos da floresta est\u00e3o entre os prejudicados.<em> \u201cN\u00e3o temos assist\u00eancia do poder p\u00fablico. <\/em><strong><em>O desmatamento cresceu e os extrativistas est\u00e3o muito vulner\u00e1veis, vendendo as terras, porque n\u00e3o tem como ficar por l\u00e1<\/em><\/strong><em>\u201d<\/em>, relata Marta Jane, 20 anos, filha e neta de seringueiros da Reserva Extrativista Chico Mendes.<em> \u201cPessoas de fora que t\u00eam dinheiro, compram e fazem fazenda, desmatam e criam gado.\u201d<\/em> No Acre, tem <a href=\"https:\/\/contilnetnoticias.com.br\/2023\/06\/acre-tem-quase-cinco-cabecas-de-gado-por-pessoa-aponta-pesquisa-do-ibge\/\" target=\"_blank\" rel=\"noreferrer noopener\">5 vezes mais gado do que pessoas<\/a>.&nbsp;<\/p>\n\n<p>Gra\u00e7as \u00e0s desigualdades sociais, as trag\u00e9dias clim\u00e1ticas causam mais impactos \u00e0s popula\u00e7\u00f5es do campo, ind\u00edgenas, quilombolas e perif\u00e9ricas. Transformar essa realidade, portanto, requer assegurar qualidade de vida a essas pessoas, estimulando uma agricultura e uma economia mais sustent\u00e1vel, que gera sa\u00fade, renda e conserva\u00e7\u00e3o ambiental.&nbsp;<\/p>\n\n<p><em>&#8220;Nossa luta pela vida \u00e9 igual. Nos diferenciar \u00e9 separar e enfraquecer, d\u00e1 poder \u00e0 oposi\u00e7\u00e3o. <strong>Temos que focar no que nos une e cuidar da cabe\u00e7a e da alma, buscando equil\u00edbrio espiritual e psicol\u00f3gico<\/strong>&#8220;<\/em>, frisa Laiane Santos, 32 anos, do Coletivo Varadouro, que re\u00fane jovens de reservas extrativistas. <\/p>\n\n<p>Outro desafio \u00e9 a falta de escolas nas \u00e1reas rurais, mesmo sendo direito de toda crian\u00e7a e adolescente, for\u00e7ando a juventude a sair de seus territ\u00f3rios para estudar.<\/p>\n<div data-hydrate=\"planet4-blocks\/gallery\" data-attributes=\"{&quot;attributes&quot;:{&quot;multiple_image&quot;:&quot;54509,54507,54510,54504,54503,54505,54511,54508,54506&quot;,&quot;image_data&quot;:[{&quot;url&quot;:&quot;https:\\\/\\\/www.greenpeace.org\\\/static\\\/planet4-brasil-stateless\\\/2024\\\/09\\\/694b4407-antes-do-prato-greenpeace-no-festival-jovens-do-futuro-ac-05.09.24-vix.jpg&quot;,&quot;focalPoint&quot;:{&quot;x&quot;:0.5,&quot;y&quot;:0.5},&quot;id&quot;:54509},{&quot;url&quot;:&quot;https:\\\/\\\/www.greenpeace.org\\\/static\\\/planet4-brasil-stateless\\\/2024\\\/09\\\/8560a309-antes-do-prato-greenpeace-no-festival-jovens-do-futuro-ac-05.09.24-vii.jpg&quot;,&quot;focalPoint&quot;:{&quot;x&quot;:0.5,&quot;y&quot;:0.5},&quot;id&quot;:54507},{&quot;url&quot;:&quot;https:\\\/\\\/www.greenpeace.org\\\/static\\\/planet4-brasil-stateless\\\/2024\\\/09\\\/0c3b4418-antes-do-prato-greenpeace-no-festival-jovens-do-futuro-ac-05.09.24-x.jpg&quot;,&quot;focalPoint&quot;:{&quot;x&quot;:0.5,&quot;y&quot;:0.5},&quot;id&quot;:54510},{&quot;url&quot;:&quot;https:\\\/\\\/www.greenpeace.org\\\/static\\\/planet4-brasil-stateless\\\/2024\\\/09\\\/94d74168-antes-do-prato-greenpeace-no-festival-jovens-do-futuro-ac-05.09.24-iv.jpg&quot;,&quot;focalPoint&quot;:{&quot;x&quot;:0.5,&quot;y&quot;:0.5},&quot;id&quot;:54504},{&quot;url&quot;:&quot;https:\\\/\\\/www.greenpeace.org\\\/static\\\/planet4-brasil-stateless\\\/2024\\\/09\\\/40cce379-antes-do-prato-greenpeace-no-festival-jovens-do-futuro-ac-05.09.24-ii.jpg&quot;,&quot;focalPoint&quot;:{&quot;x&quot;:0.5,&quot;y&quot;:0.5},&quot;id&quot;:54503},{&quot;url&quot;:&quot;https:\\\/\\\/www.greenpeace.org\\\/static\\\/planet4-brasil-stateless\\\/2024\\\/09\\\/6cb46eb0-antes-do-prato-greenpeace-no-festival-jovens-do-futuro-ac-05.09.24-v.jpg&quot;,&quot;focalPoint&quot;:{&quot;x&quot;:0.5,&quot;y&quot;:0.5},&quot;id&quot;:54505},{&quot;url&quot;:&quot;https:\\\/\\\/www.greenpeace.org\\\/static\\\/planet4-brasil-stateless\\\/2024\\\/09\\\/2b2b3b08-antes-do-prato-greenpeace-no-festival-jovens-do-futuro-ac-05.09.24.jpg&quot;,&quot;focalPoint&quot;:{&quot;x&quot;:0.5,&quot;y&quot;:0.5},&quot;id&quot;:54511},{&quot;url&quot;:&quot;https:\\\/\\\/www.greenpeace.org\\\/static\\\/planet4-brasil-stateless\\\/2024\\\/09\\\/6ae5f5ed-antes-do-prato-greenpeace-no-festival-jovens-do-futuro-ac-05.09.24-viii.jpg&quot;,&quot;focalPoint&quot;:{&quot;x&quot;:0.5,&quot;y&quot;:0.5},&quot;id&quot;:54508},{&quot;url&quot;:&quot;https:\\\/\\\/www.greenpeace.org\\\/static\\\/planet4-brasil-stateless\\\/2024\\\/09\\\/53a5d623-antes-do-prato-greenpeace-no-festival-jovens-do-futuro-ac-05.09.24-vi.jpg&quot;,&quot;focalPoint&quot;:{&quot;x&quot;:0.5,&quot;y&quot;:0.5},&quot;id&quot;:54506}],&quot;gallery_block_style&quot;:0,&quot;gallery_block_title&quot;:&quot;&quot;,&quot;gallery_block_description&quot;:&quot;&quot;,&quot;gallery_block_focus_points&quot;:&quot;&quot;,&quot;images&quot;:[{&quot;image_src&quot;:&quot;https:\\\/\\\/www.greenpeace.org\\\/static\\\/planet4-brasil-stateless\\\/2024\\\/09\\\/694b4407-antes-do-prato-greenpeace-no-festival-jovens-do-futuro-ac-05.09.24-vix.jpg&quot;,&quot;image_srcset&quot;:&quot;https:\\\/\\\/www.greenpeace.org\\\/static\\\/planet4-brasil-stateless\\\/2024\\\/09\\\/694b4407-antes-do-prato-greenpeace-no-festival-jovens-do-futuro-ac-05.09.24-vix.jpg 1080w, https:\\\/\\\/www.greenpeace.org\\\/static\\\/planet4-brasil-stateless\\\/2024\\\/09\\\/694b4407-antes-do-prato-greenpeace-no-festival-jovens-do-futuro-ac-05.09.24-vix-300x200.jpg 300w, https:\\\/\\\/www.greenpeace.org\\\/static\\\/planet4-brasil-stateless\\\/2024\\\/09\\\/694b4407-antes-do-prato-greenpeace-no-festival-jovens-do-futuro-ac-05.09.24-vix-1024x683.jpg 1024w, https:\\\/\\\/www.greenpeace.org\\\/static\\\/planet4-brasil-stateless\\\/2024\\\/09\\\/694b4407-antes-do-prato-greenpeace-no-festival-jovens-do-futuro-ac-05.09.24-vix-768x512.jpg 768w, https:\\\/\\\/www.greenpeace.org\\\/static\\\/planet4-brasil-stateless\\\/2024\\\/09\\\/694b4407-antes-do-prato-greenpeace-no-festival-jovens-do-futuro-ac-05.09.24-vix-510x340.jpg 510w&quot;,&quot;image_sizes&quot;:false,&quot;alt_text&quot;:&quot;Exibi\\u00e7\\u00e3o do filme \\&quot;Antes do Prato\\&quot;, do Greenpeace, no Festival Jovens do Futuro de 2024&quot;,&quot;caption&quot;:&quot;Exibi\\u00e7\\u00e3o do filme \\&quot;Antes do Prato\\&quot;, do Greenpeace, no Festival Jovens do Futuro de 2024&quot;,&quot;focus_image&quot;:&quot;&quot;,&quot;credits&quot;:&quot;\\u00a9 Hannah Lydia \\\/ Comit\\u00ea Chico Mendes e Movimento Jovens do Futuro&quot;},{&quot;image_src&quot;:&quot;https:\\\/\\\/www.greenpeace.org\\\/static\\\/planet4-brasil-stateless\\\/2024\\\/09\\\/8560a309-antes-do-prato-greenpeace-no-festival-jovens-do-futuro-ac-05.09.24-vii.jpg&quot;,&quot;image_srcset&quot;:&quot;https:\\\/\\\/www.greenpeace.org\\\/static\\\/planet4-brasil-stateless\\\/2024\\\/09\\\/8560a309-antes-do-prato-greenpeace-no-festival-jovens-do-futuro-ac-05.09.24-vii.jpg 1080w, https:\\\/\\\/www.greenpeace.org\\\/static\\\/planet4-brasil-stateless\\\/2024\\\/09\\\/8560a309-antes-do-prato-greenpeace-no-festival-jovens-do-futuro-ac-05.09.24-vii-300x200.jpg 300w, https:\\\/\\\/www.greenpeace.org\\\/static\\\/planet4-brasil-stateless\\\/2024\\\/09\\\/8560a309-antes-do-prato-greenpeace-no-festival-jovens-do-futuro-ac-05.09.24-vii-1024x683.jpg 1024w, https:\\\/\\\/www.greenpeace.org\\\/static\\\/planet4-brasil-stateless\\\/2024\\\/09\\\/8560a309-antes-do-prato-greenpeace-no-festival-jovens-do-futuro-ac-05.09.24-vii-768x512.jpg 768w, https:\\\/\\\/www.greenpeace.org\\\/static\\\/planet4-brasil-stateless\\\/2024\\\/09\\\/8560a309-antes-do-prato-greenpeace-no-festival-jovens-do-futuro-ac-05.09.24-vii-510x340.jpg 510w&quot;,&quot;image_sizes&quot;:false,&quot;alt_text&quot;:&quot;Exibi\\u00e7\\u00e3o do filme \\&quot;Antes do Prato\\&quot;, do Greenpeace, no Festival Jovens do Futuro de 2024&quot;,&quot;caption&quot;:&quot;Exibi\\u00e7\\u00e3o do filme \\&quot;Antes do Prato\\&quot;, do Greenpeace, no Festival Jovens do Futuro de 2024&quot;,&quot;focus_image&quot;:&quot;&quot;,&quot;credits&quot;:&quot;\\u00a9 Hannah Lydia \\\/ Comit\\u00ea Chico Mendes e Movimento Jovens do Futuro&quot;},{&quot;image_src&quot;:&quot;https:\\\/\\\/www.greenpeace.org\\\/static\\\/planet4-brasil-stateless\\\/2024\\\/09\\\/0c3b4418-antes-do-prato-greenpeace-no-festival-jovens-do-futuro-ac-05.09.24-x.jpg&quot;,&quot;image_srcset&quot;:&quot;https:\\\/\\\/www.greenpeace.org\\\/static\\\/planet4-brasil-stateless\\\/2024\\\/09\\\/0c3b4418-antes-do-prato-greenpeace-no-festival-jovens-do-futuro-ac-05.09.24-x.jpg 1080w, https:\\\/\\\/www.greenpeace.org\\\/static\\\/planet4-brasil-stateless\\\/2024\\\/09\\\/0c3b4418-antes-do-prato-greenpeace-no-festival-jovens-do-futuro-ac-05.09.24-x-300x200.jpg 300w, https:\\\/\\\/www.greenpeace.org\\\/static\\\/planet4-brasil-stateless\\\/2024\\\/09\\\/0c3b4418-antes-do-prato-greenpeace-no-festival-jovens-do-futuro-ac-05.09.24-x-1024x683.jpg 1024w, https:\\\/\\\/www.greenpeace.org\\\/static\\\/planet4-brasil-stateless\\\/2024\\\/09\\\/0c3b4418-antes-do-prato-greenpeace-no-festival-jovens-do-futuro-ac-05.09.24-x-768x512.jpg 768w, https:\\\/\\\/www.greenpeace.org\\\/static\\\/planet4-brasil-stateless\\\/2024\\\/09\\\/0c3b4418-antes-do-prato-greenpeace-no-festival-jovens-do-futuro-ac-05.09.24-x-510x340.jpg 510w&quot;,&quot;image_sizes&quot;:false,&quot;alt_text&quot;:&quot;Exibi\\u00e7\\u00e3o do filme \\&quot;Antes do Prato\\&quot;, do Greenpeace, no Festival Jovens do Futuro de 2024&quot;,&quot;caption&quot;:&quot;Exibi\\u00e7\\u00e3o do filme \\&quot;Antes do Prato\\&quot;, do Greenpeace, no Festival Jovens do Futuro de 2024&quot;,&quot;focus_image&quot;:&quot;&quot;,&quot;credits&quot;:&quot;\\u00a9 Hannah Lydia \\\/ Comit\\u00ea Chico Mendes e Movimento Jovens do Futuro&quot;},{&quot;image_src&quot;:&quot;https:\\\/\\\/www.greenpeace.org\\\/static\\\/planet4-brasil-stateless\\\/2024\\\/09\\\/94d74168-antes-do-prato-greenpeace-no-festival-jovens-do-futuro-ac-05.09.24-iv.jpg&quot;,&quot;image_srcset&quot;:&quot;https:\\\/\\\/www.greenpeace.org\\\/static\\\/planet4-brasil-stateless\\\/2024\\\/09\\\/94d74168-antes-do-prato-greenpeace-no-festival-jovens-do-futuro-ac-05.09.24-iv.jpg 1080w, https:\\\/\\\/www.greenpeace.org\\\/static\\\/planet4-brasil-stateless\\\/2024\\\/09\\\/94d74168-antes-do-prato-greenpeace-no-festival-jovens-do-futuro-ac-05.09.24-iv-300x200.jpg 300w, https:\\\/\\\/www.greenpeace.org\\\/static\\\/planet4-brasil-stateless\\\/2024\\\/09\\\/94d74168-antes-do-prato-greenpeace-no-festival-jovens-do-futuro-ac-05.09.24-iv-1024x683.jpg 1024w, https:\\\/\\\/www.greenpeace.org\\\/static\\\/planet4-brasil-stateless\\\/2024\\\/09\\\/94d74168-antes-do-prato-greenpeace-no-festival-jovens-do-futuro-ac-05.09.24-iv-768x512.jpg 768w, https:\\\/\\\/www.greenpeace.org\\\/static\\\/planet4-brasil-stateless\\\/2024\\\/09\\\/94d74168-antes-do-prato-greenpeace-no-festival-jovens-do-futuro-ac-05.09.24-iv-510x340.jpg 510w&quot;,&quot;image_sizes&quot;:false,&quot;alt_text&quot;:&quot;Exibi\\u00e7\\u00e3o do filme \\&quot;Antes do Prato\\&quot;, do Greenpeace, no Festival Jovens do Futuro de 2024&quot;,&quot;caption&quot;:&quot;Exibi\\u00e7\\u00e3o do filme \\&quot;Antes do Prato\\&quot;, do Greenpeace, no Festival Jovens do Futuro de 2024&quot;,&quot;focus_image&quot;:&quot;&quot;,&quot;credits&quot;:&quot;\\u00a9 Hannah Lydia \\\/ Comit\\u00ea Chico Mendes e Movimento Jovens do Futuro&quot;},{&quot;image_src&quot;:&quot;https:\\\/\\\/www.greenpeace.org\\\/static\\\/planet4-brasil-stateless\\\/2024\\\/09\\\/40cce379-antes-do-prato-greenpeace-no-festival-jovens-do-futuro-ac-05.09.24-ii.jpg&quot;,&quot;image_srcset&quot;:&quot;https:\\\/\\\/www.greenpeace.org\\\/static\\\/planet4-brasil-stateless\\\/2024\\\/09\\\/40cce379-antes-do-prato-greenpeace-no-festival-jovens-do-futuro-ac-05.09.24-ii.jpg 1080w, https:\\\/\\\/www.greenpeace.org\\\/static\\\/planet4-brasil-stateless\\\/2024\\\/09\\\/40cce379-antes-do-prato-greenpeace-no-festival-jovens-do-futuro-ac-05.09.24-ii-300x200.jpg 300w, https:\\\/\\\/www.greenpeace.org\\\/static\\\/planet4-brasil-stateless\\\/2024\\\/09\\\/40cce379-antes-do-prato-greenpeace-no-festival-jovens-do-futuro-ac-05.09.24-ii-1024x683.jpg 1024w, https:\\\/\\\/www.greenpeace.org\\\/static\\\/planet4-brasil-stateless\\\/2024\\\/09\\\/40cce379-antes-do-prato-greenpeace-no-festival-jovens-do-futuro-ac-05.09.24-ii-768x512.jpg 768w, https:\\\/\\\/www.greenpeace.org\\\/static\\\/planet4-brasil-stateless\\\/2024\\\/09\\\/40cce379-antes-do-prato-greenpeace-no-festival-jovens-do-futuro-ac-05.09.24-ii-510x340.jpg 510w&quot;,&quot;image_sizes&quot;:false,&quot;alt_text&quot;:&quot;Exibi\\u00e7\\u00e3o do filme \\&quot;Antes do Prato\\&quot;, do Greenpeace, no Festival Jovens do Futuro de 2024&quot;,&quot;caption&quot;:&quot;Exibi\\u00e7\\u00e3o do filme \\&quot;Antes do Prato\\&quot;, do Greenpeace, no Festival Jovens do Futuro de 2024&quot;,&quot;focus_image&quot;:&quot;&quot;,&quot;credits&quot;:&quot;\\u00a9 Hannah Lydia \\\/ Comit\\u00ea Chico Mendes e Movimento Jovens do Futuro&quot;},{&quot;image_src&quot;:&quot;https:\\\/\\\/www.greenpeace.org\\\/static\\\/planet4-brasil-stateless\\\/2024\\\/09\\\/6cb46eb0-antes-do-prato-greenpeace-no-festival-jovens-do-futuro-ac-05.09.24-v.jpg&quot;,&quot;image_srcset&quot;:&quot;https:\\\/\\\/www.greenpeace.org\\\/static\\\/planet4-brasil-stateless\\\/2024\\\/09\\\/6cb46eb0-antes-do-prato-greenpeace-no-festival-jovens-do-futuro-ac-05.09.24-v.jpg 1080w, https:\\\/\\\/www.greenpeace.org\\\/static\\\/planet4-brasil-stateless\\\/2024\\\/09\\\/6cb46eb0-antes-do-prato-greenpeace-no-festival-jovens-do-futuro-ac-05.09.24-v-300x200.jpg 300w, https:\\\/\\\/www.greenpeace.org\\\/static\\\/planet4-brasil-stateless\\\/2024\\\/09\\\/6cb46eb0-antes-do-prato-greenpeace-no-festival-jovens-do-futuro-ac-05.09.24-v-1024x683.jpg 1024w, https:\\\/\\\/www.greenpeace.org\\\/static\\\/planet4-brasil-stateless\\\/2024\\\/09\\\/6cb46eb0-antes-do-prato-greenpeace-no-festival-jovens-do-futuro-ac-05.09.24-v-768x512.jpg 768w, https:\\\/\\\/www.greenpeace.org\\\/static\\\/planet4-brasil-stateless\\\/2024\\\/09\\\/6cb46eb0-antes-do-prato-greenpeace-no-festival-jovens-do-futuro-ac-05.09.24-v-510x340.jpg 510w&quot;,&quot;image_sizes&quot;:false,&quot;alt_text&quot;:&quot;Exibi\\u00e7\\u00e3o do filme \\&quot;Antes do Prato\\&quot;, do Greenpeace, no Festival Jovens do Futuro de 2024&quot;,&quot;caption&quot;:&quot;Exibi\\u00e7\\u00e3o do filme \\&quot;Antes do Prato\\&quot;, do Greenpeace, no Festival Jovens do Futuro de 2024&quot;,&quot;focus_image&quot;:&quot;&quot;,&quot;credits&quot;:&quot;\\u00a9 Hannah Lydia \\\/ Comit\\u00ea Chico Mendes e Movimento Jovens do Futuro&quot;},{&quot;image_src&quot;:&quot;https:\\\/\\\/www.greenpeace.org\\\/static\\\/planet4-brasil-stateless\\\/2024\\\/09\\\/2b2b3b08-antes-do-prato-greenpeace-no-festival-jovens-do-futuro-ac-05.09.24.jpg&quot;,&quot;image_srcset&quot;:&quot;https:\\\/\\\/www.greenpeace.org\\\/static\\\/planet4-brasil-stateless\\\/2024\\\/09\\\/2b2b3b08-antes-do-prato-greenpeace-no-festival-jovens-do-futuro-ac-05.09.24.jpg 1080w, https:\\\/\\\/www.greenpeace.org\\\/static\\\/planet4-brasil-stateless\\\/2024\\\/09\\\/2b2b3b08-antes-do-prato-greenpeace-no-festival-jovens-do-futuro-ac-05.09.24-300x200.jpg 300w, https:\\\/\\\/www.greenpeace.org\\\/static\\\/planet4-brasil-stateless\\\/2024\\\/09\\\/2b2b3b08-antes-do-prato-greenpeace-no-festival-jovens-do-futuro-ac-05.09.24-1024x683.jpg 1024w, https:\\\/\\\/www.greenpeace.org\\\/static\\\/planet4-brasil-stateless\\\/2024\\\/09\\\/2b2b3b08-antes-do-prato-greenpeace-no-festival-jovens-do-futuro-ac-05.09.24-768x512.jpg 768w, https:\\\/\\\/www.greenpeace.org\\\/static\\\/planet4-brasil-stateless\\\/2024\\\/09\\\/2b2b3b08-antes-do-prato-greenpeace-no-festival-jovens-do-futuro-ac-05.09.24-510x340.jpg 510w&quot;,&quot;image_sizes&quot;:false,&quot;alt_text&quot;:&quot;Exibi\\u00e7\\u00e3o do filme \\&quot;Antes do Prato\\&quot;, do Greenpeace, no Festival Jovens do Futuro de 2024&quot;,&quot;caption&quot;:&quot;Exibi\\u00e7\\u00e3o do filme \\&quot;Antes do Prato\\&quot;, do Greenpeace, no Festival Jovens do Futuro de 2024 &quot;,&quot;focus_image&quot;:&quot;&quot;,&quot;credits&quot;:&quot;\\u00a9 Hannah Lydia \\\/ Comit\\u00ea Chico Mendes e Movimento Jovens do Futuro&quot;},{&quot;image_src&quot;:&quot;https:\\\/\\\/www.greenpeace.org\\\/static\\\/planet4-brasil-stateless\\\/2024\\\/09\\\/6ae5f5ed-antes-do-prato-greenpeace-no-festival-jovens-do-futuro-ac-05.09.24-viii.jpg&quot;,&quot;image_srcset&quot;:&quot;https:\\\/\\\/www.greenpeace.org\\\/static\\\/planet4-brasil-stateless\\\/2024\\\/09\\\/6ae5f5ed-antes-do-prato-greenpeace-no-festival-jovens-do-futuro-ac-05.09.24-viii.jpg 1080w, https:\\\/\\\/www.greenpeace.org\\\/static\\\/planet4-brasil-stateless\\\/2024\\\/09\\\/6ae5f5ed-antes-do-prato-greenpeace-no-festival-jovens-do-futuro-ac-05.09.24-viii-300x200.jpg 300w, https:\\\/\\\/www.greenpeace.org\\\/static\\\/planet4-brasil-stateless\\\/2024\\\/09\\\/6ae5f5ed-antes-do-prato-greenpeace-no-festival-jovens-do-futuro-ac-05.09.24-viii-1024x683.jpg 1024w, https:\\\/\\\/www.greenpeace.org\\\/static\\\/planet4-brasil-stateless\\\/2024\\\/09\\\/6ae5f5ed-antes-do-prato-greenpeace-no-festival-jovens-do-futuro-ac-05.09.24-viii-768x512.jpg 768w, https:\\\/\\\/www.greenpeace.org\\\/static\\\/planet4-brasil-stateless\\\/2024\\\/09\\\/6ae5f5ed-antes-do-prato-greenpeace-no-festival-jovens-do-futuro-ac-05.09.24-viii-510x340.jpg 510w&quot;,&quot;image_sizes&quot;:false,&quot;alt_text&quot;:&quot;Exibi\\u00e7\\u00e3o do filme \\&quot;Antes do Prato\\&quot;, do Greenpeace, no Festival Jovens do Futuro de 2024&quot;,&quot;caption&quot;:&quot;Exibi\\u00e7\\u00e3o do filme \\&quot;Antes do Prato\\&quot;, do Greenpeace, no Festival Jovens do Futuro de 2024&quot;,&quot;focus_image&quot;:&quot;&quot;,&quot;credits&quot;:&quot;\\u00a9 Hannah Lydia \\\/ Comit\\u00ea Chico Mendes e Movimento Jovens do Futuro&quot;},{&quot;image_src&quot;:&quot;https:\\\/\\\/www.greenpeace.org\\\/static\\\/planet4-brasil-stateless\\\/2024\\\/09\\\/53a5d623-antes-do-prato-greenpeace-no-festival-jovens-do-futuro-ac-05.09.24-vi.jpg&quot;,&quot;image_srcset&quot;:&quot;https:\\\/\\\/www.greenpeace.org\\\/static\\\/planet4-brasil-stateless\\\/2024\\\/09\\\/53a5d623-antes-do-prato-greenpeace-no-festival-jovens-do-futuro-ac-05.09.24-vi.jpg 1080w, https:\\\/\\\/www.greenpeace.org\\\/static\\\/planet4-brasil-stateless\\\/2024\\\/09\\\/53a5d623-antes-do-prato-greenpeace-no-festival-jovens-do-futuro-ac-05.09.24-vi-300x200.jpg 300w, https:\\\/\\\/www.greenpeace.org\\\/static\\\/planet4-brasil-stateless\\\/2024\\\/09\\\/53a5d623-antes-do-prato-greenpeace-no-festival-jovens-do-futuro-ac-05.09.24-vi-1024x683.jpg 1024w, https:\\\/\\\/www.greenpeace.org\\\/static\\\/planet4-brasil-stateless\\\/2024\\\/09\\\/53a5d623-antes-do-prato-greenpeace-no-festival-jovens-do-futuro-ac-05.09.24-vi-768x512.jpg 768w, https:\\\/\\\/www.greenpeace.org\\\/static\\\/planet4-brasil-stateless\\\/2024\\\/09\\\/53a5d623-antes-do-prato-greenpeace-no-festival-jovens-do-futuro-ac-05.09.24-vi-510x340.jpg 510w&quot;,&quot;image_sizes&quot;:false,&quot;alt_text&quot;:&quot;Exibi\\u00e7\\u00e3o do filme \\&quot;Antes do Prato\\&quot;, do Greenpeace, no Festival Jovens do Futuro de 2024&quot;,&quot;caption&quot;:&quot;Exibi\\u00e7\\u00e3o do filme \\&quot;Antes do Prato\\&quot;, do Greenpeace, no Festival Jovens do Futuro de 2024&quot;,&quot;focus_image&quot;:&quot;&quot;,&quot;credits&quot;:&quot;\\u00a9 Hannah Lydia \\\/ Comit\\u00ea Chico Mendes e Movimento Jovens do Futuro&quot;}]}}\"><section class=\"block carousel-wrap \"><\/section><\/div>\n<p><strong>Chico vive e as solu\u00e7\u00f5es tamb\u00e9m<\/strong><\/p>\n\n<p>Imagina o Brasil se os bilh\u00f5es de verba p\u00fablica que v\u00e3o para o agroneg\u00f3cio fossem para a agroecologia. <strong>Como viver\u00edamos se o <a href=\"https:\/\/www.greenpeace.org\/brasil\/imprensa\/plano-safra-valor-destinado-a-agricultura-familiar-ainda-e-muito-abaixo-do-necessario\/\" target=\"_blank\" rel=\"noreferrer noopener\">Plano Safra, principal pol\u00edtica agr\u00edcola do pa\u00eds, priorizasse a agricultura familiar e ecol\u00f3gica<\/a>? <\/strong>E se a sociobioeconomia fosse fortalecida e a educa\u00e7\u00e3o ambiental fosse estimulada em todas as regi\u00f5es?&nbsp;<\/p>\n\n<p>A juventude da Resex Chico Mendes conta que suas fam\u00edlias, assim como muitas outras espalhadas Brasil afora, n\u00e3o t\u00eam incentivos p\u00fablicos ou privados para sobreviver e se sustentar da floresta, atrav\u00e9s da seringa, castanha, a\u00e7a\u00ed e demais cultivos \u2013 ao contr\u00e1rio da soja, que recebe subs\u00eddio do governo para sua produ\u00e7\u00e3o.&nbsp;<\/p>\n\n<p>Mesmo com pouco apoio, a agricultura familiar \u00e9 a maior respons\u00e1vel pela diversidade alimentar no Brasil e j\u00e1 ajudou a tirar o pa\u00eds do Mapa da Fome em 2014. <em>\u201cHoje, basicamente, n\u00e3o tem essa <strong>valoriza\u00e7\u00e3o<\/strong>, essa visibilidade para o setor\u201d<\/em>, diz Marta Jane.<em> \u201cDe alguma forma, o benef\u00edcio tem que chegar para o produtor da floresta, porque n\u00e3o chega\u201d<\/em>.<\/p>\n\n<p>O Comit\u00ea Chico Mendes defende que sonhos coletivos viram realidade e que, <strong>com investimento e educa\u00e7\u00e3o, a transforma\u00e7\u00e3o ecol\u00f3gica \u00e9 poss\u00edvel na Amaz\u00f4nia e no mundo.&nbsp;<\/strong><\/p>\n\n<div class=\"wp-block-buttons is-content-justification-center is-layout-flex wp-container-core-buttons-is-layout-16018d1d wp-block-buttons-is-layout-flex\">\n<div class=\"wp-block-button has-custom-width wp-block-button__width-100 has-custom-font-size is-style-transparent has-medium-font-size\"><a class=\"wp-block-button__link has-grey-900-color has-green-500-background-color has-text-color has-background has-link-color has-text-align-center wp-element-button\" href=\"https:\/\/www.greenpeace.org\/brasil\/apoie\/manifesto-pela-agroecologia\/\" target=\"_blank\" rel=\"noreferrer noopener\">JUNTE-SE A N\u00d3S E ASSINE O MANIFESTO PELA AGROECOLOGIA<\/a><\/div>\n<\/div>\n\n<p class=\"has-medium-font-size\"><\/p>\n\n<p><\/p>\n\n<p><\/p>\n\n<p><\/p>\n\n<p><\/p>\n\n<p><\/p>\n","protected":false},"excerpt":{"rendered":"<p>Com o avan\u00e7o das queimadas, Rio Branco \u00e9 a capital com pior qualidade do ar no Brasil \u2013 juventude acreana se mobiliza para mudar essa realidade<\/p>\n","protected":false},"author":107,"featured_media":54490,"comment_status":"open","ping_status":"closed","sticky":false,"template":"","format":"standard","meta":{"ep_exclude_from_search":false,"p4_og_title":"","p4_og_description":"","p4_og_image":"","p4_og_image_id":"","p4_seo_canonical_url":"","p4_campaign_name":"","p4_local_project":"","p4_basket_name":"","p4_department":"","footnotes":""},"categories":[2],"tags":[18],"p4-page-type":[16],"class_list":["post-54489","post","type-post","status-publish","format-standard","has-post-thumbnail","hentry","category-transforme-a-sociedade","tag-agroecologia","p4-page-type-blog"],"_links":{"self":[{"href":"https:\/\/www.greenpeace.org\/brasil\/wp-json\/wp\/v2\/posts\/54489","targetHints":{"allow":["GET"]}}],"collection":[{"href":"https:\/\/www.greenpeace.org\/brasil\/wp-json\/wp\/v2\/posts"}],"about":[{"href":"https:\/\/www.greenpeace.org\/brasil\/wp-json\/wp\/v2\/types\/post"}],"author":[{"embeddable":true,"href":"https:\/\/www.greenpeace.org\/brasil\/wp-json\/wp\/v2\/users\/107"}],"replies":[{"embeddable":true,"href":"https:\/\/www.greenpeace.org\/brasil\/wp-json\/wp\/v2\/comments?post=54489"}],"version-history":[{"count":20,"href":"https:\/\/www.greenpeace.org\/brasil\/wp-json\/wp\/v2\/posts\/54489\/revisions"}],"predecessor-version":[{"id":58476,"href":"https:\/\/www.greenpeace.org\/brasil\/wp-json\/wp\/v2\/posts\/54489\/revisions\/58476"}],"wp:featuredmedia":[{"embeddable":true,"href":"https:\/\/www.greenpeace.org\/brasil\/wp-json\/wp\/v2\/media\/54490"}],"wp:attachment":[{"href":"https:\/\/www.greenpeace.org\/brasil\/wp-json\/wp\/v2\/media?parent=54489"}],"wp:term":[{"taxonomy":"category","embeddable":true,"href":"https:\/\/www.greenpeace.org\/brasil\/wp-json\/wp\/v2\/categories?post=54489"},{"taxonomy":"post_tag","embeddable":true,"href":"https:\/\/www.greenpeace.org\/brasil\/wp-json\/wp\/v2\/tags?post=54489"},{"taxonomy":"p4-page-type","embeddable":true,"href":"https:\/\/www.greenpeace.org\/brasil\/wp-json\/wp\/v2\/p4-page-type?post=54489"}],"curies":[{"name":"wp","href":"https:\/\/api.w.org\/{rel}","templated":true}]}}