{"id":54891,"date":"2024-10-03T15:20:02","date_gmt":"2024-10-03T18:20:02","guid":{"rendered":"https:\/\/www.greenpeace.org\/brasil\/?p=54891"},"modified":"2024-10-03T15:20:54","modified_gmt":"2024-10-03T18:20:54","slug":"brasil-incendiario-uma-nacao-refem-do-agronegocio","status":"publish","type":"post","link":"https:\/\/www.greenpeace.org\/brasil\/blog\/brasil-incendiario-uma-nacao-refem-do-agronegocio\/","title":{"rendered":"Brasil inflam\u00e1vel: uma na\u00e7\u00e3o ref\u00e9m do agroneg\u00f3cio\u00a0"},"content":{"rendered":"\n<h4 class=\"wp-block-heading\">As mudan\u00e7as clim\u00e1ticas j\u00e1 impactam o mundo todo. Mas ao inv\u00e9s de proteger a natureza e as pessoas, governos, empresas e o sistema financeiro seguem empenhados em transformar o Brasil em cinzas<\/h4>\n\n<figure class=\"wp-block-image size-large\"><img loading=\"lazy\" decoding=\"async\" width=\"1024\" height=\"768\" src=\"https:\/\/www.greenpeace.org\/static\/planet4-brasil-stateless\/2024\/10\/36b42fb3-gp1ta6mp_medium-res-1200px-1-1024x768.jpg\" alt=\"\" class=\"wp-image-54893\" srcset=\"https:\/\/www.greenpeace.org\/static\/planet4-brasil-stateless\/2024\/10\/36b42fb3-gp1ta6mp_medium-res-1200px-1-1024x768.jpg 1024w, https:\/\/www.greenpeace.org\/static\/planet4-brasil-stateless\/2024\/10\/36b42fb3-gp1ta6mp_medium-res-1200px-1-300x225.jpg 300w, https:\/\/www.greenpeace.org\/static\/planet4-brasil-stateless\/2024\/10\/36b42fb3-gp1ta6mp_medium-res-1200px-1-768x576.jpg 768w, https:\/\/www.greenpeace.org\/static\/planet4-brasil-stateless\/2024\/10\/36b42fb3-gp1ta6mp_medium-res-1200px-1-453x340.jpg 453w, https:\/\/www.greenpeace.org\/static\/planet4-brasil-stateless\/2024\/10\/36b42fb3-gp1ta6mp_medium-res-1200px-1.jpg 1200w\" sizes=\"auto, (max-width: 1024px) 100vw, 1024px\" \/><figcaption class=\"wp-element-caption\"><br>O Greenpeace Brasil esteve no Mato Grosso do Sul, na parte sul do Pantanal, para documentar os impactos das queimadas que assolam o bioma em sua biodiversidade e na vida das pessoas. (\u00a9 Rogerio Florentino \/ Greenpeace)<\/figcaption><\/figure>\n\n<p>Fuma\u00e7a no caf\u00e9 da manh\u00e3, fuma\u00e7a para o jantar. Talvez at\u00e9 falte comida, mas a fuma\u00e7a \u00e9 uma certeza desagrad\u00e1vel no dia-a-dia de qualquer pessoa que viva no Norte do Brasil, onde ano ap\u00f3s ano, sempre no segundo semestre, a regi\u00e3o amaz\u00f4nica \u00e9 desmatada e queimada para dar lugar \u00e0 agropecu\u00e1ria. Em 2024, entretanto, a fuma\u00e7a e as queimadas ilegais alcan\u00e7aram uma escala sem precedentes, atingindo diferentes regi\u00f5es e levando morte e destrui\u00e7\u00e3o para todo o pa\u00eds.<\/p>\n\n<p>De janeiro a setembro de 2024, foram registrados 104.639 focos de fogo na Amaz\u00f4nia brasileira, n\u00famero 80% maior que o registrado no mesmo per\u00edodo do ano passado. No Cerrado, esse n\u00famero j\u00e1 superou em 86% o n\u00famero focos do mesmo intervalo de 2023, chegando a 68.631 focos, segundo dados do Programa Queimadas, do Instituto Nacional de Pesquisas Espaciais (Inpe).<\/p>\n\n<p>No Pantanal, maior plan\u00edcie interior \u00famida do planeta, o n\u00famero de focos de calor de janeiro a setembro chegou a 11.855, quantidade 1.427% maior que a registrada nos mesmos nove meses do ano passado, de acordo com o Inpe. Considerando a \u00e1rea queimada, o fogo j\u00e1 consumiu 2.1 milh\u00f5es de hectares da vegeta\u00e7\u00e3o nativa, de acordo com dados do <a href=\"https:\/\/www.google.com\/url?q=https:\/\/alarmes.lasa.ufrj.br\/platform\/dashboard\/9091&amp;sa=D&amp;source=docs&amp;ust=1727981462314018&amp;usg=AOvVaw3bUDKJr6AnXVNYLk1_dBNf\">Sistema ALARMES,<\/a> desenvolvido pela pelo LASA\/UFRJ.<\/p>\n\n<p>Os motivos desta cat\u00e1strofe s\u00e3o variados, mas dois fatores unem todas essas trag\u00e9dias: uma estiagem persistente e anormal, fruto das mudan\u00e7as clim\u00e1ticas, e o agroneg\u00f3cio destruidor,\u00a0 muito bem financiado por bancos e investidores do Brasil e do mundo, que se utiliza do fogo ilegal para renovar pastagens e promover o\u00a0 avan\u00e7o r\u00e1pido da fronteira do desmatamento sobre florestas, savanas e outros ambientes naturais.\u00a0\u00a0<\/p>\n\n<p><strong>Mudan\u00e7as clim\u00e1ticas, agroneg\u00f3cio e finan\u00e7as imprudentes: uma combina\u00e7\u00e3o mortal para a natureza<\/strong><\/p>\n\n<p>Na Amaz\u00f4nia, o fogo n\u00e3o ocorre naturalmente, ele \u00e9 usado como ferramenta no processo produtivo do agroneg\u00f3cio industrialde desmatamento, ou para a limpeza de pastagens. A pecu\u00e1ria, por sua vez, \u00e9 o setor que mais desmata a floresta, ocupando cerca de <a href=\"https:\/\/g1.globo.com\/meio-ambiente\/noticia\/2024\/10\/03\/mais-de-90percent-do-desmatamento-da-amazonia-e-para-abertura-de-pastagem-diz-mapbiomas.ghtml\">90% das \u00e1reas desmatadas na Amaz\u00f4nia at\u00e9 2023.<\/a> Este ano a Amaz\u00f4nia passa por <a href=\"https:\/\/www.greenpeace.org\/brasil\/blog\/pelo-segundo-ano-consecutivo-seca-extrema-ameaca-os-rios-e-populacoes-amazonidas\/\">outra grave seca<\/a>, o que torna a floresta mais vulner\u00e1vel \u00e0s queimadas.<\/p>\n\n<p>J\u00e1 no Pantanal e no Cerrado, que ocupam toda a regi\u00e3o central do pa\u00eds, o fogo at\u00e9 pode ocorrer de maneira natural, mas na maioria dos casos a igni\u00e7\u00e3o \u00e9 humana, seja por causa acidental ou deliberada e relacionada \u00e0 agropecu\u00e1ria. A diferen\u00e7a \u00e9 que o avan\u00e7o do fogo nestes biomas vem se intensificando nos \u00faltimos anos, devido aos efeitos dos eventos clim\u00e1ticos extremos das estiagens.<\/p>\n\n<p>Segundo levantamento publicado pelo <a href=\"https:\/\/brasil.mapbiomas.org\/wp-content\/uploads\/sites\/4\/2024\/06\/Fact_MapBiomas_Agua_2023_25.06.24.pdf\">MapBiomas \u00c1guas<\/a>, o Pantanal foi o bioma que mais secou ao longo da s\u00e9rie hist\u00f3rica, que vai de 1985 e 2023. Em 2023, esta regi\u00e3o alag\u00e1vel teve sua superf\u00edcie de \u00e1gua anual 61% abaixo da s\u00e9rie hist\u00f3rica. O estudo tamb\u00e9m apontou que houve redu\u00e7\u00e3o da \u00e1rea alagada e do tempo de perman\u00eancia da \u00e1gua.\u00a0 J\u00e1 o Cerrado enfrenta a pior seca dos \u00faltimos <a href=\"https:\/\/climainfo.org.br\/2024\/06\/30\/cerrado-enfrenta-a-pior-seca-em-pelo-menos-700-anos\/\">700 anos<\/a>, segundo <a href=\"https:\/\/www.nature.com\/articles\/s41467-024-45469-8\">estudo<\/a> de pesquisadores da USP, publicado na Nature Communications.<\/p>\n<div data-hydrate=\"planet4-blocks\/gallery\" data-attributes=\"{&quot;attributes&quot;:{&quot;multiple_image&quot;:&quot;54903,54901,54902,54894,54895,54896,54898,54904,54905&quot;,&quot;image_data&quot;:[{&quot;url&quot;:&quot;https:\\\/\\\/www.greenpeace.org\\\/static\\\/planet4-brasil-stateless\\\/2024\\\/10\\\/1603312a-gp0su2g4c_medium-res-1200px.jpg&quot;,&quot;focalPoint&quot;:{&quot;x&quot;:0.5,&quot;y&quot;:0.5},&quot;id&quot;:54903},{&quot;url&quot;:&quot;https:\\\/\\\/www.greenpeace.org\\\/static\\\/planet4-brasil-stateless\\\/2024\\\/10\\\/ea840fc1-gp0su2hy6_medium-res-1200px.jpg&quot;,&quot;focalPoint&quot;:{&quot;x&quot;:0.5,&quot;y&quot;:0.5},&quot;id&quot;:54901},{&quot;url&quot;:&quot;https:\\\/\\\/www.greenpeace.org\\\/static\\\/planet4-brasil-stateless\\\/2024\\\/10\\\/c8605b56-gp0su2hze_medium-res-1200px.jpg&quot;,&quot;focalPoint&quot;:{&quot;x&quot;:0.5,&quot;y&quot;:0.5},&quot;id&quot;:54902},{&quot;url&quot;:&quot;https:\\\/\\\/www.greenpeace.org\\\/static\\\/planet4-brasil-stateless\\\/2024\\\/10\\\/77e6a92c-gp1ta6ph_medium-res-1200px-1.jpg&quot;,&quot;focalPoint&quot;:{&quot;x&quot;:0.5,&quot;y&quot;:0.5},&quot;id&quot;:54894},{&quot;url&quot;:&quot;https:\\\/\\\/www.greenpeace.org\\\/static\\\/planet4-brasil-stateless\\\/2024\\\/10\\\/3d2432d3-gp1ta6kl_medium-res-1200px.jpg&quot;,&quot;focalPoint&quot;:{&quot;x&quot;:0.5,&quot;y&quot;:0.5},&quot;id&quot;:54895},{&quot;url&quot;:&quot;https:\\\/\\\/www.greenpeace.org\\\/static\\\/planet4-brasil-stateless\\\/2024\\\/10\\\/5ac908f2-gp1ta6m4_medium-res-1200px.jpg&quot;,&quot;focalPoint&quot;:{&quot;x&quot;:0.5,&quot;y&quot;:0.5},&quot;id&quot;:54896},{&quot;url&quot;:&quot;https:\\\/\\\/www.greenpeace.org\\\/static\\\/planet4-brasil-stateless\\\/2024\\\/10\\\/2bb8e97a-gp1ta6qw_medium-res-1200px.jpg&quot;,&quot;focalPoint&quot;:{&quot;x&quot;:0.5,&quot;y&quot;:0.5},&quot;id&quot;:54898},{&quot;url&quot;:&quot;https:\\\/\\\/www.greenpeace.org\\\/static\\\/planet4-brasil-stateless\\\/2024\\\/10\\\/00ef32ae-gp0su23mc_medium-res-1200px-1.jpg&quot;,&quot;focalPoint&quot;:{&quot;x&quot;:0.5,&quot;y&quot;:0.5},&quot;id&quot;:54904},{&quot;url&quot;:&quot;https:\\\/\\\/www.greenpeace.org\\\/static\\\/planet4-brasil-stateless\\\/2024\\\/10\\\/c48d9165-gp1ta6qx_medium-res-1200px.jpg&quot;,&quot;focalPoint&quot;:{&quot;x&quot;:0.5,&quot;y&quot;:0.5},&quot;id&quot;:54905}],&quot;gallery_block_style&quot;:0,&quot;gallery_block_title&quot;:&quot;&quot;,&quot;gallery_block_description&quot;:&quot;&quot;,&quot;gallery_block_focus_points&quot;:&quot;&quot;,&quot;images&quot;:[{&quot;image_src&quot;:&quot;https:\\\/\\\/www.greenpeace.org\\\/static\\\/planet4-brasil-stateless\\\/2024\\\/10\\\/1603312a-gp0su2g4c_medium-res-1200px.jpg&quot;,&quot;image_srcset&quot;:&quot;https:\\\/\\\/www.greenpeace.org\\\/static\\\/planet4-brasil-stateless\\\/2024\\\/10\\\/1603312a-gp0su2g4c_medium-res-1200px.jpg 1200w, https:\\\/\\\/www.greenpeace.org\\\/static\\\/planet4-brasil-stateless\\\/2024\\\/10\\\/1603312a-gp0su2g4c_medium-res-1200px-300x200.jpg 300w, https:\\\/\\\/www.greenpeace.org\\\/static\\\/planet4-brasil-stateless\\\/2024\\\/10\\\/1603312a-gp0su2g4c_medium-res-1200px-1024x683.jpg 1024w, https:\\\/\\\/www.greenpeace.org\\\/static\\\/planet4-brasil-stateless\\\/2024\\\/10\\\/1603312a-gp0su2g4c_medium-res-1200px-768x512.jpg 768w, https:\\\/\\\/www.greenpeace.org\\\/static\\\/planet4-brasil-stateless\\\/2024\\\/10\\\/1603312a-gp0su2g4c_medium-res-1200px-510x340.jpg 510w&quot;,&quot;image_sizes&quot;:false,&quot;alt_text&quot;:&quot;&quot;,&quot;caption&quot;:&quot;As Terras Ind\\u00edgenas da Amaz\\u00f4nia enfrentam uma combina\\u00e7\\u00e3o devastadora de seca extrema e inc\\u00eandios florestais, resultado da intensifica\\u00e7\\u00e3o das mudan\\u00e7as clim\\u00e1ticas e de a\\u00e7\\u00f5es criminosas oriundas do garimpo ilegal e outras a\\u00e7\\u00f5es explorat\\u00f3rias. &quot;,&quot;focus_image&quot;:&quot;&quot;,&quot;credits&quot;:&quot;\\u00a9 Marizilda Cruppe \\\/ Greenpeace&quot;},{&quot;image_src&quot;:&quot;https:\\\/\\\/www.greenpeace.org\\\/static\\\/planet4-brasil-stateless\\\/2024\\\/10\\\/ea840fc1-gp0su2hy6_medium-res-1200px.jpg&quot;,&quot;image_srcset&quot;:&quot;https:\\\/\\\/www.greenpeace.org\\\/static\\\/planet4-brasil-stateless\\\/2024\\\/10\\\/ea840fc1-gp0su2hy6_medium-res-1200px.jpg 1200w, https:\\\/\\\/www.greenpeace.org\\\/static\\\/planet4-brasil-stateless\\\/2024\\\/10\\\/ea840fc1-gp0su2hy6_medium-res-1200px-300x169.jpg 300w, https:\\\/\\\/www.greenpeace.org\\\/static\\\/planet4-brasil-stateless\\\/2024\\\/10\\\/ea840fc1-gp0su2hy6_medium-res-1200px-1024x576.jpg 1024w, https:\\\/\\\/www.greenpeace.org\\\/static\\\/planet4-brasil-stateless\\\/2024\\\/10\\\/ea840fc1-gp0su2hy6_medium-res-1200px-768x432.jpg 768w, https:\\\/\\\/www.greenpeace.org\\\/static\\\/planet4-brasil-stateless\\\/2024\\\/10\\\/ea840fc1-gp0su2hy6_medium-res-1200px-510x287.jpg 510w&quot;,&quot;image_sizes&quot;:false,&quot;alt_text&quot;:&quot;&quot;,&quot;caption&quot;:&quot;Ativistas do Greenpeace realizaram um protesto no leito seco do Rio Solim\\u00f5es, na cidade de Manacapuru, Amazonas. Os ativistas abriram uma faixa de 45mx18m em uma paisagem \\u00e1rida, onde antes passava um dos maiores rios da bacia Amaz\\u00f4nica, para denunciar os impactos da crise clim\\u00e1tica na Amaz\\u00f4nia, e como isso afeta a vida de comunidades ribeirinhas que dependem inteiramente do rio para manter seu modo de vida. &quot;,&quot;focus_image&quot;:&quot;&quot;,&quot;credits&quot;:&quot;\\u00a9 Nilmar Lage \\\/ Greenpeace&quot;},{&quot;image_src&quot;:&quot;https:\\\/\\\/www.greenpeace.org\\\/static\\\/planet4-brasil-stateless\\\/2024\\\/10\\\/c8605b56-gp0su2hze_medium-res-1200px.jpg&quot;,&quot;image_srcset&quot;:&quot;https:\\\/\\\/www.greenpeace.org\\\/static\\\/planet4-brasil-stateless\\\/2024\\\/10\\\/c8605b56-gp0su2hze_medium-res-1200px.jpg 1200w, https:\\\/\\\/www.greenpeace.org\\\/static\\\/planet4-brasil-stateless\\\/2024\\\/10\\\/c8605b56-gp0su2hze_medium-res-1200px-300x200.jpg 300w, https:\\\/\\\/www.greenpeace.org\\\/static\\\/planet4-brasil-stateless\\\/2024\\\/10\\\/c8605b56-gp0su2hze_medium-res-1200px-1024x683.jpg 1024w, https:\\\/\\\/www.greenpeace.org\\\/static\\\/planet4-brasil-stateless\\\/2024\\\/10\\\/c8605b56-gp0su2hze_medium-res-1200px-768x512.jpg 768w, https:\\\/\\\/www.greenpeace.org\\\/static\\\/planet4-brasil-stateless\\\/2024\\\/10\\\/c8605b56-gp0su2hze_medium-res-1200px-510x340.jpg 510w&quot;,&quot;image_sizes&quot;:false,&quot;alt_text&quot;:&quot;&quot;,&quot;caption&quot;:&quot;Peixe morto no leito seco do rio Solim\\u00f5es, no Amazonas. &quot;,&quot;focus_image&quot;:&quot;&quot;,&quot;credits&quot;:&quot;\\u00a9 Nilmar Lage \\\/ Greenpeace&quot;},{&quot;image_src&quot;:&quot;https:\\\/\\\/www.greenpeace.org\\\/static\\\/planet4-brasil-stateless\\\/2024\\\/10\\\/77e6a92c-gp1ta6ph_medium-res-1200px-1.jpg&quot;,&quot;image_srcset&quot;:&quot;https:\\\/\\\/www.greenpeace.org\\\/static\\\/planet4-brasil-stateless\\\/2024\\\/10\\\/77e6a92c-gp1ta6ph_medium-res-1200px-1.jpg 1200w, https:\\\/\\\/www.greenpeace.org\\\/static\\\/planet4-brasil-stateless\\\/2024\\\/10\\\/77e6a92c-gp1ta6ph_medium-res-1200px-1-300x200.jpg 300w, https:\\\/\\\/www.greenpeace.org\\\/static\\\/planet4-brasil-stateless\\\/2024\\\/10\\\/77e6a92c-gp1ta6ph_medium-res-1200px-1-1024x683.jpg 1024w, https:\\\/\\\/www.greenpeace.org\\\/static\\\/planet4-brasil-stateless\\\/2024\\\/10\\\/77e6a92c-gp1ta6ph_medium-res-1200px-1-768x512.jpg 768w, https:\\\/\\\/www.greenpeace.org\\\/static\\\/planet4-brasil-stateless\\\/2024\\\/10\\\/77e6a92c-gp1ta6ph_medium-res-1200px-1-510x340.jpg 510w&quot;,&quot;image_sizes&quot;:false,&quot;alt_text&quot;:&quot;&quot;,&quot;caption&quot;:&quot;Instituto Tamandu\\u00e1 recebe, recupera e reintroduz na natureza estes animais, que foram vitimados ou se tornaram \\u00f3rf\\u00e3os pelo fogo e outras situa\\u00e7\\u00f5es, no Pantanal e Cerrado.\\n&quot;,&quot;focus_image&quot;:&quot;&quot;,&quot;credits&quot;:&quot;\\u00a9 Rogerio Florentino \\\/ Greenpeace&quot;},{&quot;image_src&quot;:&quot;https:\\\/\\\/www.greenpeace.org\\\/static\\\/planet4-brasil-stateless\\\/2024\\\/10\\\/3d2432d3-gp1ta6kl_medium-res-1200px.jpg&quot;,&quot;image_srcset&quot;:&quot;https:\\\/\\\/www.greenpeace.org\\\/static\\\/planet4-brasil-stateless\\\/2024\\\/10\\\/3d2432d3-gp1ta6kl_medium-res-1200px.jpg 1200w, https:\\\/\\\/www.greenpeace.org\\\/static\\\/planet4-brasil-stateless\\\/2024\\\/10\\\/3d2432d3-gp1ta6kl_medium-res-1200px-300x200.jpg 300w, https:\\\/\\\/www.greenpeace.org\\\/static\\\/planet4-brasil-stateless\\\/2024\\\/10\\\/3d2432d3-gp1ta6kl_medium-res-1200px-1024x683.jpg 1024w, https:\\\/\\\/www.greenpeace.org\\\/static\\\/planet4-brasil-stateless\\\/2024\\\/10\\\/3d2432d3-gp1ta6kl_medium-res-1200px-768x512.jpg 768w, https:\\\/\\\/www.greenpeace.org\\\/static\\\/planet4-brasil-stateless\\\/2024\\\/10\\\/3d2432d3-gp1ta6kl_medium-res-1200px-510x340.jpg 510w&quot;,&quot;image_sizes&quot;:false,&quot;alt_text&quot;:&quot;&quot;,&quot;caption&quot;:&quot;Universidade Cat\\u00f3lica Dom Bosco, no Mato Grosso do Sul, resgata, recupera e mant\\u00e9m serpentes e outros r\\u00e9pteis, al\\u00e9m de anf\\u00edbios e roedores que s\\u00e3o entregues pela popula\\u00e7\\u00e3o ou resgatadas pela Pol\\u00edcia Militar Ambiental.&quot;,&quot;focus_image&quot;:&quot;&quot;,&quot;credits&quot;:&quot;\\u00a9 Rogerio Florentino \\\/ Greenpeace&quot;},{&quot;image_src&quot;:&quot;https:\\\/\\\/www.greenpeace.org\\\/static\\\/planet4-brasil-stateless\\\/2024\\\/10\\\/5ac908f2-gp1ta6m4_medium-res-1200px.jpg&quot;,&quot;image_srcset&quot;:&quot;https:\\\/\\\/www.greenpeace.org\\\/static\\\/planet4-brasil-stateless\\\/2024\\\/10\\\/5ac908f2-gp1ta6m4_medium-res-1200px.jpg 1200w, https:\\\/\\\/www.greenpeace.org\\\/static\\\/planet4-brasil-stateless\\\/2024\\\/10\\\/5ac908f2-gp1ta6m4_medium-res-1200px-300x200.jpg 300w, https:\\\/\\\/www.greenpeace.org\\\/static\\\/planet4-brasil-stateless\\\/2024\\\/10\\\/5ac908f2-gp1ta6m4_medium-res-1200px-1024x683.jpg 1024w, https:\\\/\\\/www.greenpeace.org\\\/static\\\/planet4-brasil-stateless\\\/2024\\\/10\\\/5ac908f2-gp1ta6m4_medium-res-1200px-768x512.jpg 768w, https:\\\/\\\/www.greenpeace.org\\\/static\\\/planet4-brasil-stateless\\\/2024\\\/10\\\/5ac908f2-gp1ta6m4_medium-res-1200px-510x340.jpg 510w&quot;,&quot;image_sizes&quot;:false,&quot;alt_text&quot;:&quot;&quot;,&quot;caption&quot;:&quot;O Centro de Reabilita\\u00e7\\u00e3o de Animais Silvestres (CRAS) do Mato Grosso do Sul recebe animais de todo o estado, vitimados pelas queimadas. &quot;,&quot;focus_image&quot;:&quot;&quot;,&quot;credits&quot;:&quot;\\u00a9 Rogerio Florentino \\\/ Greenpeace&quot;},{&quot;image_src&quot;:&quot;https:\\\/\\\/www.greenpeace.org\\\/static\\\/planet4-brasil-stateless\\\/2024\\\/10\\\/2bb8e97a-gp1ta6qw_medium-res-1200px.jpg&quot;,&quot;image_srcset&quot;:&quot;https:\\\/\\\/www.greenpeace.org\\\/static\\\/planet4-brasil-stateless\\\/2024\\\/10\\\/2bb8e97a-gp1ta6qw_medium-res-1200px.jpg 1200w, https:\\\/\\\/www.greenpeace.org\\\/static\\\/planet4-brasil-stateless\\\/2024\\\/10\\\/2bb8e97a-gp1ta6qw_medium-res-1200px-300x200.jpg 300w, https:\\\/\\\/www.greenpeace.org\\\/static\\\/planet4-brasil-stateless\\\/2024\\\/10\\\/2bb8e97a-gp1ta6qw_medium-res-1200px-1024x683.jpg 1024w, https:\\\/\\\/www.greenpeace.org\\\/static\\\/planet4-brasil-stateless\\\/2024\\\/10\\\/2bb8e97a-gp1ta6qw_medium-res-1200px-768x512.jpg 768w, https:\\\/\\\/www.greenpeace.org\\\/static\\\/planet4-brasil-stateless\\\/2024\\\/10\\\/2bb8e97a-gp1ta6qw_medium-res-1200px-510x340.jpg 510w&quot;,&quot;image_sizes&quot;:false,&quot;alt_text&quot;:&quot;&quot;,&quot;caption&quot;:&quot;Javaporco n\\u00e3o conseguiu escapar das chamas que o atingiram no Pantanal do Mato Grosso do Sul. &quot;,&quot;focus_image&quot;:&quot;&quot;,&quot;credits&quot;:&quot;\\u00a9 Rogerio Florentino \\\/ Greenpeace&quot;},{&quot;image_src&quot;:&quot;https:\\\/\\\/www.greenpeace.org\\\/static\\\/planet4-brasil-stateless\\\/2024\\\/10\\\/00ef32ae-gp0su23mc_medium-res-1200px-1.jpg&quot;,&quot;image_srcset&quot;:&quot;https:\\\/\\\/www.greenpeace.org\\\/static\\\/planet4-brasil-stateless\\\/2024\\\/10\\\/00ef32ae-gp0su23mc_medium-res-1200px-1.jpg 1200w, https:\\\/\\\/www.greenpeace.org\\\/static\\\/planet4-brasil-stateless\\\/2024\\\/10\\\/00ef32ae-gp0su23mc_medium-res-1200px-1-300x200.jpg 300w, https:\\\/\\\/www.greenpeace.org\\\/static\\\/planet4-brasil-stateless\\\/2024\\\/10\\\/00ef32ae-gp0su23mc_medium-res-1200px-1-1024x683.jpg 1024w, https:\\\/\\\/www.greenpeace.org\\\/static\\\/planet4-brasil-stateless\\\/2024\\\/10\\\/00ef32ae-gp0su23mc_medium-res-1200px-1-768x512.jpg 768w, https:\\\/\\\/www.greenpeace.org\\\/static\\\/planet4-brasil-stateless\\\/2024\\\/10\\\/00ef32ae-gp0su23mc_medium-res-1200px-1-510x340.jpg 510w&quot;,&quot;image_sizes&quot;:false,&quot;alt_text&quot;:&quot;&quot;,&quot;caption&quot;:&quot;Filhote de anta \\u00f3rf\\u00e3o, resgatado com ferimentos em uma \\u00e1rea queimada, recebe atendimento no Aqu\\u00e1rio Natural, em Bonito, no Mato Grosso do Sul.&quot;,&quot;focus_image&quot;:&quot;&quot;,&quot;credits&quot;:&quot;\\u00a9 Rogerio Florentino \\\/ Greenpeace&quot;},{&quot;image_src&quot;:&quot;https:\\\/\\\/www.greenpeace.org\\\/static\\\/planet4-brasil-stateless\\\/2024\\\/10\\\/c48d9165-gp1ta6qx_medium-res-1200px.jpg&quot;,&quot;image_srcset&quot;:&quot;https:\\\/\\\/www.greenpeace.org\\\/static\\\/planet4-brasil-stateless\\\/2024\\\/10\\\/c48d9165-gp1ta6qx_medium-res-1200px.jpg 1200w, https:\\\/\\\/www.greenpeace.org\\\/static\\\/planet4-brasil-stateless\\\/2024\\\/10\\\/c48d9165-gp1ta6qx_medium-res-1200px-300x225.jpg 300w, https:\\\/\\\/www.greenpeace.org\\\/static\\\/planet4-brasil-stateless\\\/2024\\\/10\\\/c48d9165-gp1ta6qx_medium-res-1200px-1024x768.jpg 1024w, https:\\\/\\\/www.greenpeace.org\\\/static\\\/planet4-brasil-stateless\\\/2024\\\/10\\\/c48d9165-gp1ta6qx_medium-res-1200px-768x576.jpg 768w, https:\\\/\\\/www.greenpeace.org\\\/static\\\/planet4-brasil-stateless\\\/2024\\\/10\\\/c48d9165-gp1ta6qx_medium-res-1200px-453x340.jpg 453w&quot;,&quot;image_sizes&quot;:false,&quot;alt_text&quot;:&quot;&quot;,&quot;caption&quot;:&quot;O Greenpeace Brasil esteve no Mato Grosso do Sul, na parte sul do Pantanal, para documentar os impactos das queimadas que assolam o bioma em sua biodiversidade e na vida das pessoas.&quot;,&quot;focus_image&quot;:&quot;&quot;,&quot;credits&quot;:&quot;\\u00a9 Rogerio Florentino \\\/ Greenpeace&quot;}]}}\"><section class=\"block carousel-wrap \"><\/section><\/div>\n<p>O desmatamento e as queimadas s\u00e3o as principais fontes de emiss\u00f5es de gases do efeito estufa (GEE) no Brasil. De acordo com <a href=\"https:\/\/seeg.eco.br\/wp-content\/uploads\/2023\/11\/SEEG_gases_estufa_2023_v2-1.pdf\">dados do Sistema de Estimativas de Emiss\u00f5es e Remo\u00e7\u00f5es de Gases do Efeito Estufa (SEEG<\/a><sup>)<\/sup> referentes a 2022, a categoria \u201cmudan\u00e7a do uso da terra\u201d foi respons\u00e1vel por 48% das emiss\u00f5es do pa\u00eds, e a agropecu\u00e1ria por 27% das emiss\u00f5es.<\/p>\n\n<p>E \u00e9 a\u00ed que est\u00e1 o enrosco: apesar do enorme impacto ambiental e social que produzem, com o desmatamento, as queimadas e ilegalidades, as contribui\u00e7\u00f5es para as mudan\u00e7as clim\u00e1ticas, o setor agropecu\u00e1rio n\u00e3o vem sendo responsabilizado por isso, nem os bancos e investidores que injetam valores vultosos, em empr\u00e9stimos e investimentos, para custear a devasta\u00e7\u00e3o da natureza alheia.\u00a0<\/p>\n\n<p>Onde h\u00e1 fogo, h\u00e1 algu\u00e9m que lucra, enquanto a sociedade e a biodiversidade pagam a conta.\u00a0<\/p>\n\n<p><strong>O clima est\u00e1 mudando, mas a forma de fazer neg\u00f3cios continua igual<\/strong><\/p>\n\n<p>Todos os dias, os eventos clim\u00e1ticos extremos vem mostrando para a humanidade o que lhe aguarda se nada for feito para segurar o aquecimento do Planeta. O Clima est\u00e1 mudando, a biodiversidade vem decaindo, mas sabe o que n\u00e3o muda? A forma de fazer neg\u00f3cios de grandes empresas e bancos.<\/p>\n\n<p>Se algum dia o conceito de queimar florestas e incendiar pastos foi considerado normal, o jogo virou. Nos tornamos uma terra inflam\u00e1vel, e os inc\u00eandios criminosos n\u00e3o podem mais acontecer. Mas as queimadas ainda n\u00e3o s\u00e3o vistas como um problema para as institui\u00e7\u00f5es financeiras que investem no agroneg\u00f3cio e no seu modo de agir.&nbsp;<\/p>\n\n<p>Um <a href=\"https:\/\/www.greenpeace.org\/brasil\/blog\/bancos-incendiarios-uma-relacao-entre-credito-rural-multas-ambientais-e-fogo\/\">levantamento do Greenpeace Brasil identificou 133 propriedades<\/a> que foram embargadas por uso ilegal do fogo na Amaz\u00f4nia e no Cerrado, entre 22 de julho de 2008 e 30 de junho de 2024, e que tiveram acesso ao cr\u00e9dito rural, uma linha de financiamento que conta com recursos do or\u00e7amento do estado e oferece taxas subsidiadas pelo governo. Na Amaz\u00f4nia, 116 das 122 propriedades rurais financiadas e com embargo por uso ilegal de fogo queimaram pelo menos uma vez em 6 anos. Juntos, eles somam uma \u00e1rea queimada equivalente a 1,8 vezes o tamanho de Paris. Apenas 0,1%, dos R$ 58 milh\u00f5es devidos por multas aplicadas pelo crime, foram pagas.&nbsp;<\/p>\n\n<p>Em abril deste ano, o Greenpeace Brasil publicou outra investiga\u00e7\u00e3o que mostra como os crit\u00e9rios e an\u00e1lises para a concess\u00e3o de cr\u00e9dito ainda \u00e9 leniente diante das infra\u00e7\u00f5es e crimes ambientais do agro. O <a href=\"https:\/\/www.greenpeace.org\/static\/planet4-brasil-stateless\/2024\/07\/c69cc5b8-bancando-a-extincao-greenpeace-digital-v22_singlepage.pdf\">Greenpeace Brasil fez uma an\u00e1lise<\/a> sobre as opera\u00e7\u00f5es de Credito Rural realizadas para propriedades na Amaz\u00f4nia e identificou que 10.074 propriedades sobrepostas a Unidades de Conserva\u00e7\u00e3o tiveram acesso \u00e0 linha de cr\u00e9dito rural. Foram identificados ainda 798 im\u00f3veis financiados com embargo por crimes ambientais e 24 sobre Terras Ind\u00edgenas, tudo em total desacordo com as regras e com o bom senso.&nbsp;<\/p>\n\n<p>Mas o mercado financeiro global tamb\u00e9m investe em empresas envolvidas na miss\u00e3o de transformar a Amaz\u00f4nia e outros ecossistemas brasileiros em cinzas. A JBS, princesinha do <a href=\"https:\/\/forestsandfinance.org\/pt\/news-pt\/processo-contra-jbs-deveria-incluir-titulos-vinculados-a-sustentabilidade-da-empresa\/\">greenwashing<\/a> e gigante da produ\u00e7\u00e3o de prote\u00edna animal, recebeu 35 bilh\u00f5es de d\u00f3lares americanos em empr\u00e9stimos e subscri\u00e7\u00e3o de t\u00edtulos colocados no mercado de capitais, entre 2015 e primeiro trimestre de 2023, segundo l<a href=\"https:\/\/www.greenpeace.org\/international\/press-release\/66013\/eu-banks-have-poured-e256-billion-into-sectors-that-threaten-nature-and-climate\/\">evantamento encomendado pelo Greenpeace Internacional \u00e0 organiza\u00e7\u00e3o de pesquisa Profundo<\/a>. Os principais bancos que operaram esses fluxos foram Barclays (sediado no Reino Unido), seguido do Banco Royal do Canad\u00e1 e em terceiro o Grupo financeiro do BMO (Canad\u00e1 e Estados Unidos). A JBS \u00e9 conhecida por quebrar acordos de n\u00e3o desmatamento e pelo recorrente envolvimento em crimes socioambientais.&nbsp;<\/p>\n\n<p>No momento em que vivemos, n\u00e3o \u00e9 mais aceit\u00e1vel investir em um modelo econ\u00f4mico que perpetua desigualdades e promove a destrui\u00e7\u00e3o das florestas e da biodiversidade. A mudan\u00e7a precisa vir de todos os lugares, tanto de quem produz, como de governos e de quem lucra com isso.&nbsp;<\/p>\n\n<figure class=\"wp-block-embed is-type-video is-provider-youtube wp-block-embed-youtube wp-embed-aspect-16-9 wp-has-aspect-ratio\"><div class=\"wp-block-embed__wrapper\">\n<iframe loading=\"lazy\" title=\"Mundo em Chamas: Ep. 1 - Salvando a vida selvagem no Pantanal | Greenpeace Brasil\" width=\"500\" height=\"281\" src=\"https:\/\/www.youtube.com\/embed\/ZpBPYZgOl_8?feature=oembed\" frameborder=\"0\" allow=\"accelerometer; autoplay; clipboard-write; encrypted-media; gyroscope; picture-in-picture; web-share\" referrerpolicy=\"strict-origin-when-cross-origin\" allowfullscreen><\/iframe>\n<\/div><\/figure>\n\n<p>Para cumprir as metas do acordo Kunming-Montreal sobre biodiversidade, assumido pelas na\u00e7\u00f5es durante a \u00faltima confer\u00eancia das Na\u00e7\u00f5es Unidas sobre Biodiversidade (CBD\/COP15), Estados devem tomar medidas para que os fluxos financeiros (p\u00fablicos e privados) se alinhem a conserva\u00e7\u00e3o da biodiversidade, retirando subs\u00eddios e incentivos prejudiciais, e direcionando prioritariamente para atividades que promovam a conserva\u00e7\u00e3o e uso sustent\u00e1vel da biodiversidade.<\/p>\n\n<p>Precisamos confrontar as p\u00e9ssimas escolhas de governos e do sistema financeiro nacional &#8211; e mundial. Ano que vem, a 30\u00aa Confer\u00eancia da ONU sobre Mudan\u00e7as Clim\u00e1ticas (COP30) ser\u00e1 realizada no meu Brasil, em Bel\u00e9m (PA), na nossa Amaz\u00f4nia. Eu espero que at\u00e9 l\u00e1 n\u00e3o tenhamos mais fuma\u00e7a para o ch\u00e1 da tarde. Por isso, minha mensagem de esperan\u00e7a \u00e9 essa: por que deixar para amanh\u00e3 o que podemos mudar hoje?&nbsp;<\/p>\n\n<p><\/p>\n\n<p class=\"has-grey-900-color has-green-500-background-color has-text-color has-background has-link-color wp-elements-917f1c07a9546663d6ea750609af6516\"><strong>Quer mudar isso? Fa\u00e7a parte do abaixo-assinado Bancando a Extin\u00e7\u00e3o e ajude a pressionar os bancos e os reguladores do sistema financeiro a fechar a torneirinha de dinheiro que alimenta a destrui\u00e7\u00e3o ambiental. <a href=\"https:\/\/www.greenpeace.org\/brasil\/apoie\/relatorio-bancando-a-extincao\/\"><mark style=\"background-color:rgba(0, 0, 0, 0)\" class=\"has-inline-color has-grey-900-color\">Clique aqui e assine agora!<\/mark><\/a><\/strong><\/p>\n\n<p><\/p>\n","protected":false},"excerpt":{"rendered":"<p>As mudan\u00e7as clim\u00e1ticas j\u00e1 impactam o mundo todo. Mas ao inv\u00e9s de proteger a natureza e as pessoas, governos, empresas e o sistema financeiro seguem empenhados em transformar o Brasil em cinzas.<\/p>\n","protected":false},"author":24,"featured_media":54893,"comment_status":"open","ping_status":"closed","sticky":false,"template":"","format":"standard","meta":{"ep_exclude_from_search":false,"p4_og_title":"","p4_og_description":"","p4_og_image":"","p4_og_image_id":"","p4_seo_canonical_url":"","p4_campaign_name":"","p4_local_project":"","p4_basket_name":"","p4_department":"","footnotes":""},"categories":[1],"tags":[],"p4-page-type":[16],"class_list":["post-54891","post","type-post","status-publish","format-standard","has-post-thumbnail","hentry","category-sem-categoria","p4-page-type-blog"],"_links":{"self":[{"href":"https:\/\/www.greenpeace.org\/brasil\/wp-json\/wp\/v2\/posts\/54891","targetHints":{"allow":["GET"]}}],"collection":[{"href":"https:\/\/www.greenpeace.org\/brasil\/wp-json\/wp\/v2\/posts"}],"about":[{"href":"https:\/\/www.greenpeace.org\/brasil\/wp-json\/wp\/v2\/types\/post"}],"author":[{"embeddable":true,"href":"https:\/\/www.greenpeace.org\/brasil\/wp-json\/wp\/v2\/users\/24"}],"replies":[{"embeddable":true,"href":"https:\/\/www.greenpeace.org\/brasil\/wp-json\/wp\/v2\/comments?post=54891"}],"version-history":[{"count":5,"href":"https:\/\/www.greenpeace.org\/brasil\/wp-json\/wp\/v2\/posts\/54891\/revisions"}],"predecessor-version":[{"id":54910,"href":"https:\/\/www.greenpeace.org\/brasil\/wp-json\/wp\/v2\/posts\/54891\/revisions\/54910"}],"wp:featuredmedia":[{"embeddable":true,"href":"https:\/\/www.greenpeace.org\/brasil\/wp-json\/wp\/v2\/media\/54893"}],"wp:attachment":[{"href":"https:\/\/www.greenpeace.org\/brasil\/wp-json\/wp\/v2\/media?parent=54891"}],"wp:term":[{"taxonomy":"category","embeddable":true,"href":"https:\/\/www.greenpeace.org\/brasil\/wp-json\/wp\/v2\/categories?post=54891"},{"taxonomy":"post_tag","embeddable":true,"href":"https:\/\/www.greenpeace.org\/brasil\/wp-json\/wp\/v2\/tags?post=54891"},{"taxonomy":"p4-page-type","embeddable":true,"href":"https:\/\/www.greenpeace.org\/brasil\/wp-json\/wp\/v2\/p4-page-type?post=54891"}],"curies":[{"name":"wp","href":"https:\/\/api.w.org\/{rel}","templated":true}]}}