{"id":54918,"date":"2024-10-07T17:37:46","date_gmt":"2024-10-07T20:37:46","guid":{"rendered":"https:\/\/www.greenpeace.org\/brasil\/?p=54918"},"modified":"2024-10-10T11:28:48","modified_gmt":"2024-10-10T14:28:48","slug":"quem-paga-a-conta-do-caos-climatico","status":"publish","type":"post","link":"https:\/\/www.greenpeace.org\/brasil\/blog\/quem-paga-a-conta-do-caos-climatico\/","title":{"rendered":"Quem paga a conta do caos clim\u00e1tico?"},"content":{"rendered":"\n<p class=\"has-medium-font-size\"><strong>O Greenpeace Brasil esteve em uma das maiores confer\u00eancias de petr\u00f3leo e g\u00e1s do mundo e interrompeu fala do secret\u00e1rio-geral da Opep, Haithmam Al-Ghais, para refor\u00e7ar que n\u00e3o toleraremos mais explora\u00e7\u00f5es que comprometem nosso futuro<\/strong><br><\/p>\n\n<figure class=\"wp-block-image size-large\"><img loading=\"lazy\" decoding=\"async\" width=\"1024\" height=\"684\" src=\"https:\/\/www.greenpeace.org\/static\/planet4-brasil-stateless\/2024\/10\/ced82885-gp0su2jfp_medium-res-with-credit-line-1200px-1024x684.jpg\" alt=\"Seis ativistas est\u00e3o com cartazes  em frente a uma das maiores confer\u00eancias de petr\u00f3leo e g\u00e1s do mundo, sediada no Rio de Janeiro, contra a explora\u00e7\u00e3o de petr\u00f3leo no Brasil. O primeiro cartaz tem os dizeres: Eles lucram, n\u00f3s pagamos a conta, seguido de cartazes com imagens da devasta\u00e7\u00e3o que a crise clim\u00e1tica est\u00e1 causando em nosso pa\u00eds, e o \u00faltimo cartaz com os dizeres: petroleiras, essa conta tamb\u00e9m \u00e9 sua.\" class=\"wp-image-54931\" srcset=\"https:\/\/www.greenpeace.org\/static\/planet4-brasil-stateless\/2024\/10\/ced82885-gp0su2jfp_medium-res-with-credit-line-1200px-1024x684.jpg 1024w, https:\/\/www.greenpeace.org\/static\/planet4-brasil-stateless\/2024\/10\/ced82885-gp0su2jfp_medium-res-with-credit-line-1200px-300x200.jpg 300w, https:\/\/www.greenpeace.org\/static\/planet4-brasil-stateless\/2024\/10\/ced82885-gp0su2jfp_medium-res-with-credit-line-1200px-768x513.jpg 768w, https:\/\/www.greenpeace.org\/static\/planet4-brasil-stateless\/2024\/10\/ced82885-gp0su2jfp_medium-res-with-credit-line-1200px-510x340.jpg 510w, https:\/\/www.greenpeace.org\/static\/planet4-brasil-stateless\/2024\/10\/ced82885-gp0su2jfp_medium-res-with-credit-line-1200px.jpg 1200w\" sizes=\"auto, (max-width: 1024px) 100vw, 1024px\" \/><figcaption class=\"wp-element-caption\">Manifesta\u00e7\u00e3o pac\u00edfica durante a conven\u00e7\u00e3o Rio Oil and Gas (ROG-e), no Rio de Janeiro (RJ), para alertar sobre os impactos da crise clim\u00e1tica na natureza e na vida das pessoas. (Foto: Lucas Landau\/ Greenpeace)<\/figcaption><\/figure>\n\n<p>Entre os dias 23 e 26 de setembro, aconteceu o congresso Rio Oil &amp; Gas \u2014 e, embora n\u00e3o estiv\u00e9ssemos na lista de convidados, fizemos quest\u00e3o de aparecer para levar um recado claro e urgente: <strong>EXIGIMOS FONTES DE ENERGIAS MAIS SUSTENT\u00c1VEIS E JUSTAS!<\/strong><\/p>\n\n<p>Foi no cora\u00e7\u00e3o do Rio de Janeiro que nos reunimos para expor como as empresas de petr\u00f3leo e g\u00e1s continuam financiando a crise h\u00eddrica e ambiental que amea\u00e7a o Brasil. <strong>E nossa presen\u00e7a por l\u00e1 fez barulho e trouxe <\/strong><a href=\"https:\/\/www1.folha.uol.com.br\/ambiente\/2024\/09\/greenpeace-interrompe-palestra-de-secretario-geral-da-opep-no-rio.shtml\" target=\"_blank\" rel=\"noreferrer noopener nofollow\"><strong>muita \u201cenergia\u201d <\/strong><\/a><strong>ao debate!<\/strong><\/p>\n\n<p>As petroleiras est\u00e3o na linha de frente da crise clim\u00e1tica, impulsionando a degrada\u00e7\u00e3o ambiental e o aumento de eventos extremos que atingem milh\u00f5es de brasileiros. Enquanto o pa\u00eds enfrenta estiagens prolongadas, temperaturas cada vez mais altas e enchentes devastadoras, as empresas presentes no evento seguem lucrando desenfreadamente \u2014 acumulando, segundo estimativas, mais de <strong>2,8 bilh\u00f5es de d\u00f3lares POR DIA<\/strong> <a href=\"https:\/\/amp.theguardian.com\/environment\/2022\/jul\/21\/revealed-oil-sectors-staggering-profits-last-50-years\" target=\"_blank\" rel=\"noreferrer noopener nofollow\">nos \u00faltimos 50 anos<\/a>.<\/p>\n\n<figure class=\"wp-block-image size-full\"><img loading=\"lazy\" decoding=\"async\" width=\"1200\" height=\"800\" src=\"https:\/\/www.greenpeace.org\/static\/planet4-brasil-stateless\/2024\/10\/c08159d3-gp0su2jj1_medium-res-with-credit-line-1200px.jpg\" alt=\"Tr\u00eas ativistas protestam com cartazes em frente a uma das maiores confer\u00eancias de petr\u00f3leo e g\u00e1s do mundo, sediada no Rio de Janeiro, contra a explora\u00e7\u00e3o de petr\u00f3leo no Brasil. O primeiro cartaz tem os dizeres: Reuni\u00e3o do fim do mundo, o segundo: &quot;Who pays? - Quem paga, em portugu\u00eas, e o terceiro uma imagem das queimadas que vem desvastando o pa\u00eds.\" class=\"wp-image-54921\" srcset=\"https:\/\/www.greenpeace.org\/static\/planet4-brasil-stateless\/2024\/10\/c08159d3-gp0su2jj1_medium-res-with-credit-line-1200px.jpg 1200w, https:\/\/www.greenpeace.org\/static\/planet4-brasil-stateless\/2024\/10\/c08159d3-gp0su2jj1_medium-res-with-credit-line-1200px-300x200.jpg 300w, https:\/\/www.greenpeace.org\/static\/planet4-brasil-stateless\/2024\/10\/c08159d3-gp0su2jj1_medium-res-with-credit-line-1200px-1024x683.jpg 1024w, https:\/\/www.greenpeace.org\/static\/planet4-brasil-stateless\/2024\/10\/c08159d3-gp0su2jj1_medium-res-with-credit-line-1200px-768x512.jpg 768w, https:\/\/www.greenpeace.org\/static\/planet4-brasil-stateless\/2024\/10\/c08159d3-gp0su2jj1_medium-res-with-credit-line-1200px-510x340.jpg 510w\" sizes=\"auto, (max-width: 1200px) 100vw, 1200px\" \/><figcaption class=\"wp-element-caption\">Ativistas protestam em frente ao evento Rio Oil and Gas (ROG-e) contra o fim da explora\u00e7\u00e3o de petr\u00f3leo. <\/figcaption><\/figure>\n\n<p>Durante o evento, realizamos uma interven\u00e7\u00e3o durante um dos pain\u00e9is da ROG-e para levantar o questionamento: <strong>Quem paga a conta do caos clim\u00e1tico que vivemos? <\/strong>Exigimos energias mais limpas que n\u00e3o sejam manchadas pela devasta\u00e7\u00e3o de nossas comunidades ind\u00edgenas, quilombolas e ribeirinhas.&nbsp;Em um momento em que o pa\u00eds enfrenta m\u00faltiplas crises, que afetam a biodiversidade, o acesso a alimentos e a sa\u00fade da popula\u00e7\u00e3o, chega a ser um insulto sediarmos um evento que visa a amplia\u00e7\u00e3o da explora\u00e7\u00e3o de combust\u00edveis f\u00f3sseis e o aumento do lucro para os grandes respons\u00e1veis pela crise clim\u00e1tica.&nbsp;<\/p>\n\n<h2 class=\"wp-block-heading\"><strong>Estamos em um momento decisivo!<\/strong><\/h2>\n\n<p>A transi\u00e7\u00e3o para um futuro mais sustent\u00e1vel n\u00e3o pode esperar. As gigantes do petr\u00f3leo precisam ser responsabilizadas por d\u00e9cadas de devasta\u00e7\u00e3o. \u00c9 hora dos governos imporem medidas concretas para for\u00e7ar essas corpora\u00e7\u00f5es a pararem de perfurar e come\u00e7arem a arcar com os custos dos impactos que causaram.<\/p>\n\n<figure class=\"wp-block-embed is-type-video is-provider-youtube wp-block-embed-youtube wp-embed-aspect-16-9 wp-has-aspect-ratio\"><div class=\"wp-block-embed__wrapper\">\n<iframe loading=\"lazy\" title=\"Reuni\u00e3o do Fim do Mundo - Greenpeace Brasil\" width=\"500\" height=\"281\" src=\"https:\/\/www.youtube.com\/embed\/xzxNGoiVKCU?feature=oembed\" frameborder=\"0\" allow=\"accelerometer; autoplay; clipboard-write; encrypted-media; gyroscope; picture-in-picture; web-share\" referrerpolicy=\"strict-origin-when-cross-origin\" allowfullscreen><\/iframe>\n<\/div><\/figure>\n\n<p>Defendemos um Brasil que invista em um futuro de energias limpas e justas. O potencial do nosso pa\u00eds \u00e9 enorme, mas precisamos de um plano ambicioso de transi\u00e7\u00e3o energ\u00e9tica. E esse caminho deve come\u00e7ar agora, impedindo qualquer avan\u00e7o da explora\u00e7\u00e3o de petr\u00f3leo em \u00e1reas ecologicamente sens\u00edveis, como a Bacia da Foz do Amazonas, onde os riscos ambientais superam os poss\u00edveis ganhos.<\/p>\n\n<p><strong>Afinal, ningu\u00e9m ganha com o avan\u00e7o da produ\u00e7\u00e3o de combust\u00edveis f\u00f3sseis!<\/strong><\/p>\n\n<p>A sociedade est\u00e1 se despertando para os danos causados por essas empresas, e a cobran\u00e7a por justi\u00e7a clim\u00e1tica s\u00f3 vai crescer.&nbsp;<\/p>\n\n<h3 class=\"wp-block-heading\"><strong>Apoie essa causa e seja parte dessa transforma\u00e7\u00e3o!&nbsp;<\/strong><\/h3>\n\n<div class=\"wp-block-buttons is-layout-flex wp-block-buttons-is-layout-flex\">\n<div class=\"wp-block-button\"><a class=\"wp-block-button__link wp-element-button\" href=\"https:\/\/www.greenpeace.org\/brasil\/apoie\/crise-ambiental-climatica\/\">Assine a peti\u00e7\u00e3o!<\/a><\/div>\n<\/div>\n\n<div style=\"height:40px\" aria-hidden=\"true\" class=\"wp-block-spacer\"><\/div>\n","protected":false},"excerpt":{"rendered":"<p>O Greenpeace Brasil apareceu na maior confer\u00eancia de petr\u00f3leo e g\u00e1s do mundo e interrompeu fala do secret\u00e1rio-geral da Opep, Haithmam Al-Ghais. <\/p>\n","protected":false},"author":136,"featured_media":54980,"comment_status":"open","ping_status":"closed","sticky":false,"template":"","format":"standard","meta":{"ep_exclude_from_search":false,"p4_og_title":"","p4_og_description":"","p4_og_image":"","p4_og_image_id":"","p4_seo_canonical_url":"","p4_campaign_name":"","p4_local_project":"","p4_basket_name":"","p4_department":"","footnotes":""},"categories":[71,48],"tags":[42],"p4-page-type":[16],"class_list":["post-54918","post","type-post","status-publish","format-standard","has-post-thumbnail","hentry","category-eventos-extremos","category-justica-climatica","tag-justica-climatica","p4-page-type-blog"],"_links":{"self":[{"href":"https:\/\/www.greenpeace.org\/brasil\/wp-json\/wp\/v2\/posts\/54918","targetHints":{"allow":["GET"]}}],"collection":[{"href":"https:\/\/www.greenpeace.org\/brasil\/wp-json\/wp\/v2\/posts"}],"about":[{"href":"https:\/\/www.greenpeace.org\/brasil\/wp-json\/wp\/v2\/types\/post"}],"author":[{"embeddable":true,"href":"https:\/\/www.greenpeace.org\/brasil\/wp-json\/wp\/v2\/users\/136"}],"replies":[{"embeddable":true,"href":"https:\/\/www.greenpeace.org\/brasil\/wp-json\/wp\/v2\/comments?post=54918"}],"version-history":[{"count":12,"href":"https:\/\/www.greenpeace.org\/brasil\/wp-json\/wp\/v2\/posts\/54918\/revisions"}],"predecessor-version":[{"id":54978,"href":"https:\/\/www.greenpeace.org\/brasil\/wp-json\/wp\/v2\/posts\/54918\/revisions\/54978"}],"wp:featuredmedia":[{"embeddable":true,"href":"https:\/\/www.greenpeace.org\/brasil\/wp-json\/wp\/v2\/media\/54980"}],"wp:attachment":[{"href":"https:\/\/www.greenpeace.org\/brasil\/wp-json\/wp\/v2\/media?parent=54918"}],"wp:term":[{"taxonomy":"category","embeddable":true,"href":"https:\/\/www.greenpeace.org\/brasil\/wp-json\/wp\/v2\/categories?post=54918"},{"taxonomy":"post_tag","embeddable":true,"href":"https:\/\/www.greenpeace.org\/brasil\/wp-json\/wp\/v2\/tags?post=54918"},{"taxonomy":"p4-page-type","embeddable":true,"href":"https:\/\/www.greenpeace.org\/brasil\/wp-json\/wp\/v2\/p4-page-type?post=54918"}],"curies":[{"name":"wp","href":"https:\/\/api.w.org\/{rel}","templated":true}]}}