{"id":54954,"date":"2024-10-08T17:08:31","date_gmt":"2024-10-08T20:08:31","guid":{"rendered":"https:\/\/www.greenpeace.org\/brasil\/?p=54954"},"modified":"2024-10-09T21:49:03","modified_gmt":"2024-10-10T00:49:03","slug":"cade-o-rio-que-passava-aqui","status":"publish","type":"post","link":"https:\/\/www.greenpeace.org\/brasil\/blog\/cade-o-rio-que-passava-aqui\/","title":{"rendered":"Cad\u00ea o rio que passava aqui?"},"content":{"rendered":"\n<h4 class=\"wp-block-heading\">Confira o relato de Beatriz Campelo, ativista do Grupo de Volunt\u00e1rios do Greenpeace Brasil em Manaus, sobre o protesto realizado no leito seco do Rio Solim\u00f5es, na cidade de Manacapuru (AM), para denunciar os impactos da seca extrema deste ano para as popula\u00e7\u00f5es vulnerabilizadas<\/h4>\n\n<figure class=\"wp-block-image size-large\"><img loading=\"lazy\" decoding=\"async\" width=\"1024\" height=\"576\" src=\"https:\/\/www.greenpeace.org\/static\/planet4-brasil-stateless\/2024\/10\/0606f106-gp0su2hy7_medium-res-1200px-1024x576.jpg\" alt=\"\" class=\"wp-image-54955\" srcset=\"https:\/\/www.greenpeace.org\/static\/planet4-brasil-stateless\/2024\/10\/0606f106-gp0su2hy7_medium-res-1200px-1024x576.jpg 1024w, https:\/\/www.greenpeace.org\/static\/planet4-brasil-stateless\/2024\/10\/0606f106-gp0su2hy7_medium-res-1200px-300x169.jpg 300w, https:\/\/www.greenpeace.org\/static\/planet4-brasil-stateless\/2024\/10\/0606f106-gp0su2hy7_medium-res-1200px-768x432.jpg 768w, https:\/\/www.greenpeace.org\/static\/planet4-brasil-stateless\/2024\/10\/0606f106-gp0su2hy7_medium-res-1200px-510x287.jpg 510w, https:\/\/www.greenpeace.org\/static\/planet4-brasil-stateless\/2024\/10\/0606f106-gp0su2hy7_medium-res-1200px.jpg 1200w\" sizes=\"auto, (max-width: 1024px) 100vw, 1024px\" \/><figcaption class=\"wp-element-caption\">No leito seco do Rio Solim\u00f5es, na cidade de Manacapuru (AM), ativistas do Greenpeace Brasil abriram uma faixa de 45mx18m em uma paisagem \u00e1rida, onde antes passava um dos maiores rios da bacia Amaz\u00f4nica, para denunciar os impactos da crise clim\u00e1tica na Amaz\u00f4nia. Foto: \u00a9 Nilmar Lage \/ Greenpeace<\/figcaption><\/figure>\n\n<p class=\"has-text-align-left\"><em>Por Beatriz Campelo <\/em><\/p>\n\n<p>Meu nome \u00e9 Beatriz Campelo, sou ativista socioambiental e volunt\u00e1ria do Greenpeace Brasil, com atua\u00e7\u00e3o local no Amazonas h\u00e1 cinco anos, por meio do grupo de volunt\u00e1rios de Manaus, onde atualmente sou facilitadora.&nbsp;<\/p>\n\n<p>Moro no Norte do Brasil, na capital do Amazonas, Manaus. Durante esse per\u00edodo de ver\u00e3o amaz\u00f4nico, participei de atividades de mobiliza\u00e7\u00e3o do Greenpeace Brasil em Manacapuru, com foco na estiagem e seca no estado. Atravessar boa parte do Rio Solim\u00f5es a p\u00e9, em uma \u00e1rea que deveria estar coberta por \u00e1gua, mas que agora se transformou em um &#8220;deserto&#8221; de areia, foi uma experi\u00eancia assustadora.&nbsp;<\/p>\n\n<p>A situa\u00e7\u00e3o no Amazonas \u00e9 devastadora, especialmente para quem vive aqui! Estamos acostumados com rios abundantes, que s\u00e3o de extrema import\u00e2ncia para n\u00f3s. Eles s\u00e3o mais do que caminhos de \u00e1gua; por meio deles, ocorre o acesso \u00e0 educa\u00e7\u00e3o, sa\u00fade, transporte de alimentos, rem\u00e9dios e mercadorias para milh\u00f5es de pessoas. <\/p>\n\n<p>Mas, isso est\u00e1 se tornando cada vez mais dif\u00edcil devido \u00e0 seca extrema que estamos presenciando, comprometendo o acesso a recursos b\u00e1sicos para as popula\u00e7\u00f5es mais vulnerabilizadas.<\/p>\n<div data-hydrate=\"planet4-blocks\/gallery\" data-attributes=\"{&quot;attributes&quot;:{&quot;multiple_image&quot;:&quot;54958,54959,54960,54961&quot;,&quot;image_data&quot;:[{&quot;url&quot;:&quot;https:\\\/\\\/www.greenpeace.org\\\/static\\\/planet4-brasil-stateless\\\/2024\\\/10\\\/6ff57467-gp0su2hze_medium-res-1200px-1.jpg&quot;,&quot;focalPoint&quot;:{&quot;x&quot;:0.5,&quot;y&quot;:0.5},&quot;id&quot;:54958},{&quot;url&quot;:&quot;https:\\\/\\\/www.greenpeace.org\\\/static\\\/planet4-brasil-stateless\\\/2024\\\/10\\\/98a72543-gp0su2hys_medium-res-1200px.jpg&quot;,&quot;focalPoint&quot;:{&quot;x&quot;:0.5,&quot;y&quot;:0.5},&quot;id&quot;:54959},{&quot;url&quot;:&quot;https:\\\/\\\/www.greenpeace.org\\\/static\\\/planet4-brasil-stateless\\\/2024\\\/10\\\/30e70132-gp0su2hzh_medium-res-1200px.jpg&quot;,&quot;focalPoint&quot;:{&quot;x&quot;:0.5,&quot;y&quot;:0.5},&quot;id&quot;:54960},{&quot;url&quot;:&quot;https:\\\/\\\/www.greenpeace.org\\\/static\\\/planet4-brasil-stateless\\\/2024\\\/10\\\/b1ea0ff5-gp0su2hz0_medium-res-1200px.jpg&quot;,&quot;focalPoint&quot;:{&quot;x&quot;:0.5,&quot;y&quot;:0.5},&quot;id&quot;:54961}],&quot;gallery_block_style&quot;:0,&quot;gallery_block_title&quot;:&quot;&quot;,&quot;gallery_block_description&quot;:&quot;&quot;,&quot;gallery_block_focus_points&quot;:&quot;&quot;,&quot;images&quot;:[{&quot;image_src&quot;:&quot;https:\\\/\\\/www.greenpeace.org\\\/static\\\/planet4-brasil-stateless\\\/2024\\\/10\\\/6ff57467-gp0su2hze_medium-res-1200px-1.jpg&quot;,&quot;image_srcset&quot;:&quot;https:\\\/\\\/www.greenpeace.org\\\/static\\\/planet4-brasil-stateless\\\/2024\\\/10\\\/6ff57467-gp0su2hze_medium-res-1200px-1.jpg 1200w, https:\\\/\\\/www.greenpeace.org\\\/static\\\/planet4-brasil-stateless\\\/2024\\\/10\\\/6ff57467-gp0su2hze_medium-res-1200px-1-300x200.jpg 300w, https:\\\/\\\/www.greenpeace.org\\\/static\\\/planet4-brasil-stateless\\\/2024\\\/10\\\/6ff57467-gp0su2hze_medium-res-1200px-1-1024x683.jpg 1024w, https:\\\/\\\/www.greenpeace.org\\\/static\\\/planet4-brasil-stateless\\\/2024\\\/10\\\/6ff57467-gp0su2hze_medium-res-1200px-1-768x512.jpg 768w, https:\\\/\\\/www.greenpeace.org\\\/static\\\/planet4-brasil-stateless\\\/2024\\\/10\\\/6ff57467-gp0su2hze_medium-res-1200px-1-510x340.jpg 510w&quot;,&quot;image_sizes&quot;:false,&quot;alt_text&quot;:&quot;&quot;,&quot;caption&quot;:&quot; A a\\u00e7\\u00e3o tamb\\u00e9m chamou aten\\u00e7\\u00e3o para o fato de que os mais impactados com a seca s\\u00e3o os que menos contribuem com as mudan\\u00e7as do clima. A faixa \\u201cWho pays\\u201d - \\u201cQuem paga?\\u201d \\u00e9 uma mensagem direta para as grandes empresas de combust\\u00edveis f\\u00f3sseis sobre quem pagar\\u00e1 a conta pelos danos que produzem. &quot;,&quot;focus_image&quot;:&quot;&quot;,&quot;credits&quot;:&quot;\\u00a9 Nilmar Lage \\\/ Greenpeac&quot;},{&quot;image_src&quot;:&quot;https:\\\/\\\/www.greenpeace.org\\\/static\\\/planet4-brasil-stateless\\\/2024\\\/10\\\/98a72543-gp0su2hys_medium-res-1200px.jpg&quot;,&quot;image_srcset&quot;:&quot;https:\\\/\\\/www.greenpeace.org\\\/static\\\/planet4-brasil-stateless\\\/2024\\\/10\\\/98a72543-gp0su2hys_medium-res-1200px.jpg 1200w, https:\\\/\\\/www.greenpeace.org\\\/static\\\/planet4-brasil-stateless\\\/2024\\\/10\\\/98a72543-gp0su2hys_medium-res-1200px-300x200.jpg 300w, https:\\\/\\\/www.greenpeace.org\\\/static\\\/planet4-brasil-stateless\\\/2024\\\/10\\\/98a72543-gp0su2hys_medium-res-1200px-1024x683.jpg 1024w, https:\\\/\\\/www.greenpeace.org\\\/static\\\/planet4-brasil-stateless\\\/2024\\\/10\\\/98a72543-gp0su2hys_medium-res-1200px-768x512.jpg 768w, https:\\\/\\\/www.greenpeace.org\\\/static\\\/planet4-brasil-stateless\\\/2024\\\/10\\\/98a72543-gp0su2hys_medium-res-1200px-510x340.jpg 510w&quot;,&quot;image_sizes&quot;:false,&quot;alt_text&quot;:&quot;&quot;,&quot;caption&quot;:&quot;A paisagem de onde antes passava um dos maiores rios da bacia Amaz\\u00f4nica se transforma em uma paisagem de areia seca, isolando comunidades ribeirinhas na regi\\u00e3o. &quot;,&quot;focus_image&quot;:&quot;&quot;,&quot;credits&quot;:&quot;\\u00a9 Nilmar Lage \\\/ Greenpeac&quot;},{&quot;image_src&quot;:&quot;https:\\\/\\\/www.greenpeace.org\\\/static\\\/planet4-brasil-stateless\\\/2024\\\/10\\\/30e70132-gp0su2hzh_medium-res-1200px.jpg&quot;,&quot;image_srcset&quot;:&quot;https:\\\/\\\/www.greenpeace.org\\\/static\\\/planet4-brasil-stateless\\\/2024\\\/10\\\/30e70132-gp0su2hzh_medium-res-1200px.jpg 1200w, https:\\\/\\\/www.greenpeace.org\\\/static\\\/planet4-brasil-stateless\\\/2024\\\/10\\\/30e70132-gp0su2hzh_medium-res-1200px-300x200.jpg 300w, https:\\\/\\\/www.greenpeace.org\\\/static\\\/planet4-brasil-stateless\\\/2024\\\/10\\\/30e70132-gp0su2hzh_medium-res-1200px-1024x683.jpg 1024w, https:\\\/\\\/www.greenpeace.org\\\/static\\\/planet4-brasil-stateless\\\/2024\\\/10\\\/30e70132-gp0su2hzh_medium-res-1200px-768x512.jpg 768w, https:\\\/\\\/www.greenpeace.org\\\/static\\\/planet4-brasil-stateless\\\/2024\\\/10\\\/30e70132-gp0su2hzh_medium-res-1200px-510x340.jpg 510w&quot;,&quot;image_sizes&quot;:false,&quot;alt_text&quot;:&quot;&quot;,&quot;caption&quot;:&quot;Ativistas denunciaram tamb\\u00e9m como a seca extrema afeta a vida das comunidades vulnerabilizadas, como popula\\u00e7\\u00f5es ribeirinhas, que dependem inteiramente do rio para manter seu modo de vida. &quot;,&quot;focus_image&quot;:&quot;&quot;,&quot;credits&quot;:&quot;&quot;},{&quot;image_src&quot;:&quot;https:\\\/\\\/www.greenpeace.org\\\/static\\\/planet4-brasil-stateless\\\/2024\\\/10\\\/b1ea0ff5-gp0su2hz0_medium-res-1200px.jpg&quot;,&quot;image_srcset&quot;:&quot;https:\\\/\\\/www.greenpeace.org\\\/static\\\/planet4-brasil-stateless\\\/2024\\\/10\\\/b1ea0ff5-gp0su2hz0_medium-res-1200px.jpg 1200w, https:\\\/\\\/www.greenpeace.org\\\/static\\\/planet4-brasil-stateless\\\/2024\\\/10\\\/b1ea0ff5-gp0su2hz0_medium-res-1200px-300x200.jpg 300w, https:\\\/\\\/www.greenpeace.org\\\/static\\\/planet4-brasil-stateless\\\/2024\\\/10\\\/b1ea0ff5-gp0su2hz0_medium-res-1200px-1024x683.jpg 1024w, https:\\\/\\\/www.greenpeace.org\\\/static\\\/planet4-brasil-stateless\\\/2024\\\/10\\\/b1ea0ff5-gp0su2hz0_medium-res-1200px-768x512.jpg 768w, https:\\\/\\\/www.greenpeace.org\\\/static\\\/planet4-brasil-stateless\\\/2024\\\/10\\\/b1ea0ff5-gp0su2hz0_medium-res-1200px-510x340.jpg 510w&quot;,&quot;image_sizes&quot;:false,&quot;alt_text&quot;:&quot;&quot;,&quot;caption&quot;:&quot;Ativistas do Greenpeace realizaram um protesto no leito seco do Rio Solim\\u00f5es, na cidade de Manacapuru.&quot;,&quot;focus_image&quot;:&quot;&quot;,&quot;credits&quot;:&quot; \\u00a9 Nilmar Lage \\\/ Greenpeace&quot;}]}}\"><section class=\"block carousel-wrap \"><\/section><\/div>\n<p>Em Manacapuru, tive uma experi\u00eancia profundamente marcante ao presenciar as cru\u00e9is consequ\u00eancias da seca no ecossistema amaz\u00f4nico. Durante nossa caminhada, vimos muitos animais mortos, incluindo peixes de v\u00e1rias esp\u00e9cies, cobertos pela areia do &#8220;deserto&#8221; que se formou onde antes existia o rio.<\/p>\n\n<p>A cidade que queremos para n\u00f3s e para todos precisa ser constru\u00edda! \u00c9 urgente que os governos (federal, estaduais, distrital e municipais) e os legisladores priorizem a elabora\u00e7\u00e3o e implementa\u00e7\u00e3o de planos de adapta\u00e7\u00e3o aos eventos clim\u00e1ticos extremos. Esses planos s\u00e3o essenciais para mitigar os efeitos da crise clim\u00e1tica em nossos territ\u00f3rios e para criar cidades mais justas e seguras, especialmente para as popula\u00e7\u00f5es vulner\u00e1veis, que s\u00e3o as mais afetadas seja por secas, fuma\u00e7a e\/ou enchentes.<\/p>\n\n<p>Se voc\u00ea se preocupa com os impactos das mudan\u00e7as clim\u00e1ticas na sua vida, junte-se a n\u00f3s. <a href=\"https:\/\/www.greenpeace.org\/brasil\/apoie\/crise-ambiental-climatica\/?entrypoint=p4_banner\">Assine a peti\u00e7\u00e3o<\/a> do Greenpeace Brasil, que exige a\u00e7\u00f5es efetivas dos governos e legisladores para enfrentar as mudan\u00e7as clim\u00e1ticas!<\/p>\n\n<div class=\"wp-block-buttons is-content-justification-center is-layout-flex wp-container-core-buttons-is-layout-16018d1d wp-block-buttons-is-layout-flex\">\n<div class=\"wp-block-button\"><a class=\"wp-block-button__link has-action-yellow-background-color has-background has-text-align-center wp-element-button\" href=\"https:\/\/www.greenpeace.org\/brasil\/apoie\/crise-ambiental-climatica\/?entrypoint=p4_banner\">Clique aqui e assine agora<\/a><\/div>\n<\/div>\n\n<p><\/p>\n","protected":false},"excerpt":{"rendered":"<p>Confira o relato de Beatriz Campelo, ativista do Grupo de Volunt\u00e1rios do Greenpeace Brasil, sobre o protesto realizado no leito seco do Rio Solim\u00f5es.<\/p>\n","protected":false},"author":28,"featured_media":54955,"comment_status":"open","ping_status":"closed","sticky":false,"template":"","format":"standard","meta":{"ep_exclude_from_search":false,"p4_og_title":"","p4_og_description":"","p4_og_image":"","p4_og_image_id":"","p4_seo_canonical_url":"","p4_campaign_name":"","p4_local_project":"","p4_basket_name":"","p4_department":"","footnotes":""},"categories":[49],"tags":[],"p4-page-type":[16],"class_list":["post-54954","post","type-post","status-publish","format-standard","has-post-thumbnail","hentry","category-amazonia","p4-page-type-blog"],"_links":{"self":[{"href":"https:\/\/www.greenpeace.org\/brasil\/wp-json\/wp\/v2\/posts\/54954","targetHints":{"allow":["GET"]}}],"collection":[{"href":"https:\/\/www.greenpeace.org\/brasil\/wp-json\/wp\/v2\/posts"}],"about":[{"href":"https:\/\/www.greenpeace.org\/brasil\/wp-json\/wp\/v2\/types\/post"}],"author":[{"embeddable":true,"href":"https:\/\/www.greenpeace.org\/brasil\/wp-json\/wp\/v2\/users\/28"}],"replies":[{"embeddable":true,"href":"https:\/\/www.greenpeace.org\/brasil\/wp-json\/wp\/v2\/comments?post=54954"}],"version-history":[{"count":4,"href":"https:\/\/www.greenpeace.org\/brasil\/wp-json\/wp\/v2\/posts\/54954\/revisions"}],"predecessor-version":[{"id":54977,"href":"https:\/\/www.greenpeace.org\/brasil\/wp-json\/wp\/v2\/posts\/54954\/revisions\/54977"}],"wp:featuredmedia":[{"embeddable":true,"href":"https:\/\/www.greenpeace.org\/brasil\/wp-json\/wp\/v2\/media\/54955"}],"wp:attachment":[{"href":"https:\/\/www.greenpeace.org\/brasil\/wp-json\/wp\/v2\/media?parent=54954"}],"wp:term":[{"taxonomy":"category","embeddable":true,"href":"https:\/\/www.greenpeace.org\/brasil\/wp-json\/wp\/v2\/categories?post=54954"},{"taxonomy":"post_tag","embeddable":true,"href":"https:\/\/www.greenpeace.org\/brasil\/wp-json\/wp\/v2\/tags?post=54954"},{"taxonomy":"p4-page-type","embeddable":true,"href":"https:\/\/www.greenpeace.org\/brasil\/wp-json\/wp\/v2\/p4-page-type?post=54954"}],"curies":[{"name":"wp","href":"https:\/\/api.w.org\/{rel}","templated":true}]}}